{"id":904,"date":"2013-11-18T14:35:06","date_gmt":"2013-11-18T13:35:06","guid":{"rendered":"http:\/\/induljelegyuton.hu\/?p=904"},"modified":"2013-12-05T02:31:52","modified_gmt":"2013-12-05T01:31:52","slug":"gyalazat","status":"publish","type":"post","link":"https:\/\/induljelegyuton.hu\/?p=904","title":{"rendered":"Ellopt\u00e1k a legid\u0151sebb husz\u00e1r f\u00f6ldi maradv\u00e1nyait! 1. cikk"},"content":{"rendered":"<p><span style=\"color: #000000;\"><strong>Gyal\u00e1zat! Az \u00e9rintettek egym\u00e1sra mutogatnak<\/strong><\/span><\/p>\n<p><span style=\"color: #000000;\"><em><\/em><em><br \/>\n<\/em><\/span><\/p>\n<p><span style=\"color: #000000;\"><strong>A nyilv\u00e1noss\u00e1g teljes kiz\u00e1r\u00e1s\u00e1val exhum\u00e1lt\u00e1k Aradon a szlov\u00e1k \u00e9s a rom\u00e1n \u00e1llam k\u00e9pvisel\u0151i Skult\u00e9ty L\u00e1szl\u00f3nak, az 1831-ben eltemetett magyar husz\u00e1rnak a f\u00f6ldi maradv\u00e1nyait. 182 \u00e9ven \u00e1t nyugodott a Maros parti v\u00e1rosban a vil\u00e1g legid\u0151sebb husz\u00e1ra. A Szlov\u00e1k Hadt\u00f6rt\u00e9neti Int\u00e9zet szerint a pl\u00e9b\u00e1nia ind\u00edtv\u00e1nyozta a hamvak elsz\u00e1ll\u00edt\u00e1s\u00e1t, mert senki sem fizette a s\u00edr ut\u00e1n az illet\u00e9keket. Nem \u00e9rtenek egyet a kihantol\u00e1ssal az erd\u00e9lyi magyar politikai szervezetek. Az \u00fajaradi r\u00f3mai katolikus temet\u0151 gondnoka \u00fagy tudja, hogy Skult\u00e9ty s\u00edrj\u00e1t m\u00e1r \u00e9vekkel kor\u00e1bban is felbontott\u00e1k.<\/strong><\/span><\/p>\n<div id=\"attachment_905\" style=\"width: 310px\" class=\"wp-caption alignright\"><a href=\"http:\/\/induljelegyuton.hu\/wp-content\/uploads\/skultety.jpg\"><img loading=\"lazy\" decoding=\"async\" aria-describedby=\"caption-attachment-905\" class=\"size-medium wp-image-905 \" alt=\"A s\u00edrt a kihantol\u00e1st k\u00f6vet\u0151en rendezetlen\u00fcl hagyt\u00e1k... (Fot\u00f3: magyarhirlap.hu)\" src=\"http:\/\/induljelegyuton.hu\/wp-content\/uploads\/skultety-300x225.jpg\" width=\"300\" height=\"225\" srcset=\"https:\/\/induljelegyuton.hu\/wp-content\/uploads\/skultety-300x225.jpg 300w, https:\/\/induljelegyuton.hu\/wp-content\/uploads\/skultety-200x150.jpg 200w, https:\/\/induljelegyuton.hu\/wp-content\/uploads\/skultety.jpg 800w\" sizes=\"auto, (max-width: 300px) 100vw, 300px\" \/><\/a><p id=\"caption-attachment-905\" class=\"wp-caption-text\">A s\u00edrt a kihantol\u00e1st k\u00f6vet\u0151en rendezetlen\u00fcl hagyt\u00e1k&#8230; (Fot\u00f3: magyarhirlap.hu)<\/p><\/div>\n<p><span style=\"color: #000000;\">\u00a0<\/span><\/p>\n<p><span style=\"color: #000000;\">Az \u00fajaradi r\u00f3mai katolikus pl\u00e9b\u00e1nos ind\u00edtv\u00e1nyozta Skult\u00e9ty L\u00e1szl\u00f3 husz\u00e1r z\u00e1szl\u00f3tart\u00f3 hamvainak elsz\u00e1ll\u00edt\u00e1s\u00e1t sz\u00fcl\u0151faluj\u00e1ba, a szlov\u00e1kiai Hegyesmajt\u00e9nyba (Mojt\u00edn), arra hivatkozva, hogy senki nem fizette ki a s\u00edr ut\u00e1n j\u00e1r\u00f3 illet\u00e9keket &#8211; k\u00f6z\u00f6lte a Szlov\u00e1k Hadt\u00f6rt\u00e9neti Int\u00e9zet (VH\u00da) p\u00e9nteken. Az int\u00e9zet vezet\u0151je,Miloslav Caplovic tudatta: az \u00fajaradi pl\u00e9b\u00e1nos kereste meg Hegyesmajt\u00e9ny pl\u00e9b\u00e1nos\u00e1t, aki viszont a husz\u00e1r sz\u00fcl\u0151faluj\u00e1nak polg\u00e1rmester\u00e9t k\u00e9rte meg, hogy tegyen valamit.\u00a0A kihantol\u00e1st \u00e9s a sz\u00e1ll\u00edt\u00e1st\u00a0a szlov\u00e1k v\u00e9delmi miniszt\u00e9rium \u00e9s a szlov\u00e1k hadt\u00f6rt\u00e9neti int\u00e9zet int\u00e9zte az illet\u00e9kes rom\u00e1n hat\u00f3s\u00e1gokkal, ugyanis ha nem sz\u00e1ll\u00edtott\u00e1k volna \u00e1t a maradv\u00e1nyokat, akkor a husz\u00e1r z\u00e1szl\u00f3tart\u00f3 s\u00edrj\u00e1ra a hivatalos &#8222;megsz\u00fcntet\u00e9s&#8221; v\u00e1rna.<\/span><br \/>\n<span style=\"color: #000000;\"> \u00a0<\/span><\/p>\n<p><span style=\"color: #000000;\">Szlov\u00e1kia rom\u00e1niai nagyk\u00f6vets\u00e9g\u00e9nek az exhum\u00e1ci\u00f3t \u00e9s a f\u00f6ldi maradv\u00e1nyok elsz\u00e1ll\u00edt\u00e1s\u00e1t c\u00e9lz\u00f3 k\u00e9r\u00e9s\u00e9t a rom\u00e1n hat\u00f3s\u00e1gok j\u00f3v\u00e1hagyt\u00e1k &#8211; er\u0151s\u00edtette meg a VH\u00da k\u00f6zl\u00e9s\u00e9t Danka Cap\u00e1kov\u00e1, a szlov\u00e1k v\u00e9delmi t\u00e1rca sajt\u00f3oszt\u00e1ly\u00e1nak munkat\u00e1rsa.<\/span><br \/>\n<span style=\"color: #000000;\"> Miloslav Caplovic szerint Skult\u00e9ty L\u00e1szl\u00f3 f\u00f6ldi maradv\u00e1nyainak Szlov\u00e1ki\u00e1ba sz\u00e1ll\u00edt\u00e1s\u00e1t\u00a0 az is indokoltt\u00e1 tette, hogy &#8222;Szlov\u00e1kia hadt\u00f6rt\u00e9net\u00e9nek jelent\u0151s szem\u00e9lyis\u00e9g\u00e9r\u0151l van sz\u00f3&#8221;. Skult\u00e9ty L\u00e1szl\u00f3 nemzetis\u00e9g\u00e9t a &#8222;ter\u00fcleti elv alapj\u00e1n&#8221; lehet meg\u00e1llap\u00edtani &#8211; emelte ki, majd hozz\u00e1tette: sz\u00e1mtalan arch\u00edv hadt\u00f6rt\u00e9neti anyag bizony\u00edtja, hogy Skult\u00e9ty L\u00e1szl\u00f3 (aki kor\u00e1bban a Hadik-ezredben szolg\u00e1lt), a Hadik-ezred \u00e1tszervez\u00e9s\u00e9t k\u00f6vet\u0151en a Habsburg-hadsereg 8. husz\u00e1rezred\u00e9nek tagja lett. &#8222;Ennek alapj\u00e1n nem lehet k\u00e9ts\u00e9gbe vonni, hogy a Habsburg-hadsereg katon\u00e1ja volt, \u00e9s \u00edgy nem lehetett a magyar hadsereg husz\u00e1rja&#8221; &#8211; v\u00e9lekedett Miloslav Caplovic.<\/span><br \/>\n<span style=\"color: #000000;\"> Skult\u00e9ty L\u00e1szl\u00f3 f\u00f6ldi maradv\u00e1nyait &#8211; az \u00fajaradi temet\u0151b\u0151l val\u00f3 kihantol\u00e1sukat, majd elsz\u00e1ll\u00edt\u00e1sukat k\u00f6vet\u0151en &#8211; \u00e1tmenetileg Pozsonyban, a Szent M\u00e1rton sz\u00e9kesegyh\u00e1zban helyezt\u00e9k el, azok j\u00fanius 27-ig maradnak az egykori koron\u00e1z\u00f3 templomban.<\/span><\/p>\n<p><span style=\"color: #000000;\">\u00a0<\/span><\/p>\n<p><span style=\"color: #800000;\">Az \u00fajaradi r\u00f3mai katolikus temet\u0151 gondnoka \u00fagy tudja, hogy Skult\u00e9ty s\u00edrj\u00e1t m\u00e1r \u00e9vekkel kor\u00e1bban is felbontott\u00e1k. A m\u00e1jus 21-ei kihantol\u00e1s sor\u00e1n a husz\u00e1rnak csak n\u00e9h\u00e1ny csontja ker\u00fclt el\u0151.\u00a0A temet\u0151gondnok az Aradi H\u00edrek port\u00e1lnak elmondta, a Temesv\u00e1ri R\u00f3mai Katolikus P\u00fcsp\u00f6ks\u00e9gr\u0151l h\u00edvt\u00e1k fel, hogy k\u00f6z\u00f6lj\u00e9k: ki kell hantolni a n\u00e9hai husz\u00e1r hamvait. &#8222;A s\u00edrt mi bontottuk ki, de m\u00e1r csak n\u00e9h\u00e1ny csontot tal\u00e1ltunk: megvolt m\u00e9g a koponya fele, egy l\u00e1bsz\u00e1rcsont \u00e9s n\u00e9h\u00e1ny gomb. Szerintem azt hitt\u00e9k, megtal\u00e1lj\u00e1k a kardj\u00e1t is, de \u00fagy tudom, \u00e9vekkel ezel\u0151tt m\u00e1r felt\u00fart\u00e1k a s\u00edrt, hogy keress\u00e9k a kardot, akkor vihett\u00e9k el a csontok t\u00f6bbi r\u00e9sz\u00e9t is, hisz p\u00e9ld\u00e1ul a combcsontok, medencecsont is hi\u00e1nyzott most&#8221; &#8211; magyar\u00e1zta a gondnok.<\/span><br \/>\n<span style=\"color: #800000;\"> Az Aradi H\u00edrek f\u00e9nyk\u00e9psorozatot is k\u00f6z\u00f6lt arr\u00f3l, hogy a kihantol\u00e1s ut\u00e1n csak r\u00e9szben temett\u00e9k vissza a s\u00edrt. A ki\u00e1sott f\u00f6ld kupacban \u00e1llt a husz\u00e1r gr\u00e1nitobeliszkje mellett.<\/span><br \/>\n<span style=\"color: #800000;\"> &#8222;Rosszul esik, hogy megker\u00fcltek benn\u00fcnket, a v\u00e1rost, az aradi magyars\u00e1got \u00e9s az RMDSZ-t&#8221; &#8211; nyilatkozta az Aradi H\u00edreknek Bogn\u00e1r Levente, Arad alpolg\u00e1rmestere. Hozz\u00e1tette, az \u00fajaradi temet\u0151 egyh\u00e1zi tulajdonban van, a hamvak elvitel\u00e9hez a temesv\u00e1ri r\u00f3mai-katolikus p\u00fcsp\u00f6ks\u00e9gnek kellett a beleegyez\u00e9s\u00e9t adnia.<\/span><\/p>\n<p><span style=\"color: #000000;\">\u00a0<\/span><\/p>\n<p><span style=\"color: #000000;\">A kihantol\u00e1son Szlov\u00e1kia bukaresti nagyk\u00f6vete \u00e9s Arad megye alprefektusa is r\u00e9szt vett\u00a0 &#8211; nyilatkozta\u00a0 Dirschl Mathes, a temet\u0151t fenntart\u00f3 r\u00f3mai katolikus pl\u00e9b\u00e1nia lelk\u00e9sze, aki \u00fagy eml\u00e9kszik:\u00a0az aradi polg\u00e1rmesteri hivatal r\u00e9sz\u00e9r\u0151l kerest\u00e9k meg a kihantol\u00e1s \u00fcgy\u00e9ben, a polg\u00e1rmesteri hivatal pedig Szlov\u00e1kia bukaresti nagyk\u00f6vets\u00e9ge k\u00e9r\u00e9s\u00e9re j\u00e1rt el. Hozz\u00e1tette, a husz\u00e1rs\u00edr fekete m\u00e1rv\u00e1ny obeliszkje m\u0171eml\u00e9knek min\u0151s\u00fcl, de azt nem b\u00e1ntott\u00e1k a kihantol\u00e1s sor\u00e1n. Azt is megjegyezte, a temet\u0151ben t\u00edz\u00e9vente kell megv\u00e1ltani a s\u00edrokat, de ez a szab\u00e1ly nem vonatkozik a m\u0171eml\u00e9ks\u00edrokra, \u00edgy Skult\u00e9ty L\u00e1szl\u00f3 s\u00edrj\u00e1ra sem. Az obeliszk ezut\u00e1n is ottmarad a temet\u0151ben.<\/span><br \/>\n<span style=\"color: #000000;\"> Dirschl Mates szem\u00e9lyesen vett r\u00e9szt a kihantol\u00e1son, amelyen Szlov\u00e1kia bukaresti nagyk\u00f6vete, Arad megye alprefektusa, a rom\u00e1n hadsereg egy temesv\u00e1ri t\u00e1bornoka, az Arad megyei\u00a0\u00a0szlov\u00e1k t\u00f6bbs\u00e9g\u0171 Nagylak v\u00e1ros polg\u00e1rmestere \u00e9s alpolg\u00e1rmestere, valamint a rend\u0151rs\u00e9g egy k\u00e9pvisel\u0151je is r\u00e9szt vett. Ut\u00f3bbi lepecs\u00e9telte a hamvakat tartalmaz\u00f3 kopors\u00f3t.<\/span><br \/>\n<span style=\"color: #000000;\"> A pl\u00e9b\u00e1nos elmondta: a magyar k\u00f6z\u00f6ss\u00e9g helyi k\u00e9pvisel\u0151i tudtak a kihantol\u00e1sr\u00f3l, \u00e9s nem ellenezt\u00e9k azt. Hozz\u00e1tette, szem\u00e9lyesen besz\u00e9lt Bogn\u00e1r Levente RMDSZ-es alpolg\u00e1rmesterrel az \u00fcgyr\u0151l, Ujj J\u00e1nos helyt\u00f6rt\u00e9n\u00e9sz pedig el\u0151zetesen f\u00e9nyk\u00e9peket k\u00e9sz\u00edtett a s\u00edrr\u00f3l.<\/span><br \/>\n<span style=\"color: #000000;\"> Dirschl Mates elmondta: t\u00f6bb mint egy \u00e9vtizede szolg\u00e1l az \u00fajaradi pl\u00e9b\u00e1ni\u00e1n, de nem tud arr\u00f3l, hogy Skult\u00e9ty L\u00e1szl\u00f3 s\u00edrj\u00e1n\u00e1l valaha is megeml\u00e9kez\u00e9st tartottak volna. A pl\u00e9b\u00e1nos val\u00f3sz\u00edn\u0171s\u00edtette, hogy a s\u00edrt 1898-ban bontott\u00e1k fel, amikor az \u00fajaradi k\u00f6z\u00f6ss\u00e9g a s\u00edreml\u00e9ket k\u00e9sz\u00edttette. Az obeliszket ugyanis a s\u00edr k\u00f6zep\u00e9re \u00e9p\u00edtett\u00e9k, \u00e9s az alappal k\u00e9t m\u00e9teres m\u00e9ly\u00e9gig mentek le.<\/span><\/p>\n<p>&nbsp;<\/p>\n<p><span style=\"color: #800000;\">Sem a Rom\u00e1niai Magyar Demokrata Sz\u00f6vets\u00e9g (RMDSZ), sem az Erd\u00e9lyi Magyar N\u00e9pp\u00e1rt (EMNP) Arad megyei vezet\u0151i nem \u00e9rtenek egyet Skult\u00e9ty L\u00e1szl\u00f3 hamvainak az elsz\u00e1ll\u00edt\u00e1s\u00e1val.<\/span><\/p>\n<p><span style=\"color: #800000;\">Bogn\u00e1r Levente, Arad alpolg\u00e1rmestere, az RMDSZ Arad megyei szervezet\u00e9nek eln\u00f6ke sajn\u00e1latosnak tartotta, hogy a polg\u00e1rmesteri hivatalt, a magyar k\u00f6z\u00f6ss\u00e9get \u00e9s az RMDSZ-t megker\u00fclt\u00e9k a kihantol\u00e1s \u00fcgy\u00e9ben. &#8222;Skult\u00e9ty L\u00e1szl\u00f3 aradi \u00f6r\u00f6ks\u00e9g, ha eddig itt pihent, tov\u00e1bbra is itt maradhatott volna&#8221; &#8211; jelentette ki Bogn\u00e1r Levente, aki elismerte, hogy nem hivatalos \u00faton \u00e9rtes\u00fclt a k\u00fcsz\u00f6b\u00f6n \u00e1ll\u00f3 kihantol\u00e1sr\u00f3l, \u00e9s jelezte is, hogy nem \u00e9rt vele egyet. Arra sz\u00e1m\u00edtott azonban, hogy a polg\u00e1rmesteri hivatalt hivatalosan is megkeresik. Hivatalos megkeres\u00e9s viszont nem t\u00f6rt\u00e9nt.<\/span><br \/>\n<span style=\"color: #800000;\"> &#8222;Tiltakozni fogunk valamilyen form\u00e1ban a hamvak elsz\u00e1ll\u00edt\u00e1sa ellen&#8221; &#8211; jelentette ki az alpolg\u00e1rmester, aki azt is megjegyezte, hogy az aradi magyars\u00e1g identit\u00e1studat\u00e1t els\u0151sorban az 1848-49-es forradalom \u00e9s szabads\u00e1gharc v\u00e9rtan\u00fainak a kultusza hat\u00e1rozza meg. Az \u00f6reg husz\u00e1r s\u00edrj\u00e1t csak a t\u00f6rt\u00e9nelem ir\u00e1nt \u00e9rdekl\u0151d\u0151 aradiak tartott\u00e1k sz\u00e1mon &#8211; mondta.<\/span><br \/>\n<span style=\"color: #800000;\"> &#8222;Azt kellene tiszt\u00e1zni, hogy Skult\u00e9ty L\u00e1szl\u00f3 milyen nemzetis\u00e9g\u0171nek tartotta mag\u00e1t&#8221; &#8211; mondta el az MTI-nek az \u00fcgyre reag\u00e1lva Buri\u00e1n S\u00e1ndor, az EMNP Arad megyei szervezet\u00e9nek az eln\u00f6ke. &#8222;A k\u00f6z\u00f6s t\u00f6rt\u00e9nelm\u00fcnket egyik n\u00e9pnek sem kellene kisaj\u00e1t\u00edtania. Sem a szlov\u00e1koknak, sem a rom\u00e1noknak, de m\u00e9g a magyaroknak sem. Meg kellene alak\u00edtani azokat a t\u00f6rt\u00e9n\u00e9szi vegyes bizotts\u00e1gokat, amelyek k\u00e9t- vagy h\u00e1romoldal\u00fa t\u00e1rgyal\u00e1sokon tiszt\u00e1zn\u00e1k a vitatott k\u00e9rd\u00e9seket&#8221; &#8211; tette hozz\u00e1 az EMNP Arad megyei eln\u00f6ke.<\/span><\/p>\n<p><span style=\"color: #000000;\">Az \u00fajaradi Skult\u00e9ty-s\u00edr kihantol\u00e1s\u00e1ra reag\u00e1lva cs\u00fct\u00f6rt\u00f6k\u00f6n Semj\u00e9n Zsolt minisztereln\u00f6k-helyettes \u00e9s R\u00e9p\u00e1s Zsuzsanna nemzetpolitik\u00e1\u00e9rt felel\u0151s helyettes \u00e1llamtitk\u00e1r felsz\u00f3l\u00edtotta a szlov\u00e1k felet, azonnal fejezze be &#8222;a t\u00f6rt\u00e9nelemhamis\u00edt\u00f3, kegyelet- \u00e9s jogs\u00e9rt\u0151&#8221; magatart\u00e1st, Skult\u00e9ty L\u00e1szl\u00f3 husz\u00e1r z\u00e1szl\u00f3tart\u00f3 hamvait pedig sz\u00e1ll\u00edttassa vissza eredeti hely\u00e9re, \u00dajaradra.<\/span><br \/>\n<span style=\"color: #000000;\"> A k\u00e9t politikus szerint ha a szlov\u00e1kok a t\u00f6rt\u00e9nelmi t\u00e9nyekkel nem voltak is tiszt\u00e1ban, figyelmeztethette volna \u0151ket a s\u00edreml\u00e9k kiz\u00e1r\u00f3lag magyar nyelv\u0171 felirata. Mivel egy magyar husz\u00e1rnak \u00e1ll\u00edtott m\u0171eml\u00e9kr\u0151l van sz\u00f3, minden ezzel kapcsolatos t\u00f6rt\u00e9n\u00e9sr\u0151l, illetve sz\u00e1nd\u00e9kr\u00f3l mind a szlov\u00e1k, mind a rom\u00e1n hat\u00f3s\u00e1goknak \u00e9rtes\u00edteni\u00fck kellett volna a magyar felet, amit nem tettek meg. A kegyelets\u00e9rt\u0151 akci\u00f3ra a magyar f\u00e9l teljes kiz\u00e1r\u00e1s\u00e1val ker\u00fclt sor &#8211; h\u00edvt\u00e1k fel a figyelmet.<\/span><\/p>\n<p align=\"right\"><span style=\"color: #000000;\"><i>2013. j\u00fanius 14., p\u00e9ntek<\/i><\/span><\/p>\n<p align=\"right\"><span style=\"color: #000000;\"><em>(Forr\u00e1s: magyarhirlap.hu)<\/em><\/span><i><\/i><\/p>\n<p>&nbsp;<\/p>\n<p><em>Ilyen alapon az osztr\u00e1k \u00e1llamnak jog\u00e1ban \u00e1llhatna Liszt Ferenc \u2013 akire, b\u00e1r eg\u00e9sz \u00e9let\u00e9ben magyarnak vallotta mag\u00e1t, a t\u00f6rt\u00e9nelem fordul\u00e1sa miatt n\u00e9met \u00e9s szlov\u00e1k sz\u00e1rmaz\u00e1st is r\u00e1er\u0151ltettek \u2013 N\u00e9metorsz\u00e1gban tal\u00e1lhat\u00f3 bayreuth-i nyughely\u00e9r\u0151l kiemelni a mester maradv\u00e1nyait, \u00e9s az ausztriai-burgenlandi Doborj\u00e1nba sz\u00e1ll\u00edtani? Mivelhogy ott sz\u00fcletett\u2026 Vagy a magyar \u00e1llamnak ugyan\u00fagy? Net\u00e1n arra hivatkozni, hogy nem el\u00e9gedettek a zeneszerz\u0151-\u00f3ri\u00e1s, zongora virtu\u00f3z mauz\u00f3leum\u00e1n\u00e1l rendezett megeml\u00e9kez\u00e9sek min\u0151s\u00e9g\u00e9vel \u00e9s sz\u00e1m\u00e1val..? Majd mi m\u00e9lt\u00f3bban \u00e1poljuk a mester eml\u00e9k\u00e9t! \u2013 ki\u00e1ltan\u00e1k\u2026 Sz\u00f3 sincs r\u00f3la!<\/em><\/p>\n<p><em>\u00a0<\/em><\/p>\n<p><em>A h\u00edres sz\u00fcl\u00f6ttj\u00fcket \u201ehi\u00e1nyol\u00f3\u201d hegyesmajt\u00e9nyieknek pedig el kellett volna utazniuk \u00dajaradra, ahol m\u00e9lt\u00f3 megeml\u00e9kez\u00e9seket rendezhettek volna az Arad v\u00e1rosa \u00e1ltal sz\u00e1z \u00e9ve emelt m\u00e1rv\u00e1ny obeliszkn\u00e9l. De \u00fagy l\u00e1tszik, \u0151k \u00fagy gondolt\u00e1k: Mohamed nem megy a hegyhez &#8211; a hegy menjen Mohamedhez. Abszurd!<\/em><\/p>\n","protected":false},"excerpt":{"rendered":"<p>Gyal\u00e1zat! Az \u00e9rintettek egym\u00e1sra mutogatnak A nyilv\u00e1noss\u00e1g teljes kiz\u00e1r\u00e1s\u00e1val exhum\u00e1lt\u00e1k Aradon a szlov\u00e1k \u00e9s a rom\u00e1n \u00e1llam k\u00e9pvisel\u0151i Skult\u00e9ty L\u00e1szl\u00f3nak, az 1831-ben eltemetett magyar husz\u00e1rnak a f\u00f6ldi maradv\u00e1nyait. 182 \u00e9ven \u00e1t nyugodott a Maros parti v\u00e1rosban a vil\u00e1g legid\u0151sebb husz\u00e1ra. A Szlov\u00e1k Hadt\u00f6rt\u00e9neti Int\u00e9zet szerint a pl\u00e9b\u00e1nia ind\u00edtv\u00e1nyozta a hamvak \u2026 <a class=\"continue-reading-link\" href=\"https:\/\/induljelegyuton.hu\/?p=904\"> Continue reading <span class=\"meta-nav\">&rarr; <\/span><\/a><\/p>\n","protected":false},"author":1,"featured_media":0,"comment_status":"open","ping_status":"open","sticky":false,"template":"","format":"standard","meta":{"ngg_post_thumbnail":0,"footnotes":""},"categories":[163,1],"tags":[217,212,228,213,216,227],"class_list":["post-904","post","type-post","status-publish","format-standard","hentry","category-aktualis","category-kukker","tag-hegyesmajteny","tag-huszar","tag-pozsony","tag-skultety-laszlo","tag-ujarad","tag-zaszlos"],"_links":{"self":[{"href":"https:\/\/induljelegyuton.hu\/index.php?rest_route=\/wp\/v2\/posts\/904","targetHints":{"allow":["GET"]}}],"collection":[{"href":"https:\/\/induljelegyuton.hu\/index.php?rest_route=\/wp\/v2\/posts"}],"about":[{"href":"https:\/\/induljelegyuton.hu\/index.php?rest_route=\/wp\/v2\/types\/post"}],"author":[{"embeddable":true,"href":"https:\/\/induljelegyuton.hu\/index.php?rest_route=\/wp\/v2\/users\/1"}],"replies":[{"embeddable":true,"href":"https:\/\/induljelegyuton.hu\/index.php?rest_route=%2Fwp%2Fv2%2Fcomments&post=904"}],"version-history":[{"count":12,"href":"https:\/\/induljelegyuton.hu\/index.php?rest_route=\/wp\/v2\/posts\/904\/revisions"}],"predecessor-version":[{"id":907,"href":"https:\/\/induljelegyuton.hu\/index.php?rest_route=\/wp\/v2\/posts\/904\/revisions\/907"}],"wp:attachment":[{"href":"https:\/\/induljelegyuton.hu\/index.php?rest_route=%2Fwp%2Fv2%2Fmedia&parent=904"}],"wp:term":[{"taxonomy":"category","embeddable":true,"href":"https:\/\/induljelegyuton.hu\/index.php?rest_route=%2Fwp%2Fv2%2Fcategories&post=904"},{"taxonomy":"post_tag","embeddable":true,"href":"https:\/\/induljelegyuton.hu\/index.php?rest_route=%2Fwp%2Fv2%2Ftags&post=904"}],"curies":[{"name":"wp","href":"https:\/\/api.w.org\/{rel}","templated":true}]}}