{"id":866,"date":"2013-11-17T21:07:54","date_gmt":"2013-11-17T20:07:54","guid":{"rendered":"http:\/\/induljelegyuton.hu\/?p=866"},"modified":"2013-11-22T19:03:24","modified_gmt":"2013-11-22T18:03:24","slug":"levelezesembol-a-farkasokrol","status":"publish","type":"post","link":"https:\/\/induljelegyuton.hu\/?p=866","title":{"rendered":"Levelez\u00e9semb\u0151l: a farkasokr\u00f3l"},"content":{"rendered":"<p>Jani:\u00a0\u00c9n \u00fagy tudom, hogy a Pillang\u00f3 parkban, azzal a h\u00e1zzal szemben, ahol a Karel lakik, f\u00f6lsz\u00e1molj\u00e1k az ottani j\u00e1tsz\u00f3teret \u00e9s medveparkot hoznak l\u00e9tre. A Karel\u00e9k ablaka alatt lesz a medveteny\u00e9szt\u0151 kennel. A Pillang\u00f3 utc\u00e1t meg \u00e1tkeresztelik Via\u00a0Ursus arctos horribilis\u00a0n\u00e9vre.<\/p>\n<p>&nbsp;<\/p>\n<p><span style=\"color: #800000;\">Karesz: M\u00e1r t\u00f6bb felk\u00e9r\u00e9st kaptam medv\u00e9tlen orsz\u00e1gok korm\u00e1nyait\u00f3l, hogy jelenl\u00e9temmel biztos\u00edtsam a medv\u00e9k visszatelep\u00fcl\u00e9s\u00e9t. Hamar h\u00edrem ment, mert 2006-ban, mikor elkezdtem ny\u00fczs\u00f6gni a B\u00f6rzs\u00f6nyben, a hi\u00faz azonnal megjelent, tavaly m\u00e1r j\u00f6tt egy medve is. V\u00e1rhat\u00f3 m\u00e9g b\u00f6l\u00e9ny, s\u0151t kardfog\u00fa tigris \u00e9s kicsi z\u00f6ld emberk\u00e9k \u00e9rkez\u00e9se is.\u00a0<\/span><span style=\"color: #800000;\">Farkast viszont nem tudok produk\u00e1lni, az Jani reszortja, aki egy\u00e9bk\u00e9nt szarvas t\u00e9m\u00e1ban er\u0151s m\u00e9g, igaz Janyek?\u00a0<\/span><\/p>\n<p>&nbsp;<\/p>\n<p>Jani: Ez \u00edgy van! Amerre \u00e9n j\u00e1rok-kelek, ott m\u00e9g gomba helyett is szarvas n\u0151l! Esetleg szarvasgomba. Vagy gomb\u00e1s szarvas. Ha \u00e9tterembe megyek, akkor szarvasp\u00f6rk\u00f6lt. Ha hib\u00e1zom, akkor szarvashiba. Ha hasalok az avarban, akkor szarvasbog\u00e1r. Ha a dzsungelben j\u00e1rk\u00e1lok, akkor szarvasaggancsp\u00e1fr\u00e1ny. Ha tal\u00e1lok egy rozsd\u00e1s, semmire nem haszn\u00e1lhat\u00f3 f\u00e9mdarabot, akkor az is egy\u00a0szar vas. R\u00e9gen a kedvenc kocsim a Volga volt, aminek egy szarvas embl\u00e9ma volt az elej\u00e9n. Az \u00f3vod\u00e1ban a jelem el\u0151sz\u00f6r szar volt, azt\u00e1n vas lett. Ha majd megy\u00fcnk\u00a0Nagyvenyibe, akkor a\u00a0kaja ott is\u00a0SZARVASP\u00d6RK\u00d6LT LESZ \u00c1FONY\u00d6NTETTEL!!!<\/p>\n<p>A farkasb\u0171v\u00f6l\u00e9st, teremt\u00e9st m\u00e9g most gyakorlom. De ebben a t\u00e9m\u00e1ban rengeteg magas sz\u00ednvonal\u00fa irodalom lelhet\u0151 fel, mint pl.: k\u00fcl\u00f6nf\u00e9le farkasemberes horror filmek \u00e9s ott van a klasszikus Farkasokkal t\u00e1ncol\u00f3 c\u00edm\u0171 alkot\u00e1s is. (Ami egy\u00e9bk\u00e9nt esetemben lehet, hogy \u00e1talakul Szarvasokkal t\u00e1ncol\u00f3v\u00e1.) A B\u00fckkben gyakorl\u00e1sk\u00e9ppen hoztam l\u00e9tre azt a h\u00e1rom farkast. Gondoltam, egyel\u0151re ennyi is el\u00e9g lesz. Ki kell tapasztalni, hogy a B\u00fckk vad\u00e1llom\u00e1nya fenn tud-e tartani t\u00f6bb ordaskom\u00e1t. Egy\u00e9bk\u00e9nt mostan\u00e1ban fut egy sorozat, valami Alkonyat, vagy mi, aminek m\u00e1r a negyedik r\u00e9sze k\u00f6vetkezik, s amiben egy sz\u00edvd\u00f6gleszt\u0151 skac j\u00e1tssza a f\u0151v\u00e1mp\u00edrt, akinek a poszter\u00e9vel a sik\u00edtoz\u00f3 kiscsajok elb\u00fajnak valami rejtett helyre, ahol a fiatalember arck\u00e9pm\u00e1solat\u00e1ra csin\u00e1lnak pajz\u00e1n dolgokat. Abban a filmben szimpatikus v\u00e1mp\u00edrfiatalok alakulnak \u00e1t b\u00f6sz\u00f6m nagy farkasokk\u00e1. Teh\u00e1t ebb\u0151l a filmb\u0151l ki kell analiz\u00e1lnom azt a folyamatot, ami a farkass\u00e1 v\u00e1l\u00e1st l\u00e9trehozza, s akkor m\u00e9g egy b\u00edboratk\u00e1b\u00f3l is farkast fogok produk\u00e1lni.<\/p>\n<div id=\"attachment_964\" style=\"width: 310px\" class=\"wp-caption alignright\"><a href=\"http:\/\/induljelegyuton.hu\/wp-content\/uploads\/farkassa_valtoztatas.jpg\"><img loading=\"lazy\" decoding=\"async\" aria-describedby=\"caption-attachment-964\" class=\"size-medium wp-image-964\" alt=\"A farkasb\u0171v\u00f6l\u00e9st, teremt\u00e9st m\u00e9g most gyakorlom...\" src=\"http:\/\/induljelegyuton.hu\/wp-content\/uploads\/farkassa_valtoztatas-300x102.jpg\" width=\"300\" height=\"102\" srcset=\"https:\/\/induljelegyuton.hu\/wp-content\/uploads\/farkassa_valtoztatas-300x102.jpg 300w, https:\/\/induljelegyuton.hu\/wp-content\/uploads\/farkassa_valtoztatas-1024x351.jpg 1024w, https:\/\/induljelegyuton.hu\/wp-content\/uploads\/farkassa_valtoztatas-250x85.jpg 250w\" sizes=\"auto, (max-width: 300px) 100vw, 300px\" \/><\/a><p id=\"caption-attachment-964\" class=\"wp-caption-text\">A farkasb\u0171v\u00f6l\u00e9st, teremt\u00e9st m\u00e9g most gyakorlom&#8230;<\/p><\/div>\n<p>De akkor majd Szarvasr\u00f3l elk\u00f6lt\u00f6z\u00f6m Farkaslak\u00e1ra, ahol farkast\u00f6rv\u00e9nyek fognak uralkodni. Kedvenc n\u00f6v\u00e9nyem a csillagf\u00fcrt lesz. (Ezt botanik\u00e1ban j\u00e1rtas\u00a0bar\u00e1taim fogj\u00e1k els\u0151sorban \u00e9rtelmezni.) Viszont a farkas\u00f6l\u0151 sisakvir\u00e1got ut\u00e1lni fogom. Kedvenc \u0171rhaj\u00f3som Farkas Bertalan lesz \u00e9s hal\u00e1lom ut\u00e1n a Farkasr\u00e9ti temet\u0151ben fogok lepihenni. Gyermekeimet Romulusnak \u00e9s Remusnak fogj\u00e1k h\u00edvni, esetleg Mauglinak. Nekik majd a Piroska \u00e9s a farkas, vagy a Kismalac \u00e9s a farkasok c\u00edm\u0171 mes\u00e9ket fogom olvasni. \u00c9s az \u00f6r\u00f6kz\u00f6ld\u00a0 &#8222;No, meg\u00e1llj csak&#8221; c\u00edm\u0171 rajzfilmet fogjuk n\u00e9zegetni \u00e9jjel-nappal. Rem\u00e9lem farkastorokban nem fognak szenvedni.<\/p>\n<p>No, sz\u00e9p napot \u00e9s\u00a0teliholdas sz\u00e9p est\u00e9t!<\/p>\n<p>Jani<\/p>\n<p>&nbsp;<\/p>\n<p><span style=\"color: #800000;\">Karesz: Farkasgyep\u0171re sem megyek Janival, de m\u00e9g Farkas Fl\u00f3ri\u00e1nnal sem, mert \u0151 egy b\u00e1r\u00e1nyb\u0151rbe b\u00fajt farkas. Farkasgyep\u0171n \u00e1ll\u00edt\u00f3lag rengeteg a farkasp\u00f3k is (t\u00f6bb mint Farkaslak\u00e1n) akik farkasveremben laknak, mert akkor\u00e1k, mint egy pr\u00e9rifarkas, mivel farkas\u00e9tv\u00e1gyuk van, biztos az ottani farkasord\u00edt\u00f3 hideg miatt. De lehet, hogy csak farkast ki\u00e1ltanak arrafel\u00e9 \u00e9s nincsenek ott p\u00f3kok, mert a farkas\u00f6l\u0151 sisakvir\u00e1g \u0151ket is megfarkalta (vagy a t\u00e1ncosokkal farkal\u00f3k k\u00f6z\u00fcl valaki).<\/span><\/p>\n<p><span style=\"color: #800000;\">\u00a0Na, megyek, szedek farkasbabot, farkasbogy\u00f3t, farkasboroszl\u00e1nt, farkastin\u00f3rut, stb. \u00e9s fot\u00f3zok tundrafarkast, s\u00f6r\u00e9nyes farkast \u00e9s v\u00f6r\u00f6s nyak\u00fa sz\u00fafarkast. V\u00e9gezet\u00fcl egy tanuls\u00e1gos t\u00f6rt\u00e9net, ami az emberekre is igaz, mert ember embernek farkasa:<\/span><\/p>\n<p><span style=\"color: #800000;\">\u00a0<\/span><\/p>\n<h3><em><span style=\"color: #800000;\">A farkas \u00e9s a b\u00e1r\u00e1ny<\/span><\/em><\/h3>\n<p><span style=\"color: #800000;\">\u00a0<\/span><\/p>\n<p><em><span style=\"color: #800000;\">A szomjas farkas \u00e9s a szomjas kis bari<\/span><\/em><br \/>\n<em> <span style=\"color: #800000;\"> ugyanazon patakra ment v\u00e9letlen\u00fcl.<\/span><\/em><br \/>\n<em> <span style=\"color: #800000;\"> A j\u00e1mbor gyapjasn\u00e1l az ordas f\u00f6ljebb \u00e1llt,<\/span><\/em><br \/>\n<em> <span style=\"color: #800000;\"> gonosz sz\u00e1nd\u00e9kkal m\u00e9gis \u00edgy k\u00f6t\u00f6tt bel\u00e9.<\/span><\/em><br \/>\n<em> <span style=\"color: #800000;\"> &#8222;M\u00e9rt bolygatod fel n\u00e9kem a patak viz\u00e9t,<\/span><\/em><br \/>\n<em> <span style=\"color: #800000;\"> ha \u00e9n iszom?&#8221; A gyapjas f\u00e9l\u00e9nken felelt:<\/span><\/em><br \/>\n<em> <span style=\"color: #800000;\"> Hogyan tehetn\u00e9m, k\u00e9rlek, mit szememre h\u00e1nysz?<\/span><\/em><br \/>\n<em> <span style=\"color: #800000;\"> Hiszen a v\u00edz fel\u0151led \u00e1rad sz\u00e1jamig.&#8221;<\/span><\/em><br \/>\n<em> <span style=\"color: #800000;\"> A meghazudtolt farkas \u00edgy acsarkodott:<\/span><\/em><br \/>\n<em> <span style=\"color: #800000;\"> &#8222;F\u00e9l \u00e9ve r\u00fatul r\u00e1galmazt\u00e1l engemet.&#8221;<\/span><\/em><br \/>\n<em> <span style=\"color: #800000;\"> &#8222;Hisz akkor m\u00e9g nem \u00e9ltem \u00e9n&#8221; &#8211; felelte az.<\/span><\/em><br \/>\n<em> <span style=\"color: #800000;\"> &#8222;Ap\u00e1d gyal\u00e1zott akkor, istenuccse, \u0151&#8221; &#8211;<\/span><\/em><br \/>\n<em> <span style=\"color: #800000;\"> \u00e9s r\u00e1ugorva sz\u00e9jjelmarcangolta \u0151t.<\/span><\/em><br \/>\n<em> <span style=\"color: #800000;\"> Oly emberekr\u0151l \u00edr\u00f3dott e kis mese,<\/span><\/em><br \/>\n<em> <span style=\"color: #800000;\"> kik \u00e1rtatlant koholt \u00fcr\u00fcggyel nyomnak el.*<\/span><\/em><\/p>\n<p><span style=\"color: #800000;\">\u00a0<\/span><\/p>\n<p><span style=\"color: #800000;\">\u00dcdv: Farkas Farkasn\u00e9 Farkas Piroska szomsz\u00e9dja<\/span><\/p>\n<p>&nbsp;<\/p>\n<p>Jani: Farkasgyep\u0171n val\u00f3ban rengeteg farkasp\u00f3k van. \u00c9n teremtettem \u0151ket akkor, amikor m\u00e9g csak gyakornok voltam a Farkasteremt\u0151- \u00e9s ordask\u00e9pz\u0151 szakon. Mert r\u00f6gt\u00f6n nem lehet egyb\u0151l farkast teremteni. Sz\u00e9pen, l\u00e9p\u00e9sr\u0151l l\u00e9p\u00e9sre kell megtanulni a cs\u00ednj\u00e1t-b\u00ednj\u00e1t eme nagy tud\u00e1st ig\u00e9nyl\u0151 tudom\u00e1nynak. Harry Potter sem v\u00e1ltotta meg r\u00f6gt\u00f6n a var\u00e1zsl\u00f3 vil\u00e1got a kis var\u00e1zsp\u00e1lc\u00e1j\u00e1val. M\u00e1r amit a kez\u00e9ben szorongatott. M\u00e1r nem azt szorongatta a kez\u00e9ben, hanem egy m\u00e1sik p\u00e1lc\u00e1t. Ami f\u00e1b\u00f3l volt.\u00a0El\u0151sz\u00f6r patk\u00e1nyt v\u00e1ltoztattak kupic\u00e1v\u00e1, majd\u00a0talpas poh\u00e1rr\u00e1, majd tejes k\u00f6cs\u00f6gg\u00e9, a tejes k\u00f6cs\u00f6g\u00f6t vissza vajk\u00f6p\u00fcl\u0151 k\u00fcbliv\u00e9, majd ak\u00f3s hord\u00f3v\u00e1. A v\u00e9geredm\u00e9ny egy s\u00f6rsz\u00e1ll\u00edt\u00f3 tart\u00e1lykocsi lett. Mit gondoltok ti, mi\u00e9rt van annyi farkasp\u00f3k ebben az orsz\u00e1gban? Mert gyakoroltam. Sokat. El\u0151sz\u00f6r csak piciny farkasp\u00f3kokat teremtettem, mint pl. a kal\u00f3zp\u00f3k, az\u00a0utols\u00f3 k\u00e9t lecke pedig\u00a0a szong\u00e1riai csel\u0151p\u00f3k, majd a tarantella\u00a0volt. Amikor ez is meglett, akkor j\u00f6tt a halfarkas. B\u00e1r ez rep\u00fcl, de h\u00e1t mindent, amiben a farkas sz\u00f3 l\u00e9tezik, meg kellet tanulnom teremteni. Mert ha hib\u00e1zom, akkor mondjuk egy osztrigafarkasnak rendes farkasfejet teremtek, az meg akkor hogy n\u00e9z m\u00e1r ki. \u00c9s vesz\u00e9lyes is lenne a f\u00fcrd\u0151z\u0151 emberekre egy v\u00e9rszomjas tengeri csillag. Vagy rep\u00fcl\u0151 farkasboroszl\u00e1n. D\u0151res\u00e9g! Nem el\u00e9g, hogy m\u00e9rgez\u0151, m\u00e9g fogai is vannak. H\u00e1t ha m\u00e9g l\u00e1bakat is alkotok neki v\u00e9letlen\u00fcl. Egy erd\u0151ben rohang\u00e1l\u00f3, m\u00e9rgez\u0151, v\u00e9rszomjas cserje, ami a fogait csattogtatja. Na, ugye?<\/p>\n<div id=\"attachment_966\" style=\"width: 310px\" class=\"wp-caption alignright\"><a href=\"http:\/\/induljelegyuton.hu\/wp-content\/uploads\/farkas.jpg\"><img loading=\"lazy\" decoding=\"async\" aria-describedby=\"caption-attachment-966\" class=\"size-medium wp-image-966\" alt=\"Mert r\u00f6gt\u00f6n nem lehet egyb\u0151l farkast teremteni...\" src=\"http:\/\/induljelegyuton.hu\/wp-content\/uploads\/farkas-300x253.jpg\" width=\"300\" height=\"253\" srcset=\"https:\/\/induljelegyuton.hu\/wp-content\/uploads\/farkas-300x253.jpg 300w, https:\/\/induljelegyuton.hu\/wp-content\/uploads\/farkas-177x150.jpg 177w, https:\/\/induljelegyuton.hu\/wp-content\/uploads\/farkas.jpg 475w\" sizes=\"auto, (max-width: 300px) 100vw, 300px\" \/><\/a><p id=\"caption-attachment-966\" class=\"wp-caption-text\">Mert r\u00f6gt\u00f6n nem lehet egyb\u0151l farkast teremteni&#8230;<\/p><\/div>\n<p>\u00c9s a tal\u00e1l\u00f3s k\u00e9rd\u00e9s. Vajon ki Ver\u0151ce polg\u00e1rmestere? No? Term\u00e9szetesen Bethlen Farkas! Ez sem v\u00e9letlen \u00e1m! B\u00e1r \u0151 egy f\u00e9lresiker\u00fclt k\u00eds\u00e9rletez\u00e9s eredm\u00e9nye, egy selejt, de h\u00e1t \u00e9n sem voltam mindig t\u00f6k\u00e9letes farkasteremt\u0151.<\/p>\n<p>Aprop\u00f3! Hallott\u00e1l m\u00e1r a Farkasv\u00f6lgyi-szikla\u00fcregr\u0151l? Valszeg ott is farkasok laktak \u00e9s egy \u00e1sv\u00e1nyt,\u00a0wolframitot ( farkashab) nyalogattak.<\/p>\n<p>No, ennyit m\u00e1ra az okkult tudom\u00e1nyokb\u00f3l.<\/p>\n<p>\u00dcdv!<\/p>\n<p>&nbsp;<\/p>\n<p>* Phaedrus (1.sz): lupus et agnus\u00a0 (a szerk.)<\/p>\n","protected":false},"excerpt":{"rendered":"<p>Jani:\u00a0\u00c9n \u00fagy tudom, hogy a Pillang\u00f3 parkban, azzal a h\u00e1zzal szemben, ahol a Karel lakik, f\u00f6lsz\u00e1molj\u00e1k az ottani j\u00e1tsz\u00f3teret \u00e9s medveparkot hoznak l\u00e9tre. A Karel\u00e9k ablaka alatt lesz a medveteny\u00e9szt\u0151 kennel. A Pillang\u00f3 utc\u00e1t meg \u00e1tkeresztelik Via\u00a0Ursus arctos horribilis\u00a0n\u00e9vre. &nbsp; Karesz: M\u00e1r t\u00f6bb felk\u00e9r\u00e9st kaptam medv\u00e9tlen orsz\u00e1gok korm\u00e1nyait\u00f3l, hogy jelenl\u00e9temmel \u2026 <a class=\"continue-reading-link\" href=\"https:\/\/induljelegyuton.hu\/?p=866\"> Continue reading <span class=\"meta-nav\">&rarr; <\/span><\/a><\/p>\n","protected":false},"author":1,"featured_media":0,"comment_status":"open","ping_status":"open","sticky":false,"template":"","format":"standard","meta":{"ngg_post_thumbnail":0,"footnotes":""},"categories":[24],"tags":[],"class_list":["post-866","post","type-post","status-publish","format-standard","hentry","category-turabetyar"],"_links":{"self":[{"href":"https:\/\/induljelegyuton.hu\/index.php?rest_route=\/wp\/v2\/posts\/866","targetHints":{"allow":["GET"]}}],"collection":[{"href":"https:\/\/induljelegyuton.hu\/index.php?rest_route=\/wp\/v2\/posts"}],"about":[{"href":"https:\/\/induljelegyuton.hu\/index.php?rest_route=\/wp\/v2\/types\/post"}],"author":[{"embeddable":true,"href":"https:\/\/induljelegyuton.hu\/index.php?rest_route=\/wp\/v2\/users\/1"}],"replies":[{"embeddable":true,"href":"https:\/\/induljelegyuton.hu\/index.php?rest_route=%2Fwp%2Fv2%2Fcomments&post=866"}],"version-history":[{"count":9,"href":"https:\/\/induljelegyuton.hu\/index.php?rest_route=\/wp\/v2\/posts\/866\/revisions"}],"predecessor-version":[{"id":868,"href":"https:\/\/induljelegyuton.hu\/index.php?rest_route=\/wp\/v2\/posts\/866\/revisions\/868"}],"wp:attachment":[{"href":"https:\/\/induljelegyuton.hu\/index.php?rest_route=%2Fwp%2Fv2%2Fmedia&parent=866"}],"wp:term":[{"taxonomy":"category","embeddable":true,"href":"https:\/\/induljelegyuton.hu\/index.php?rest_route=%2Fwp%2Fv2%2Fcategories&post=866"},{"taxonomy":"post_tag","embeddable":true,"href":"https:\/\/induljelegyuton.hu\/index.php?rest_route=%2Fwp%2Fv2%2Ftags&post=866"}],"curies":[{"name":"wp","href":"https:\/\/api.w.org\/{rel}","templated":true}]}}