{"id":795,"date":"2013-11-15T21:33:02","date_gmt":"2013-11-15T20:33:02","guid":{"rendered":"http:\/\/induljelegyuton.hu\/?p=795"},"modified":"2013-11-17T20:47:20","modified_gmt":"2013-11-17T19:47:20","slug":"a-vilag-legoregebb-katonaja","status":"publish","type":"post","link":"https:\/\/induljelegyuton.hu\/?p=795","title":{"rendered":"A vil\u00e1g leg\u00f6regebb katon\u00e1ja"},"content":{"rendered":"<p><i>I. Ferenc lassan v\u00e9gigs\u00e9t\u00e1l a feszes\u00a0vigy\u00e1zzban\u00a0\u00e1ll\u00f3, b\u00fcszke husz\u00e1rok el\u0151tt. A sor v\u00e9g\u00e9re \u00e9rve felt\u0171nik neki az ezred agg z\u00e1szl\u00f3tart\u00f3ja. Meg\u00e1ll el\u0151tte, s elgondolkodva megsz\u00f3lal: \u201eHusz\u00e1r! H\u00e1ny \u00e9ve szolg\u00e1l?\u201d A v\u00e9n z\u00e1szl\u00f3tart\u00f3 b\u00fcszk\u00e9n kih\u00fazza mag\u00e1t: \u201dHetven\u00f6t \u00e9ve, szolg\u00e1latj\u00e1ra Fels\u00e9g!\u201d A cs\u00e1sz\u00e1r meglep\u0151dik, s megk\u00e9rdi: \u201eNem akar pihenni m\u00e9g?\u201d\u00a0 &#8211; \u201eFels\u00e9g, \u00e9n m\u00e1r megmaradn\u00e9k korn\u00e9t\u00e1snak, mivel a z\u00e1szl\u00f3t nem lehet elhagyni! &#8211; v\u00e1laszolja szer\u00e9nyen Skult\u00e9ty L\u00e1szl\u00f3, a vil\u00e1g leg\u00f6regebb katon\u00e1ja.<\/i><\/p>\n<p><strong>ngg_shortcode_0_placeholder<\/strong><\/p>\n<p><strong>Ha mi olyan k\u00f6nnyen haln\u00e1nk&#8230;<\/strong><\/p>\n<p>Sosem tudhatjuk meg, val\u00f3ban \u00edgy t\u00f6rt\u00e9nt-e, viszont a 17. sz\u00e1zadban megeshetett, hogy Kem\u00e9ny J\u00e1n<span style=\"color: #000000;\">o<\/span>s\u00a0(1607-1662)\u00a0<span style=\"color: #000000;\">id<\/span>\u0151s magyar katon\u00e1k \u00e9s sv\u00e9d tisztek t\u00e1rsas\u00e1g\u00e1ban borozgatott. Az id\u0151 m\u00fal\u00e1s\u00e1val a sv\u00e9dek ingerkedni kezdtek a magyarokkal: szerint\u00fck egy \u0151sz, \u00f6reg katona nem a h\u0151siess\u00e9g p\u00e9ldak\u00e9pe &#8211; az igazi h\u0151s fiatalon esik el a csat\u00e1ban. V\u00e1laszul Kem\u00e9ny J\u00e1nos a k\u00f6nyvt\u00e1rban felolvasott Segerskj\u00f6ld ezredesnek egy magyar vit\u00e9zr\u0151l sz\u00f3l\u00f3 verset, kinek egy t\u00f6r\u00f6k kelev\u00e9sz d\u00f6fte \u00e1t a fej\u00e9t. Baksa M\u00e1rkus m\u00e9gis fel\u00e9p\u00fclt sz\u00f6rny\u0171 seb\u00e9b\u0151l \u00e9s m\u00e9g 18 \u00e9vig harcolt a t\u00f6r\u00f6k ellen.<\/p>\n<div id=\"attachment_805\" style=\"width: 290px\" class=\"wp-caption alignright\"><a href=\"http:\/\/induljelegyuton.hu\/wp-content\/uploads\/2_\u00c1tl\u0151tt-fejjel-\u00e9s-m\u00e9gis-t\u00fal\u00e9lte.jpg\"><img loading=\"lazy\" decoding=\"async\" aria-describedby=\"caption-attachment-805\" class=\"size-medium wp-image-805 \" alt=\"Baksa M\u00e1rkus fej\u00e9t kelev\u00e9sszel d\u00f6ft\u00e9k \u00e1t, m\u00e9gis t\u00fal\u00e9lte\" src=\"http:\/\/induljelegyuton.hu\/wp-content\/uploads\/2_\u00c1tl\u0151tt-fejjel-\u00e9s-m\u00e9gis-t\u00fal\u00e9lte-280x300.jpg\" width=\"280\" height=\"300\" srcset=\"https:\/\/induljelegyuton.hu\/wp-content\/uploads\/2_\u00c1tl\u0151tt-fejjel-\u00e9s-m\u00e9gis-t\u00fal\u00e9lte-280x300.jpg 280w, https:\/\/induljelegyuton.hu\/wp-content\/uploads\/2_\u00c1tl\u0151tt-fejjel-\u00e9s-m\u00e9gis-t\u00fal\u00e9lte-140x150.jpg 140w, https:\/\/induljelegyuton.hu\/wp-content\/uploads\/2_\u00c1tl\u0151tt-fejjel-\u00e9s-m\u00e9gis-t\u00fal\u00e9lte.jpg 383w\" sizes=\"auto, (max-width: 280px) 100vw, 280px\" \/><\/a><p id=\"caption-attachment-805\" class=\"wp-caption-text\">Baksa M\u00e1rkus fej\u00e9t kelev\u00e9sszel d\u00f6ft\u00e9k \u00e1t, m\u00e9gis t\u00fal\u00e9lte<\/p><\/div>\n<p><i>\u201e\u2026Szem\u00e9n ment be s h\u00e1tul j\u00f6tt ki azut\u00e1n:<\/i><\/p>\n<p><i>De a d\u00f6f\u00e9st kiheverte,<br \/>\nS a t\u00f6r\u00f6k\u00f6t verten verte<br \/>\nAzut\u00e1n is m\u00e9g sok\u00e1ig, sz\u00e1z csat\u00e1n.\u201d<\/i><\/p>\n<p>Hogy mi\u00e9rt is tal\u00e1ltatott olyan sok \u00f6reg katona a magyarok k\u00f6z\u00f6tt? Kem\u00e9ny v\u00e1lasza \u00edgy hangzott: \u201eHa mi olyan k\u00f6nnyen haln\u00e1nk, Kihalt volna r\u00e9g a fajt\u00e1nk,\u2026\u201d Az anekdot\u00e1t Vargha Gyula\u00a0(1853-1929) vetette pap\u00edrra \u201eTorstenson lakom\u00e1ja\u201dc\u00edmmel. Nos, az olvas\u00f3 se higgye, hogy a h\u0151sies, b\u00e1tor katon\u00e1k mind kor\u00e1n halnak. S\u0151t! R\u00e1termetts\u00e9g is kellett az \u00e9letben marad\u00e1shoz, \u00edgy \u0151k m\u00e9g t\u00f6bbsz\u00f6r kij\u00e1tszhatt\u00e1k a hal\u00e1lt.<\/p>\n<p>&nbsp;<\/p>\n<p><strong>Akinek az ezredese \u00e1ll\u00edtott eml\u00e9ket<\/strong><\/p>\n<p>Az \u00faj-aradi temet\u0151ben van egy s\u00edr (ma egy obeliszk \u00e1ll a hely\u00e9n), melyre egykor husz\u00e1rcs\u00e1k\u00f3t \u00e9s szably\u00e1t is faragtak \u00e9s azt hirdeti, hogy itt nyugszik \u201ea vil\u00e1g leg\u00f6regebb katon\u00e1ja, aki nyolcvanegy \u00e9vig szolg\u00e1lt, \u00e9s huszonk\u00e9t h\u00e1bor\u00fat k\u00fczd\u00f6tt v\u00e9gig\u201d. Egyet az oroszok, kett\u0151t a t\u00f6r\u00f6k\u00f6k, hetet a poroszok \u00e9s tizenkett\u0151t a franci\u00e1k ellen. Skult\u00e9ty L\u00e1szl\u00f3 (1738-1831) husz\u00e1r\u00e9 ez a megtisztel\u0151 c\u00edm. Esterh\u00e1zy Vince(?) gr\u00f3f husz\u00e1rezredes \u00e1ll\u00edtott \u00edgy \u00f6r\u00f6k eml\u00e9ket elismert korn\u00e9t\u00e1s\u00e1nak (z\u00e1szl\u00f3tart\u00f3).<\/p>\n<div id=\"attachment_806\" style=\"width: 310px\" class=\"wp-caption alignright\"><a href=\"http:\/\/induljelegyuton.hu\/wp-content\/uploads\/3_Skut\u00e9ty-s\u00edreml\u00e9ke-ma-obeliszk-\u00e1ll-a-hely\u00e9n.jpg\"><img loading=\"lazy\" decoding=\"async\" aria-describedby=\"caption-attachment-806\" class=\"size-medium wp-image-806 \" alt=\"Skut\u00e9ty s\u00edreml\u00e9ke az \u00fajaradi temet\u0151ben - r\u00e9gi k\u00e9peslapokon\" src=\"http:\/\/induljelegyuton.hu\/wp-content\/uploads\/3_Skut\u00e9ty-s\u00edreml\u00e9ke-ma-obeliszk-\u00e1ll-a-hely\u00e9n-300x236.jpg\" width=\"300\" height=\"236\" srcset=\"https:\/\/induljelegyuton.hu\/wp-content\/uploads\/3_Skut\u00e9ty-s\u00edreml\u00e9ke-ma-obeliszk-\u00e1ll-a-hely\u00e9n-300x236.jpg 300w, https:\/\/induljelegyuton.hu\/wp-content\/uploads\/3_Skut\u00e9ty-s\u00edreml\u00e9ke-ma-obeliszk-\u00e1ll-a-hely\u00e9n-190x150.jpg 190w, https:\/\/induljelegyuton.hu\/wp-content\/uploads\/3_Skut\u00e9ty-s\u00edreml\u00e9ke-ma-obeliszk-\u00e1ll-a-hely\u00e9n.jpg 694w\" sizes=\"auto, (max-width: 300px) 100vw, 300px\" \/><\/a><p id=\"caption-attachment-806\" class=\"wp-caption-text\">Skut\u00e9ty s\u00edreml\u00e9ke az \u00fajaradi temet\u0151ben &#8211; r\u00e9gi k\u00e9peslapokon<\/p><\/div>\n<p>&nbsp;<\/p>\n<p><strong>Akiket az \u00e1gy\u00fa f\u00fcstje megcsapott\u2026<\/strong><\/p>\n<p>Akadtak tisztes \u00e9s nem olyan tisztes veter\u00e1nok is, akik sz\u00edvesen viselt\u00e9k volna ezt a c\u00edmet. Egy, Kolombeski (1730-?) nev\u0171 lengyel katona 75 \u00e9vig szolg\u00e1lt a francia seregben, s akinek Lajos F\u00fcl\u00f6p (1773-1850) saj\u00e1t \u00e9rdemrendj\u00e9t t\u0171zte a mellkas\u00e1ra. \u00c1m a mag\u00e1t 120 \u00e9vesnek vall\u00f3, kiv\u00e1l\u00f3 eg\u00e9szs\u00e9gnek \u00f6rvend\u0151 katona legfeljebb 80 \u00e9ves lehetett, mert, mint kider\u00fclt, hamis iratokkal igazolta mag\u00e1t.<\/p>\n<p>A francia Jean Theurel (1699-1807) nev\u0171 sz\u00e1znyolc \u00e9ves dragonyost, aki \u00e1ll\u00edt\u00f3lag 86 \u00e9vet szolg\u00e1lt egyv\u00e9gt\u00e9ben, megint csak megel\u0151zte a magyar korn\u00e9t\u00e1s. Nap\u00f3leon (1769-1821) nagy pomp\u00e1val temettette el 1807-ben, viszont katon\u00e1nak \u00e1ll\u00e1s\u00e1t\u00f3l veter\u00e1nn\u00e1 v\u00e1l\u00e1s\u00e1ig \u201ecsup\u00e1n\u201d hatvanh\u00e9t esztend\u0151 telt el: a veter\u00e1nk\u00e9nt \u00e1tpip\u00e1zott \u00e9veket nem lehet katonai szolg\u00e1latnak tekinteni.<\/p>\n<p>Chiossich J\u00e1nos (1702-1820) nyolcvanh\u00e9t \u00e9ves szolg\u00e1lata is s\u00e1nt\u00edt, mivel nyolc\u00e9ves kor\u00e1ban m\u00e9g \u201ecsak\u201d pikul\u00e1snak vett\u00e9k fel a t\u00e1bori zenekarba. B\u00e1r 1797-ig szolg\u00e1lt, nem tudni, mikor v\u00e1ltott a pikul\u00e1r\u00f3l pusk\u00e1ra \u2013 azaz mikor lett igazi katona.<\/p>\n<p>&nbsp;<\/p>\n<div id=\"attachment_809\" style=\"width: 241px\" class=\"wp-caption alignleft\"><a href=\"http:\/\/induljelegyuton.hu\/wp-content\/uploads\/9_Skultety-Laszl\u00f3-kom\u00e9t\u00e1s_.jpg\"><img loading=\"lazy\" decoding=\"async\" aria-describedby=\"caption-attachment-809\" class=\"size-medium wp-image-809\" alt=\"Skultety Laszl\u00f3 z\u00e1szl\u00f3s (Somogyi Gy\u0151z\u0151 festm\u00e9nye)\" src=\"http:\/\/induljelegyuton.hu\/wp-content\/uploads\/9_Skultety-Laszl\u00f3-kom\u00e9t\u00e1s_-231x300.jpg\" width=\"231\" height=\"300\" srcset=\"https:\/\/induljelegyuton.hu\/wp-content\/uploads\/9_Skultety-Laszl\u00f3-kom\u00e9t\u00e1s_-231x300.jpg 231w, https:\/\/induljelegyuton.hu\/wp-content\/uploads\/9_Skultety-Laszl\u00f3-kom\u00e9t\u00e1s_-115x150.jpg 115w, https:\/\/induljelegyuton.hu\/wp-content\/uploads\/9_Skultety-Laszl\u00f3-kom\u00e9t\u00e1s_.jpg 462w\" sizes=\"auto, (max-width: 231px) 100vw, 231px\" \/><\/a><p id=\"caption-attachment-809\" class=\"wp-caption-text\">Skultety Laszl\u00f3 z\u00e1szl\u00f3s (Somogyi Gy\u0151z\u0151 festm\u00e9nye)<\/p><\/div>\n<p><strong>A bruszinai z\u00e1szl\u00f3s<\/strong><\/p>\n<p>Skult\u00e9ty L\u00e1szl\u00f3 (sz\u00fcletett G\u00e1bris L\u00e1szl\u00f3)\u00a0val\u00f3sz\u00edn\u0171leg nemesi csal\u00e1d sarja volt, mivel a felvid\u00e9ki Trencs\u00e9ny megyei Hegyesmajt\u00e9nyban sz\u00fcletett hadfi z\u00e1szl\u00f3tart\u00f3 lett, mivel erre a feladatra csak nemesi ifjakat neveztek ki. 12 \u00e9vesen nyomt\u00e1k fej\u00e9be a husz\u00e1rcs\u00e1k\u00f3t, 1775-ig k\u00f6zhusz\u00e1rk\u00e9nt volt a katonai er\u00e9nyek \u00e9s a b\u00e1tors\u00e1g mintak\u00e9pe a kor\u00e1bban m\u00e9g Ghill\u00e1nyinak nevezett Hadik-husz\u00e1rezredben. 18 \u00e9vesen esett \u00e1t a t\u0171zkereszts\u00e9gen a h\u00e9t\u00e9ves h\u00e1bor\u00fa (1756-1763) kezdet\u00e9n, majd r\u00e9szt vett a vesztes pr\u00e1gai \u00e9s az 1757. j\u00fanius 18-i gy\u0151ztes kolini csat\u00e1ban, ahol Skult\u00e9ty kez\u00e9t s\u00falyos kardv\u00e1g\u00e1s \u00e9rte. M\u00e1ria Ter\u00e9zia (1717-1780) ennek a csat\u00e1nak eml\u00e9k\u00e9re alap\u00edtotta a M\u00e1ria Ter\u00e9zia Rendet, melynek els\u0151 n\u00e9gy nagykeresztese k\u00f6z\u00f6tt ott volt Hadik \u00e9s N\u00e1dasdy magyar gener\u00e1lis is.<\/p>\n<p>&nbsp;<\/p>\n<p><strong>Keszty\u0171k M\u00e1ria Ter\u00e9zi\u00e1nak<\/strong><\/p>\n<p>Ott volt Hadik Andr\u00e1s (1710-1790) h\u00edres 1757-es \u201ehusz\u00e1rbrav\u00farj\u00e1n\u00e1l\u201d, amikor a porosz sereg h\u00e1ta m\u00f6g\u00f6tt megrohant\u00e1k Berlint, \u00e9s hatalmas hadisarcot k\u00f6veteltek a v\u00e1ros vezet\u00e9s\u00e9t\u0151l. \u0150k azonban nem vett\u00e9k komolyan az ostromgy\u0171r\u0171t, \u00e9s megtagadt\u00e1k a sarc kifizet\u00e9s\u00e9t. Hadik erre sz\u00e9tl\u00f6vette a kaput \u00e9s az 5500 f\u0151s v\u00e1ros-\u0151rs\u00e9get husz\u00e1rjaival lerohanta \u00e9s sz\u00e9tsz\u00f3rta (a hadisarc mellett szem\u00e9lyes aj\u00e1nd\u00e9kk\u00e9nt k\u00e9t tucat finom, n\u0151i keszty\u0171t h\u00edmeztetett M\u00e1ria Ter\u00e9zi\u00e1nak). B\u00e1r az ellens\u00e9ges goly\u00f3k \u00e9s kard \u00e1ltal\u00e1ban elker\u00fclt\u00e9k, m\u00e9gis az ifj\u00fa Skult\u00e9ty bal arc\u00e1t Berlinn\u00e9l szuronnyal d\u00f6ft\u00e9k \u00e1t.<\/p>\n<p>&nbsp;<\/p>\n<p><strong>Nap\u00f3leon mellett \u00e9s ellen<\/strong><\/p>\n<p>1759-1760-ben a pfalz-zweibr\u00fcckeni herceg szem\u00e9lyi szolg\u00e1lat\u00e1ra osztott\u00e1k be, majd a poroszok ellen h\u00e1bor\u00fazott. 1775-ben vicetizedess\u00e9 nevezt\u00e9k ki, a t\u00f6r\u00f6k h\u00e1bor\u00fakban m\u00e1r tizedesk\u00e9nt verekedett, am\u00edg 1789. okt\u00f3ber\u00e9ben s\u00falyosan megsebes\u00fclt. Ekkor kapta h\u0151siess\u00e9g\u00e9nek elismer\u00e9sek\u00e9nt az ez \u00e9vben alap\u00edtott ez\u00fcst vit\u00e9zs\u00e9gi \u00e9rmet is. F\u00e9l \u00e9v m\u00falva m\u00e1r str\u00e1zsamesterk\u00e9nt b\u00fcszk\u00e9n hordozhatta ezrede z\u00e1szlaj\u00e1t.<\/p>\n<div id=\"attachment_808\" style=\"width: 310px\" class=\"wp-caption alignright\"><a href=\"http:\/\/induljelegyuton.hu\/wp-content\/uploads\/7_Napoleon-a-husz\u00e1rokkal.jpg\"><img loading=\"lazy\" decoding=\"async\" aria-describedby=\"caption-attachment-808\" class=\"size-medium wp-image-808\" alt=\"Napoleon husz\u00e1rokkal - festm\u00e9ny\" src=\"http:\/\/induljelegyuton.hu\/wp-content\/uploads\/7_Napoleon-a-husz\u00e1rokkal-300x149.jpg\" width=\"300\" height=\"149\" srcset=\"https:\/\/induljelegyuton.hu\/wp-content\/uploads\/7_Napoleon-a-husz\u00e1rokkal-300x149.jpg 300w, https:\/\/induljelegyuton.hu\/wp-content\/uploads\/7_Napoleon-a-husz\u00e1rokkal-1024x509.jpg 1024w, https:\/\/induljelegyuton.hu\/wp-content\/uploads\/7_Napoleon-a-husz\u00e1rokkal-250x124.jpg 250w, https:\/\/induljelegyuton.hu\/wp-content\/uploads\/7_Napoleon-a-husz\u00e1rokkal.jpg 1396w\" sizes=\"auto, (max-width: 300px) 100vw, 300px\" \/><\/a><p id=\"caption-attachment-808\" class=\"wp-caption-text\">Napoleon husz\u00e1rokkal &#8211; festm\u00e9ny<\/p><\/div>\n<p>Harcolt a francia forradalom felkel\u0151i \u00e9s Nap\u00f3leon ellen is. 1812-ben r\u00e9szt vett az elh\u00edres\u00fclt borogyin\u00f3i csat\u00e1ban, l\u00e1tta az \u00e9g\u0151 Moszkv\u00e1t \u00e9s a k\u00e9szleteib\u0151l kifogyott francia sereggel visszavonulva majdnem megfagyott a hossz\u00fa orosz hadj\u00e1ratban, amelyet mintegy f\u00e9lmilli\u00f3 katon\u00e1b\u00f3l alig minden harmadik \u00e9lt t\u00fal. 1813-ban a \u201en\u00e9pek csat\u00e1j\u00e1ban\u201d m\u00e9g jeleskedett b\u00e1tors\u00e1g\u00e1val, de Nap\u00f3leon buk\u00e1sa ut\u00e1n m\u00e1r nem vett r\u00e9szt t\u00f6bb h\u00e1bor\u00faban.<\/p>\n<p>&nbsp;<\/p>\n<p><strong>A z\u00e1szl\u00f3\u00e9rt mindhal\u00e1lig<\/strong><\/p>\n<p>Amikor I. Ferenc 78 \u00e9ves szolg\u00e1lat\u00e1ra val\u00f3 tekintettel tisztt\u00e9 akarta el\u0151l\u00e9ptetni, \u00e9s minden munka al\u00f3l mentes\u00edteni, de Skult\u00e9ty udvariasan visszautas\u00edtotta, mivel a z\u00e1szl\u00f3t \u201enem lehet otthagyni\u201d. Val\u00f3sz\u00edn\u0171leg ez az egyetlen ilyen eset a vil\u00e1gt\u00f6rt\u00e9nelemben\u2026 Amikor azonban 1831-ben \u00daj-Aradon \u00e1llom\u00e1soz\u00f3 ezred\u00e9t m\u00e1shov\u00e1 helyezt\u00e9k, m\u00e1r nem mehetett t\u00e1rsaival &#8211; 94 \u00e9vesen nem tudott l\u00f3ra \u00fclni&#8230; Ekkor parancsnoka \u00fagy d\u00f6nt\u00f6tt, hogy az \u00f6reg husz\u00e1rt 81 \u00e9v szolg\u00e1lat ut\u00e1n Arad v\u00e1ros\u00e1nak gondjaira b\u00edzza. Skult\u00e9ty az obsitot azonban csak n\u00e9h\u00e1ny h\u00f3napon \u00e1t \u00e9lvezhette &#8211; r\u00f6viddel 94. sz\u00fclet\u00e9snapja bet\u00f6lt\u00e9se ut\u00e1n az \u00f6r\u00f6k harcmez\u0151kre t\u00e1vozott.<\/p>\n<p>&nbsp;<\/p>\n<h2>Husz\u00e1ron a magyar eredet\u0171 k\u00f6nny\u0171lovass\u00e1g katon\u00e1j\u00e1t \u00e9rtj\u00fck<\/h2>\n<div id=\"attachment_818\" style=\"width: 235px\" class=\"wp-caption alignright\"><a href=\"http:\/\/induljelegyuton.hu\/wp-content\/uploads\/A0__A-legend\u00e1s-Hadik.jpg\"><img loading=\"lazy\" decoding=\"async\" aria-describedby=\"caption-attachment-818\" class=\"size-medium wp-image-818   \" alt=\"A legend\u00e1s husz\u00e1r, Hadik Andr\u00e1s karrierj\u00e9t, mint korm\u00e1nybiztos fejezte be (ifjabb Vastagh Gy\u00f6rgy szobr\u00e1t 1937-ben avatt\u00e1k fel a r\u00e9gi budai V\u00e1rosh\u00e1za el\u0151tt)\" src=\"http:\/\/induljelegyuton.hu\/wp-content\/uploads\/A0__A-legend\u00e1s-Hadik-225x300.jpg\" width=\"225\" height=\"300\" srcset=\"https:\/\/induljelegyuton.hu\/wp-content\/uploads\/A0__A-legend\u00e1s-Hadik-225x300.jpg 225w, https:\/\/induljelegyuton.hu\/wp-content\/uploads\/A0__A-legend\u00e1s-Hadik-768x1024.jpg 768w, https:\/\/induljelegyuton.hu\/wp-content\/uploads\/A0__A-legend\u00e1s-Hadik-112x150.jpg 112w, https:\/\/induljelegyuton.hu\/wp-content\/uploads\/A0__A-legend\u00e1s-Hadik.jpg 1536w\" sizes=\"auto, (max-width: 225px) 100vw, 225px\" \/><\/a><p id=\"caption-attachment-818\" class=\"wp-caption-text\">A legend\u00e1s husz\u00e1r, Hadik Andr\u00e1s karrierj\u00e9t, mint korm\u00e1nybiztos fejezte be (ifjabb Vastagh Gy\u00f6rgy szobr\u00e1t 1937-ben avatt\u00e1k fel a r\u00e9gi budai V\u00e1rosh\u00e1za el\u0151tt)<\/p><\/div>\n<p>A sz\u00f3 keletkez\u00e9se vitatott, a legval\u00f3sz\u00edn\u0171bb elm\u00e9letek szerint a \u201ehusz\u201d (h\u00fasz) sz\u00f3b\u00f3l sz\u00e1rmazik, mivel M\u00e1ty\u00e1s kir\u00e1ly elrendelte, hogy h\u00fasz-h\u00fasz\u00a0jobb\u00e1gytelek\u00a0k\u00f6teles egy lovas katon\u00e1t a kir\u00e1ly szolg\u00e1lat\u00e1ra ki\u00e1ll\u00edtani.\u00a0M\u00e1ty\u00e1s kir\u00e1ly\u00a0egy\u00a01481-ben \u00edrt latin level\u00e9ben a fekete sereg\u00a0k\u00f6nny\u0171lovass\u00e1g\u00e1t\u00a0m\u00e1r husz\u00e1roknak nevezi.<\/p>\n<p>A 15. sz\u00e1zadt\u00f3l a husz\u00e1rok zsoldos katon\u00e1kk\u00e9nt t\u00f6r\u00f6k, n\u00e9met, olasz hadsz\u00edntereken jeleskedtek. A h\u00e1bor\u00fak befejezt\u00e9vel feloszlatt\u00e1k hadtesteiket, k\u00e9s\u0151bb sz\u00fcks\u00e9g szerint \u00fajraszervezt\u00e9k azokat. A 16-17. sz\u00e1zad legh\u00edresebb husz\u00e1r-alakulatai a P\u00e1lffy-, Forg\u00e1cs-, N\u00e1dasdy-husz\u00e1rok voltak. A husz\u00e1rok t\u00f6rt\u00e9nelm\u00e9nek \u00a0legkiemelked\u0151bb alakja Hadik Andr\u00e1s (1710-1790). 1732-t\u0151l felfel\u00e9 \u00edvel\u0151 p\u00e1lyafut\u00e1s\u00e1t mint t\u00e1bornagy \u00e9s korm\u00e1nybiztos fejezte be. \u00c9rdemes tudni r\u00f3la, hogy \u0151 kezdem\u00e9nyezte el\u0151sz\u00f6r a jobb\u00e1gyrendszer felsz\u00e1mol\u00e1s\u00e1t, tov\u00e1bb\u00e1 kegyelmet eszk\u00f6z\u00f6lt ki a Bukovin\u00e1ba menek\u00fclt sz\u00e9kelyeknek, akik h\u00e1l\u00e1b\u00f3l falvakat neveztek el r\u00f3la (Hadikfalva, Andr\u00e1sfalva).<\/p>\n<p>&nbsp;<\/p>\n<h2>Simonyi \u00f3berster, a \u201elegvit\u00e9zebb magyar husz\u00e1r\u201d<\/h2>\n<div id=\"attachment_816\" style=\"width: 238px\" class=\"wp-caption alignleft\"><a href=\"http:\/\/induljelegyuton.hu\/wp-content\/uploads\/742-1.jpg\"><img loading=\"lazy\" decoding=\"async\" aria-describedby=\"caption-attachment-816\" class=\"size-medium wp-image-816 \" alt=\"Simonyi J\u00f3zsef \u00f3berster a franci\u00e1k elleni csat\u00e1kban t\u0171nt ki brav\u00farjaival\" src=\"http:\/\/induljelegyuton.hu\/wp-content\/uploads\/742-1-228x300.jpg\" width=\"228\" height=\"300\" srcset=\"https:\/\/induljelegyuton.hu\/wp-content\/uploads\/742-1-228x300.jpg 228w, https:\/\/induljelegyuton.hu\/wp-content\/uploads\/742-1-114x150.jpg 114w, https:\/\/induljelegyuton.hu\/wp-content\/uploads\/742-1.jpg 237w\" sizes=\"auto, (max-width: 228px) 100vw, 228px\" \/><\/a><p id=\"caption-attachment-816\" class=\"wp-caption-text\">Simonyi J\u00f3zsef \u00f3berster a franci\u00e1k elleni csat\u00e1kban t\u0171nt ki brav\u00farjaival<\/p><\/div>\n<p>Simonyi J\u00f3zsef (1770-1832) 17 \u00e9vesen \u00e1llt katon\u00e1nak, \u00e9s egy \u00e9vre r\u00e1 meg is szerezte els\u0151 s\u00e9r\u00fcl\u00e9s\u00e9t: karddal v\u00e1gt\u00e1k meg az arc\u00e1t. A franci\u00e1k elleni h\u00e1bor\u00fakban gyorsan kit\u0171nt harci brav\u00farjaival: egyszer tizenhat husz\u00e1rj\u00e1val sz\u00e9tugrasztott egy hatvanf\u0151s \u0151rj\u00e1ratot, s szab\u00e1lyos p\u00e1rviadalban \u201elev\u00e1gta\u201d a parancsnokot. Kisz\u00e1m\u00edthatatlans\u00e1ga miatt rettegett t\u0151le az ellens\u00e9g.<\/p>\n<p>1796-ban, a Garda-t\u00f3n\u00e1l a t\u00fcz\u00e9rs\u00e9g 30 \u00e1gy\u00faj\u00e1t szerezte vissza szakasz\u00e1val, 1799-ben pedig a rajna-vid\u00e9ki csat\u00e1kban mentette meg k\u00e9t ezred \u00e1gy\u00fait \u00e9s l\u0151poros szekereit. R\u00e1termetts\u00e9g\u00e9t nem csorb\u00edtja, hogy \u201ediadalai\u201d t\u00f6bbnyire a visszavonul\u00e1st biztos\u00edtott\u00e1k. M\u00e1ria Ter\u00e9zia Renddel jutalmazt\u00e1k, 1804-ben pedig a b\u00e1r\u00f3i c\u00edmhez a Vit\u00e9zv\u00e1ry el\u0151nevet is megkapta.<\/p>\n<p>1799-ben, a franciaorsz\u00e1gi Laa-n\u00e1l az eg\u00e9sz cs\u00e1sz\u00e1ri sereg visszavonul\u00e1s\u00e1t biztos\u00edtotta \u00fagy, hogy ezred\u00e9vel a Thaya-foly\u00f3 felgy\u00fajtott h\u00eddja el\u0151tt az utols\u00f3 pillanatig feltart\u00f3ztatta az \u00fcld\u00f6z\u0151 franci\u00e1kat, s utols\u00f3k\u00e9nt v\u00e1gtatott \u00e1t ezrede ut\u00e1n a hidat elbor\u00edt\u00f3 l\u00e1ngokon. A lipcsei \u201en\u00e9pek csat\u00e1j\u00e1ban\u201d reg\u00e9nybe ill\u0151 m\u00f3don a puskagoly\u00f3 a sz\u00edve f\u00f6l\u00f6tt hordott t\u00e1rc\u00e1ban akadt meg.<\/p>\n<p>Sajnos b\u00e9keid\u0151ben nem tal\u00e1lta hely\u00e9t, \u00e9s ezred\u00e9t \u00e9rtelmetlen szigorral terroriz\u00e1lta. A sz\u00f6k\u00e9sekre stat\u00e1riummal v\u00e1laszolt, s t\u00falkap\u00e1sai miatt k\u00e9t \u00e9v v\u00e1rfogs\u00e1gra \u00edt\u00e9lt\u00e9k, s emellett megfosztott\u00e1k rangj\u00e1t\u00f3l \u00e9s kit\u00fcntet\u00e9seit\u0151l. Ez ut\u00f3bbi porig s\u00fajtotta az \u00f3bestert, aki 1832. augusztus 23-\u00e1n, fogolyk\u00e9nt hunyt el.<\/p>\n<p>&nbsp;<\/p>\n<h2>Nagy K\u00e1lm\u00e1n, az utols\u00f3 magyar husz\u00e1r<\/h2>\n<div id=\"attachment_810\" style=\"width: 310px\" class=\"wp-caption alignright\"><a href=\"http:\/\/induljelegyuton.hu\/wp-content\/uploads\/A2_Az-utols\u00f3-magyar-husz\u00e1r-1.jpg\"><img loading=\"lazy\" decoding=\"async\" aria-describedby=\"caption-attachment-810\" class=\"size-medium wp-image-810\" alt=\"Nagy K\u00e1lm\u00e1n, magyar kir\u00e1lyi husz\u00e1rkapit\u00e1ny, nyugalmazott husz\u00e1rezredes 2010. szeptember 21-\u00e9n hunyt el\" src=\"http:\/\/induljelegyuton.hu\/wp-content\/uploads\/A2_Az-utols\u00f3-magyar-husz\u00e1r-1-300x225.jpg\" width=\"300\" height=\"225\" srcset=\"https:\/\/induljelegyuton.hu\/wp-content\/uploads\/A2_Az-utols\u00f3-magyar-husz\u00e1r-1-300x225.jpg 300w, https:\/\/induljelegyuton.hu\/wp-content\/uploads\/A2_Az-utols\u00f3-magyar-husz\u00e1r-1-200x150.jpg 200w, https:\/\/induljelegyuton.hu\/wp-content\/uploads\/A2_Az-utols\u00f3-magyar-husz\u00e1r-1.jpg 800w\" sizes=\"auto, (max-width: 300px) 100vw, 300px\" \/><\/a><p id=\"caption-attachment-810\" class=\"wp-caption-text\">Nagy K\u00e1lm\u00e1n, magyar kir\u00e1lyi husz\u00e1rkapit\u00e1ny, nyugalmazott husz\u00e1rezredes 2010. szeptember 21-\u00e9n hunyt el<\/p><\/div>\n<p>2010. szeptember 21-\u00e9n hunyt el vit\u00e9z Nagy K\u00e1lm\u00e1n, magyar kir\u00e1lyi husz\u00e1rkapit\u00e1ny, nyugalmazott husz\u00e1rezredes, aki Eur\u00f3pa legid\u0151sebb husz\u00e1rtisztje volt. 1909-ben sz\u00fcletett Ny\u00edregyh\u00e1z\u00e1n, s m\u00e1r 14 \u00e9vesen eld\u00f6nt\u00f6tte, hogy husz\u00e1r lesz. A Magyar Kir\u00e1lyi Honv\u00e9d Ludovika Akad\u00e9mi\u00e1n v\u00e9gezte tanulm\u00e1nyait, \u00e9s 1931-ben avatt\u00e1k hadnaggy\u00e1. A m\u00e1sodik vil\u00e1gh\u00e1bor\u00faban h\u00e1romszor teljes\u00edtett frontszolg\u00e1latot.\u00a01941-ben az 1. Honv\u00e9d Lovasdand\u00e1r parancsnokak\u00e9nt alakulat\u00e1val 1600 kilom\u00e9tert nyomult el\u0151re \u2013 b\u00e1tor magatart\u00e1s\u00e1\u00e9rt Signum Laudis kit\u00fcntet\u00e9st kapott.\u00a01944-ben sz\u00e1zadosk\u00e9nt vett r\u00e9szt az orosz fronton az ut\u00f3v\u00e9dharcokban.<\/p>\n<p>Egy alkalommal husz\u00e1rsz\u00e1zad\u00e1t beker\u00edtett\u00e9k. Szorult helyzet\u00fckben k\u00e9zigr\u00e1n\u00e1tokkal leptek meg egy harckocsioszlopot \u00e9s v\u00e1gtatva t\u00f6rtek ki a tankok k\u00f6z\u00fcl. 1945-ben amerikai hadifogs\u00e1gba esett.\u00a01956 november 4.-\u00e9n \u0151 k\u00eds\u00e9rte a Parlamentb\u0151l a teljesen tan\u00e1cstalan Mindszenty b\u00edborost az amerikai nagyk\u00f6vets\u00e9gre. Ez\u00e9rt 1957-ben nyugd\u00edjazt\u00e1k, majd 1958 \u0151sz\u00e9n letart\u00f3ztatt\u00e1k. 8 \u00e9vet kapott.<\/p>\n<p>Nev\u00e9t dics\u00e9ri az \u00fajj\u00e1szervezett Hadt\u00f6rt\u00e9neti Int\u00e9zet \u00e9s a M\u00fazeum, tov\u00e1bb\u00e1 \u0151 volt S\u00e1rv\u00e1ri Husz\u00e1r M\u00fazeum alap\u00edt\u00f3ja.<\/p>\n<p>&nbsp;<\/p>\n<h2>Az utols\u00f3 katona az els\u0151 vil\u00e1gh\u00e1bor\u00fab\u00f3l\u2026<\/h2>\n<p>2009-ben halt meg az angol Henry Allingham, aki az utols\u00f3 \u00e9l\u0151 els\u0151 vil\u00e1gh\u00e1bor\u00fas veter\u00e1n volt, s r\u00e1ad\u00e1sul egy h\u00f3napig a vil\u00e1g legid\u0151sebb embere c\u00edmet birtokolta. A kir\u00e1lyi tenger\u00e9szetn\u00e9l, \u00e9s a l\u00e9gier\u0151n\u00e9l is szolg\u00e1lt. Harcolt m\u00e9g Ypern k\u00f6rny\u00e9k\u00e9n is, ahol a n\u00e9metek el\u0151sz\u00f6r vetettek be harci g\u00e1zt.<\/p>\n<p style=\"text-align: right;\">Hars\u00e1czki Gy\u00f6rgy &#8211; 2011<\/p>\n<p style=\"text-align: right;\"><em>2013 m\u00e1jus\u00e1ban Szlov\u00e1kia katonai k\u00fcld\u00f6tts\u00e9ge a magyar f\u00e9l \u00e9rtes\u00edt\u00e9se n\u00e9lk\u00fcl az \u00fajaradi temet\u0151b\u0151l (Rom\u00e1nia) exhum\u00e1ltatta Skult\u00e9ty L\u00e1szl\u00f3 maradv\u00e1nyait \u00e9s a pozsonyi Koron\u00e1z\u00f3 templomba sz\u00e1ll\u00edtott\u00e1k, hogy k\u00e9s\u0151bb &#8211; mint szlov\u00e1k h\u0151st &#8211; sz\u00fcl\u0151faluj\u00e1ban, a\u00a0szlov\u00e1kiai Hegyesmajt\u00e9nyban eltemess\u00e9k. Cikkek a &#8222;Kukkerben&#8221;&#8230;\u00a0\u00a0<\/em><\/p>\n","protected":false},"excerpt":{"rendered":"<p>I. Ferenc lassan v\u00e9gigs\u00e9t\u00e1l a feszes\u00a0vigy\u00e1zzban\u00a0\u00e1ll\u00f3, b\u00fcszke husz\u00e1rok el\u0151tt. A sor v\u00e9g\u00e9re \u00e9rve felt\u0171nik neki az ezred agg z\u00e1szl\u00f3tart\u00f3ja. Meg\u00e1ll el\u0151tte, s elgondolkodva megsz\u00f3lal: \u201eHusz\u00e1r! H\u00e1ny \u00e9ve szolg\u00e1l?\u201d A v\u00e9n z\u00e1szl\u00f3tart\u00f3 b\u00fcszk\u00e9n kih\u00fazza mag\u00e1t: \u201dHetven\u00f6t \u00e9ve, szolg\u00e1latj\u00e1ra Fels\u00e9g!\u201d A cs\u00e1sz\u00e1r meglep\u0151dik, s megk\u00e9rdi: \u201eNem akar pihenni m\u00e9g?\u201d\u00a0 &#8211; \u201eFels\u00e9g, \u00e9n \u2026 <a class=\"continue-reading-link\" href=\"https:\/\/induljelegyuton.hu\/?p=795\"> Continue reading <span class=\"meta-nav\">&rarr; <\/span><\/a><\/p>\n","protected":false},"author":1,"featured_media":0,"comment_status":"open","ping_status":"open","sticky":false,"template":"","format":"standard","meta":{"ngg_post_thumbnail":0,"footnotes":""},"categories":[55,23],"tags":[62,221,220,217,212,218,214,215,219,223,222,213,216],"class_list":["post-795","post","type-post","status-publish","format-standard","hentry","category-kulturmorzsak","category-tema_az_utcan","tag-62","tag-baksa-markus","tag-hadik","tag-hegyesmajteny","tag-huszar","tag-katona","tag-kornetas","tag-legidosebb","tag-napoleon","tag-oberster","tag-simonyi","tag-skultety-laszlo","tag-ujarad"],"_links":{"self":[{"href":"https:\/\/induljelegyuton.hu\/index.php?rest_route=\/wp\/v2\/posts\/795","targetHints":{"allow":["GET"]}}],"collection":[{"href":"https:\/\/induljelegyuton.hu\/index.php?rest_route=\/wp\/v2\/posts"}],"about":[{"href":"https:\/\/induljelegyuton.hu\/index.php?rest_route=\/wp\/v2\/types\/post"}],"author":[{"embeddable":true,"href":"https:\/\/induljelegyuton.hu\/index.php?rest_route=\/wp\/v2\/users\/1"}],"replies":[{"embeddable":true,"href":"https:\/\/induljelegyuton.hu\/index.php?rest_route=%2Fwp%2Fv2%2Fcomments&post=795"}],"version-history":[{"count":39,"href":"https:\/\/induljelegyuton.hu\/index.php?rest_route=\/wp\/v2\/posts\/795\/revisions"}],"predecessor-version":[{"id":797,"href":"https:\/\/induljelegyuton.hu\/index.php?rest_route=\/wp\/v2\/posts\/795\/revisions\/797"}],"wp:attachment":[{"href":"https:\/\/induljelegyuton.hu\/index.php?rest_route=%2Fwp%2Fv2%2Fmedia&parent=795"}],"wp:term":[{"taxonomy":"category","embeddable":true,"href":"https:\/\/induljelegyuton.hu\/index.php?rest_route=%2Fwp%2Fv2%2Fcategories&post=795"},{"taxonomy":"post_tag","embeddable":true,"href":"https:\/\/induljelegyuton.hu\/index.php?rest_route=%2Fwp%2Fv2%2Ftags&post=795"}],"curies":[{"name":"wp","href":"https:\/\/api.w.org\/{rel}","templated":true}]}}