{"id":643,"date":"2013-10-22T20:32:00","date_gmt":"2013-10-22T18:32:00","guid":{"rendered":"http:\/\/induljelegyuton.hu\/?p=643"},"modified":"2013-10-23T00:53:24","modified_gmt":"2013-10-22T22:53:24","slug":"elherdalt-kastelyok-terhes-oroksegunk","status":"publish","type":"post","link":"https:\/\/induljelegyuton.hu\/?p=643","title":{"rendered":"Elherd\u00e1lt kast\u00e9lyok \u2013 terhes \u00f6r\u00f6ks\u00e9g\u00fcnk\u2026"},"content":{"rendered":"<p><strong>Pusztul\u00f3 felvid\u00e9ki kast\u00e9lyok a hat\u00e1r k\u00f6zel\u00e9ben<\/strong><\/p>\n<p>&nbsp;<\/p>\n<p>K\u00fcl\u00f6n\u00f6s atmoszf\u00e9ra lengi k\u00f6r\u00fcl a kast\u00e9lyokat n\u00e1lunk, Magyarorsz\u00e1gon. Az arisztokr\u00e1cia, a nemess\u00e9g lakhelyeihez \u00e1ltal\u00e1ban k\u00e9t dolgot t\u00e1rs\u00edtunk, de mindkett\u0151 rossz kicseng\u00e9s\u0171 nek\u00fcnk, magyar turist\u00e1knak, kisembereknek. Egyfel\u0151l vannak a pusztul\u00f3, lassan t\u00f6nkremen\u0151, otromba m\u00f3don megcsonk\u00edtott, kihaszn\u00e1latlan, egykor pazar vil\u00e1gi \u00e9p\u00fcletek, amelyeket mai tulajdonosuk p\u00e9nz hi\u00e1ny\u00e1ban nem tud, vagy nem is akar fel\u00faj\u00edtani. M\u00e9g szerencs\u00e9snek mondhat\u00f3k azok, amelyeknek valamilyen funkci\u00f3t tal\u00e1ltak (elmegy\u00f3gyint\u00e9zet, \u00f6regek otthona, gyermekotthon). M\u00e1sfel\u0151l pedig vannak a \u201emegk\u00f6zel\u00edthetetlenek\u201d, amelyek hotelk\u00e9nt, rezidenciak\u00e9nt kaptak \u00faj f\u00e9nyt, tulajdonosaik mag\u00e1nc\u00e9gek, gyakran k\u00fclf\u00f6ldi \u00e1llampolg\u00e1rok, \u201enagykuty\u00e1k\u201d, s \u00edgy mag\u00e1nkast\u00e9lyaik nem l\u00e1togathat\u00f3k.<\/p>\n<p>Amikor 1945-ben, \u00e9s a r\u00e1k\u00f6vetkez\u0151 \u00e9vekben elkergett\u00e9k tulajdonosaikat, elmenek\u00fcltek lak\u00f3i, s r\u00e1nk hozt\u00e1k a szocializmust, ezek az \u00e1llam\u00e9 \u2013 mindenki\u00e9, illetve senki\u00e9 &#8211; lettek. B\u00e1nt, hogy a mag\u00e1nk\u00e9zbe ker\u00fclt \u00e9p\u00fcleteket m\u00e1r meg sem l\u00e1togathatom, r\u00e1ad\u00e1sul \u2013 sok esetben \u2013 m\u00e1r nem is a haz\u00e1m tulajdona(?!)\u2026 Nem tudom, hogy annak \u00f6r\u00fcljek-e, ha egy lepusztult \u2013 \u00e1m l\u00e1togathat\u00f3 \u2013 kast\u00e9llyal tal\u00e1lkozom, vagy olyannal, amely r\u00e9gi f\u00e9ny\u00e9ben t\u00fcnd\u00f6k\u00f6l, de \u201e\u00e9rinthetetlen\u201d.<\/p>\n<div id=\"attachment_655\" style=\"width: 210px\" class=\"wp-caption alignright\"><a href=\"http:\/\/induljelegyuton.hu\/wp-content\/uploads\/reszlet.jpg\"><img loading=\"lazy\" decoding=\"async\" aria-describedby=\"caption-attachment-655\" class=\"size-medium wp-image-655\" alt=\"A fels\u0151szemer\u00e9di Wilczek-kast\u00e9ly homlokzat\u00e1nak r\u00e9szlete (Fot\u00f3: Hars\u00e1czki Gy\u00f6rgy, 2012, \u0151sz)\" src=\"http:\/\/induljelegyuton.hu\/wp-content\/uploads\/reszlet-200x300.jpg\" width=\"200\" height=\"300\" srcset=\"https:\/\/induljelegyuton.hu\/wp-content\/uploads\/reszlet-200x300.jpg 200w, https:\/\/induljelegyuton.hu\/wp-content\/uploads\/reszlet-100x150.jpg 100w, https:\/\/induljelegyuton.hu\/wp-content\/uploads\/reszlet.jpg 568w\" sizes=\"auto, (max-width: 200px) 100vw, 200px\" \/><\/a><p id=\"caption-attachment-655\" class=\"wp-caption-text\">A fels\u0151szemer\u00e9di Wilczek-kast\u00e9ly homlokzat\u00e1nak r\u00e9szlete (Fot\u00f3: Hars\u00e1czki Gy\u00f6rgy, 2012, \u0151sz)<\/p><\/div>\n<p>A volt szocialista orsz\u00e1gok \u00fari lakjaival hasonl\u00f3k\u00e9ppen b\u00e1ntak el a \u201efelszabad\u00edt\u00f3\u201d szovjetek \u00e9s csatl\u00f3saik, de a d\u00fal\u00e1sb\u00f3l a lakoss\u00e1g \u201esz\u0171k l\u00e1t\u00f3k\u00f6r\u0171\u201d tagjai is kivett\u00e9k a r\u00e9sz\u00fcket. Sajnos, n\u00e1lunk az emberek egy r\u00e9sze gyakran m\u00e9g a v\u00f6r\u00f6s\u00f6k el\u0151tt kifosztotta a kast\u00e9lyokat, de voltak rabl\u00e1sok \u00e9s gy\u00fajtogat\u00e1sok is. Ahhoz pedig kifejezetten gonoszs\u00e1g \u00e9s vak gy\u0171l\u00f6let kellett, hogy a megsz\u00e1ll\u00f3k \u00e9s magyar bar\u00e1taik rendszeresen el\u00e9gess\u00e9k a k\u00f6nyvt\u00e1rak teljes \u00e1llom\u00e1ny\u00e1t, t\u00f6nkretegy\u00e9k, hamuv\u00e1 porlassz\u00e1k a berendez\u00e9st, \u00e9s g\u00e9p\u00e1llom\u00e1snak, term\u00e9nyrakt\u00e1rnak, ist\u00e1ll\u00f3nak, tsz-irod\u00e1nak, lomt\u00e1rnak haszn\u00e1lj\u00e1k a sz\u00e9td\u00falt kast\u00e9lyokat. Nemes prolet\u00e1rbossz\u00fa az uras\u00e1gokon, pusztuljon, ami burzsuj..!<\/p>\n<p>A mes\u00e9kben \u2013 net\u00e1n a r\u00e9gi sz\u00e9p id\u0151kben? \u2013 mindenki szeretett volna kast\u00e9lyban \u00e9lni. Viszont most a legt\u00f6bben (pl. az \u00f6nkorm\u00e1nyzatok) szabaduln\u00e1nak t\u0151l\u00fck, mivel csak gondot okoznak, \u00e1m sajn\u00e1lj\u00e1k pusztulni hagyni. Magyarorsz\u00e1g lak\u00f3it az 1980-as \u00e9vek \u00f3ta a sz\u0171k\u00f6s \u00e9vek ut\u00e1n az \u201eelj\u00f6vend\u0151 j\u00f3l\u00e9ttel\u201d etetik. M\u00e9g most sem j\u00f6tt el, de m\u00e1r alig lehet rosszabb! Kast\u00e9lyainkra, v\u00e1rainkra mikor juthat p\u00e9nz, ha a lakoss\u00e1g egyre nagyobb r\u00e9sz\u00e9nek lassan keny\u00e9rre is alig telik?! Sajnos, az is szembesz\u00f6k\u0151, hogy \u201ekultur\u00e1lis\u201d \u00e9s \u201efejleszt\u00e9s\u201d fed\u0151szavakkal milyen ostobas\u00e1gokra sz\u00f3rj\u00e1k el a p\u00e9nzt (bakonyb\u00e9li Pannon Csillagda, az oroszok metr\u00f3ja helyett Alstom, kaka\u00f3biztos sz\u00e1m\u00edt\u00f3g\u00e9p)!<\/p>\n<p>\u00c9s m\u00e9g egy gondolat: mivel minden telep\u00fcl\u00e9sen \u00e9ltek m\u00f3dos szem\u00e9lyek, urak, gr\u00f3fok \u2013 szinte mindenhol voltak \u00e1llamos\u00edtott kast\u00e9lyok, k\u00fari\u00e1k. A rendszerv\u00e1lt\u00e1skor az \u00f6nkorm\u00e1nyzatoknak \u201e\u00e1tadott\u201d \u00fari lakok fel\u00faj\u00edt\u00e1s\u00e1ra az egyre apad\u00f3 k\u00f6lts\u00e9gvet\u00e9sekb\u0151l alig-alig jutott p\u00e9nz. Egy erre a c\u00e9lra elk\u00fcl\u00f6n\u00edtett keret l\u00e9trehoz\u00e1sa t\u00f6bb es\u00e9lyt adott volna megmaradt \u00e9p\u00edt\u00e9szeti hagyat\u00e9kunk meg\u0151rz\u00e9s\u00e9nek. De miket besz\u00e9lek! Mint kor\u00e1bban Seb\u0151k Tibort\u00f3l, a Malomipari M\u00fazeum vezet\u0151j\u00e9t\u0151l megtudtam, hogy haz\u00e1nk v\u00edzimalom-\u00e1llom\u00e1ny\u00e1ban nagyobb k\u00e1rt okozott a rendszerv\u00e1lt\u00e1s, mint a m\u00e1sodik vil\u00e1gh\u00e1bor\u00fa &#8211; \u00edgy logikus, hogy nem lehet m\u00e1sk\u00e9pp ebben az esetben sem. Egyre t\u00f6bb, az ut\u00f3bbi h\u00fasz \u00e9vben romm\u00e1 lett \u00e9p\u00fclettel hozott \u00f6ssze a \u201eszerencse\u201d\u2026<\/p>\n<p>Ennek \u201e\u00f6r\u00f6m\u00e9re\u201d l\u00e1togassanak el velem a Felvid\u00e9k n\u00e9h\u00e1ny hat\u00e1r k\u00f6zeli magyar telep\u00fcl\u00e9s\u00e9hez, ahol a felv\u00e1zolt \u00e1ltal\u00e1nos jelens\u00e9gek \u201e\u00e1ldozatait\u201d l\u00e1thatjuk. Szembe n\u00e9z vel\u00fcnk a m\u00faltunk, amit a n\u00e9p (m\u00e9g csak nem is magyar) vezet\u0151i hagytak megsemmis\u00fclni, s a nagy nev\u0171 arisztokrata-csal\u00e1doknak \u2013 akik ott laktak &#8211; ma m\u00e1r a nev\u00e9t sem ismerj\u00fck.<\/p>\n<p><strong>ngg_shortcode_0_placeholder<\/strong><\/p>\n<p><strong>Gesztete \u2013 Eddig b\u00edrta az \u00f6r\u00f6ks\u00e9g\u2026<\/strong><\/p>\n<p>Egy 2008-as ker\u00e9kp\u00e1rt\u00fara sor\u00e1n ker\u00fclt\u00fcnk g\u00f6rbe Pal\u00f3corsz\u00e1g \u00fatjain Gesztet\u00e9re (Hostice). M\u00e9g az els\u0151 h\u00e1zakig sem \u00e9rt\u00fcnk, amikor egy szomor\u00fa \u201el\u00e1tv\u00e1nyoss\u00e1g\u201d let\u00e9r\u00edtett az \u00fatr\u00f3l: egy hal\u00e1lra \u00edt\u00e9lt romantikus st\u00edlus\u00fa kast\u00e9ly. Az eredetileg a V\u00e9csey csal\u00e1d \u00e9p\u00edttette f\u00f6ldszintes kis Putnoky-kast\u00e9ly teteje nem is olyan r\u00e9gen roskadhatott be, mert a falak teljes magass\u00e1gukban \u00e1lltak, \u00e9s a l\u00e9ceken m\u00e9g b\u0151ven volt cser\u00e9p. A mestergerenda alatti padl\u00e1s-szinten v\u00edgan n\u0151tt a gaz, alig volt vakolat, ny\u00edl\u00e1sz\u00e1r\u00f3k nem voltak. A gyors pusztul\u00e1st, \u00e9s a v\u00e1rhat\u00f3 v\u00e9gkifejletet a kast\u00e9ly szomsz\u00e9ds\u00e1g\u00e1ban \u2013 imm\u00e1r \u00faj h\u00e1zakban &#8211; lak\u00f3k tett\u00e9k vil\u00e1goss\u00e1. Az \u00e9p\u00fclet m\u00f6g\u00f6tti dombon a park marad\u00e9ka l\u00e1that\u00f3.<\/p>\n<div id=\"attachment_650\" style=\"width: 310px\" class=\"wp-caption alignright\"><a href=\"http:\/\/induljelegyuton.hu\/wp-content\/uploads\/DSC_7611kis.jpg\"><img loading=\"lazy\" decoding=\"async\" aria-describedby=\"caption-attachment-650\" class=\"size-medium wp-image-650\" alt=\"Gesztete Putnoky-kast\u00e9ly\u00e1nak marad\u00e9ka 2008-ban. Ma m\u00e1r se h\u00edre, se hamva a tet\u0151nek...\" src=\"http:\/\/induljelegyuton.hu\/wp-content\/uploads\/DSC_7611kis-300x201.jpg\" width=\"300\" height=\"201\" srcset=\"https:\/\/induljelegyuton.hu\/wp-content\/uploads\/DSC_7611kis-300x201.jpg 300w, https:\/\/induljelegyuton.hu\/wp-content\/uploads\/DSC_7611kis-223x150.jpg 223w, https:\/\/induljelegyuton.hu\/wp-content\/uploads\/DSC_7611kis.jpg 850w\" sizes=\"auto, (max-width: 300px) 100vw, 300px\" \/><\/a><p id=\"caption-attachment-650\" class=\"wp-caption-text\">Gesztete Putnoky-kast\u00e9ly\u00e1nak marad\u00e9ka 2008-ban. Ma m\u00e1r se h\u00edre, se hamva a tet\u0151nek&#8230;<\/p><\/div>\n<p>Egy, a kast\u00e9lyt is \u00e9rint\u0151 cikkem megjelen\u00e9se ut\u00e1n e-mailt kaptam egy ismer\u0151s\u00f6mt\u0151l. Asztalos Sarolta meglep\u0151dve pillantotta meg a Magyar Turista lapban \u201e\u00f6r\u00f6ks\u00e9g\u00e9t\u201d: ugyanis a kast\u00e9ly \u00farn\u0151je, Putnoky M\u00f3ricz feles\u00e9ge (sz\u00fcl. K\u00e1rolyi Sarolta) az \u0151 nagymam\u00e1j\u00e1nak volt a nagyn\u00e9nje. Mivel a Putnoky h\u00e1zasp\u00e1rnak nem sz\u00fcletett gyermeke, a kast\u00e9lyt ismer\u0151s\u00f6m \u00e9desanyj\u00e1ra k\u00e9sz\u00fcltek hagyni. De j\u00f6tt a m\u00e1sodik vil\u00e1gh\u00e1bor\u00fa, a V\u00f6r\u00f6s hadsereg, s ekkor haltak meg Putnoky\u00e9k\u2026 Elt\u0171nt a v\u00e9grendelet is. A kast\u00e9lyt \u2013 val\u00f3sz\u00edn\u0171leg \u2013 kifosztott\u00e1k, lehetett az\u00f3ta hadik\u00f3rh\u00e1z, ist\u00e1ll\u00f3, iskola, sz\u00fcks\u00e9glak\u00e1s, majd pedig az utols\u00f3 \u00e9vtizedekben a &#8222;h\u00e1tr\u00e1nyos helyzet\u0171ek&#8221; lakhelye.<\/p>\n<p>\u00cdgy l\u00e1tt\u00e1k m\u00e1r bar\u00e1taim is h\u00fasz \u00e9vvel ezel\u0151tt. 6-8 \u00e9ve pedig \u00e1ll\u00edt\u00f3lag sv\u00e1jciak akart\u00e1k \u00fajj\u00e1\u00e9p\u00edteni a kast\u00e9lyt. Tavaly el\u0151tt, 2011-ben pedig m\u00e1r \u00edgy tal\u00e1lt\u00e1k az \u0151si csal\u00e1di f\u00e9szket\u2026<\/p>\n<p><strong>ngg_shortcode_1_placeholder<\/strong><\/p>\n<p><strong>Serke \u2013 Egy k\u00fcl\u00f6n\u00f6s nagyasszony lakhelye<\/strong><\/p>\n<p>Nem messze B\u00e1nr\u00e9v\u00e9t\u0151l tal\u00e1lhat\u00f3 Serke (Sirkovce), ahov\u00e1 mit sem sejtve kerekezt\u00fcnk be 2009-ben Feled fel\u0151l. Meg\u00e1lltunk a sz\u00e9p, g\u00f3tikus alapokon nyugv\u00f3 templom ker\u00edt\u0151fal\u00e1nak kapuj\u00e1n\u00e1l t\u00e1j\u00e9koz\u00f3dni. Az inform\u00e1ci\u00f3s t\u00e1bla m\u00f6g\u00f6tt egy romos \u00e9p\u00fclet vonta mag\u00e1ra a figyelmem. Izgatottan besiettem egy viharvert vaskapun: \u00edgy tal\u00e1ltam r\u00e1 a G\u00f6m\u00f6ry-Mar\u00f3thy-kast\u00e9ly romjaira, mely impoz\u00e1ns ebben a szomor\u00fa \u00e1llapot\u00e1ban is! \u201e\u0150\u201d is nemr\u00e9g maradhatott fed\u00e9l n\u00e9lk\u00fcl, mert falai n\u00e9h\u00e1ny r\u00e9sz kiv\u00e9tel\u00e9vel tet\u0151szintig \u00e1lltak. K\u00e9m\u00e9nyei a tet\u0151 magass\u00e1g\u00e1nak tan\u00faik\u00e9nt meredtek\u2026 A kast\u00e9ly az 1970-es \u00e9vekben m\u00e9g eredeti b\u00fatorokkal volt berendezve, majd p\u00e1r \u00e9v alatt jutott id\u00e1ig\u2026 A m\u00falt egy \u00e9rt\u00e9kes \u00e9p\u00fclet\u00e9nek pusztul\u00e1s\u00e1t kihangs\u00falyozz\u00e1k az ablakok, az ajt\u00f3k, a torn\u00e1c \u00edvei, boltozatai \u00e9s a legt\u00f6bb helyen m\u00e9g megl\u00e9v\u0151 vakolat &#8211; \u201esz\u00e9p \u00faj vil\u00e1gunkban\u201d\u2026<\/p>\n<div id=\"attachment_652\" style=\"width: 310px\" class=\"wp-caption alignleft\"><a href=\"http:\/\/induljelegyuton.hu\/wp-content\/uploads\/DSC_9464kis.jpg\"><img loading=\"lazy\" decoding=\"async\" aria-describedby=\"caption-attachment-652\" class=\"size-medium wp-image-652\" alt=\"Serke kast\u00e9ly\u00e1nak r\u00e9szlete 2009-ben. Az \u00f6nkorm\u00e1nyzat t\u00f6bb \u00e9ve p\u00e1ly\u00e1zik a helyre\u00e1ll\u00edt\u00e1s k\u00f6lts\u00e9geire. 2013-ban megkapt\u00e1k a sz\u00fcks\u00e9ges \u00f6sszeg egy\u00f6t\u00f6d\u00e9t...\" src=\"http:\/\/induljelegyuton.hu\/wp-content\/uploads\/DSC_9464kis-300x200.jpg\" width=\"300\" height=\"200\" srcset=\"https:\/\/induljelegyuton.hu\/wp-content\/uploads\/DSC_9464kis-300x200.jpg 300w, https:\/\/induljelegyuton.hu\/wp-content\/uploads\/DSC_9464kis-224x150.jpg 224w, https:\/\/induljelegyuton.hu\/wp-content\/uploads\/DSC_9464kis.jpg 850w\" sizes=\"auto, (max-width: 300px) 100vw, 300px\" \/><\/a><p id=\"caption-attachment-652\" class=\"wp-caption-text\">Serke kast\u00e9ly\u00e1nak r\u00e9szlete 2009-ben. Az \u00f6nkorm\u00e1nyzat t\u00f6bb \u00e9ve p\u00e1ly\u00e1zik a helyre\u00e1ll\u00edt\u00e1s k\u00f6lts\u00e9geire. 2013-ban megkapt\u00e1k a sz\u00fcks\u00e9ges \u00f6sszeg egy\u00f6t\u00f6d\u00e9t&#8230;<\/p><\/div>\n<p>A kast\u00e9ly eredetileg a 18. sz\u00e1zadban \u00e9p\u00fclhetett az egykori Kapla-v\u00e1r k\u00f6veib\u0151l, majd folyamatosan b\u0151v\u00edtett\u00e9k, \u00faj\u00edtott\u00e1k. A II. vil\u00e1gh\u00e1bor\u00fa ut\u00e1n elkobozt\u00e1k a G\u00f6m\u00f6ry-csal\u00e1dt\u00f3l. A kast\u00e9ly egyik elk\u00fcl\u00f6n\u00edtett szob\u00e1j\u00e1ban \u00e9lhette utols\u00f3 \u00e9veit Mar\u00f3thy Margit, a gr\u00f3fn\u00e9. K\u00f6r\u00fcl\u00f6tte l\u00e1tv\u00e1nyos angol park van, ami v\u00e9detts\u00e9get \u00e9lvez. Az \u00e9p\u00fclet viszont nem! Az utols\u00f3 el\u0151tti \u00f3r\u00e1ban \u2013 t\u00edz \u00e9ve m\u00e1r \u2013 a kast\u00e9ly fel\u00faj\u00edt\u00e1s\u00e1n \u00e9s hasznos\u00edt\u00e1s\u00e1n igyekv\u0151 telep\u00fcl\u00e9snek ez egyszer j\u00f3, m\u00e1skor nem. A tervdokument\u00e1ci\u00f3s p\u00e1ly\u00e1zat beny\u00fajt\u00e1sakor \u201enem volt \u00e9rdekes\u201d, hogy nem v\u00e9dett az \u00e9p\u00fclet, de 2010-ben, a konkr\u00e9t fel\u00faj\u00edt\u00e1si p\u00e1ly\u00e1zatn\u00e1l gond lett, hogy nem az!<\/p>\n<p>A kis t\u00e1bl\u00e1val jelzett Kapla-v\u00e1rat keresve kikerekezt\u00fcnk a temet\u0151h\u00f6z, ahol egy id\u0151s h\u00f6lgyre akadtunk. \u0150 mes\u00e9lt nek\u00fcnk a kast\u00e9ly utols\u00f3, k\u00fcl\u00f6n\u00f6s \u201enagyasszony\u00e1r\u00f3l\u201d, Mar\u00f3thy Margitr\u00f3l, aki a Magyar Nemzeti Sz\u00ednh\u00e1z \u00fcnnepelt sz\u00edn\u00e9szn\u0151je volt. P\u00e1ly\u00e1ja elej\u00e9n maga Paulay Ede vette p\u00e1rtfog\u00e1s\u00e1ba, amikor a fiatal tehets\u00e9g \u00e1rv\u00e1n maradt. A sz\u00ednj\u00e1tsz\u00e1s alatt eg\u00e9szs\u00e9ge meggyeng\u00fclt, majd 1893-t\u00f3l beutazta a f\u00e9l vil\u00e1got, s k\u00f6zben a teoz\u00f3fia lelkes h\u00edve lett. Harmadik f\u00e9rje G\u00f6m\u00f6ry Oliv\u00e9r f\u00f6ldbirtokos volt \u2013 \u00edgy ker\u00fclt Serk\u00e9re. 1920-ban harmadszorra is meg\u00f6zvegy\u00fclt, de birtokait j\u00f3l kezelte, mik\u00f6zben hindu szent k\u00f6nyveket ford\u00edtott magyarra. M\u00e9g azt is h\u00edresztelt\u00e9k r\u00f3la, hogy k\u00edgy\u00f3kkal besz\u00e9lgetett. Az viszont hiteles esem\u00e9ny, hogy hat\u00e1rozott fell\u00e9p\u00e9ssel felel\u0151ss\u00e9gre vonta a kast\u00e9lyt d\u00fal\u00f3 szovjet katon\u00e1k tisztj\u00e9t, mivel azok \u2013 mint m\u00e1shol is \u2013 a k\u00f6nyveket kezdt\u00e9k rong\u00e1lni. A tiszt szerencs\u00e9re tudott franci\u00e1ul \u00e9s a puszt\u00edt\u00e1st le\u00e1ll\u00edtotta \u00e9s elvonul\u00e1sukig fegyveres \u0151rs\u00e9g vigy\u00e1zta a kast\u00e9lyt.<\/p>\n<div id=\"attachment_651\" style=\"width: 310px\" class=\"wp-caption alignright\"><a href=\"http:\/\/induljelegyuton.hu\/wp-content\/uploads\/DSC_9463kis.jpg\"><img loading=\"lazy\" decoding=\"async\" aria-describedby=\"caption-attachment-651\" class=\"size-medium wp-image-651\" alt=\"A G\u00f6m\u00f6ry-Mar\u00f3thy-kast\u00e9ly 2009-ben. A 70-es \u00e9vekben a haj\u00f3test alak\u00fa tet\u0151zet beroskadt, majd elt\u0171nt... \" src=\"http:\/\/induljelegyuton.hu\/wp-content\/uploads\/DSC_9463kis-300x200.jpg\" width=\"300\" height=\"200\" srcset=\"https:\/\/induljelegyuton.hu\/wp-content\/uploads\/DSC_9463kis-300x200.jpg 300w, https:\/\/induljelegyuton.hu\/wp-content\/uploads\/DSC_9463kis-224x150.jpg 224w, https:\/\/induljelegyuton.hu\/wp-content\/uploads\/DSC_9463kis.jpg 850w\" sizes=\"auto, (max-width: 300px) 100vw, 300px\" \/><\/a><p id=\"caption-attachment-651\" class=\"wp-caption-text\">A G\u00f6m\u00f6ry-Mar\u00f3thy-kast\u00e9ly 2009-ben. A 70-es \u00e9vekben a haj\u00f3test alak\u00fa tet\u0151zet beroskadt, majd elt\u0171nt&#8230;<\/p><\/div>\n<p>A gr\u00f3fn\u0151t a h\u00e1bor\u00fa ut\u00e1n kisemmizte a szlov\u00e1k \u00e1llam: elvett\u00e9k vagyon\u00e1t, \u00e1llamos\u00edtott\u00e1k f\u00f6ldjeit. Nem \u00e9lt a lakoss\u00e1gcsere \u201elehet\u0151s\u00e9g\u00e9vel\u201d sem: \u0150 m\u00e1r Serk\u00e9n fog meghalni. &#8211; mondta. Nyelv\u00f3r\u00e1kat adott \u00e9s k\u00fclf\u00f6ld\u00f6n \u00e9l\u0151 rokonait\u00f3l kapott k\u00fcldem\u00e9nyekb\u0151l tartotta fenn mag\u00e1t. A faluban szerett\u00e9k, a M\u00e9lt\u00f3nak (M\u00e9lt\u00f3s\u00e1gos) nevezt\u00e9k, a l\u00e1nyok h\u00edmezni tanulni j\u00e1rtak hozz\u00e1 \u2013 lopva. 1955-ban 83 \u00e9vesen hunyt el, s\u00edrj\u00e1t egyszer\u0171 fa fejfa jelzi.<\/p>\n<p><strong>ngg_shortcode_2_placeholder<\/strong><\/p>\n<p><strong>Fels\u0151szemer\u00e9d \u2013 kast\u00e9lyrom f\u00e1t\u00f3l-f\u00e1ig<\/strong><\/p>\n<p>Az Alacsony-T\u00e1tr\u00e1b\u00f3l hajtottunk hazafel\u00e9, amikor eszembe jutott, hogy m\u00e9g kifel\u00e9 menet Gy\u0171gy (Dudince) \u00e9s Ipolys\u00e1g (Sahy) k\u00f6z\u00f6tt az egyik telep\u00fcl\u00e9s \u0151sparkra eml\u00e9keztet\u0151 f\u00e1i k\u00f6z\u00f6tt egy kast\u00e9lyt l\u00e1ttam felvillanni. A szomsz\u00e9dos telep\u00fcl\u00e9seken is akadnak kast\u00e9lyok, de szerencs\u00e9re ezek idej\u00e9ben a figyelem k\u00f6zpontj\u00e1ba ker\u00fcltek, \u00e9s \u201et\u0171rhet\u0151\u201d \u00e1llapotban emelik a falvak f\u00e9ny\u00e9t. Nem \u00edgy a kiszemelt \u00fari lak.<\/p>\n<div id=\"attachment_653\" style=\"width: 310px\" class=\"wp-caption alignright\"><a href=\"http:\/\/induljelegyuton.hu\/wp-content\/uploads\/DSC_0086kis.jpg\"><img loading=\"lazy\" decoding=\"async\" aria-describedby=\"caption-attachment-653\" class=\"size-medium wp-image-653\" alt=\"Hatalmas kast\u00e9lypark f\u00e1i m\u00f6g\u00f6tt roskadozik gr\u00f3f Stainlein Ott\u00f3 egykori kast\u00e9lya Fels\u0151szemer\u00e9den\" src=\"http:\/\/induljelegyuton.hu\/wp-content\/uploads\/DSC_0086kis-300x200.jpg\" width=\"300\" height=\"200\" srcset=\"https:\/\/induljelegyuton.hu\/wp-content\/uploads\/DSC_0086kis-300x200.jpg 300w, https:\/\/induljelegyuton.hu\/wp-content\/uploads\/DSC_0086kis-224x150.jpg 224w, https:\/\/induljelegyuton.hu\/wp-content\/uploads\/DSC_0086kis.jpg 850w\" sizes=\"auto, (max-width: 300px) 100vw, 300px\" \/><\/a><p id=\"caption-attachment-653\" class=\"wp-caption-text\">Hatalmas kast\u00e9lypark f\u00e1i m\u00f6g\u00f6tt roskadozik gr\u00f3f Stainlein Ott\u00f3 egykori kast\u00e9lya Fels\u0151szemer\u00e9den<\/p><\/div>\n<p>\u00c9szak fel\u0151l Fels\u0151szemer\u00e9dhez (Horn\u00e9 Semerovce) k\u00f6zel\u00edtve m\u00e1r felt\u0171nt az \u201e\u0151spark\u201d. A sark\u00e1n, egy kis, mesters\u00e9gesnek t\u0171n\u0151 dombocsk\u00e1n l\u00e1that\u00f3 romokat egy angolpark egykori \u00e9p\u00edtm\u00e9ny\u00e9nek v\u00e9ltem. Ott \u00e1lltunk meg, ahol a f\u00e1k k\u00f6z\u00f6tt bel\u00e1tni a 150-200 m\u00e9terrel bentebb \u00e1ll\u00f3 falakig.<\/p>\n<p>Nem nehez\u00edtette ker\u00edt\u00e9s a bejut\u00e1st, akad\u00e1lytalanul k\u00f6zel\u00edtettem a kast\u00e9lyhoz, ami egyre szomor\u00fabb k\u00e9pet mutatott. A tet\u0151 n\u00e9lk\u00fcl pusztul\u00f3 barokk, vagy klasszicista st\u00edlus\u00fa \u00e9p\u00fclet tekint\u00e9lyes \u2013 a lovasber\u00e9nyivel veteked\u0151 \u2013 sz\u00e9less\u00e9gben roskadozott a park m\u00e9ly\u00e9n. A homlokzat k\u00f6zep\u00e9n el\u0151reugr\u00f3 \u00edves el\u0151csarnok \u2013 amely erk\u00e9lyt tarthatott valaha &#8211; k\u00e9t oldal\u00e1n 6-6 ablak sorakozott, b\u00e1r, mintha hi\u00e1nyzott volna onnan egy timpanon&#8230; A homlokzat m\u00e9g v\u00e9gig \u00e1llt, \u00e1m az ablakokon m\u00e1r kisebb f\u00e1k, bokrok n\u0151ttek ki &#8211; a rom f\u00f6l\u00e9 egy vaskos k\u00f6zponti k\u00e9m\u00e9ny emelkedett. A kast\u00e9ly el\u0151tti gesztenyefa-csoport a rendezett park marad\u00e9ka lehet.<\/p>\n<div id=\"attachment_664\" style=\"width: 310px\" class=\"wp-caption alignleft\"><a href=\"http:\/\/induljelegyuton.hu\/wp-content\/uploads\/DSC_0093kis.jpg\"><img loading=\"lazy\" decoding=\"async\" aria-describedby=\"caption-attachment-664\" class=\"size-medium wp-image-664\" alt=\"Val\u00f3sz\u00edn\u0171leg kifosztott\u00e1k, tsz-iroda, vagy szoci\u00e1lis int\u00e9zet k\u00f6lt\u00f6z\u00f6tt falai k\u00f6z\u00e9, \u00e9s harminc \u00e9vvel ezel\u0151tt beomlott a tet\u0151... Egykor Sz\u00e9chenyi Istv\u00e1n \u00e9s Erkel Ferenc is megfordult itt.\" src=\"http:\/\/induljelegyuton.hu\/wp-content\/uploads\/DSC_0093kis-300x193.jpg\" width=\"300\" height=\"193\" srcset=\"https:\/\/induljelegyuton.hu\/wp-content\/uploads\/DSC_0093kis-300x193.jpg 300w, https:\/\/induljelegyuton.hu\/wp-content\/uploads\/DSC_0093kis-233x150.jpg 233w, https:\/\/induljelegyuton.hu\/wp-content\/uploads\/DSC_0093kis.jpg 850w\" sizes=\"auto, (max-width: 300px) 100vw, 300px\" \/><\/a><p id=\"caption-attachment-664\" class=\"wp-caption-text\">Val\u00f3sz\u00edn\u0171leg kifosztott\u00e1k, tsz-iroda, vagy szoci\u00e1lis int\u00e9zet k\u00f6lt\u00f6z\u00f6tt falai k\u00f6z\u00e9, \u00e9s harminc \u00e9vvel ezel\u0151tt beomlott a tet\u0151&#8230; Egykor Sz\u00e9chenyi Istv\u00e1n \u00e9s Erkel Ferenc is megfordult itt.<\/p><\/div>\n<p>A kast\u00e9ly el\u0151tt, bal k\u00e9zre egy \u2013 szint\u00e9n &#8211; mesters\u00e9ges dombocska oldal\u00e1ban egy kripta vagy pince valaha d\u00edszes bej\u00e1rata omladozott. Bej\u00e1rat\u00e1t befalazt\u00e1k. A f\u00e1k k\u00f6z\u00f6tt visszafel\u00e9 s\u00e9t\u00e1lva egy m\u00e1sik \u00e9p\u00fclet romja is el\u0151ker\u00fclt. K\u00e9t fala \u00e1ll m\u00e9g, a t\u00f6bbit halmok jelzik. T\u00e1rsaim t\u00fcrelm\u00e9vel vissza\u00e9lve elrohantam az aut\u00f3b\u00f3l l\u00e1tott romokkal \u201ekoron\u00e1zott\u201d, nagyj\u00e1b\u00f3l n\u00e9gy m\u00e9ter magas dombhoz. Meglep\u0151dve l\u00e1ttam, hogy a teljesen lepusztult henger alak\u00fa \u00e9p\u00edtm\u00e9ny bel\u00fcl \u00fcreges (oldal\u00e1n lyukak t\u00e1tongtak), \u00e9s oldal\u00e1ban l\u00e9pcs\u0151 maradv\u00e1nyait pillantottam meg. A domb t\u00f6v\u00e9ben viszont \u2013 els\u0151sorban k\u0151b\u0151l faragott &#8211; oszlopok, oszlopf\u0151k \u00e9s m\u00e1s k\u0151faragv\u00e1nyok hevertek. Egy gloriett maradv\u00e1ny\u00e1nak gondoltam, ami az angolkertek egyik jellegzetes \u00e9p\u00edtm\u00e9nye.<\/p>\n<p>Ut\u00e1na olvastam: gr\u00f3f Stainlein Ott\u00f3 kast\u00e9lya \u2013 mint Wilczek kast\u00e9ly &#8211; 1763-ban \u00e9p\u00fclt barokk st\u00edlusban, majd klasszicista st\u00edlusban \u00e1t\u00e9p\u00edtett\u00e9k. Eredetileg a Hellenbach csal\u00e1d\u00e9 volt, falai k\u00f6z\u00f6tt Sz\u00e9chenyi Istv\u00e1n \u00e9s Erkel Ferenc is megfordult. F\u00e9nykora a h\u00e1bor\u00faval \u00e9rhetett v\u00e9get. Hogyan folytat\u00f3dott? Val\u00f3sz\u00edn\u0171leg kifosztott\u00e1k, tsz-iroda, vagy szoci\u00e1lis int\u00e9zet k\u00f6lt\u00f6z\u00f6tt falai k\u00f6z\u00e9, \u00e9s harminc \u00e9vvel ezel\u0151tt beomlott a tet\u0151&#8230;<\/p>\n<div id=\"attachment_654\" style=\"width: 220px\" class=\"wp-caption alignright\"><a href=\"http:\/\/induljelegyuton.hu\/wp-content\/uploads\/DSC_0103kis.jpg\"><img loading=\"lazy\" decoding=\"async\" aria-describedby=\"caption-attachment-654\" class=\"size-medium wp-image-654\" alt=\"A park \u00e9szaknyugati cs\u00fccsk\u00e9ben tal\u00e1n gloriett \u00e1llhatott. Maradv\u00e1nyai a dombocska k\u00f6r\u00fcl hevernek...\" src=\"http:\/\/induljelegyuton.hu\/wp-content\/uploads\/DSC_0103kis-210x300.jpg\" width=\"210\" height=\"300\" srcset=\"https:\/\/induljelegyuton.hu\/wp-content\/uploads\/DSC_0103kis-210x300.jpg 210w, https:\/\/induljelegyuton.hu\/wp-content\/uploads\/DSC_0103kis-105x150.jpg 105w, https:\/\/induljelegyuton.hu\/wp-content\/uploads\/DSC_0103kis.jpg 595w\" sizes=\"auto, (max-width: 210px) 100vw, 210px\" \/><\/a><p id=\"caption-attachment-654\" class=\"wp-caption-text\">A park \u00e9szaknyugati cs\u00fccsk\u00e9ben tal\u00e1n gloriett \u00e1llhatott. Maradv\u00e1nyai a dombocska k\u00f6r\u00fcl hevernek&#8230;<\/p><\/div>\n<p>Fels\u0151szemer\u00e9dnek m\u00e9g k\u00e9t kast\u00e9lya van \u2013 volt. Oberndorf Hug\u00f3 romantikus-, \u00e9s Iv\u00e1nka L\u00e1szl\u00f3 klasszicista st\u00edlus\u00fa kast\u00e9lya. J\u00f3, ha legal\u00e1bb tudj\u00e1k, amit akkor mi nem tudtunk, hogy a telep\u00fcl\u00e9s 15. sz\u00e1zadi templom\u00e1nak oldalbej\u00e1rata felett g\u00f3tikus ajt\u00f3keret l\u00e1that\u00f3 \u2013 rov\u00e1s\u00edr\u00e1ssal! P\u00fcsp\u00f6ki Nagy P\u00e9ter szak\u00e9rt\u0151 ford\u00edt\u00e1sa szerint a sz\u00f6veg \u00edgy hangzik: \u201e1482. K\u0170RAK\u00d3 J\u00c1NOS MESTER\u201d.<\/p>\n<p>&nbsp;<\/p>\n<p>L\u00e1togassunk el ezekre a helyekre! Lehet, hogy mi vagyunk tal\u00e1n az utols\u00f3k, akik l\u00e1thatjuk romos kast\u00e9lyainkat\u2026 A ma m\u00e9g b\u00fcszk\u00e9n \u00e1ll\u00f3k- tal\u00e1n unok\u00e1ink rom-kast\u00e9lyai lesznek?<\/p>\n<p style=\"text-align: right;\">Hars\u00e1czki Gy\u00f6rgy<\/p>\n<p style=\"text-align: right;\">(2012-2013)<\/p>\n<p style=\"text-align: right;\">\n","protected":false},"excerpt":{"rendered":"<p>Pusztul\u00f3 felvid\u00e9ki kast\u00e9lyok a hat\u00e1r k\u00f6zel\u00e9ben &nbsp; K\u00fcl\u00f6n\u00f6s atmoszf\u00e9ra lengi k\u00f6r\u00fcl a kast\u00e9lyokat n\u00e1lunk, Magyarorsz\u00e1gon. Az arisztokr\u00e1cia, a nemess\u00e9g lakhelyeihez \u00e1ltal\u00e1ban k\u00e9t dolgot t\u00e1rs\u00edtunk, de mindkett\u0151 rossz kicseng\u00e9s\u0171 nek\u00fcnk, magyar turist\u00e1knak, kisembereknek. Egyfel\u0151l vannak a pusztul\u00f3, lassan t\u00f6nkremen\u0151, otromba m\u00f3don megcsonk\u00edtott, kihaszn\u00e1latlan, egykor pazar vil\u00e1gi \u00e9p\u00fcletek, amelyeket mai tulajdonosuk p\u00e9nz \u2026 <a class=\"continue-reading-link\" href=\"https:\/\/induljelegyuton.hu\/?p=643\"> Continue reading <span class=\"meta-nav\">&rarr; <\/span><\/a><\/p>\n","protected":false},"author":1,"featured_media":0,"comment_status":"open","ping_status":"open","sticky":false,"template":"","format":"standard","meta":{"ngg_post_thumbnail":0,"footnotes":""},"categories":[21,55,25,23],"tags":[104,182,176,30,179,177,174,183,178,175,180,181,31],"class_list":["post-643","post","type-post","status-publish","format-standard","hentry","category-bakancsolas","category-kulturmorzsak","category-mezsgye","category-tema_az_utcan","tag-104","tag-cigany","tag-felsoszemered","tag-felvidek","tag-gesztete","tag-grofne","tag-kastely","tag-kastelypark","tag-marothy-margit","tag-rom","tag-serke","tag-szineszno","tag-szlovakia"],"_links":{"self":[{"href":"https:\/\/induljelegyuton.hu\/index.php?rest_route=\/wp\/v2\/posts\/643","targetHints":{"allow":["GET"]}}],"collection":[{"href":"https:\/\/induljelegyuton.hu\/index.php?rest_route=\/wp\/v2\/posts"}],"about":[{"href":"https:\/\/induljelegyuton.hu\/index.php?rest_route=\/wp\/v2\/types\/post"}],"author":[{"embeddable":true,"href":"https:\/\/induljelegyuton.hu\/index.php?rest_route=\/wp\/v2\/users\/1"}],"replies":[{"embeddable":true,"href":"https:\/\/induljelegyuton.hu\/index.php?rest_route=%2Fwp%2Fv2%2Fcomments&post=643"}],"version-history":[{"count":19,"href":"https:\/\/induljelegyuton.hu\/index.php?rest_route=\/wp\/v2\/posts\/643\/revisions"}],"predecessor-version":[{"id":645,"href":"https:\/\/induljelegyuton.hu\/index.php?rest_route=\/wp\/v2\/posts\/643\/revisions\/645"}],"wp:attachment":[{"href":"https:\/\/induljelegyuton.hu\/index.php?rest_route=%2Fwp%2Fv2%2Fmedia&parent=643"}],"wp:term":[{"taxonomy":"category","embeddable":true,"href":"https:\/\/induljelegyuton.hu\/index.php?rest_route=%2Fwp%2Fv2%2Fcategories&post=643"},{"taxonomy":"post_tag","embeddable":true,"href":"https:\/\/induljelegyuton.hu\/index.php?rest_route=%2Fwp%2Fv2%2Ftags&post=643"}],"curies":[{"name":"wp","href":"https:\/\/api.w.org\/{rel}","templated":true}]}}