{"id":6145,"date":"2017-10-16T23:59:56","date_gmt":"2017-10-16T21:59:56","guid":{"rendered":"http:\/\/induljelegyuton.hu\/?p=6145"},"modified":"2017-10-17T00:06:32","modified_gmt":"2017-10-16T22:06:32","slug":"aludjunk-varromban-de-legalabb-mellette","status":"publish","type":"post","link":"https:\/\/induljelegyuton.hu\/?p=6145","title":{"rendered":"Aludjunk v\u00e1rromban! &#8230;de legal\u00e1bb mellette"},"content":{"rendered":"<p><strong>Felvid\u00e9ki t\u00fara Kisaranyos-Kic\u0151-Hruss\u00f3 v\u00e1ra-Kic\u0151-Kisaranyos-Fekete-v\u00e1r-Kisaranyos \u00fatvonalon<\/strong><\/p>\n<p>&nbsp;<\/p>\n<p>T\u00faraki\u00edr\u00e1s: Szombat korai indul\u00e1s az apr\u00f3 Kisaranyos (Zlatno) telep\u00fcl\u00e9sre, ahol otthagyuk az aut\u00f3t \u00e9s az 1708 \u00f3ta romosod\u00f3 Hruss\u00f3 v\u00e1ra v\u00e9gc\u00e9llal tesz\u00fcnk egy t\u00far\u00e1t &#8211; nem t\u00fal nagyot. Kb. 15 km<br \/>\nS\u00e1tor\u00e1ll\u00edt\u00e1s \u00e9s t\u0171zgy\u00fajt\u00e1s!<\/p>\n<p>M\u00e1snap a Tribecs egyik f\u0151 gerinc\u00e9n (600-700 m\u00e9teres) \u00e9r\u00fcnk vissza a d\u00e9lut\u00e1n derek\u00e1n az aut\u00f3hoz csod\u00e1latos \u0151szi sz\u00ednorgia k\u00f6zepedte&#8230;:)<\/p>\n<p>Melegebb h\u00e1l\u00f3zs\u00e1k aj\u00e1nlott, de norm\u00e1l h\u00e1l\u00f3zs\u00e1kkal meleg \u00e9jszakai fel\u00f6lt\u00f6z\u00e9ssel, j\u00f3 der\u00e9kaljjal is \u00e1tv\u00e9szelhet\u0151 egy h\u0171v\u00f6sebb \u00e9jszaka. Kiutaz\u00e1s 1 \u00f6tszem\u00e9lyes Suzukival szem\u00e9lyaut\u00f3val. ink\u00e1bb 3, mint 4 f\u0151 f\u00e9r el felszerel\u00e9ssel. Benzink\u00f6lts\u00e9g sz\u00e9toszt\u00e1sa &#8211; alap. Aut\u00f3val egy\u00fctt is lehet csatlakozni!<\/p>\n<div id=\"attachment_6149\" style=\"width: 310px\" class=\"wp-caption alignright\"><a href=\"http:\/\/induljelegyuton.hu\/wp-content\/uploads\/DSC_0217xx.jpg\"><img loading=\"lazy\" decoding=\"async\" aria-describedby=\"caption-attachment-6149\" class=\"size-medium wp-image-6149\" src=\"http:\/\/induljelegyuton.hu\/wp-content\/uploads\/DSC_0217xx-300x200.jpg\" alt=\"N\u00e9gy \u00f3ra t\u00e1jban Hruss\u00f3 v\u00e1r\u00e1hoz \u00e9rtem...\" width=\"300\" height=\"200\" srcset=\"https:\/\/induljelegyuton.hu\/wp-content\/uploads\/DSC_0217xx-300x200.jpg 300w, https:\/\/induljelegyuton.hu\/wp-content\/uploads\/DSC_0217xx-768x513.jpg 768w, https:\/\/induljelegyuton.hu\/wp-content\/uploads\/DSC_0217xx-224x150.jpg 224w, https:\/\/induljelegyuton.hu\/wp-content\/uploads\/DSC_0217xx-150x100.jpg 150w, https:\/\/induljelegyuton.hu\/wp-content\/uploads\/DSC_0217xx.jpg 850w\" sizes=\"auto, (max-width: 300px) 100vw, 300px\" \/><\/a><p id=\"caption-attachment-6149\" class=\"wp-caption-text\">N\u00e9gy \u00f3ra t\u00e1jban Hruss\u00f3 v\u00e1r\u00e1hoz \u00e9rtem&#8230;<\/p><\/div>\n<p><strong>ngg_shortcode_0_placeholder<\/strong><\/p>\n<p><strong>ngg_shortcode_1_placeholder<\/strong><\/p>\n<p><strong>ngg_shortcode_2_placeholder<\/strong><\/p>\n<p>V\u00e9g\u00fcl: r\u00e9sztvev\u0151k sz\u00e1ma \u2013 j\u00f3magam. A t\u00fara nem volt t\u00fal k\u00f6nny\u0171. Az \u00e9jszaka enyhe volt. \u00datk\u00f6zben nem volt m\u00f3d s\u00f6r\u00f6zni, s\u0151t vizet venni sem\u2026<\/p>\n<p>M\u00e9gis el\u00e9gedett vagyok!<\/p>\n<p style=\"text-align: right;\">H. Gy.<\/p>\n","protected":false},"excerpt":{"rendered":"<p>Felvid\u00e9ki t\u00fara Kisaranyos-Kic\u0151-Hruss\u00f3 v\u00e1ra-Kic\u0151-Kisaranyos-Fekete-v\u00e1r-Kisaranyos \u00fatvonalon &nbsp; T\u00faraki\u00edr\u00e1s: Szombat korai indul\u00e1s az apr\u00f3 Kisaranyos (Zlatno) telep\u00fcl\u00e9sre, ahol otthagyuk az aut\u00f3t \u00e9s az 1708 \u00f3ta romosod\u00f3 Hruss\u00f3 v\u00e1ra v\u00e9gc\u00e9llal tesz\u00fcnk egy t\u00far\u00e1t &#8211; nem t\u00fal nagyot. Kb. 15 km S\u00e1tor\u00e1ll\u00edt\u00e1s \u00e9s t\u0171zgy\u00fajt\u00e1s! M\u00e1snap a Tribecs egyik f\u0151 gerinc\u00e9n (600-700 m\u00e9teres) \u00e9r\u00fcnk vissza \u2026 <a class=\"continue-reading-link\" href=\"https:\/\/induljelegyuton.hu\/?p=6145\"> Continue reading <span class=\"meta-nav\">&rarr; <\/span><\/a><\/p>\n","protected":false},"author":1,"featured_media":0,"comment_status":"open","ping_status":"open","sticky":false,"template":"","format":"standard","meta":{"ngg_post_thumbnail":0,"footnotes":""},"categories":[166,3],"tags":[1902,30,1903,1904,1905,1907,1906],"class_list":["post-6145","post","type-post","status-publish","format-standard","hentry","category-mezsgye_kep","category-tukorreflex","tag-1902","tag-felvidek","tag-hrusso-vara","tag-kico","tag-kisaranyos","tag-tribecs","tag-zlatno"],"_links":{"self":[{"href":"https:\/\/induljelegyuton.hu\/index.php?rest_route=\/wp\/v2\/posts\/6145","targetHints":{"allow":["GET"]}}],"collection":[{"href":"https:\/\/induljelegyuton.hu\/index.php?rest_route=\/wp\/v2\/posts"}],"about":[{"href":"https:\/\/induljelegyuton.hu\/index.php?rest_route=\/wp\/v2\/types\/post"}],"author":[{"embeddable":true,"href":"https:\/\/induljelegyuton.hu\/index.php?rest_route=\/wp\/v2\/users\/1"}],"replies":[{"embeddable":true,"href":"https:\/\/induljelegyuton.hu\/index.php?rest_route=%2Fwp%2Fv2%2Fcomments&post=6145"}],"version-history":[{"count":3,"href":"https:\/\/induljelegyuton.hu\/index.php?rest_route=\/wp\/v2\/posts\/6145\/revisions"}],"predecessor-version":[{"id":6152,"href":"https:\/\/induljelegyuton.hu\/index.php?rest_route=\/wp\/v2\/posts\/6145\/revisions\/6152"}],"wp:attachment":[{"href":"https:\/\/induljelegyuton.hu\/index.php?rest_route=%2Fwp%2Fv2%2Fmedia&parent=6145"}],"wp:term":[{"taxonomy":"category","embeddable":true,"href":"https:\/\/induljelegyuton.hu\/index.php?rest_route=%2Fwp%2Fv2%2Fcategories&post=6145"},{"taxonomy":"post_tag","embeddable":true,"href":"https:\/\/induljelegyuton.hu\/index.php?rest_route=%2Fwp%2Fv2%2Ftags&post=6145"}],"curies":[{"name":"wp","href":"https:\/\/api.w.org\/{rel}","templated":true}]}}