{"id":5902,"date":"2017-09-02T18:31:03","date_gmt":"2017-09-02T16:31:03","guid":{"rendered":"http:\/\/induljelegyuton.hu\/?p=5902"},"modified":"2017-09-02T18:33:31","modified_gmt":"2017-09-02T16:33:31","slug":"hazamhoz-hiven-erdei-laszlo-tuzer-naploja-es-levelei-1939-1948","status":"publish","type":"post","link":"https:\/\/induljelegyuton.hu\/?p=5902","title":{"rendered":"Haz\u00e1mhoz h\u00edven&#8230; \u2013 Erdei L\u00e1szl\u00f3 t\u00fcz\u00e9r napl\u00f3ja \u00e9s levelei 1939-1948"},"content":{"rendered":"<p><strong>K\u00f6nyvaj\u00e1nl\u00f3\u00a0\u2013\u00a0Haz\u00e1mhoz h\u00edven\u2026<\/strong><\/p>\n<p>&nbsp;<\/p>\n<p>\u201eF\u00e9ltve \u0151rz\u00f6tt csal\u00e1di ereklyek\u00e9nt maradtak meg az eredeti dokumentumok, amelyeket h\u00e1rom fejezetbe szerkesztve ny\u00fajtok \u00e1t az Olvas\u00f3nak.\u201d \u2013 \u00edrja \u00e9desapja eml\u00e9k\u00e9nek sz\u00e1nt k\u00f6nyv el\u0151szav\u00e1ban Dr. Erdei L\u00e1szl\u00f3.<\/p>\n<div id=\"attachment_5903\" style=\"width: 1160px\" class=\"wp-caption alignleft\"><a href=\"http:\/\/induljelegyuton.hu\/wp-content\/uploads\/fejlec_1150x200_REKLAM_02-1.jpg\"><img loading=\"lazy\" decoding=\"async\" aria-describedby=\"caption-attachment-5903\" class=\"size-full wp-image-5903\" src=\"http:\/\/induljelegyuton.hu\/wp-content\/uploads\/fejlec_1150x200_REKLAM_02-1.jpg\" alt=\"Jobb oldalon a k\u00f6nyv bor\u00edt\u00f3ja\" width=\"1150\" height=\"200\" srcset=\"https:\/\/induljelegyuton.hu\/wp-content\/uploads\/fejlec_1150x200_REKLAM_02-1.jpg 1150w, https:\/\/induljelegyuton.hu\/wp-content\/uploads\/fejlec_1150x200_REKLAM_02-1-300x52.jpg 300w, https:\/\/induljelegyuton.hu\/wp-content\/uploads\/fejlec_1150x200_REKLAM_02-1-768x134.jpg 768w, https:\/\/induljelegyuton.hu\/wp-content\/uploads\/fejlec_1150x200_REKLAM_02-1-1024x178.jpg 1024w, https:\/\/induljelegyuton.hu\/wp-content\/uploads\/fejlec_1150x200_REKLAM_02-1-250x43.jpg 250w, https:\/\/induljelegyuton.hu\/wp-content\/uploads\/fejlec_1150x200_REKLAM_02-1-150x26.jpg 150w\" sizes=\"auto, (max-width: 1150px) 100vw, 1150px\" \/><\/a><p id=\"caption-attachment-5903\" class=\"wp-caption-text\">Jobb oldalon a k\u00f6nyv bor\u00edt\u00f3ja<\/p><\/div>\n<p>A korabeli \u2013 s\u0151t, olykor a hadsz\u00ednt\u00e9rr\u0151l k\u00e9sz\u00edtett \u2013 f\u00e9nyk\u00e9pfelv\u00e9telekkel illusztr\u00e1lt kiadv\u00e1ny egy huszon\u00e9ves k\u00f6zkatona, felder\u00edt\u0151 t\u00fcz\u00e9r szemsz\u00f6g\u00e9b\u0151l mutatja be a m\u00e1sodik b\u00e9csi d\u00f6nt\u00e9st k\u00f6vet\u0151 erd\u00e9lyi bevonul\u00e1st, az 1941-es d\u00e9lvid\u00e9ki harcokat, majd a hadtest Ukrajn\u00e1ba val\u00f3 vez\u00e9nyl\u00e9s\u00e9vel a sz\u00e9tl\u0151tt bolsevik h\u00e1torsz\u00e1got. Az innen t\u00f6rt\u00e9n\u0151 hazavez\u00e9nyl\u00e9sig tart az els\u0151 fejezet, a Napl\u00f3, a m\u00e1sodik fejezet viszont a hadifogs\u00e1g \u00e9veit eleven\u00edti fel Kiskunhalast\u00f3l Kijevig, 1944-t\u0151l 1948-ig v\u00e1logatott, eredeti leveleken kereszt\u00fcl. Itt is olvashatjuk a kor jellegzetes-szomor\u00fa lev\u00e9l-fajt\u00e1j\u00e1t, amit fogolysz\u00e1ll\u00edt\u00f3 vagonb\u00f3l dobtak ki\u2026 Milyen furfangokra, tal\u00e1l\u00e9konys\u00e1gra, kitart\u00e1sra volt sz\u00fcks\u00e9g a mindennapi \u00e9lelem beszerz\u00e9s\u00e9hez? Milyen volt egy arat\u00e1s a kolhozban? Hogy sz\u00e1r\u00edtott\u00e1k meg a t\u00e9li j\u00e9gv\u00e1g\u00e1skor v\u00edzbe esett ruh\u00e1t a szabadban? A levelek, az elbesz\u00e9l\u00e9sek felfedik\u2026<\/p>\n<p>A harmadik fejezet egy zsebnotesz m\u00e1solata, amely az esem\u00e9nyek, az \u00e9vsz\u00e1mok \u00e9s az \u00e9rintett helys\u00e9gek nevein k\u00edv\u00fcl dalokat, katonadalokat tartalmaz, mely a honv\u00e9dek \u00e9rz\u00e9svil\u00e1g\u00e1t, elhivatotts\u00e1g\u00e1t t\u00fckr\u00f6zi.<\/p>\n<div id=\"attachment_5904\" style=\"width: 1160px\" class=\"wp-caption alignleft\"><a href=\"http:\/\/induljelegyuton.hu\/wp-content\/uploads\/fejlec_1150x200_REKLAM_01-1.jpg\"><img loading=\"lazy\" decoding=\"async\" aria-describedby=\"caption-attachment-5904\" class=\"size-full wp-image-5904\" src=\"http:\/\/induljelegyuton.hu\/wp-content\/uploads\/fejlec_1150x200_REKLAM_01-1.jpg\" alt=\"Bal oldalon a k\u00f6nyv bor\u00edt\u00f3ja\" width=\"1150\" height=\"200\" srcset=\"https:\/\/induljelegyuton.hu\/wp-content\/uploads\/fejlec_1150x200_REKLAM_01-1.jpg 1150w, https:\/\/induljelegyuton.hu\/wp-content\/uploads\/fejlec_1150x200_REKLAM_01-1-300x52.jpg 300w, https:\/\/induljelegyuton.hu\/wp-content\/uploads\/fejlec_1150x200_REKLAM_01-1-768x134.jpg 768w, https:\/\/induljelegyuton.hu\/wp-content\/uploads\/fejlec_1150x200_REKLAM_01-1-1024x178.jpg 1024w, https:\/\/induljelegyuton.hu\/wp-content\/uploads\/fejlec_1150x200_REKLAM_01-1-250x43.jpg 250w, https:\/\/induljelegyuton.hu\/wp-content\/uploads\/fejlec_1150x200_REKLAM_01-1-150x26.jpg 150w\" sizes=\"auto, (max-width: 1150px) 100vw, 1150px\" \/><\/a><p id=\"caption-attachment-5904\" class=\"wp-caption-text\">Jobb oldalon a k\u00f6nyv bor\u00edt\u00f3ja<\/p><\/div>\n<p>Erdei L\u00e1szl\u00f3 t\u00fcz\u00e9r r\u00e9szletgazdag, j\u00f3 megfigyel\u00e9seken alapul\u00f3, szem\u00e9lyes v\u00e9lem\u00e9ny\u00e9vel \u00e9s keserny\u00e9s humor\u00e1val \u00e1tsz\u0151tt feljegyz\u00e9seit, a le\u00edrt, kev\u00e9ss\u00e9 ismert id\u0151szakok \u00e9s hadsz\u00ednterek, viszonyok emelik ki a hasonl\u00f3 kr\u00f3nik\u00e1k k\u00f6z\u00fcl: \u201ejelent\u0151s\u201d hadsz\u00ednt\u00e9ri t\u00f6rt\u00e9n\u00e9sek el\u0151tti \u2013 1940-41-es &#8211; \u00e1llapotokkal csak ritk\u00e1n \u00e9s elnagyolva tal\u00e1lkozhatunk a t\u00f6rt\u00e9nelemk\u00f6nyvekben.<\/p>\n<p>&nbsp;<\/p>\n<p>A B5 m\u00e9ret\u0171 108 oldalas, kem\u00e9nyt\u00e1bl\u00e1s k\u00f6nyvet 2010-ben adt\u00e1k ki Szegeden. \u00c1ra: 2000 Ft<\/p>\n<p>El\u00e9rhet\u0151s\u00e9g: <a href=\"mailto:pusztayagi@gmail.com\">pusztayagi@gmail.com<\/a><\/p>\n","protected":false},"excerpt":{"rendered":"<p>K\u00f6nyvaj\u00e1nl\u00f3\u00a0\u2013\u00a0Haz\u00e1mhoz h\u00edven\u2026 &nbsp; \u201eF\u00e9ltve \u0151rz\u00f6tt csal\u00e1di ereklyek\u00e9nt maradtak meg az eredeti dokumentumok, amelyeket h\u00e1rom fejezetbe szerkesztve ny\u00fajtok \u00e1t az Olvas\u00f3nak.\u201d \u2013 \u00edrja \u00e9desapja eml\u00e9k\u00e9nek sz\u00e1nt k\u00f6nyv el\u0151szav\u00e1ban Dr. Erdei L\u00e1szl\u00f3. A korabeli \u2013 s\u0151t, olykor a hadsz\u00ednt\u00e9rr\u0151l k\u00e9sz\u00edtett \u2013 f\u00e9nyk\u00e9pfelv\u00e9telekkel illusztr\u00e1lt kiadv\u00e1ny egy huszon\u00e9ves k\u00f6zkatona, felder\u00edt\u0151 t\u00fcz\u00e9r szemsz\u00f6g\u00e9b\u0151l mutatja be \u2026 <a class=\"continue-reading-link\" href=\"https:\/\/induljelegyuton.hu\/?p=5902\"> Continue reading <span class=\"meta-nav\">&rarr; <\/span><\/a><\/p>\n","protected":false},"author":1,"featured_media":0,"comment_status":"open","ping_status":"open","sticky":false,"template":"","format":"standard","meta":{"ngg_post_thumbnail":0,"footnotes":""},"categories":[163,1,55,23],"tags":[],"class_list":["post-5902","post","type-post","status-publish","format-standard","hentry","category-aktualis","category-kukker","category-kulturmorzsak","category-tema_az_utcan"],"_links":{"self":[{"href":"https:\/\/induljelegyuton.hu\/index.php?rest_route=\/wp\/v2\/posts\/5902","targetHints":{"allow":["GET"]}}],"collection":[{"href":"https:\/\/induljelegyuton.hu\/index.php?rest_route=\/wp\/v2\/posts"}],"about":[{"href":"https:\/\/induljelegyuton.hu\/index.php?rest_route=\/wp\/v2\/types\/post"}],"author":[{"embeddable":true,"href":"https:\/\/induljelegyuton.hu\/index.php?rest_route=\/wp\/v2\/users\/1"}],"replies":[{"embeddable":true,"href":"https:\/\/induljelegyuton.hu\/index.php?rest_route=%2Fwp%2Fv2%2Fcomments&post=5902"}],"version-history":[{"count":3,"href":"https:\/\/induljelegyuton.hu\/index.php?rest_route=\/wp\/v2\/posts\/5902\/revisions"}],"predecessor-version":[{"id":5906,"href":"https:\/\/induljelegyuton.hu\/index.php?rest_route=\/wp\/v2\/posts\/5902\/revisions\/5906"}],"wp:attachment":[{"href":"https:\/\/induljelegyuton.hu\/index.php?rest_route=%2Fwp%2Fv2%2Fmedia&parent=5902"}],"wp:term":[{"taxonomy":"category","embeddable":true,"href":"https:\/\/induljelegyuton.hu\/index.php?rest_route=%2Fwp%2Fv2%2Fcategories&post=5902"},{"taxonomy":"post_tag","embeddable":true,"href":"https:\/\/induljelegyuton.hu\/index.php?rest_route=%2Fwp%2Fv2%2Ftags&post=5902"}],"curies":[{"name":"wp","href":"https:\/\/api.w.org\/{rel}","templated":true}]}}