{"id":5194,"date":"2017-06-21T22:11:13","date_gmt":"2017-06-21T20:11:13","guid":{"rendered":"http:\/\/induljelegyuton.hu\/?p=5194"},"modified":"2017-07-03T22:54:23","modified_gmt":"2017-07-03T20:54:23","slug":"eszveszejto-szikla-utvesztok","status":"publish","type":"post","link":"https:\/\/induljelegyuton.hu\/?p=5194","title":{"rendered":"\u00c9szveszejt\u0151 szikla-\u00fatveszt\u0151k"},"content":{"rendered":"<p><strong>K\u00e9t er\u0151s t\u00fara a Nagy-Kapel\u00e1kban, a Bijele \u00e9s Samarske cs\u00facsok v\u00e9dett ter\u00fcletein<\/strong><\/p>\n<div id=\"attachment_5380\" style=\"width: 210px\" class=\"wp-caption alignright\"><a href=\"http:\/\/induljelegyuton.hu\/wp-content\/uploads\/DSC_0736.jpg\"><img loading=\"lazy\" decoding=\"async\" aria-describedby=\"caption-attachment-5380\" class=\"size-medium wp-image-5380\" src=\"http:\/\/induljelegyuton.hu\/wp-content\/uploads\/DSC_0736-200x300.jpg\" alt=\"Els\u0151 t\u00far\u00e1nk tetej\u00e9n a &quot;hab&quot; - egy kis cs\u00facsm\u00e1sz\u00e1s dr\u00f3tk\u00f6t\u00e9llel...\" width=\"200\" height=\"300\" srcset=\"https:\/\/induljelegyuton.hu\/wp-content\/uploads\/DSC_0736-200x300.jpg 200w, https:\/\/induljelegyuton.hu\/wp-content\/uploads\/DSC_0736-100x150.jpg 100w, https:\/\/induljelegyuton.hu\/wp-content\/uploads\/DSC_0736.jpg 568w\" sizes=\"auto, (max-width: 200px) 100vw, 200px\" \/><\/a><p id=\"caption-attachment-5380\" class=\"wp-caption-text\">Els\u0151 t\u00far\u00e1nk tetej\u00e9n a &#8222;hab&#8221; &#8211; egy kis cs\u00facsm\u00e1sz\u00e1s dr\u00f3tk\u00f6t\u00e9llel&#8230;<\/p><\/div>\n<p>&nbsp;<\/p>\n<p>A fene gondolta volna, hogy vannak a Biharn\u00e1l is vadabb karsztos terepek! J\u00f3lesett meglepet\u00e9s, a felismer\u00e9s. A sok\u00a0titkot tartogat\u00f3 Din\u00e1ri-hegys\u00e9grendszer Nagy-Kapel\u00e1k\u00a0karszthegys\u00e9g\u00e9nek \u00f6rd\u00f6gsz\u00e1ntotta turista\u00f6sv\u00e9nyei \u00e1ltal\u00e1ban nem alkalmasak elm\u00e9l\u00e1z\u00e1sra, mert k\u00f6nnyen orra bukhatunk. A karszt fedetlen, de d\u00fas &#8211; b\u00fckk \u00e9s feny\u0151 &#8211; erd\u0151kkel fedett, amelyek egy \u0151serd\u0151h\u00f6z m\u00e9lt\u00f3an teszik hozz\u00e1 a maguk\u00e9t a (n\u00e9ha) j\u00e1rhatatlans\u00e1ghoz&#8230;<\/p>\n<p style=\"text-align: right;\"><em>H. Gy.<\/em><\/p>\n<p><strong>ngg_shortcode_0_placeholder<\/strong><\/p>\n<p><strong>ngg_shortcode_1_placeholder<\/strong><\/p>\n<p><strong>ngg_shortcode_2_placeholder<\/strong><\/p>\n<p><strong>ngg_shortcode_3_placeholder<\/strong><\/p>\n<p><strong>ngg_shortcode_4_placeholder<\/strong><\/p>\n<p>&nbsp;<\/p>\n<p>M\u00e1snap \u2013 el\u0151z\u0151 napi terep-tapasztalatainknak k\u00f6sz\u00f6nhet\u0151en \u2013 l\u00e9nyegesen m\u00e9lyebben hatoltunk a kisbusszal a Bijele i Samarske rengeteg\u00e9be, hogy onnan a tegnapi karrmez\u0151kh\u00f6z \u00e9s szakad\u00e9k-erd\u0151kh\u00f6z hasonl\u00f3 vid\u00e9kre mer\u00e9szkedj\u00fcnk. Remek ez az erd\u0151s karszt, mivel a lombok v\u00e9denek a t\u0171z\u0151 napt\u00f3l, a feh\u00e9r sziklafel\u00fcletekhez, a term\u00e9szetes \u201cm\u00e9szk\u0151szobrokhoz\u201d pedig sz\u00e9p z\u00f6ld h\u00e1tteret adnak. El\u0151sz\u00f6r a Samarske-cs\u00facsra m\u00e1sztunk fel (1302 m), majd fantasztikus formakincs\u0171, meredek m\u00e9szk\u0151tornyokat vett\u00fcnk sorra. Egyes szikl\u00e1k tetej\u00e9n ing\u00f3k\u0151 vagy szinte gombasziklak\u00e9nt k\u00fcl\u00f6n \u00e9letet \u00e9l\u0151 k\u0151zetblokkok vir\u00edtottak, mik\u00f6zben a sziklafelsz\u00ednekbe m\u00e9ly, vagy kev\u00e9sb\u00e9 m\u00e9ly csatorn\u00e1kat oldott-mosott az es\u0151v\u00edz\u2026 A m\u00e1sodik hegytet\u0151t\u0151l elb\u00facs\u00fazva &#8211; annak t\u00f6v\u00e9ben &#8211; olyan meglep\u0151en m\u00e9ly beszakad\u00e1st (szakad\u00e9knyel\u0151t?) fedezt\u00fcnk fel, amelynek alig-alig l\u00e1ttunk le a m\u00e9ly\u00e9re, \u00e1m ott mintha havat pillantottunk meg\u2026 Ezt k\u00f6vet\u0151en olyan vad terepen haladtunk \u00f3r\u00e1kon \u00e1t, amelyet szinte barlangi terepnek is mondhattuk volna a sziklag\u00f6rgetegek, a meredeks\u00e9g, \u00e9s a kid\u0151lt f\u00e1k egyvelege miatt. A Velika Kanon egy felhasadozott\u00a0hegytet\u0151-k\u00f6zeli k\u0151zett\u00f6megben kialakult sz\u0171k j\u00e1ratrendszer, amelyen nagy \u00fcgyess\u00e9ggel \u2013 vagy nagy neh\u00e9zs\u00e9g \u00e1r\u00e1n \u2013 lehet csak \u00e1tm\u00e1szni, mivel annak nyomvonala meredeken emelkedik is. Egyes helyeken \u00e9pp, hogy ember sz\u00e1m\u00e1ra j\u00e1rhat\u00f3 \u2013 falain mutat\u00f3san sorakoznak a p\u00e1rhuzamos nagy, karmol\u00e1s-szer\u0171 bem\u00e9lyed\u00e9sek, amelyek \u00e9rdekes f\u00e9ny-\u00e1rny\u00e9k hat\u00e1sokat keltenek. Nem sokkal od\u00e9bb egy k\u00fcl\u00f6nleges turistah\u00e1zat l\u00e1togathattunk meg (\u00e9pp egy h\u00faszf\u0151s horv\u00e1t turistacsoport volt itt t\u00e1voz\u00f3ban), amely nemcsak a sziklafal t\u00f6v\u00e9ben, de annak barlangszer\u0171 odv\u00e1ba is be volt \u00e9p\u00edtve-s\u00fcllyesztve. A vad terep miatt er\u0151sen indokoltak az ilyen mened\u00e9kek\u2026 \u00dattalan utakon \u2013 k\u0151foly\u00e1sokon, moh\u00e1s g\u00f6rgetegeken, sziklahalmazokon &#8211; haladtunk a k\u00f6vetkez\u0151 egy \u00f3r\u00e1ban \u2013 mindazt az\u00e9rt, hogy m\u00e9g se ott j\u00f6jj\u00fcnk le a hegyekr\u0151l, ahol egyszer m\u00e1r leereszkedt\u00fcnk\u2026 A leereszked\u00e9s el\u0151tti utols\u00f3 l\u00e1tnival\u00f3 az Ackova dolina volt, mely \u2013 v\u00e9g\u00fcl is \u2013 egy sziklacsoport. Az egyik sziklafal tetej\u00e9n egy k\u00fcl\u00f6n\u00f6sen magas, keskeny sziklatorony emelkedett \u2013 a Katedr\u00e1lis \u2013 (a fej\u00fcnket teljesen h\u00e1tra kellett szegni), a m\u00e1sikon pedig a Nagy Kavics \u201ebillegett\u201d. Rengeteg medvehagym\u00e1val \u201eter\u00edtett\u00e9k meg\u201d a dolin\u00e1hoz vezet\u0151 \u00f6sv\u00e9nyt, s b\u00e1r m\u00e1r vir\u00e1gzott, t\u00f6bbnyire j\u00f3 \u00edz\u0171 volt a levele\u2026 Rendk\u00edv\u00fcl f\u00e1radtan\u00a0\u00e9rt\u00fcnk le a buszhoz\u2026<\/p>\n<p>&nbsp;<\/p>\n<p>Mivel t\u00f6bb\u00fcnk m\u00e1sf\u00e9l nap alatt r\u00e1unt a konzerv-kaj\u00e1ra, aznap mindenk\u00e9ppen meleg vacsor\u00e1t szerett\u00fcnk volna enni. Laci megad\u00f3an vezette le a kisbuszt az egyetlen \u201ebiztosan vend\u00e9gl\u0151s\u201d telep\u00fcl\u00e9sre, Ogulinba, ahol \u00edgy megint r\u00e1pillanthattam a Frangep\u00e1n-v\u00e1r alatt elt\u0171n\u0151 Dobra-foly\u00f3 vize v\u00e1jta szurdok erej\u00e9re. Hazafel\u00e9 egy j\u00f3kora vad\u00e1szg\u00f6r\u00e9ny hull\u00e1mzott \u00e1t el\u0151tt\u00fcnk az \u00faton\u2026<\/p>\n<p>Harmadnap Novi Vinodolski tengerpartj\u00e1ra s\u00edrta le mag\u00e1t a csapat \u2013 egy r\u00e9sze, amely a hideg v\u00edz \u00e9s a nem kiemelten sz\u00e9p k\u00f6rnyezet miatt sz\u00e1momra felejthet\u0151 \u00e9lm\u00e9ny volt\u2026<\/p>\n<p style=\"text-align: right;\">Hars\u00e1czki Gyuri<\/p>\n<p><strong>ngg_shortcode_5_placeholder<\/strong><\/p>\n<p><strong>ngg_shortcode_6_placeholder<\/strong><\/p>\n<p><strong>ngg_shortcode_7_placeholder<\/strong><\/p>\n<p><strong>ngg_shortcode_8_placeholder<\/strong><\/p>\n<p><strong>ngg_shortcode_9_placeholder<\/strong><\/p>\n<p><strong>ngg_shortcode_10_placeholder<\/strong><\/p>\n<p><strong>ngg_shortcode_11_placeholder<\/strong><\/p>\n<p><strong>ngg_shortcode_12_placeholder<\/strong><\/p>\n","protected":false},"excerpt":{"rendered":"<p>K\u00e9t er\u0151s t\u00fara a Nagy-Kapel\u00e1kban, a Bijele \u00e9s Samarske cs\u00facsok v\u00e9dett ter\u00fcletein &nbsp; A fene gondolta volna, hogy vannak a Biharn\u00e1l is vadabb karsztos terepek! J\u00f3lesett meglepet\u00e9s, a felismer\u00e9s. A sok\u00a0titkot tartogat\u00f3 Din\u00e1ri-hegys\u00e9grendszer Nagy-Kapel\u00e1k\u00a0karszthegys\u00e9g\u00e9nek \u00f6rd\u00f6gsz\u00e1ntotta turista\u00f6sv\u00e9nyei \u00e1ltal\u00e1ban nem alkalmasak elm\u00e9l\u00e1z\u00e1sra, mert k\u00f6nnyen orra bukhatunk. A karszt fedetlen, de d\u00fas &#8211; \u2026 <a class=\"continue-reading-link\" href=\"https:\/\/induljelegyuton.hu\/?p=5194\"> Continue reading <span class=\"meta-nav\">&rarr; <\/span><\/a><\/p>\n","protected":false},"author":1,"featured_media":0,"comment_status":"open","ping_status":"open","sticky":false,"template":"","format":"standard","meta":{"ngg_post_thumbnail":0,"footnotes":""},"categories":[165,3],"tags":[1902,1897,1900,388,1901,1898,1894,1899,1896,1895],"class_list":["post-5194","post","type-post","status-publish","format-standard","hentry","category-europa_nagyvilag_kep","category-tukorreflex","tag-1902","tag-bijele","tag-horvatorszag","tag-karszt","tag-karsztosodas","tag-meszko","tag-nagy-kapelak","tag-ordogszantas","tag-samarske","tag-velka-kapela"],"_links":{"self":[{"href":"https:\/\/induljelegyuton.hu\/index.php?rest_route=\/wp\/v2\/posts\/5194","targetHints":{"allow":["GET"]}}],"collection":[{"href":"https:\/\/induljelegyuton.hu\/index.php?rest_route=\/wp\/v2\/posts"}],"about":[{"href":"https:\/\/induljelegyuton.hu\/index.php?rest_route=\/wp\/v2\/types\/post"}],"author":[{"embeddable":true,"href":"https:\/\/induljelegyuton.hu\/index.php?rest_route=\/wp\/v2\/users\/1"}],"replies":[{"embeddable":true,"href":"https:\/\/induljelegyuton.hu\/index.php?rest_route=%2Fwp%2Fv2%2Fcomments&post=5194"}],"version-history":[{"count":13,"href":"https:\/\/induljelegyuton.hu\/index.php?rest_route=\/wp\/v2\/posts\/5194\/revisions"}],"predecessor-version":[{"id":5665,"href":"https:\/\/induljelegyuton.hu\/index.php?rest_route=\/wp\/v2\/posts\/5194\/revisions\/5665"}],"wp:attachment":[{"href":"https:\/\/induljelegyuton.hu\/index.php?rest_route=%2Fwp%2Fv2%2Fmedia&parent=5194"}],"wp:term":[{"taxonomy":"category","embeddable":true,"href":"https:\/\/induljelegyuton.hu\/index.php?rest_route=%2Fwp%2Fv2%2Fcategories&post=5194"},{"taxonomy":"post_tag","embeddable":true,"href":"https:\/\/induljelegyuton.hu\/index.php?rest_route=%2Fwp%2Fv2%2Ftags&post=5194"}],"curies":[{"name":"wp","href":"https:\/\/api.w.org\/{rel}","templated":true}]}}