{"id":4771,"date":"2017-02-28T22:15:00","date_gmt":"2017-02-28T21:15:00","guid":{"rendered":"http:\/\/induljelegyuton.hu\/?p=4771"},"modified":"2017-08-21T21:24:49","modified_gmt":"2017-08-21T19:24:49","slug":"ahol-magyarul-beszelnek-felvideki-kerekpartura-rajkatol-alsosztregovaig-6-resz","status":"publish","type":"post","link":"https:\/\/induljelegyuton.hu\/?p=4771","title":{"rendered":"Ahol magyarul besz\u00e9lnek \u2013 Felvid\u00e9ki ker\u00e9kp\u00e1rt\u00fara Rajk\u00e1t\u00f3l Als\u00f3sztregov\u00e1ig (6. r\u00e9sz)"},"content":{"rendered":"<p><strong>Ipolys\u00e1gt\u00f3l Als\u00f3sztregov\u00e1ig<\/strong><\/p>\n<p>&nbsp;<\/p>\n<div id=\"attachment_5747\" style=\"width: 310px\" class=\"wp-caption alignright\"><a href=\"http:\/\/induljelegyuton.hu\/wp-content\/uploads\/DSC_0518.jpg\"><img loading=\"lazy\" decoding=\"async\" aria-describedby=\"caption-attachment-5747\" class=\"size-medium wp-image-5747\" src=\"http:\/\/induljelegyuton.hu\/wp-content\/uploads\/DSC_0518-300x200.jpg\" alt=\"Kutyagy\u0171r\u0171ben az ipolys\u00e1gi kempingben\" width=\"300\" height=\"200\" srcset=\"https:\/\/induljelegyuton.hu\/wp-content\/uploads\/DSC_0518-300x200.jpg 300w, https:\/\/induljelegyuton.hu\/wp-content\/uploads\/DSC_0518-768x512.jpg 768w, https:\/\/induljelegyuton.hu\/wp-content\/uploads\/DSC_0518-225x150.jpg 225w, https:\/\/induljelegyuton.hu\/wp-content\/uploads\/DSC_0518-150x100.jpg 150w, https:\/\/induljelegyuton.hu\/wp-content\/uploads\/DSC_0518.jpg 850w\" sizes=\"auto, (max-width: 300px) 100vw, 300px\" \/><\/a><p id=\"caption-attachment-5747\" class=\"wp-caption-text\">Kutyagy\u0171r\u0171ben az ipolys\u00e1gi kempingben<\/p><\/div>\n<p>A reggel els\u0151 l\u00e9nyeges momentumai term\u00e9szetesen a kotyog\u00f3s k\u00f6r\u00fcl t\u00f6rt\u00e9ntek az ipolys\u00e1gi aut\u00f3s kempingben. A kempinghez tartoz\u00f3 tapintatos kutyusok, m\u00e1r az els\u0151 felkel\u0151kkel felvett\u00e9k a szemkontaktust\u2026 \u201eEgy bolyban\u201d megreggelizt\u00fcnk a l\u00e1gy naps\u00fct\u00e9sben, mik\u00f6zben n\u00e9gyl\u00e1b\u00fa felvigy\u00e1z\u00f3ink m\u00e1r el\u00e9rhet\u0151 k\u00f6zels\u00e9gbe ker\u00fcltek \u2013 k\u00f6z\u00f6s fot\u00f3k is k\u00e9sz\u00fcltek. Miel\u0151tt elhagytuk volna a kempinget, a tulajdonos arr\u00f3l mes\u00e9lt, hogy micsoda \u00e9let volt itt a 80-as \u00e9vekben\u2026 J\u00f3 lett volna meg\u00e9lni. Ma az is gondot jelent, hogy a rekl\u00e1mt\u00e1bl\u00e1j\u00e1t valahov\u00e1 kitegye, bel\u00e9botoljon az a n\u00e9h\u00e1ny vend\u00e9g.<\/p>\n<p><strong>ngg_shortcode_0_placeholder<\/strong><\/p>\n<p><strong>ngg_shortcode_1_placeholder<\/strong><\/p>\n<p>Ismer\u0151s utakon \u2013 \u201ediplom\u00e1s\u201d falvakban<\/p>\n<p>Nek\u00fcnk viszont ismer\u0151s terep k\u00f6vetkezett \u2013 2011-ben m\u00e1r v\u00e9gigtekert\u00fck az Ipolys\u00e1g-In\u00e1m szakaszt. Ism\u00e9t \u00e1tkelt\u00fcnk az Ipolyon, hogy annak jobb partj\u00e1n egy seregnyi telep\u00fcl\u00e9st \u00e9rints\u00fcnk. Ipolys\u00e1g k\u00e9ttorny\u00fa templomn\u00e1l lemaradtam \u2013 cs\u00facs\u00edves b\u00e9lletes kapuzata azt mutatta, hogy a templom r\u00e9gebbi, mint azt barokkos jegyei mutatj\u00e1k. Premontrei kolostor\u00e1t a Hont-P\u00e1zm\u00e1ny nemzets\u00e9gbeli M\u00e1rton b\u00e1n alap\u00edtotta1237-ben, s ekkor \u00e9p\u00fcltek er\u0151d\u00edt\u00e9sei (val\u00f3sz\u00edn\u0171leg ker\u00edt\u0151falai). Az er\u0151d\u00edtett kolostor sz\u00e1mos t\u00e1mad\u00e1st, ostromot \u00e1llt ki, s a t\u00f6r\u00f6k\u00f6k sikertelen\u00fcl ostromolt\u00e1k meg 1550-ben. K\u00e9t \u00e9vvel k\u00e9s\u0151bb m\u00e1r elfoglalt\u00e1k, s csak 1595-ben szabad\u00edtott\u00e1k fel. Ekkor lebontott\u00e1k kor\u00e1bban m\u00e1r eml\u00edtett er\u0151d\u00edt\u00e9seit, s csak a kolostor \u00e9s a templom maradt meg \u2013 azokat barokk st\u00edlusban alak\u00edtott\u00e1k \u00e1t. A nemr\u00e9g helyre\u00e1ll\u00edtott templom mellett romosod\u00f3 \u00e9p\u00fclet a jezsuita kolostor &#8211; t\u00f6bb g\u00f3tikus r\u00e9szlete van.<\/p>\n<p>A 18. sz\u00e1zadi ellenreform\u00e1ci\u00f3 sor\u00e1n innen Csecsei J\u00e1nos \u00e9s Szod\u00f3i Andr\u00e1s pr\u00e9dik\u00e1torokat hurcolt\u00e1k el g\u00e1lyarabs\u00e1gra. A v\u00e1ros egy\u00e9bk\u00e9nt az els\u0151 volt azon telep\u00fcl\u00e9sek k\u00f6z\u00f6tt, amelyeket Csehszlov\u00e1kia \u201evisszaadott\u201d Magyarorsz\u00e1gnak 1938-ben.<\/p>\n<p>Tesm\u00e1got az orsz\u00e1g\u00fat elker\u00fcli \u2013 az egyik Horthy teljes\u00edtm\u00e9nyt\u00far\u00e1n n\u00e9zt\u00fcnk sz\u00e9t a sz\u00e9p faluban. Az Ipolymenti \u00fat sz\u00e9p, hol \u00e1rny\u00e9kos, hol ny\u00edlt, de k\u00e9nyelmes, \u00e9s a lank\u00e1s dombokr\u00f3l gyakran j\u00f3 kil\u00e1t\u00e1s esik a foly\u00f3t k\u00eds\u00e9r\u0151 vizeny\u0151s ter\u00fcletekre. 2011-ben Ipolyh\u00eddv\u00e9gen \u2013 mik\u00f6zben a r\u00e9gi h\u00edd nyomait kerest\u00fck -, pog\u00e1cs\u00e1val \u00e9s \u00e1sv\u00e1nyv\u00edzzel k\u00edn\u00e1ltak meg. Azt\u00e1n megmutatt\u00e1k, ami kerest\u00fcnk, s\u0151t, a \u201ek\u00e9zi vez\u00e9rl\u00e9s\u0171\u201d mini-kompot is, amit akkor ki is pr\u00f3b\u00e1ltunk.<\/p>\n<p>Egykor fontos \u00e1tkel\u0151hely volt (szemben \u00e1llt Dr\u00e9gely v\u00e1r), s jelent\u0151s\u00e9ge megn\u00f6veked\u00e9s\u00e9vel maga Hunyadi J\u00e1nos rendelte el 1449-ben az els\u0151 h\u00edd \u00e9p\u00edt\u00e9s\u00e9t. A r\u00e9gi k\u0151hidat a m\u00e1sodik vil\u00e1gh\u00e1bor\u00fa v\u00e9g\u00e9n robbantott\u00e1k fel a n\u00e9metek, s az\u00f3ta nincs a hely\u00e9n semmi \u2013 a k\u00e9t orsz\u00e1g viszonyait t\u00fckr\u00f6zi, hogy az els\u0151 vil\u00e1gh\u00e1bor\u00faig 47 h\u00eddon lehetett \u00e1tkelni az Ipolyon, ma bezzeg\u2026 Az ig\u00e9nyt a helyi kezdem\u00e9nyez\u00e9s\u0171, f\u00e1b\u00f3l \u00e9p\u00edtett gyaloghidak jelzik. Ha rendes h\u00edd \u00e9p\u00fcl, az Szondi Gy\u00f6rgy h\u00edd lesz \u2013 m\u00e1r tervezgetik, b\u00e1r az Ipoly itt \u00e9ppen v\u00e9dett ter\u00fcleten folydog\u00e1l\u2026 Erre egy\u00e9bk\u00e9nt \u201ediplom\u00e1s\u201d falvak sorakoznak, mivel a magyaros el\u0151tag ut\u00e1n ott olvashat\u00f3 a szlov\u00e1k nad Ipl\u2019om kifejez\u00e9s, vagyis Ipoly melletti\u2026<\/p>\n<p>Ipolybalogon (Balog nad Ipl\u2019om) sem id\u0151zt\u00fcnk, de mindenk\u00e9ppen felh\u00edvom a figyelmet a falu el\u0151tt \u00e1ll\u00f3 13. sz\u00e1zadban emelt templom\u00e1ra &#8211; amely az\u00f3ta minden \u00e9vsz\u00e1zadban kib\u0151v\u00fclt -, amely arr\u00f3l h\u00edres, hogy a Szent Koron\u00e1t K\u00e1roly R\u00f3bert \u00e9s Vencel cseh kir\u00e1ly k\u00f6z\u00f6tti tr\u00f3nvisz\u00e1ly idej\u00e9n \u2013 1304-ben &#8211; egy \u00e9jszak\u00e1ra itt \u0151rizt\u00e9k. Ennek eml\u00e9k\u00e9re 2005. augusztus 14-\u00e9n a korona egy h\u0171 m\u00e1solat\u00e1t helyezt\u00e9k itt el, s az\u00f3ta minden \u00e9vben meg\u00fcnneplik ezt az esem\u00e9nyt. A templom torny\u00e1nak cs\u00facs\u00e1t is egy Szentkorona-m\u00e1solat d\u00edsz\u00edti \u2013 M\u00e1ty\u00e1s kir\u00e1ly rendelet\u00e9re.<\/p>\n<p>A telep\u00fcl\u00e9st elhagyva rend\u0151raut\u00f3t vett\u00fcnk \u00e9szre, mellette \u00e1lldog\u00e1l\u00f3 rend\u0151r\u00f6kkel. Hab\u00e1r senki sem ivott egy kortyos sem, fesz\u00fclten, nagyot k\u00f6sz\u00f6nve tekert\u00fcnk el el\u0151tt\u00fck, s erre \u0151k szint\u00e9n magyarul k\u00f6sz\u00f6ntek vissza.<\/p>\n<p>&nbsp;<\/p>\n<p>A felt\u00e1masztott Pusztatemplom<\/p>\n<p>Ipolykeszit a mes\u00e9s nev\u0171 Nagycsalomja k\u00f6vette, amely egy meglepet\u00e9ssel szolg\u00e1lt. Az orsz\u00e1g\u00fat mell\u00e9 egy \u201epusztatemplom\u201d felirat\u00fa t\u00e1bl\u00e1t \u00e1ll\u00edtottak. Nem tudtam r\u00f3la, \u00edgy \u2013 mivel aznap m\u00e9g nem n\u00e9zt\u00fcnk meg semmit -, elhat\u00e1roztam, hogy felkeresem. Err\u0151l megoszlottak a v\u00e9lem\u00e9nyek, \u00edgy azt\u00e1n a frissen ki\u00e1sott v\u00edzelvezet\u0151 \u00e1rok miatt ketten ker\u00e9kp\u00e1rral, ketten gyalog v\u00e1gtunk neki a 200 m\u00e9teres kit\u00e9r\u0151nek. Addig ketten a nagy h\u00e1rsfa alatti padon pihentek\u2026<\/p>\n<p>A dombra fel\u00e9rve meg is pillantottuk a romot a napraforg\u00f3mez\u0151 melletti erd\u0151sz\u00e9len. Az \u00e9rintett ipolybalogival egy id\u0151ben \u00e9p\u00fclhetett (pog\u00e1ny szl\u00e1v temet\u0151re), \u00e9s az egykor ez volt Nagycsalomja temploma. A tat\u00e1rj\u00e1r\u00e1s ut\u00e1n \u00fajj\u00e1 kellett \u00e9p\u00edteni, de azt\u00e1n minden korban \u201emegkapta a mag\u00e1\u00e9t\u201d \u2013 a st\u00edlusokat tekintve. 1868 ut\u00e1n \u2013 amikor teteje beomlott &#8211; m\u00e1r nem haszn\u00e1lt\u00e1k, s az id\u0151vel elt\u00e1volodott telep\u00fcl\u00e9s is \u00faj templomot emeltetett. Annak ellen\u00e9re, hogy sok jeles ember tudott \u00e9s \u00edrt a r\u00e9gi templomr\u00f3l \u2013 amelynek n\u00e9gy mell\u00e9kolt\u00e1ra, k\u00f6z\u00e9pkori falfest\u00e9se \u00e9s kript\u00e1ja is volt! -, a sz\u00e1zadfordul\u00f3 k\u00f6r\u00fcl m\u00e9gis elhordt\u00e1k a falak j\u00f3 r\u00e9sz\u00e9t. Az 1940-es \u00e9vekben m\u00e9g megvolt faragott renesz\u00e1nsz d\u00e9li kapuja.<\/p>\n<p>Micsoda v\u00e9letlen: \u00e9ppen az \u00e9vben fejezt\u00e9k be a munk\u00e1latokat! A templom jellegzetes nyugati oromfala m\u00f6g\u00f6tt a kil\u00e1t\u00f3-szer\u0171 karzatot \u00e9p\u00edtettek, rendezt\u00e9k a k\u00f6rnyezetet \u00e9s fel\u00faj\u00edtott\u00e1k Bolg\u00e1r G\u00e1bor alisp\u00e1n, az 1848-49-es honti lovas-nemzet\u0151rs\u00e9g parancsnok\u00e1nak csal\u00e1di s\u00edreml\u00e9k\u00e9t is, amely t\u00f6bb 18-19. sz\u00e1zadi s\u00edreml\u00e9k egyike.<\/p>\n<p>&nbsp;<\/p>\n<div id=\"attachment_5748\" style=\"width: 310px\" class=\"wp-caption alignright\"><a href=\"http:\/\/induljelegyuton.hu\/wp-content\/uploads\/DSC_0547-1.jpg\"><img loading=\"lazy\" decoding=\"async\" aria-describedby=\"caption-attachment-5748\" class=\"size-medium wp-image-5748\" src=\"http:\/\/induljelegyuton.hu\/wp-content\/uploads\/DSC_0547-1-300x200.jpg\" alt=\"A r\u00e1ntott h\u00fas krumplisal\u00e1t\u00e1val a t\u00fara kiemelked\u0151 kulin\u00e1ris \u00e9lm\u00e9nye volt...\" width=\"300\" height=\"200\" srcset=\"https:\/\/induljelegyuton.hu\/wp-content\/uploads\/DSC_0547-1-300x200.jpg 300w, https:\/\/induljelegyuton.hu\/wp-content\/uploads\/DSC_0547-1-768x512.jpg 768w, https:\/\/induljelegyuton.hu\/wp-content\/uploads\/DSC_0547-1-225x150.jpg 225w, https:\/\/induljelegyuton.hu\/wp-content\/uploads\/DSC_0547-1-150x100.jpg 150w, https:\/\/induljelegyuton.hu\/wp-content\/uploads\/DSC_0547-1.jpg 850w\" sizes=\"auto, (max-width: 300px) 100vw, 300px\" \/><\/a><p id=\"caption-attachment-5748\" class=\"wp-caption-text\">A r\u00e1ntott h\u00fas krumplisal\u00e1t\u00e1val a t\u00fara kiemelked\u0151 kulin\u00e1ris \u00e9lm\u00e9nye volt&#8230;<\/p><\/div>\n<p>Az el\u00e9nk toppant r\u00e1ntotth\u00fas<\/p>\n<p>El\u00e9gedetten s\u00e9t\u00e1ltunk-gurultunk vissza, majd egy kis pihen\u0151t k\u00f6vet\u0151en nekirugaszkodtunk a romos \u2013 \u00e1m megmenthet\u0151 \u2013 g\u0151zmalom t\u00e9glak\u00e9m\u00e9nye \u00e9s \u00e9p\u00fclete mellett K\u00f3v\u00e1r fel\u00e9. A hegyek ugyan elt\u00e1volodtak t\u0151l\u00fcnk, de az Ipolyon t\u00fal Balassagyarmat tornyai l\u00e1tsz\u00f3dtak. Pontosan a b\u00edr\u00f3s\u00e1g, a k\u00fcl\u00f6n\u00f6s, k\u00f6r alak\u00fa fegyh\u00e1z \u00e9s b\u00f6rt\u00f6n teteje, illetve a pl\u00e9b\u00e1niatemplom tornya. Nagyon \u00e9rett m\u00e1r egy k\u00e1v\u00e9\u2026 T\u00f3tgyarmaton, a hat\u00e1r\u00e1tkel\u0151n\u00e9l elkezdt\u00fck v\u00e1logatni a felmer\u00fcl\u0151 s\u00f6r\u00f6z\u0151kb\u0151l \u2013 ez az\u00e9rt, ez emez\u00e9rt nem j\u00f3 -, de csak haladtunk az 527-esen.. Erd\u0151meg (Z\u00e1horce) hozta meg az \u00e1tt\u00f6r\u00e9st.<\/p>\n<p>A szinte eg\u00e9szen szlov\u00e1k telep\u00fcl\u00e9sen megtal\u00e1ltuk a kedv\u00fcnkreval\u00f3, Kozel-embl\u00e9m\u00e1s vend\u00e9gl\u0151f\u00e9l\u00e9t, a Pohostinstvo-t (vend\u00e9gszeretet). Az asszony a pult m\u00f6g\u00f6tt magyarul v\u00e1laszolt, mi pedig elkezdt\u00fck el\u0151adni k\u00e1v\u00e9- \u00e9s s\u00f6r ig\u00e9nyeinket.\u00a0 \u2013 Van men\u00fcnk. Ha akarnak, eb\u00e9delhetnek. \u2013 az asszony aj\u00e1nlat\u00e1t nem tudtuk figyelmen k\u00edv\u00fcl hagyni.<\/p>\n<p>\u2013 \u00c9s mi az? \u2013 R\u00e1ntott h\u00fas krumplisal\u00e1t\u00e1val. \u2013 M\u00e1r meg is feledkezt\u00fcnk a k\u00e1v\u00e9r\u00f3l, teljesen felvillanyoz\u00f3dtunk. Esz\u00fcnkbe sem jutott, hogy szembej\u00f6het vel\u00fcnk az eb\u00e9d! A s\u00f6rrel felvezetett \u00e9tel pedig pomp\u00e1s \u00e9s kiad\u00f3s volt. Pont olyanok voltunk, mint hat j\u00f3llakott napk\u00f6zis.<\/p>\n<p>&nbsp;<\/p>\n<p>Egy elhivatott \u00e9rt\u00e9kment\u0151<\/p>\n<p>Egy r\u00e9gi kedvencem, Zs\u00e9ly (Zelovce) k\u00f6vetkezett, melynek barokk-klasszicista kast\u00e9ly\u00e1t kb. nyolc \u00e9ve k\u00f6rbej\u00e1rtam. A falu els\u0151 keresztez\u0151d\u00e9s\u00e9ben el\u0151re is hajtottam, hogy a m\u0171eml\u00e9khez vezessem a csapatot. Csakhogy a t\u00f6bbiek meg\u00e1lltak, \u00e9n pedig v\u00e1rni kezdtem r\u00e1juk \u2013 \u00edgy szakadtunk el egym\u00e1st\u00f3l. K\u00e9t nagy k\u00f6r ut\u00e1n a kast\u00e9ly el\u0151tt futottam bel\u00e9j\u00fck \u2013 ez egyszer\u0171bb is mehetett volna. Meglepet\u00e9semre ketten m\u00e1r elmentek a kast\u00e9lyban l\u00e9v\u0151 Helyt\u00f6rt\u00e9neti Gy\u0171jtem\u00e9ny kezel\u0151j\u00e9\u00e9rt. Ilyen kezdem\u00e9nyez\u00e9s nem volt! Kis id\u0151 m\u00falva \u2013 egy aut\u00f3t k\u00f6vetve \u2013 megjelentek, intettek, mi pedig ut\u00e1nuk vetett\u00fck magunkat. A kast\u00e9ly f\u0151bej\u00e1rata el\u0151tt B\u0151hm Andr\u00e1s m\u00e9rn\u00f6k, a helyi gy\u0171jtem\u00e9nyek gondoz\u00f3ja sz\u00e1llt ki az aut\u00f3b\u00f3l \u00e9s nagy igyekezettel kezdett el a zs\u00e9lyi magyarokr\u00f3l, zs\u00e9lyi gondokr\u00f3l besz\u00e9lni. Tagja \u0151 a zs\u00e9lyi Victoria Kult\u00faregyes\u00fcletnek is, \u00e9s remek gondnoka \u00e9s t\u00e1rlatvezet\u0151je a szomsz\u00e9dban l\u00e9v\u0151 Miksz\u00e1th-eml\u00e9kh\u00e1znak. \u00c9desapja, B\u0151hm J\u00f3zsef nyomdokain j\u00e1r, aki kezdem\u00e9nyez\u0151je \u00e9s szervez\u0151je volt a helyi kultur\u00e1lis \u00e9letnek, s p\u00e9ld\u00e1ul a neves sz\u00ednj\u00e1tsz\u00f3 k\u00f6rnek is. D\u00edszpolg\u00e1r volt.<\/p>\n<p>A kast\u00e9ly egyik fel\u00e9vel \u2013 \u00e9s a nagyteremmel \u2013 1772-ben k\u00e9sz\u00fcltek el, m\u00edg a m\u00e1sik sz\u00e1rny\u00e1t majdnem sz\u00e1z \u00e9vvel k\u00e9s\u0151bb \u00e9p\u00edtette gr\u00f3f Zichy K\u00e1roly. A kast\u00e9ly meglehet\u0151sen \u00fcres \u2013 1939-ig a Zichy csal\u00e1d lev\u00e9lt\u00e1r\u00e1nak adott helyet, amelyet akkor az Orsz\u00e1gos Lev\u00e9lt\u00e1rnak adom\u00e1nyoztak. Az utolj\u00e1ra mez\u0151gazdas\u00e1gi szakiskolak\u00e9nt m\u0171k\u00f6d\u0151 kast\u00e9ly egyik sz\u00e1rny\u00e1ba a helyt\u00f6rt\u00e9neti gy\u0171jtem\u00e9nyt k\u00f6lt\u00f6ztett\u00e9k 2002-ben.<\/p>\n<p>A m\u00e1sodik vil\u00e1gh\u00e1bor\u00faban m\u00e1r a n\u00e9metek is a kast\u00e9ly nagy faajt\u00f3it fektett\u00e9k bele a s\u00e1rba, hogy \u00a0j\u00e1rm\u0171veik k\u00f6nnyebben j\u00e1rhassanak. \u2013 mes\u00e9lte vezet\u0151nk. &#8211; Itt is rebesgetik, hogy volt titkos alag\u00fat amelyen ki lehetett jutni titokban az \u00e9p\u00fcletb\u0151l, de ez val\u00f3sz\u00edn\u0171leg l\u00e9tezett \u2013 vagy l\u00e9tezik? \u2013 mert a megadott ir\u00e1nyban van elfalazott pincej\u00e1rat.<\/p>\n<p>&nbsp;<\/p>\n<div id=\"attachment_5749\" style=\"width: 310px\" class=\"wp-caption alignright\"><a href=\"http:\/\/induljelegyuton.hu\/wp-content\/uploads\/DSC_0575.jpg\"><img loading=\"lazy\" decoding=\"async\" aria-describedby=\"caption-attachment-5749\" class=\"size-medium wp-image-5749\" src=\"http:\/\/induljelegyuton.hu\/wp-content\/uploads\/DSC_0575-300x200.jpg\" alt=\"B\u00f6hm Andr\u00e1s \u00far, aki m\u00e9g gy\u0151zi a gy\u0171jtem\u00e9ny bemutat\u00e1s\u00e1t... Egy\u00edv\u00e1s\u00faak vagyunk...\" width=\"300\" height=\"200\" srcset=\"https:\/\/induljelegyuton.hu\/wp-content\/uploads\/DSC_0575-300x200.jpg 300w, https:\/\/induljelegyuton.hu\/wp-content\/uploads\/DSC_0575-768x512.jpg 768w, https:\/\/induljelegyuton.hu\/wp-content\/uploads\/DSC_0575-225x150.jpg 225w, https:\/\/induljelegyuton.hu\/wp-content\/uploads\/DSC_0575-150x100.jpg 150w, https:\/\/induljelegyuton.hu\/wp-content\/uploads\/DSC_0575.jpg 850w\" sizes=\"auto, (max-width: 300px) 100vw, 300px\" \/><\/a><p id=\"caption-attachment-5749\" class=\"wp-caption-text\">B\u00f6hm Andr\u00e1s \u00far, aki m\u00e9g gy\u0151zi a gy\u0171jtem\u00e9ny bemutat\u00e1s\u00e1t&#8230; Egy\u00edv\u00e1s\u00faak vagyunk&#8230;<\/p><\/div>\n<p>R\u00e9mt\u00f6rt\u00e9netek \u00e9s gazdag gy\u0171jtem\u00e9ny<\/p>\n<p>A kocsibej\u00e1r\u00f3ban n\u00e9h\u00e1ny tucat eg\u00e9r futott sz\u00e9t a sz\u00e1r\u00edtott magvakr\u00f3l, \u00e9s felmas\u00edroztunk a l\u00e9pcs\u0151k\u00f6n az olajfest\u00e9kkel kim\u00e1zolt folyos\u00f3ra. Itt m\u00e1r r\u00e9gen semmi sem utal f\u0151\u00fari lakra. Vezet\u0151nk sz\u00f3t ejtett a nagyterem k\u00e9t k\u00fcl\u00f6nleges cser\u00e9pk\u00e1lyh\u00e1j\u00e1nak elkeser\u00edt\u0151 v\u00e9g\u00e9r\u0151l: az egyikben sz\u00f3rakoz\u00e1sk\u00e9ppen k\u00e9zigr\u00e1n\u00e1tot robbantottak, a m\u00e1sikb\u00f3l a bronz l\u00e1bakat t\u00f6rte ki a lakatos, s az is t\u00f6nkrement.<\/p>\n<p>A gy\u0171jtem\u00e9ny folyos\u00f3j\u00e1n sz\u00e1mos foglalkoz\u00e1s, mez\u0151gazdas\u00e1gi munka, vagy a h\u00e9tk\u00f6znap paraszti \u00e9let t\u00e1rgyai sorakoztak. A gy\u0171jtem\u00e9ny alapj\u00e1t\u00a0 &#8211; \u00e9s sz\u00e1mszer\u0171leg legnagyobb r\u00e9sz\u00e9t &#8211; a k\u00f6zeli avar kori temet\u0151k felsz\u00ednre ker\u00fclt anyag\u00e1nak amat\u0151r gy\u0171jt\u00e9sei adj\u00e1k. A \u201970-es \u00e9vekben a felhalmozott n\u00e9prajzi \u00e9s archeol\u00f3giai t\u00e1rgyak bemutat\u00e1s\u00e1ra k\u00e9t helyis\u00e9get \u00edg\u00e9rtek a \u201ek\u00f6zpontb\u00f3l\u201d, de mire azok elk\u00e9sz\u00fcltek, azokat mozgalmi eml\u00e9kszob\u00e1knak adt\u00e1k. M\u00e1r ekkor m\u00e9ltatlan helyzetbe ker\u00fcltek a gy\u0171jtem\u00e9nyek, majd ide, ami megmaradt.<\/p>\n<p>Sz\u00e9p id\u0151k j\u00e1rnak errefel\u00e9 is: nemr\u00e9g harmadj\u00e1ra is kirabolt\u00e1k a m\u00fazeumot, de nem \u00e1m ostoba fajank\u00f3k: c\u00e9lzottan csak a leg\u00e9rt\u00e9kesebb avar-kori leleteket vittek el\u2026 A k\u00fcl\u00f6nb\u00f6z\u0151 korokban letelepedett n\u00e9pek, emberek eml\u00e9k\u00e9t r\u00e9gi p\u00e9nz\u00e9rm\u00e9k, pattintott k\u0151szersz\u00e1mok, csontok, \u00e9kszerek, haszn\u00e1lati t\u00e1rgyak \u0151rzik, de a homokb\u00e1ny\u00e1b\u00f3l c\u00e1pafogakat, \u00e9s egy\u00e9b \u0151smaradv\u00e1nyokat is ki\u00e1ll\u00edtottak.<\/p>\n<p>B\u0151hm \u00far b\u00fcszk\u00e9n mutatta be a Zs Nagy Lajos-eml\u00e9kki\u00e1ll\u00edt\u00e1st, amelynek \u0151 volt a kezdem\u00e9nyez\u0151je. A k\u00f6lt\u0151 a szomsz\u00e9dos Szklabonya sz\u00fcl\u00f6tte volt, emellett a Magyar \u00cdr\u00f3sz\u00f6vets\u00e9g \u00e9s a Szlov\u00e1kiai Magyar \u00cdr\u00f3k T\u00e1rsas\u00e1g\u00e1nak tagja \u2013 \u00fajs\u00e1g\u00edr\u00f3k\u00e9nt dolgozott, 2005-ben hunyt el Zs\u00e9lyen.<\/p>\n<p>B\u0151hm \u00far mes\u00e9lt az \u201eiparos\u201d Zs\u00e9lyr\u0151l is, amely r\u00e9szben a kast\u00e9ly\u00e9p\u00edt\u00e9snek k\u00f6sz\u00f6nhet\u0151, mivel a ahhoz mesterembereket h\u00edvott letelepedni a Zichy csal\u00e1d. M\u00e1sr\u00e9szt az\u00e9rt is tudt\u00e1k sokan megvetni a l\u00e1bukat itt, mert 1863-ban m\u00e1r m\u00e1sodik t\u0171zv\u00e9sz k\u00f6vetkezett be, amelyben rengeteg jobb\u00e1gy lett f\u00f6ld\u00f6nfut\u00f3. Ezek f\u00f6ldjeit jobb\u00e1ra betelep\u00fcl\u0151 szlov\u00e1k polg\u00e1rok v\u00e1s\u00e1rolt\u00e1k fel, de n\u00e9met ter\u00fcletr\u0151l is sok mesterember \u00e9rkezett. Zs\u00e9ly gazdag telep\u00fcl\u00e9s is volt: volt t\u00e9glagy\u00e1ra, , v\u00edz- \u00e9s g\u0151zmalma, sz\u00e9n- \u00e9s s\u00f3lel\u0151helye, sz\u0151l\u0151sei\u2026<\/p>\n<p>A n\u00e9h\u00e1ny teremben t\u00f6bb mesters\u00e9g t\u00e1rgyait, k\u00e9szterm\u00e9keit mutatj\u00e1k be \u2013 k\u00e1d\u00e1r, p\u00e9k, t\u00e9glavet\u0151, kov\u00e1cs, tak\u00e1cs, bor\u00e1szat -, a n\u00e9prajzi gy\u0171jtem\u00e9ny pedig k\u00e9t lak\u00e1sberendez\u00e9s-t\u00edpust \u00f6tv\u00f6z egy helyis\u00e9gben a 19-20. sz\u00e1zad fordul\u00f3j\u00e1r\u00f3l.<\/p>\n<p>\u201eAnnak ellen\u00e9re tessz\u00fck, mert n\u00e9h\u00e1ny \u00e9v m\u00falva m\u00e1r megint kevesebb lesz abb\u00f3l, amit m\u00e9g meg lehet menteni. A dolgok elvesznek a szem\u00e9tdombokon \u00e9s az \u00fczletel\u0151kn\u00e9l s az \u00f6regek, akik m\u00e9g eml\u00e9keznek a fontos r\u00e9gi dolgokra, pedig kihalnak.\u201d \u2013 \u00edgy vallottak az \u00e9rt\u00e9kment\u0151k.<\/p>\n<p>Egyik\u00fcnk \u00edgy tette fel a k\u00e9rd\u00e9st: &#8211; Van \u00e9rdekl\u0151d\u00e9s a gy\u0171jtem\u00e9ny ir\u00e1nt? Lesz, aki folytatja?<\/p>\n<p>&#8211; Nincs ki, \u00e9s nincs kinek\u2026 &#8211; legyintett keser\u0171en \u2013 de rem\u00e9nykedj\u00fcnk!<\/p>\n<p>&nbsp;<\/p>\n<p>Sz\u00edvvel-l\u00e9lekkel Miksz\u00e1thr\u00f3l<\/p>\n<p>Nyolc \u00e9ve der\u0171sebbeket k\u00e9pzeltem a falak m\u00f6g\u00e9\u2026 Kicsit zaklatottan tekert\u00fcnk ki a falub\u00f3l. Szklabonya k\u00f6vetkezett, avagy Miksz\u00e1thfalva, ahol a J\u00f3 pal\u00f3cok \u00e9s a T\u00f3t atyafiak \u00edr\u00f3ja n\u0151tt fel. Tudtuk, hogy kev\u00e9s id\u0151nk van, \u00edgy gyorsan betoltuk a ker\u00e9kp\u00e1rokat a csinos eml\u00e9kh\u00e1z sz\u00e9p udvar\u00e1ra \u00e9s k\u00e9rt\u00fck a bel\u00e9p\u0151ket.<\/p>\n<p>Zita asszony, a t\u00e1rlatvezet\u0151 izgatottan \u00e9s nagy \u00f6r\u00f6mmel fogadott benn\u00fcnket \u2013 \u00e9s a t\u00e1rlatvezet\u00e9se elej\u00e9n betoppant k\u00e9t h\u00f6lgyet is. (Ennek eredm\u00e9nyek\u00e9ppen ker\u00fclt f\u00f6l n\u00e9h\u00e1ny bent k\u00e9sz\u00edtett fot\u00f3m az eml\u00e9kh\u00e1z facebook oldal\u00e1ra, mivel k\u00e9rte elk\u00fcld\u00e9s\u00fcket). Miksz\u00e1th K\u00e1lm\u00e1n (1847-1910) a nyelvhat\u00e1ron, Szklabony\u00e1n, egy szlov\u00e1k faluban sz\u00fcletett \u00e9s n\u0151tt fel, \u00edgy j\u00f3l ismerte a szlov\u00e1kokat: ugyanolyan j\u00f3ba volt vel\u00fck, mint az \u0151 magyarjaival. Gyerekk\u00e9nt itt itta mag\u00e1ba a parasztok mes\u00e9it, az \u201eijedelmes t\u00f6rt\u00e9neteket\u201d, \u00e9s itt fejl\u0151d\u00f6tt ki csod\u00e1latos megfigyel\u0151k\u00e9pess\u00e9ge, amely visszak\u00f6sz\u00f6nt apr\u00f3l\u00e9kos jellemrajzaiban. Itt a kov\u00e1csm\u0171hely volt a kaszin\u00f3, a \u201eklub\u201d, ahol \u00f6ssze- \u00e9s sz\u00e9tfutottak a h\u00edrek, \u00edgy Miksz\u00e1th \u00edr\u00e1saiban mindig felt\u0171nt egy-egy kov\u00e1cs. Miksz\u00e1th \u2013 iskol\u00e1i ut\u00e1n &#8211; eleinte joggal foglalkozott, s amellett \u00fajs\u00e1g\u00edr\u00e1ssal. Feles\u00e9g\u00e9t k\u00e9tszer vette el, mert els\u0151 h\u00e1zass\u00e1gukra a nyomor \u00e1rnya vet\u00fclt, mivel az \u00edr\u00f3 akkor m\u00e9g nem \u201efutott be\u201d, s sz\u00fclei is ekkor hunytak el. Miut\u00e1n \u00edr\u00e1sai \u2013 \u00e9s karcolatai &#8211; r\u00e9v\u00e9n sikeres lett, 1882-ben ism\u00e9t elvette Mauks Ilon\u00e1t, \u00e9s v\u00e9gre utol\u00e9rte a boldogs\u00e1g is.<\/p>\n<div id=\"attachment_5750\" style=\"width: 310px\" class=\"wp-caption alignright\"><a href=\"http:\/\/induljelegyuton.hu\/wp-content\/uploads\/DSC_0607.jpg\"><img loading=\"lazy\" decoding=\"async\" aria-describedby=\"caption-attachment-5750\" class=\"size-medium wp-image-5750\" src=\"http:\/\/induljelegyuton.hu\/wp-content\/uploads\/DSC_0607-300x200.jpg\" alt=\"A Miksz\u00e1th-eml\u00e9kh\u00e1z udvar\u00e1ban\" width=\"300\" height=\"200\" srcset=\"https:\/\/induljelegyuton.hu\/wp-content\/uploads\/DSC_0607-300x200.jpg 300w, https:\/\/induljelegyuton.hu\/wp-content\/uploads\/DSC_0607-768x512.jpg 768w, https:\/\/induljelegyuton.hu\/wp-content\/uploads\/DSC_0607-225x150.jpg 225w, https:\/\/induljelegyuton.hu\/wp-content\/uploads\/DSC_0607-150x100.jpg 150w, https:\/\/induljelegyuton.hu\/wp-content\/uploads\/DSC_0607.jpg 850w\" sizes=\"auto, (max-width: 300px) 100vw, 300px\" \/><\/a><p id=\"caption-attachment-5750\" class=\"wp-caption-text\">A Miksz\u00e1th-eml\u00e9kh\u00e1z udvar\u00e1ban<\/p><\/div>\n<p>Zita asszony olyan \u00e1t\u00e9l\u00e9ssel mutatta be az \u00edr\u00f3t, \u00e9let\u00e9t, \u00e9s csal\u00e1dj\u00e1t, hogy mindenkit arra buzd\u00edtok: \u00e9lje \u00e1t ott &#8211; \u00e9l\u0151ben! Igen k\u00fcl\u00f6n\u00f6s, hogy a 19. sz\u00e1zad elej\u00e9ig a csal\u00e1d Mixadt-k\u00e9nt \u00edrta csal\u00e1dnev\u00e9t! A szemben l\u00e9v\u0151 temet\u0151ben m\u00e1ris l\u00e1thattuk az x-eket. Sajnos b\u00e1rmennyire is szerette t\u00f3t atyafiait, azok \u0151t nem fogadt\u00e1k be eg\u00e9szen, mivel magyarul \u00edrt.<\/p>\n<p>Az eml\u00e9kh\u00e1z t\u00f6rt\u00e9nete \u2013 szerintem \u2013 tal\u00e1nyos, mivel az 1968-as \u00e9vsz\u00e1m mellett ez \u00e1ll: \u201eHat\u00f3s\u00e1gi enged\u00e9llyel a tulajdonos lebontja a h\u00e1zat, ahol Miksz\u00e1th K\u00e1lm\u00e1n sz\u00fcletett.\u201d Ennek ellen\u00e9re az eredetinek megfelel\u0151en a h\u00e1zzal szemk\u00f6zt l\u00e9v\u0151 temet\u0151ben \u00e1ll az \u00edr\u00f3 h\u00fag\u00e1nak, Marisk\u00e1nak a s\u00edrk\u00f6ve, amelyet 2014-ben a zs\u00e9lyi Victori\u00e1sok k\u00e9sz\u00edttettek el.<\/p>\n<p>J\u00f3kedv\u0171en, az el\u0151ad\u00e1st\u00f3l fel\u00e9l\u00e9nk\u00fclve intett\u00fcnk b\u00facs\u00fat a kis h\u00e1znak. A meleg kiss\u00e9 al\u00e1bbhagyott, \u00e9s a felh\u0151k adta \u00e1rny\u00e9kot \u00f6r\u00f6mmel vett\u00fck.<\/p>\n<p>&nbsp;<\/p>\n<p>Szabads\u00e1gon a fejek<\/p>\n<p>\u00c1tped\u00e1loztunk Kisk\u00fcrt\u00f6sre, ahol egyre d\u00f6c\u00f6g\u0151sebben ment a t\u00e1j\u00e9koz\u00f3d\u00e1s, mivel teljesen r\u00e1b\u00edztuk magunkat a GPS jelz\u00e9seire. A net meg persze akadozott\u2026 A legk\u00f6zelebbi kempinget vett\u00fck c\u00e9lba Als\u00f3sztegov\u00e1n, de addig sok hegyvid\u00e9ki \u00fat volt m\u00e9g h\u00e1tra\u2026 Egy cirkuszs\u00e1torn\u00e1l megkezdt\u00fck a kikecmerg\u00e9st a v\u00f6lgyb\u0151l az els\u0151 erd\u0151s dombh\u00e1tra. Fent a csapat meg\u00e1llt egyet f\u00fajni, amikor Karesz bar\u00e1tunk &#8211; akin\u00e9l volt \u201eval\u00f3di\u201d t\u00e9rk\u00e9p -, \u201eakkor, ahogy megbesz\u00e9lt\u00fck: k\u00f6vetkez\u0151 falun\u00e1l balra\u201d-kurjant\u00e1ssal lez\u00fadult a v\u00f6lgybe. Ezt nem mindenki halotta\u2026 Nemsok\u00e1ra k\u00f6vett\u00fck \u2013 \u00e9n utols\u00f3k\u00e9nt -, s Nagyhalomn\u00e1l (Vel\u2019k\u00e9 Straciny) a t\u00f6bbiek keltette huzatban jobbra s\u00fcv\u00edtett\u00fcnk tov\u00e1bb, lefel\u00e9. Gy\u00f6ny\u00f6r\u0171 \u00fat volt erd\u0151vel, patakv\u00f6lggyel, vas\u00fattal (csak egy helyen \u00fclt meg a v\u00f6lgyben valami kl\u00f3ros fuvallat), s hat kilom\u00e9ter ut\u00e1n meg\u00e9rkezt\u00fcnk Als\u00f3zell\u0151re. Rossz helyre \u2013 m\u00e1r \u00e9rkezett is bar\u00e1tunk telefonja: hol vagytok? A gond \u2013 szerintem &#8211; legink\u00e1bb vel\u00fcnk volt, mivel szabads\u00e1gunkra hivatkozva mindenki kikapcsolta az agy\u00e1t \u00e9s nem figyelt\u00fcnk. M\u00edg tiszt\u00e1ztuk a helyzetet, lefot\u00f3ztam a telep\u00fcl\u00e9s haldokl\u00f3, barokk Pr\u00f3nay-kiskast\u00e9ly\u00e1t. V\u00e9g\u00f3r\u00e1it \u00e9lte.<\/p>\n<p>F\u00fajtatva \u00e9rt\u00fcnk fel Nagyhalomra, ahonnan m\u00e1r kicsit higgadtabban gurultunk le a m\u00e1sik ir\u00e1nyba. Ekkor egy sor teheraut\u00f3ba \u00e9s p\u00f3tkocsis traktorba botlottunk. Nem tudtuk mire v\u00e9lni a torl\u00f3d\u00e1st, \u00edgy \u00f3vatosan el\u0151rearaszoltunk. \u00dagy n\u00e9zett ki, hogy a cementgy\u00e1r k\u00fcllem\u0171 l\u00e9tes\u00edtm\u00e9ny sil\u00f3ihoz j\u00f6ttek. (Arra m\u00e1r nem eml\u00e9kezt\u00fcnk, hogy term\u00e9nyt hoztak vagy vittek\u2026) Egyik t\u00e1rsunk \u2013 elbizonytalanodva az \u00fatir\u00e1nyban \u2013 \u00f3vatosan megsz\u00f3l\u00edtott egy v\u00e1rakoz\u00f3 sof\u0151rt. \u2013 Besz\u00e9l magyarul? \u2013 H\u00e1t hogyne! \u2013 j\u00f6tt a v\u00e1lasz megh\u00f6kkenten. A k\u00f6vetkez\u0151kben azonban m\u00e1s ter\u00fcletre vet\u0151dt\u00fcnk\u2026<\/p>\n<p>&nbsp;<\/p>\n<p>Kinevett\u00e9k a fekv\u0151bring\u00e1t..!<\/p>\n<p>Az k\u00e9s\u0151 d\u00e9lut\u00e1n f\u00e9nyeiben felkaptattunk a k\u00f6vetkez\u0151 p\u00fapra, ahonnan Kishalom b\u00e1ny\u00e1sztelep\u00fcl\u00e9sre gurultunk le. Ezt a pici \u2013 szlov\u00e1kosan modern \u00e9s n\u00e9gysz\u00f6gletes \u2013 templom el\u0151tt kitett b\u00e1nyamozdonyb\u00f3l k\u00f6vetkeztettem ki. De a lak\u00f3k fogadtat\u00e1sa nem volt kedv\u00fcnkre val\u00f3, mivel a fekv\u0151 bicikliket l\u00e1tva teli sz\u00e1jjal kacagtak \u00e9s a legt\u00f6bben igen barn\u00e1k voltak, \u00edgy a sz\u00e9p k\u00f6rnyezet ellen\u00e9re meg\u00e1ll\u00e1s n\u00e9lk\u00fcl tekert\u00fck ki a k\u00f6ny\u00f6rtelen, 3 kilom\u00e9teres emelked\u0151t. A t\u00faloldalon Potor-N\u00f3gr\u00e1dszentp\u00e9terre \u00e9rkezt\u00fcnk le, ahol hasonl\u00f3 n\u00e9ps\u00e9g fogadott benn\u00fcnket, harsog\u00f3 nevet\u00e9ssel. Afrikai helyzetben \u00e9rezt\u00fck magukat, de a 13. sz\u00e1zadi (ma) evang\u00e9likus templomot, az 1599-ben \u00e9p\u00edtett torny\u00e1val m\u00e9g lefot\u00f3ztam, \u00e9s sietve t\u00e1voztunk Als\u00f3sztegova fel\u00e9. Az erd\u0151s dombok oldal\u00e1ban fut\u00f3 \u00fat ezut\u00e1n sem k\u00e9nyeztetett el benn\u00fcnket, de v\u00e9g\u00fcl \u2013 sz\u00fcrk\u00fcletben \u2013 csak le\u00e9rt\u00fcnk Sztregov\u00e1ra. Az Aquaterm\u00e1l kempingig m\u00e9g h\u00e1rom kilom\u00e9tert szenvedt\u00fcnk meg &#8211; \u00e1ttekerve a telep\u00fcl\u00e9sen -, azt\u00e1n \u00f3vatosan bekukucsk\u00e1ltunk az int\u00e9zm\u00e9ny kapuj\u00e1n. Sehol egy kapus, egy p\u00e9nzt\u00e1ros\u2026 Sajnos f\u00e1b\u00f3l is csak egy-kett\u0151 volt a nagy placcon. T\u00e1rsaim m\u00e1r negyed\u00f3r\u00e1ja \u00e1lldog\u00e1ltak a kapun\u00e1l, h\u00e1tha felbukkan egy alkalmazott, de senki.<\/p>\n<p>&#8211; Ha a s\u00e1torhely d\u00edja kell, majd megkeresnek! \u2013 ezzel let\u00e1masztottam a bicajom \u00e9s kik\u00e9rtem a d\u00e9l \u00f3ta meg\u00e9rdemelt s\u00f6r\u00f6met\u2026 Attila \u00f6t perc m\u00falva csatlakozott.<\/p>\n<p>Amikor mindannyian fejben is meg\u00e9rkezt\u00fcnk s\u00e1trainkkal k\u00f6rberaktuk az egyetlen facsoportot, hogy napk\u00f6zben legal\u00e1bb f\u00e9l napon \u00e1t \u00e1rny\u00e9kban legyenek. Itt is l\u00e1tszott, hogy a s\u00e1traz\u00e1s m\u00e1r csak nosztalgia a \u201980-as \u00e9vekb\u0151l \u2013 a kemping lak\u00f3i t\u00f6bbnyire a fah\u00e1zakban nyaraltak. Alkonyat k\u00f6r\u00fcl megvacsor\u00e1ztunk, \u00e9s k\u00f6zben sorra elporoszk\u00e1ltunk zuhanyozni, amely szerencs\u00e9re nem zsetonos volt.<\/p>\n<p style=\"text-align: right;\">Hars\u00e1czki Gy\u00f6rgy<\/p>\n","protected":false},"excerpt":{"rendered":"<p>Ipolys\u00e1gt\u00f3l Als\u00f3sztregov\u00e1ig &nbsp; A reggel els\u0151 l\u00e9nyeges momentumai term\u00e9szetesen a kotyog\u00f3s k\u00f6r\u00fcl t\u00f6rt\u00e9ntek az ipolys\u00e1gi aut\u00f3s kempingben. A kempinghez tartoz\u00f3 tapintatos kutyusok, m\u00e1r az els\u0151 felkel\u0151kkel felvett\u00e9k a szemkontaktust\u2026 \u201eEgy bolyban\u201d megreggelizt\u00fcnk a l\u00e1gy naps\u00fct\u00e9sben, mik\u00f6zben n\u00e9gyl\u00e1b\u00fa felvigy\u00e1z\u00f3ink m\u00e1r el\u00e9rhet\u0151 k\u00f6zels\u00e9gbe ker\u00fcltek \u2013 k\u00f6z\u00f6s fot\u00f3k is k\u00e9sz\u00fcltek. Miel\u0151tt elhagytuk volna \u2026 <a class=\"continue-reading-link\" href=\"https:\/\/induljelegyuton.hu\/?p=4771\"> Continue reading <span class=\"meta-nav\">&rarr; <\/span><\/a><\/p>\n","protected":false},"author":1,"featured_media":0,"comment_status":"open","ping_status":"open","sticky":false,"template":"","format":"standard","meta":{"ngg_post_thumbnail":0,"footnotes":""},"categories":[21,25],"tags":[1847,1859,1861,1870,1855,1865,1832,1850,1860,1851,1848,1741,1857,1854,1868,1867,1849,1858,1871,1863,1872,1869,1856,1853,1862,1864,1866,1852],"class_list":["post-4771","post","type-post","status-publish","format-standard","hentry","category-bakancsolas","category-mezsgye","tag-alsosztregova","tag-alsozello","tag-balassagyarmat","tag-banyamozdony","tag-bohm-andras","tag-grof-zichy-karoly","tag-ipoly","tag-ipolybalog","tag-ipolyhidveg","tag-ipolykeszi","tag-ipolysag","tag-kerekpartura","tag-kishalom","tag-mikszath-emlekhaz","tag-mikszath-kalman","tag-mixadt","tag-nagycsalomja","tag-nagyhalom","tag-nogradszentpeter","tag-pohostinstvo","tag-potor","tag-pronay-kastely","tag-pusztatemplom","tag-szklabonya","tag-totgyarmat","tag-victoria-kulturegyesulet","tag-zs-nagy-lajos-emlekkiallitas","tag-zsely"],"_links":{"self":[{"href":"https:\/\/induljelegyuton.hu\/index.php?rest_route=\/wp\/v2\/posts\/4771","targetHints":{"allow":["GET"]}}],"collection":[{"href":"https:\/\/induljelegyuton.hu\/index.php?rest_route=\/wp\/v2\/posts"}],"about":[{"href":"https:\/\/induljelegyuton.hu\/index.php?rest_route=\/wp\/v2\/types\/post"}],"author":[{"embeddable":true,"href":"https:\/\/induljelegyuton.hu\/index.php?rest_route=\/wp\/v2\/users\/1"}],"replies":[{"embeddable":true,"href":"https:\/\/induljelegyuton.hu\/index.php?rest_route=%2Fwp%2Fv2%2Fcomments&post=4771"}],"version-history":[{"count":8,"href":"https:\/\/induljelegyuton.hu\/index.php?rest_route=\/wp\/v2\/posts\/4771\/revisions"}],"predecessor-version":[{"id":5751,"href":"https:\/\/induljelegyuton.hu\/index.php?rest_route=\/wp\/v2\/posts\/4771\/revisions\/5751"}],"wp:attachment":[{"href":"https:\/\/induljelegyuton.hu\/index.php?rest_route=%2Fwp%2Fv2%2Fmedia&parent=4771"}],"wp:term":[{"taxonomy":"category","embeddable":true,"href":"https:\/\/induljelegyuton.hu\/index.php?rest_route=%2Fwp%2Fv2%2Fcategories&post=4771"},{"taxonomy":"post_tag","embeddable":true,"href":"https:\/\/induljelegyuton.hu\/index.php?rest_route=%2Fwp%2Fv2%2Ftags&post=4771"}],"curies":[{"name":"wp","href":"https:\/\/api.w.org\/{rel}","templated":true}]}}