{"id":4762,"date":"2017-02-24T22:43:42","date_gmt":"2017-02-24T21:43:42","guid":{"rendered":"http:\/\/induljelegyuton.hu\/?p=4762"},"modified":"2017-02-24T22:48:17","modified_gmt":"2017-02-24T21:48:17","slug":"ahonnan-a-batthyany-csalad-a-nevet-kapta","status":"publish","type":"post","link":"https:\/\/induljelegyuton.hu\/?p=4762","title":{"rendered":"Ahonnan a Batthy\u00e1ny csal\u00e1d a nev\u00e9t kapta\u2026"},"content":{"rendered":"<p><strong>Egy r\u00e9gen esed\u00e9kes meg\u00e1ll\u00f3 Szabadbatty\u00e1nban<\/strong><\/p>\n<div id=\"attachment_4766\" style=\"width: 310px\" class=\"wp-caption alignright\"><a href=\"http:\/\/induljelegyuton.hu\/wp-content\/uploads\/DSC_0360-1.jpg\"><img loading=\"lazy\" decoding=\"async\" aria-describedby=\"caption-attachment-4766\" class=\"size-medium wp-image-4766\" src=\"http:\/\/induljelegyuton.hu\/wp-content\/uploads\/DSC_0360-1-300x201.jpg\" alt=\"A Kula torony d\u00e9l fel\u0151l...\" width=\"300\" height=\"201\" srcset=\"https:\/\/induljelegyuton.hu\/wp-content\/uploads\/DSC_0360-1-300x201.jpg 300w, https:\/\/induljelegyuton.hu\/wp-content\/uploads\/DSC_0360-1-768x515.jpg 768w, https:\/\/induljelegyuton.hu\/wp-content\/uploads\/DSC_0360-1-224x150.jpg 224w, https:\/\/induljelegyuton.hu\/wp-content\/uploads\/DSC_0360-1-150x101.jpg 150w, https:\/\/induljelegyuton.hu\/wp-content\/uploads\/DSC_0360-1.jpg 850w\" sizes=\"auto, (max-width: 300px) 100vw, 300px\" \/><\/a><p id=\"caption-attachment-4766\" class=\"wp-caption-text\">A Kula torony d\u00e9l fel\u0151l&#8230;<\/p><\/div>\n<p>Mire ez \u00e9v janu\u00e1rj\u00e1ban felfogtuk, mivel is j\u00e1r ez a szokatlanul hideg \u00e9s hossz\u00fa ideig tart\u00f3 fagyos id\u0151j\u00e1r\u00e1s, m\u00e1r j\u00e1rhat\u00f3ak is lettek nagy tavaink\u2026 Aut\u00f3ba v\u00e1gtuk h\u00e1t magunkat, hogy megn\u00e9zz\u00fck a Balaton jeg\u00e9t a kenesei magaspartr\u00f3l! De ha m\u00e1r megtehetj\u00fck \u2013 gondoltam -, csapjunk a kir\u00e1ndul\u00e1shoz egy kis t\u00f6rt\u00e9nelmi l\u00e1tnival\u00f3t! A Balaton fel\u00e9 menet tizen\u00e9ves korom \u00f3ta mindig eszembe jutott a szabadbatty\u00e1ni Kula-torony, amikor a telep\u00fcl\u00e9s nev\u00e9t olvastam annak lehajt\u00f3j\u00e1n\u00e1l. Nna, elj\u00f6tt az id\u0151, hogy le is hajtsak!<\/p>\n<p><strong>ngg_shortcode_0_placeholder<\/strong><\/p>\n<p>Domb, mely nem l\u00e1that\u00f3\u2026<\/p>\n<p>Nagyokat pislogtunk a telep\u00fcl\u00e9s utc\u00e1in hajtva, ugyan hol lehet az apr\u00f3 v\u00e1rmarad\u00e9k? Egy csal\u00e1di h\u00e1z is eltakarhatja. A Cs\u00edkv\u00e1r \u00c9tteremben egy-egy k\u00e1v\u00e9t \u00e1ldoztunk az \u00fatbaigaz\u00edt\u00e1s\u00e9rt. (Szabadbatty\u00e1n a 19. sz\u00e1zad v\u00e9g\u00e9ig ink\u00e1bb Cs\u00edkv\u00e1rk\u00e9nt volt ismert \u2013 a 17. sz\u00e1zadban volt egy Cs\u00edk P\u00e9ter nev\u0171 birtokosa is.) R\u00f6gt\u00f6n az \u00fatkeresztez\u0151d\u00e9s ut\u00e1n a m\u00e1sodik utca jobbra \u2013 hat\u00e1rozt\u00e1k meg. A Kula t\u00e9r &#8211; amely egy kis zs\u00e1kutca volt &#8211; a harmadikk\u00e9nt k\u00f6vetkezett, s n\u00e9h\u00e1ny h\u00e1z el\u0151tt elfutva ehhez a kis g\u00f3tikus korabeli, t\u00f6mzsi v\u00e1rtoronyhoz \u00e9rkezett. Nem egy hivalkod\u00f3 \u00e9p\u00edtm\u00e9ny, b\u00e1r fot\u00f3n j\u00f3l mutat. Aki \u201en\u00e9zett\u201d m\u00e1r kelet fel\u00e9, az tudhatja, hogy a kula t\u00f6r\u00f6k\u00fcl tornyot jelent. Nem v\u00e9letlen ez a sz\u00f3! M\u00e9gis mi\u00e9rt \u00e9ppen itt \u00e1ll? V\u00e1laszt az itt, k\u00f6rnyezet\u00e9b\u0151l \u00e9ppen hogy kiemelked\u0151 k\u00e9t halmocska ad, amelyek a S\u00e1rv\u00edz mocsaras v\u00f6lgy\u00e9nek egyetlen term\u00e9szetes g\u00e1zl\u00f3ja \u201efelett\u201d domborodnak. Ink\u00e1bb \u00e9rezni lehet azokat, mint l\u00e1tni \u2013 egyikre emelt\u00e9k a 14. sz\u00e1zadban az egykori v\u00e1r el\u0151dj\u00e9t, az emeletes k\u0151tornyot.<\/p>\n<p>&nbsp;<\/p>\n<div id=\"attachment_4767\" style=\"width: 310px\" class=\"wp-caption alignright\"><a href=\"http:\/\/induljelegyuton.hu\/wp-content\/uploads\/DSC_0385.jpg\"><img loading=\"lazy\" decoding=\"async\" aria-describedby=\"caption-attachment-4767\" class=\"size-medium wp-image-4767\" src=\"http:\/\/induljelegyuton.hu\/wp-content\/uploads\/DSC_0385-300x184.jpg\" alt=\"A Malom-csatorna a Kulav\u00e1r alatt...\" width=\"300\" height=\"184\" srcset=\"https:\/\/induljelegyuton.hu\/wp-content\/uploads\/DSC_0385-300x184.jpg 300w, https:\/\/induljelegyuton.hu\/wp-content\/uploads\/DSC_0385-768x470.jpg 768w, https:\/\/induljelegyuton.hu\/wp-content\/uploads\/DSC_0385-245x150.jpg 245w, https:\/\/induljelegyuton.hu\/wp-content\/uploads\/DSC_0385-150x92.jpg 150w, https:\/\/induljelegyuton.hu\/wp-content\/uploads\/DSC_0385.jpg 850w\" sizes=\"auto, (max-width: 300px) 100vw, 300px\" \/><\/a><p id=\"caption-attachment-4767\" class=\"wp-caption-text\">A Malom-csatorna a Kulav\u00e1r alatt&#8230;<\/p><\/div>\n<p>Feh\u00e9rv\u00e1r kis pajzsa<\/p>\n<p>Ez a t\u00e1mpill\u00e9res torony eleinte csak a g\u00e1zl\u00f3n\u00e1l kialak\u00edtott v\u00e1mszed\u0151hely \u0151rs\u00e9ge sz\u00e1m\u00e1ra \u00e9p\u00fclhetett \u2013 erre utal a 1336-os feljegyz\u00e9s, mint \u201eposs Batthyan iuxta aqua Saar\u201d. Hadi feladatot a 16. sz\u00e1zadban kapott, amikor az igen fontos Sz\u00e9kesfeh\u00e9rv\u00e1rat 1543-ban elfoglalt\u00e1k a t\u00f6r\u00f6k\u00f6k. Mivel keleti-\u00e9szakkeleti ir\u00e1nyb\u00f3l csak itt lehetett \u00e1tkelni az ingov\u00e1nyos ter\u00fcleten a koron\u00e1z\u00f3v\u00e1ros fel\u00e9, a szult\u00e1n serege Batty\u00e1nt is ellen\u0151rz\u00e9se al\u00e1 vonta, b\u00e1r el\u0151tte lerombolta azt, hogy \u00fajra fel\u00e9p\u00edtse. A Feh\u00e9rv\u00e1r el\u0151-v\u00e9dm\u0171v\u00e9nek sz\u00e1m\u00edt\u00f3 torony k\u00f6r\u00e9 a mocsaras f\u00f6ldbe levert c\u00f6l\u00f6psor seg\u00edts\u00e9g\u00e9vel pal\u00e1nkv\u00e1rat \u00e9p\u00edtettek a muzulm\u00e1n v\u00e9d\u0151knek: 1568-ban 109 zsoldoskaton\u00e1r\u00f3l \u00edrtak.<\/p>\n<p>A Kula torony helyzete Feh\u00e9rv\u00e1rt\u00f3l f\u00fcgg\u00f6tt, \u00edgy 1602-ben kereszt\u00e9nyek, \u00e1m 1603-ban ism\u00e9t t\u00f6r\u00f6k\u00f6k birtok\u00e1ban volt\u2026 Evlija Cselebi az 1660-as \u00e9vekben ezt \u00edrta a batty\u00e1ni helyzetr\u0151l: \u201eE v\u00e1r Sz\u00e9kesfeh\u00e9rv\u00e1rnak az el\u0151pajzsa az ellens\u00e9ggel szemben, s katon\u00e1i naponta h\u00e1rom-n\u00e9gyszer is harcolnak az ellens\u00e9ggel\u2026 ha a v\u00e1rat ostromolj\u00e1k, Feh\u00e9rv\u00e1rr\u00f3l egyszerre odaj\u00f6nnek \u00e9s megszabad\u00edtj\u00e1k.\u201d 1687-ben v\u00e9g\u00fcl Habsburg zsoldos hadsereg foglalta el. Csoda, hogy ennyi megmaradt bel\u0151le azokb\u00f3l a v\u00e9res id\u0151kb\u0151l!<\/p>\n<p>A pal\u00e1nkv\u00e1rat hamarosan elpuszt\u00edtotta az id\u0151j\u00e1r\u00e1s, de a tornyot szerencs\u00e9re hasznos\u00edtott\u00e1k: magt\u00e1rk\u00e9nt. Az 1970-es \u00e9vekben m\u00fazeumm\u00e1 alak\u00edtott\u00e1k, melynek helys\u00e9geiben 1981-t\u0151l Fej\u00e9r megye t\u00f6r\u00f6k kori m\u00faltj\u00e1nak eml\u00e9kei l\u00e1that\u00f3k, amely nemr\u00e9g kieg\u00e9sz\u00fclt a telep\u00fcl\u00e9s k\u00f6zel\u00e9ben felt\u00e1r\u00e1s alatt l\u00e9v\u0151 r\u00f3mai kori villa falfestm\u00e9nyeinek felt\u00e1r\u00e1s\u00e1r\u00f3l, kiemel\u00e9s\u00e9r\u0151l, konzerv\u00e1l\u00e1s\u00e1r\u00f3l \u00e9s bemutat\u00e1s\u00e1r\u00f3l sz\u00f3l\u00f3 ki\u00e1ll\u00edt\u00e1ssal. A kis m\u00fazeum ritk\u00e1n van nyitva (03. 15.-10. 29. Kedd, Cs\u00fct. 13-16 \u00f3ra, h\u00e9tv\u00e9g\u00e9n 10-16 \u00f3ra), \u00e9rdemes odafigyelni!<\/p>\n<p>&nbsp;<\/p>\n<div id=\"attachment_4768\" style=\"width: 210px\" class=\"wp-caption alignright\"><a href=\"http:\/\/induljelegyuton.hu\/wp-content\/uploads\/DSC_0389.jpg\"><img loading=\"lazy\" decoding=\"async\" aria-describedby=\"caption-attachment-4768\" class=\"size-medium wp-image-4768\" src=\"http:\/\/induljelegyuton.hu\/wp-content\/uploads\/DSC_0389-200x300.jpg\" alt=\"A Cifrakert f\u00e1i \u00e9s az \u00faj gyalogh\u00edd a 7-es \u00fat h\u00eddj\u00e1r\u00f3l\" width=\"200\" height=\"300\" srcset=\"https:\/\/induljelegyuton.hu\/wp-content\/uploads\/DSC_0389-200x300.jpg 200w, https:\/\/induljelegyuton.hu\/wp-content\/uploads\/DSC_0389-100x150.jpg 100w, https:\/\/induljelegyuton.hu\/wp-content\/uploads\/DSC_0389.jpg 568w\" sizes=\"auto, (max-width: 200px) 100vw, 200px\" \/><\/a><p id=\"caption-attachment-4768\" class=\"wp-caption-text\">A Cifrakert f\u00e1i \u00e9s az \u00faj gyalogh\u00edd a 7-es \u00fat h\u00eddj\u00e1r\u00f3l<\/p><\/div>\n<p>Cifrakert \u2013 ahol a botanika<\/p>\n<p>A torony k\u00f6r\u00fcl a f\u0171csom\u00f3k k\u00f6z\u00f6tt ropog\u00f3 j\u00e9g \u00e9s a d\u00e9r k\u00fcl\u00f6nleges hangulatot k\u00f6lcs\u00f6nz\u00f6tt a f\u00e9nyben f\u00fcrd\u0151 m\u0171eml\u00e9knek. A d\u00e9li \u00e9s a keleti oldalon levert, g\u00f6cs\u00f6rt\u00f6s kar\u00f3kkal tal\u00e1n a n\u00e9hai pal\u00e1nkv\u00e1rat akart\u00e1k jelezni. A dombocsk\u00e1t keletr\u0151l nem a S\u00e1rv\u00edz, de a s\u00e1rv\u00edzi Malom-csatorna hat\u00e1rolja, amely vastagon befagyott. M\u00e9g sem mertem \u00e1tcsusszanni rajta a t\u00falpartra egy strat\u00e9giai fot\u00f3\u00e9rt, ez\u00e9rt k\u00f6rbementem h\u00e1t. A 7-es \u00fat h\u00eddj\u00e1r\u00f3l azonban felt\u0171nt a malomcsatorna h\u00eddon t\u00fali partszakasz\u00e1nak \u00e9rdekes n\u00f6v\u00e9nyzete \u2013 pontosabban hatalmas plat\u00e1njai &#8211; \u00e9s a term\u00e9szetv\u00e9delmi ter\u00fclet-t\u00e1bla. Ut\u00e1naolvasva kider\u00fclt, hogy a 7,2 hekt\u00e1ros angolpark maradv\u00e1ny\u00e1t &#8211; 42 hatalmas f\u00e1val &#8211; Cifrakertnek h\u00edvj\u00e1k, \u00e9s gr\u00f3f Batthy\u00e1ny Lajosn\u00e9 telep\u00edttette az 1870-es \u00e9vekben. A Malom-csatorna \u00e9s a N\u00e1dor-csatorna k\u00f6z\u00f6tti ter\u00fcleten \u00e1llt egykor a f\u00f6ldszintes, nem t\u00fal nagy Batthy\u00e1ny-kast\u00e9ly, amely sajnos a m\u00e1sodik vil\u00e1gh\u00e1bor\u00faban megrong\u00e1l\u00f3dott, s k\u00e9s\u0151bb lebontott\u00e1k. A kertet 2000-t\u0151l \u00e1polni kezdte a k\u00f6z\u00f6ss\u00e9g, a kast\u00e9ly tav\u00e1t kitiszt\u00edtott\u00e1k. Itt a tal\u00e1lhat\u00f3 a \u201ebesz\u00e9des k\u0151\u201d is, mely szintez\u00e9si alappont. (A p\u00e1rj\u00e1ra az \u00fat t\u00faloldal\u00e1n leltem.)<\/p>\n<p>A telep\u00fcl\u00e9s nem kevesebbre lehet \u00f6r\u00f6kre b\u00fcszke: innen kapta nev\u00e9t a Batthy\u00e1ny csal\u00e1d! Zsigmond kir\u00e1ly 1397-ben K\u0151v\u00e1g\u00f3\u00f6rsi Gy\u00f6rgy esztergomi v\u00e1rnagynak adom\u00e1nyozta a telep\u00fcl\u00e9st, kinek fiai \u2013 L\u00e1szl\u00f3, Albert \u00e9s Gy\u00f6rgy &#8211; m\u00e1r a Batty\u00e1ni nevet viselt\u00e9k. Albert \u00e1g\u00e1b\u00f3l sz\u00e1rmazik a h\u00edres Vas megyei Batthy\u00e1ny csal\u00e1d, akik voltak hercegek, gr\u00f3fok \u00e9s boldogok is\u2026<\/p>\n<p style=\"text-align: right;\">Hars\u00e1czki Gy\u00f6rgy<\/p>\n","protected":false},"excerpt":{"rendered":"<p>Egy r\u00e9gen esed\u00e9kes meg\u00e1ll\u00f3 Szabadbatty\u00e1nban Mire ez \u00e9v janu\u00e1rj\u00e1ban felfogtuk, mivel is j\u00e1r ez a szokatlanul hideg \u00e9s hossz\u00fa ideig tart\u00f3 fagyos id\u0151j\u00e1r\u00e1s, m\u00e1r j\u00e1rhat\u00f3ak is lettek nagy tavaink\u2026 Aut\u00f3ba v\u00e1gtuk h\u00e1t magunkat, hogy megn\u00e9zz\u00fck a Balaton jeg\u00e9t a kenesei magaspartr\u00f3l! De ha m\u00e1r megtehetj\u00fck \u2013 gondoltam -, csapjunk a \u2026 <a class=\"continue-reading-link\" href=\"https:\/\/induljelegyuton.hu\/?p=4762\"> Continue reading <span class=\"meta-nav\">&rarr; <\/span><\/a><\/p>\n","protected":false},"author":1,"featured_media":0,"comment_status":"open","ping_status":"open","sticky":false,"template":"","format":"standard","meta":{"ngg_post_thumbnail":0,"footnotes":""},"categories":[21,22],"tags":[1838,1837,1846,1842,1839,1845,1840,1843,1844,1836,93,966,1841],"class_list":["post-4762","post","type-post","status-publish","format-standard","hentry","category-bakancsolas","category-magyarorszag","tag-batthyany","tag-batthyany-csalas","tag-battyani","tag-cifrakert","tag-csikvar","tag-kovagoorsi-gyorgy","tag-kula-torony","tag-malom-csatorna","tag-sarviz","tag-szabadbattyan","tag-szekesfehervar","tag-torok","tag-torok-haboruk"],"_links":{"self":[{"href":"https:\/\/induljelegyuton.hu\/index.php?rest_route=\/wp\/v2\/posts\/4762","targetHints":{"allow":["GET"]}}],"collection":[{"href":"https:\/\/induljelegyuton.hu\/index.php?rest_route=\/wp\/v2\/posts"}],"about":[{"href":"https:\/\/induljelegyuton.hu\/index.php?rest_route=\/wp\/v2\/types\/post"}],"author":[{"embeddable":true,"href":"https:\/\/induljelegyuton.hu\/index.php?rest_route=\/wp\/v2\/users\/1"}],"replies":[{"embeddable":true,"href":"https:\/\/induljelegyuton.hu\/index.php?rest_route=%2Fwp%2Fv2%2Fcomments&post=4762"}],"version-history":[{"count":4,"href":"https:\/\/induljelegyuton.hu\/index.php?rest_route=\/wp\/v2\/posts\/4762\/revisions"}],"predecessor-version":[{"id":4770,"href":"https:\/\/induljelegyuton.hu\/index.php?rest_route=\/wp\/v2\/posts\/4762\/revisions\/4770"}],"wp:attachment":[{"href":"https:\/\/induljelegyuton.hu\/index.php?rest_route=%2Fwp%2Fv2%2Fmedia&parent=4762"}],"wp:term":[{"taxonomy":"category","embeddable":true,"href":"https:\/\/induljelegyuton.hu\/index.php?rest_route=%2Fwp%2Fv2%2Fcategories&post=4762"},{"taxonomy":"post_tag","embeddable":true,"href":"https:\/\/induljelegyuton.hu\/index.php?rest_route=%2Fwp%2Fv2%2Ftags&post=4762"}],"curies":[{"name":"wp","href":"https:\/\/api.w.org\/{rel}","templated":true}]}}