{"id":455,"date":"2013-08-11T00:29:28","date_gmt":"2013-08-10T22:29:28","guid":{"rendered":"http:\/\/induljelegyuton.hu\/?p=455"},"modified":"2013-12-06T01:32:57","modified_gmt":"2013-12-06T00:32:57","slug":"ismered-e-a-magyarok-legfenyesebb-gyozelmet","status":"publish","type":"post","link":"https:\/\/induljelegyuton.hu\/?p=455","title":{"rendered":"Ismered-e a magyarok legf\u00e9nyesebb gy\u0151zelm\u00e9t?"},"content":{"rendered":"<p><strong>A pozsonyi csata (Amerikai vizsgaanyag)<\/strong><\/p>\n<p>&nbsp;<\/p>\n<p>907-ben egyes\u00fclt eur\u00f3pai hader\u0151 gy\u0171lt \u00f6ssze a b\u00e9csi medenc\u00e9ben (B\u00e9cs akkor m\u00e9g nem l\u00e9tezett). A hadj\u00e1ratot n\u00e9met-r\u00f3mai vezet\u00e9ssel szervezt\u00e9k meg az akkori n\u00e9met kir\u00e1ly rendelete szerint azzal a c\u00e9llal, hogy \u201e&#8230; decretum&#8230; Ugros eliminandos esse&#8230;\u201d azaz \u201eelrendelj\u00fck, hogy a magyarok ki\u00edrtassanak\u201d. Ezt a \u201enemes c\u00e9lt\u201d hatalmas sereggel akart\u00e1k megval\u00f3s\u00edtani.<\/p>\n<div id=\"attachment_891\" style=\"width: 310px\" class=\"wp-caption alignright\"><a href=\"http:\/\/induljelegyuton.hu\/wp-content\/uploads\/Header_329778.jpg\"><img loading=\"lazy\" decoding=\"async\" aria-describedby=\"caption-attachment-891\" class=\"size-medium wp-image-891\" alt=\"A pozsonyi csata hadm\u0171veletei\" src=\"http:\/\/induljelegyuton.hu\/wp-content\/uploads\/Header_329778-300x196.jpg\" width=\"300\" height=\"196\" srcset=\"https:\/\/induljelegyuton.hu\/wp-content\/uploads\/Header_329778-300x196.jpg 300w, https:\/\/induljelegyuton.hu\/wp-content\/uploads\/Header_329778-229x150.jpg 229w, https:\/\/induljelegyuton.hu\/wp-content\/uploads\/Header_329778.jpg 640w\" sizes=\"auto, (max-width: 300px) 100vw, 300px\" \/><\/a><p id=\"caption-attachment-891\" class=\"wp-caption-text\">A pozsonyi csata hadm\u0171veletei<\/p><\/div>\n<p>Az akkori Eur\u00f3pa viszonyai k\u00f6z\u00f6tt szinte elk\u00e9pzelhetetlen, 100 ezer f\u0151 k\u00f6r\u00fcli l\u00e9tsz\u00e1mban gy\u0171ltek \u00f6ssze. M\u00e9g a j\u00f3val k\u00e9s\u0151bbi keresztes hadj\u00e1ratok idej\u00e9n sem tudtak ilyen l\u00e9tsz\u00e1m\u00fa hadsereget megszervezni. 907. j\u00fanius derek\u00e1n megindult a t\u00e1mad\u00e1s, amely h\u00e1rom oszlopban nyomult el\u0151re a Duna vonal\u00e1n. A d\u00e9li parton a \u201egyeng\u00e9bb\u201d, kb. 40 ezres sz\u00e1rny; a Dun\u00e1n, haj\u00f3kon egy kb. 10-12 ezres inv\u00e1zi\u00f3s csoport + hadt\u00e1p, m\u00edg az \u00e9szaki parton egy j\u00f3 45 ezres f\u0151er\u0151, az elit. \u00c1rp\u00e1d, a t\u00f6rzssz\u00f6vets\u00e9g fejedelme eg\u00e9sz Eur\u00f3p\u00e1ra kiterjed\u0151 felder\u00edt\u0151 h\u00e1l\u00f3zata v\u00e9gett j\u00f3 el\u0151re tudott a k\u00e9sz\u00fcl\u0151 puszt\u00edt\u00f3 h\u00e1bor\u00far\u00f3l.<\/p>\n<p>A t\u00f6rzssz\u00f6vets\u00e9g egyes\u00fclt f\u0151erej\u00e9t \u2013 40 ezer lovast &#8211; n\u00e9gy r\u00e9szre osztotta. Az egyenk\u00e9nt 10 ezer f\u0151s lovas egys\u00e9g neve \u201et\u00fcmen\u201d, azaz magyarul t\u00f6m\u00e9ny &#8211; r\u00e9gi sztyeppei hadszervez\u00e9si szok\u00e1s. Az els\u0151t \u0151 maga vezette, a t\u00f6bbit pedig fiaira b\u00edzta: Tarhos (43), \u00dcll\u0151 (41), Jutas (35). Emellett term\u00e9szetesen az eg\u00e9sz hadm\u0171veletet ir\u00e1ny\u00edtotta. Az ellens\u00e9g \u00e1tkel\u00e9s\u00e9nek \u00e9s ezzel egyes\u00fcl\u00e9s\u00e9nek megakad\u00e1lyoz\u00e1s\u00e1val els\u0151k\u00e9nt az inv\u00e1zi\u00f3s flotta sorsa pecs\u00e9tel\u0151d\u00f6tt meg: a gy\u00fajt\u00f3l\u00f6ved\u00e9kekkel 100%-os, \u00e9l\u0151er\u0151ben kb. 95%-os vesztes\u00e9get szenvedett el a haj\u00f3had.<\/p>\n<p>M\u00e1snap az els\u00e1ncolt d\u00e9li sz\u00e1rny kapott koncentr\u00e1lt t\u00f6bbir\u00e1ny\u00fa lovasrohamokat, amelyek k\u00f6vetkezt\u00e9ben marad\u00e9ktalanul elpusztult 40 ezer ember. A csata ut\u00e1ni \u00e9jjel \u00c1rp\u00e1d elrendelte az \u00e1tkel\u00e9st teljes csendben. Teh\u00e1t \u00e1tkel\u00e9s a Dun\u00e1n kb. 35 ezer lovassal az ellens\u00e9ges sereg orra el\u0151tt, \u00e9jszaka, teljes cs\u00f6ndben!!! (A fant\u00e1zi\u00e1tokra b\u00edzom, hogy ez mit jelenthetett mind egy\u00e9ni, mind k\u00f6z\u00f6ss\u00e9gi teljes\u00edtm\u00e9nyben k\u00e9tnapnyi \u00f6ld\u00f6kl\u0151 csata ut\u00e1n.) Az \u00e1tkel\u00e9s annyira j\u00f3l siker\u00fclt, hogy hajnalban az ellens\u00e9g a fej\u00e9re z\u00e1poroz\u00f3 t\u00f6bb t\u00edzezres ny\u00edlfelh\u0151re \u00e9bredt, majd t\u00falereje ellen\u00e9re ism\u00e9t k\u00e9t napos \u00f6ld\u00f6kl\u0151 \u00fctk\u00f6zet ut\u00e1n sz\u00f3 szerint halomra pusztult a Pozsony k\u00f6r\u00fcli s\u00edks\u00e1gon. A n\u00e9h\u00e1ny ezer f\u0151s t\u00fal\u00e9l\u0151 csoport menek\u00fcl\u00e9s k\u00f6zben pr\u00f3b\u00e1lt rendez\u0151dni, de a magyar k\u00f6nny\u0171lovass\u00e1g \u00fcld\u00f6z\u00e9sben is hat\u00e9kony volt: Ennsburg v\u00e1r\u00e1ig meglep\u0151en kevesen jutottak el. A v\u00e1r alatti s\u00edkon felvonul\u00f3 magyar hader\u0151re r\u00e1t\u00f6rt a kir\u00e1lyi \u0151rs\u00e9g \u00e9s tartal\u00e9k. A magyarok a sz\u00ednlelt visszavonul\u00e1ssal a n\u00e9met \u00fcld\u00f6z\u0151ket t\u0151rbe csalt\u00e1k, mivel a k\u00f6rnyez\u0151 erd\u0151kb\u0151l kit\u00f6r\u0151 magyar lovass\u00e1g a megfordul\u00f3 f\u0151er\u0151kkel \u0151ket is leg\u00e1zolta. A n\u00e9met kir\u00e1ly olyan gyorsan menek\u00fclt, hogy minden \u00e9rt\u00e9k\u00e9t (m\u00e9g a tr\u00f3nsz\u00e9k\u00e9t is!) h\u00e1tra hagyta, seregvez\u00e9reib\u0151l pedig a flottavezet\u0151n k\u00edv\u00fcl mindenki meghalt (gr\u00f3fok, p\u00fcsp\u00f6k\u00f6k tucatjai).<\/p>\n<p>A csata k\u00f6vetkezm\u00e9nye, hogy a magyar hat\u00e1r az Enns foly\u00f3 lett (Ober Enns &#8211; innen a mes\u00e9ink \u201e\u00d3perenci\u00e1s tengere\u201d) valamint, hogy idegen sereg 130 \u00e9vig nem mert Magyarorsz\u00e1g fel\u00e9 fordulni. (Csak Szent Istv\u00e1n idej\u00e9ben el\u0151sz\u00f6r, de akkor ugyan\u00edgy j\u00e1rtak a V\u00e9rtes hegys\u00e9gben.) \u00c1rp\u00e1d fejedelem k\u00e9t (h\u00e1rom) fi\u00e1t vesztette el, \u00e9s maga is hal\u00e1los sebet kapott \u00e9s p\u00e1r h\u00e9t m\u00falva meghalt &#8211; a haz\u00e1\u00e9rt. Eltemett\u00e9k tisztess\u00e9ggel titkos s\u00edrba \u0151se, Atilla k\u00f6zel\u00e9be &#8211; a mai Nagykev\u00e9ly-hegy rejtett v\u00f6lgy\u00e9be &#8211; nyugodj\u00e9k \u00f6r\u00f6k b\u00e9k\u00e9ben!<\/p>\n<p>A 907-es pozsonyi csata hivatalos tananyag az Egyes\u00fclt \u00c1llamok \u00f6sszhader\u0151-nemi katonai akad\u00e9mi\u00e1j\u00e1n, ismertebb nev\u00e9n a West Point -on. Teh\u00e1t minden amerikai hivat\u00e1sos tiszt \u00e9vtizedek \u00f3ta vizsg\u00e1zik bel\u0151le.<\/p>\n<p style=\"text-align: right;\">(forr\u00e1s: internet)<\/p>\n<p style=\"text-align: right;\">\n","protected":false},"excerpt":{"rendered":"<p>A pozsonyi csata (Amerikai vizsgaanyag) &nbsp; 907-ben egyes\u00fclt eur\u00f3pai hader\u0151 gy\u0171lt \u00f6ssze a b\u00e9csi medenc\u00e9ben (B\u00e9cs akkor m\u00e9g nem l\u00e9tezett). A hadj\u00e1ratot n\u00e9met-r\u00f3mai vezet\u00e9ssel szervezt\u00e9k meg az akkori n\u00e9met kir\u00e1ly rendelete szerint azzal a c\u00e9llal, hogy \u201e&#8230; decretum&#8230; Ugros eliminandos esse&#8230;\u201d azaz \u201eelrendelj\u00fck, hogy a magyarok ki\u00edrtassanak\u201d. Ezt a \u201enemes \u2026 <a class=\"continue-reading-link\" href=\"https:\/\/induljelegyuton.hu\/?p=455\"> Continue reading <span class=\"meta-nav\">&rarr; <\/span><\/a><\/p>\n","protected":false},"author":1,"featured_media":0,"comment_status":"open","ping_status":"open","sticky":false,"template":"","format":"standard","meta":{"ngg_post_thumbnail":0,"footnotes":""},"categories":[101],"tags":[302,301,287,308,307,305,306,303,300,304,309],"class_list":["post-455","post","type-post","status-publish","format-standard","hentry","category-alibi","tag-302","tag-amerikai-vizsgaanyag","tag-arpad","tag-enns-folyo","tag-ennsburg-vara","tag-invazio","tag-lovasroham","tag-magyarok-kiirtasa","tag-pozsonyi-csata","tag-ugros-eliminandos-esse","tag-west-point"],"_links":{"self":[{"href":"https:\/\/induljelegyuton.hu\/index.php?rest_route=\/wp\/v2\/posts\/455","targetHints":{"allow":["GET"]}}],"collection":[{"href":"https:\/\/induljelegyuton.hu\/index.php?rest_route=\/wp\/v2\/posts"}],"about":[{"href":"https:\/\/induljelegyuton.hu\/index.php?rest_route=\/wp\/v2\/types\/post"}],"author":[{"embeddable":true,"href":"https:\/\/induljelegyuton.hu\/index.php?rest_route=\/wp\/v2\/users\/1"}],"replies":[{"embeddable":true,"href":"https:\/\/induljelegyuton.hu\/index.php?rest_route=%2Fwp%2Fv2%2Fcomments&post=455"}],"version-history":[{"count":8,"href":"https:\/\/induljelegyuton.hu\/index.php?rest_route=\/wp\/v2\/posts\/455\/revisions"}],"predecessor-version":[{"id":458,"href":"https:\/\/induljelegyuton.hu\/index.php?rest_route=\/wp\/v2\/posts\/455\/revisions\/458"}],"wp:attachment":[{"href":"https:\/\/induljelegyuton.hu\/index.php?rest_route=%2Fwp%2Fv2%2Fmedia&parent=455"}],"wp:term":[{"taxonomy":"category","embeddable":true,"href":"https:\/\/induljelegyuton.hu\/index.php?rest_route=%2Fwp%2Fv2%2Fcategories&post=455"},{"taxonomy":"post_tag","embeddable":true,"href":"https:\/\/induljelegyuton.hu\/index.php?rest_route=%2Fwp%2Fv2%2Ftags&post=455"}],"curies":[{"name":"wp","href":"https:\/\/api.w.org\/{rel}","templated":true}]}}