{"id":4053,"date":"2017-01-09T22:52:15","date_gmt":"2017-01-09T21:52:15","guid":{"rendered":"http:\/\/induljelegyuton.hu\/?p=4053"},"modified":"2017-01-09T23:32:27","modified_gmt":"2017-01-09T22:32:27","slug":"ahol-magyarul-beszelnek-felvideki-kerekpartura-rajkatol-alsosztregovaig-3-resz","status":"publish","type":"post","link":"https:\/\/induljelegyuton.hu\/?p=4053","title":{"rendered":"Ahol magyarul besz\u00e9lnek \u2013 Felvid\u00e9ki ker\u00e9kp\u00e1rt\u00fara Rajk\u00e1t\u00f3l Als\u00f3sztregov\u00e1ig (3. r\u00e9sz)"},"content":{"rendered":"<div id=\"attachment_4139\" style=\"width: 310px\" class=\"wp-caption alignright\"><a href=\"http:\/\/induljelegyuton.hu\/wp-content\/uploads\/DSC_0043.jpg\"><img loading=\"lazy\" decoding=\"async\" aria-describedby=\"caption-attachment-4139\" class=\"size-medium wp-image-4139\" src=\"http:\/\/induljelegyuton.hu\/wp-content\/uploads\/DSC_0043-300x200.jpg\" alt=\"A 82 m\u00e9ter hossz\u00fa fedett fahidat el\u0151z\u0151 \u00e9vben \u00faj\u00edtott\u00e1k fel\" width=\"300\" height=\"200\" srcset=\"https:\/\/induljelegyuton.hu\/wp-content\/uploads\/DSC_0043-300x200.jpg 300w, https:\/\/induljelegyuton.hu\/wp-content\/uploads\/DSC_0043-768x512.jpg 768w, https:\/\/induljelegyuton.hu\/wp-content\/uploads\/DSC_0043-225x150.jpg 225w, https:\/\/induljelegyuton.hu\/wp-content\/uploads\/DSC_0043-150x100.jpg 150w, https:\/\/induljelegyuton.hu\/wp-content\/uploads\/DSC_0043.jpg 850w\" sizes=\"auto, (max-width: 300px) 100vw, 300px\" \/><\/a><p id=\"caption-attachment-4139\" class=\"wp-caption-text\">A 82 m\u00e9ter hossz\u00fa fedett fahidat el\u0151z\u0151 \u00e9vben \u00faj\u00edtott\u00e1k fel<\/p><\/div>\n<p><strong>G\u00fat\u00e1t\u00f3l Kolt\u00e1ig<\/strong><\/p>\n<p>&nbsp;<\/p>\n<p>A Csall\u00f3k\u00f6z legnagyobb telep\u00fcl\u00e9sei k\u00f6z\u00e9 tartoz\u00f3 G\u00fata c\u00edmer\u00e9ben \u00e9s z\u00e1szlaj\u00e1ban is a hat\u00e1r\u00e1ban \u0151rzi, a V\u00e1g partj\u00e1ra \u00e9p\u00edtett 14. sz\u00e1zadi egykori f\u00f6ldv\u00e1r szab\u00e1lyos alaprajz\u00e1t \u2013 l\u00e1thatja minden be\u00e9rkez\u0151. Az egykori vas\u00fattal fej-fej mellett gurultunk \u00e1t egy csatorna h\u00eddj\u00e1n, be a t\u00edzezres l\u00e9leksz\u00e1m\u00fa kisv\u00e1rosba. 1551-ben m\u00e1r v\u00e1rosi rangja volt!<\/p>\n<p>Bev\u00e1rtuk egym\u00e1st, majd gyorsan \u201emegtettek\u201d vezet\u0151nek, mivel n\u00e9gy \u00e9vvel ezel\u0151tt volt szerencs\u00e9m erre\u2026 B\u00e1r akkor aut\u00f3val \u201ehoztak\u201d, s nem is nyugati ir\u00e1nyb\u00f3l, gondoltam, addig haladok, am\u00edg a f\u0151utca\u00e1ba, vagy a vele p\u00e1rhuzamos V\u00e1gba nem \u00fctk\u00f6z\u00f6m. Nemsok\u00e1ra egy hatalmas park sz\u00e9l\u00e9n poroszk\u00e1ltunk, ahol sokan s\u00e9t\u00e1ltak, s itt-ott eml\u00e9km\u0171vek, szobrok t\u0171ntek f\u00f6l a f\u00e1k-bokrok k\u00f6z\u00f6tt. Egy barokk k\u00e1poln\u00e1val egyidej\u0171leg vettem \u00e9szre a park fal\u00e1hoz felsorakoztatott sz\u00e1mtalan k\u0151keresztet. \u201eT\u00e1j\u00e9koz\u00f3d\u00e1si sz\u00fcnet\u201d indok\u00e1val meg\u00e1lltunk a Szent Roz\u00e1lia k\u00e1poln\u00e1n\u00e1l, ahol leolvashattuk egy t\u00e1bl\u00e1r\u00f3l, mi is ez a furcsa park.<\/p>\n<p><strong>ngg_shortcode_0_placeholder<\/strong><\/p>\n<p>A Nagy \u00e1rv\u00edz<\/p>\n<p>G\u00fata fordulatos-v\u00e9rzivataros t\u00f6rt\u00e9nelm\u00e9nek egyik legnagyobb katasztr\u00f3f\u00e1j\u00e1t \u00e9lte meg 1965 tavasz\u00e1n. Szakadatlan es\u0151z\u00e9sek emelt\u00e9k meg a V\u00e1g \u00e9s a Duna szintj\u00e9t. M\u00e1jusban \u00e1rv\u00edzk\u00e9sz\u00fclts\u00e9g volt, de j\u00fanius 17-\u00e9n a v\u00edz m\u00e1r \u00e1t is szak\u00edtotta a g\u00e1tat. A g\u00fataiak kimenek\u00edt\u00e9se mellett emberfeletti k\u00fczdelem indult meg az \u00e1rral, de 6 nappal k\u00e9s\u0151bb az utols\u00f3 t\u00f6lt\u00e9s is elesett \u2013 G\u00fata n\u00e9h\u00e1ny \u00f3ra alatt v\u00edz al\u00e1 ker\u00fclt. K\u00e9t h\u00f3nap eltelt\u00e9vel v\u00e1lt l\u00e1that\u00f3v\u00e1 a felfoghatatlan pusztul\u00e1s: 2400 h\u00e1zb\u00f3l 107 maradt \u00e9p\u2026 Orsz\u00e1gos \u00f6sszefog\u00e1ssal \u00e9p\u00fclt fel az \u00faj G\u00fata, s egy nagy \u00fcnneps\u00e9g keret\u00e9ben 1967 okt\u00f3ber 14-\u00e9n visszakapta az\u00f3ta elvett v\u00e1rosi rangj\u00e1t is. M\u00e9g a Babetta-gy\u00e1rt\u00e1sig is felfejl\u0151d\u00f6tt!<\/p>\n<p>Az \u00fajj\u00e1\u00e9p\u00edt\u00e9s eredm\u00e9nye ez az \u00f3ri\u00e1si Szent Roz\u00e1lia park is, amelyet G\u00fata leg\u0151sibb temet\u0151j\u00e9b\u0151l alak\u00edtottak ki. A s\u00edreml\u00e9keket sorokba, csoportokba rendezt\u00e9k az 1980-as \u00e9vekben, s az \u00e9vek sor\u00e1n a Szent Vendel-szobor, \u00e9s a korpusz kieg\u00e9sz\u00fcltek a h\u00e1bor\u00fak, a szabads\u00e1gharcok, a kitelep\u00edt\u00e9sek eml\u00e9km\u0171veivel, eml\u00e9kt\u00e1bl\u00e1ival. \u00c9rdekes lenne k\u00f6rbes\u00e9t\u00e1lni!<\/p>\n<p>&nbsp;<\/p>\n<div id=\"attachment_4144\" style=\"width: 210px\" class=\"wp-caption alignleft\"><a href=\"http:\/\/induljelegyuton.hu\/wp-content\/uploads\/DSC_0048.jpg\"><img loading=\"lazy\" decoding=\"async\" aria-describedby=\"caption-attachment-4144\" class=\"size-medium wp-image-4144\" src=\"http:\/\/induljelegyuton.hu\/wp-content\/uploads\/DSC_0048-200x300.jpg\" alt=\"Er\u0151, eg\u00e9szs\u00e9g! G\u00fata!\" width=\"200\" height=\"300\" srcset=\"https:\/\/induljelegyuton.hu\/wp-content\/uploads\/DSC_0048-200x300.jpg 200w, https:\/\/induljelegyuton.hu\/wp-content\/uploads\/DSC_0048-100x150.jpg 100w, https:\/\/induljelegyuton.hu\/wp-content\/uploads\/DSC_0048.jpg 567w\" sizes=\"auto, (max-width: 200px) 100vw, 200px\" \/><\/a><p id=\"caption-attachment-4144\" class=\"wp-caption-text\">Er\u0151, eg\u00e9szs\u00e9g! G\u00fata!<\/p><\/div>\n<p>\u00dajabb malom-idill\u2026<\/p>\n<p>A r\u00e9gi temet\u0151kapu m\u00e1r a f\u0151\u00fatra n\u00e9zett, s azon betekert\u00fcnk a k\u00f6zpontba. M\u00edg a t\u00f6bbieket v\u00e1rtam, szerettem volna megtal\u00e1lni \u00e9s lefot\u00f3zni az \u00e1rv\u00edz eml\u00e9km\u0171v\u00e9t, de t\u00f6bb f\u0151t\u00e9ri \u201ealkot\u00e1s\u201d k\u00f6z\u00f6tt sem siker\u00fclt felfedeznem. Ut\u00f3lag megtudtam: az a k\u0151lapokb\u00f3l \u00e1ll\u00f3 kompoz\u00edci\u00f3 volt az, amit a helyiek \u201ea k\u0151rak\u00e1s\u201d-nak neveznek.<\/p>\n<p>B\u00e1rhogy er\u0151sk\u00f6dtem, hogy guruljunk el az egy k\u00f6p\u00e9sre l\u00e9v\u0151 h\u00edres haj\u00f3malomhoz, miel\u0151tt lemegy a nap \u2013 t\u00e1rsaim bet\u00f3dultak a gyros-oshoz, majd \u201ebet\u00e1raztuk\u201d a vacsor\u00e1t &#8211; elvitt\u00fck a partra. V\u00e9g\u00fcl ez az id\u0151z\u00edt\u00e9s volt a legjobb, mivel a t\u00f6lt\u00e9sr\u0151l vacsor\u00e1val a \u201ezsebben\u201d csod\u00e1lkozhattunk r\u00e1 a Kis-Duna holt\u00e1g\u00e1n \u00fasz\u00f3 behem\u00f3t haj\u00f3malomra, a 82 m\u00e9ter hossz\u00fas\u00e1g\u00fa zsindelyes fah\u00eddra \u00e9s a csod\u00e1latos k\u00f6rnyezetre. (A fahidat nemr\u00e9g \u00faj\u00edtott\u00e1k fel.) Biztos, ami biztos \u2013 a t\u00e1rsas\u00e1g ezen az oldalon k\u00f6lt\u00f6tte el a vacsor\u00e1j\u00e1t a pavilonban, majd gyalogosan bement\u00fcnk kempingez\u00e9si lehet\u0151s\u00e9g fel\u0151l \u00e9rdekl\u0151dni. B\u00edztam a sikerben, s \u00fagy is lett. A sziget-f\u00e9lsziget \u00fcgyeletese \u2013 \u00e9s s\u00f6rcsapol\u00f3ja \u2013 egy akt\u00edv ker\u00e9kp\u00e1ros f\u00e9rfi volt, s gyorsan b\u00f3lintott. 20 perc m\u00falva m\u00e1r d\u00f6fk\u00f6dt\u00fck a c\u00f6l\u00f6p\u00f6ket, fesz\u00edtett\u00fck a ponyv\u00e1kat \u00e9s nemsok\u00e1ra elindultak az els\u0151 zuhanyoz\u00f3k a mell\u00e9k\u00e9p\u00fcletbe.<\/p>\n<p>Kareszt el tudtam cs\u00edpni, s az alkonyat f\u00e9nyein\u00e9l v\u00e9gre lezuttyanhattunk az egyik faasztalhoz egy-egy kors\u00f3 s\u00f6rrel. Ekkor sokan \u00e9rkeztek a kis ablakhoz, ahol a kiszolg\u00e1l\u00e1s t\u00f6rt\u00e9nt \u2013 gyerekek j\u00e9gkr\u00e9m\u00e9rt, kofol\u00e1\u00e9rt, a nagyok s\u00f6r\u00e9rt. M\u00f6g\u00f6tt\u00fcnk \u00e9l\u00e9nk liba\u00e9let folyt \u2013 az \u00e9vente Hannahanna-fesztiv\u00e1lnak helyet ad\u00f3 ter\u00fcleten egy kis \u201e\u00e1llatkert\u201d is m\u0171k\u00f6dik, ahol egy sz\u00e1m\u00e1r, egy cs\u00fcng\u0151has\u00fa diszn\u00f3 \u00e9s n\u00e9h\u00e1ny l\u00f3 mellett a legnagyobb l\u00e9tsz\u00e1mban barna ludak \u00e9lnek. Mik\u00f6zben s\u00f6r\u00f6zt\u00fck, a ludak \u2013 miut\u00e1n a f\u00f6lvezet\u0151 kik\u00e9mlelt a sz\u00ednpad sarka m\u00f6g\u00fcl &#8211; tettek egy er\u0151demonstr\u00e1ci\u00f3s k\u00f6rt a k\u00f6zgyep sz\u00e9l\u00e9n, majd visszat\u00f3dultak lakhely\u00fck fel\u00e9.<\/p>\n<p>&nbsp;<\/p>\n<p>Szeg\u00e9ny Iv\u00e1n!<\/p>\n<p>A fah\u00edd \u00e9p\u00edt\u00e9s\u00e9t, az 1983-ban egy r\u00e9gi ut\u00e1n fel\u00e9p\u00edtett haj\u00f3malom elhelyez\u00e9s\u00e9t \u00e9s a \u201esziget\u201d kialak\u00edt\u00e1s\u00e1t els\u0151k\u00e9nt S\u00e1li Ivan vetette fel 1992 k\u00f6r\u00fcl, \u00e9s az\u00f3ta j\u00f3csk\u00e1n ki\u00e9p\u00fclt a nagyszer\u0171 zug: a fa kiszolg\u00e1l\u00f3 \u00e9p\u00fcletben kocsma m\u0171k\u00f6dik, mellette &#8211; tet\u0151 alatt &#8211; r\u00e9gi munkaeszk\u00f6z\u00f6k g\u00e9pek id\u00e9zik a m\u00falt mez\u0151gazdas\u00e1gi munk\u00e1it, s sz\u00ednpad, t\u00e1nct\u00e9r, fedett ki\u00fcl\u0151k, szabadt\u00e9ri kemenc\u00e9k, \u00f3lak \u00e9s t\u00e1jh\u00e1z eg\u00e9sz\u00edtik ki a malom k\u00f6rnyezet\u00e9t. A ter\u00fcletet egy g\u00fatai polg\u00e1ri t\u00e1rsul\u00e1s tagjai igazgatj\u00e1k. Ivan, aki mindenben l\u00e1tott fant\u00e1zi\u00e1t, 2013-ban hirtelen elhunyt \u2013 nagy \u0171rt hagyva maga ut\u00e1n. 2012-ben egy p\u00f6rk\u00f6ltf\u0151z\u0151 versenyen m\u00e9g l\u00e1ttam \u0151t.<\/p>\n<p>B\u00e9la bar\u00e1tunk olthatatlan v\u00e1gyat \u00e9rzett egy kis s\u00fct\u00f6get\u00e9sre, \u00edgy \u2013 enged\u00e9llyel &#8211; t\u00fczet is gy\u00fajtottunk nem sokkal lefekv\u00e9s el\u0151tt.<\/p>\n<p>A reggel b\u00e1gyaszt\u00f3 borults\u00e1ggal \u00e9s vel\u0151tr\u00e1z\u00f3 szam\u00e1rord\u00edt\u00e1ssal kezd\u0151d\u00f6tt, s m\u00e1r \u00e9getett Nap, amikor felm\u00e1lh\u00e1zva b\u00facs\u00fat vett\u00fcnk az idilli helyt\u0151l. &#8211; Mozsno moszt V\u00e1h Hurbanovo? \u2013 \u201ek\u00e9rdeztem\u201d \u00e9kes szlov\u00e1k nyelven, a t\u00f6lt\u00e9sen szembej\u00f6v\u0151ket, vajon a g\u00e1ton el\u00e9rhet\u0151-e a V\u00e1g h\u00eddja \u00d3gyalla fel\u00e9. Ano volt a v\u00e1lasz, \u00edgy a V\u00e1g felett kereszt\u00fclhajtva Naszvad \u00e9s Imely fel\u00e9 iramodtunk. Azt a j\u00f3p\u00e1r kilom\u00e9tert v\u00e9gig napraforg\u00f3t\u00e1bl\u00e1k k\u00f6z\u00f6tt tett\u00fck meg &#8211; ny\u00e1rf\u00e1k alatt. \u00c9szrev\u00e9tlen\u00fcl keresztezt\u00fck a Nyitra medr\u00e9t is.<\/p>\n<p>&nbsp;<\/p>\n<div id=\"attachment_4140\" style=\"width: 310px\" class=\"wp-caption alignleft\"><a href=\"http:\/\/induljelegyuton.hu\/wp-content\/uploads\/DSC_0108-1.jpg\"><img loading=\"lazy\" decoding=\"async\" aria-describedby=\"caption-attachment-4140\" class=\"size-medium wp-image-4140\" src=\"http:\/\/induljelegyuton.hu\/wp-content\/uploads\/DSC_0108-1-300x200.jpg\" alt=\"Napraforg\u00f3, semmi m\u00e1s...\" width=\"300\" height=\"200\" srcset=\"https:\/\/induljelegyuton.hu\/wp-content\/uploads\/DSC_0108-1-300x200.jpg 300w, https:\/\/induljelegyuton.hu\/wp-content\/uploads\/DSC_0108-1-768x512.jpg 768w, https:\/\/induljelegyuton.hu\/wp-content\/uploads\/DSC_0108-1-225x150.jpg 225w, https:\/\/induljelegyuton.hu\/wp-content\/uploads\/DSC_0108-1-150x100.jpg 150w, https:\/\/induljelegyuton.hu\/wp-content\/uploads\/DSC_0108-1.jpg 850w\" sizes=\"auto, (max-width: 300px) 100vw, 300px\" \/><\/a><p id=\"caption-attachment-4140\" class=\"wp-caption-text\">Napraforg\u00f3, semmi m\u00e1s&#8230;<\/p><\/div>\n<p>A Nyitra \u00e9s a Zsitva partj\u00e1n&#8230;<\/p>\n<p>Naszvadon egy romasr\u00e1c szerette volna kipr\u00f3b\u00e1lni a fekv\u0151ker\u00e9kp\u00e1rt, s mivel nem lehetett, Eur\u00f3t kunyer\u00e1lt \u2026 A z\u00f6ldell\u0151 \u00cdmelyt is elhagytuk, s szinte ny\u00edlegyenes \u00faton \u00e9rt\u00fcnk \u00d3gyalla (Hurbanovo) tartoz\u00e9k\u00e1hoz, \u201eBogot\u00e1hoz\u201d (Bohat\u00e1). D\u00e9li ir\u00e1nyba kanyarodtunk \u00e9s k\u00f6zben m\u00e1r meg is egyezt\u00fcnk egy s\u00f6r\u00f6z\u0151s meg\u00e1ll\u00f3ban. A minden r\u00e9git n\u00e9lk\u00fcl\u00f6z\u0151 v\u00e1rosr\u00e9sz azt\u00e1n t\u00f6rt\u00e9nelmibbe v\u00e1ltott: egy tipikus iskolaker\u00edt\u00e9s m\u00f6g\u00f6tt nagy parkot pillantottam meg, s meg\u00e1llva egy t\u00f6nkretett Ord\u00f3dy-k\u00fari\u00e1t. (Az egyiket a h\u00e1romb\u00f3l.) Be sem mertem n\u00e9zni az ablakr\u00e9sen\u2026 A t\u00f6bbieket egy bev\u00e1s\u00e1rl\u00f3k\u00f6zpontn\u00e1l \u00e9rtem utol \u2013 nosza, vissza is fordultam az Arany F\u00e1c\u00e1n s\u00f6rgy\u00e1r bej\u00e1rat\u00e1t meg\u00f6r\u00f6k\u00edteni!<\/p>\n<p>\u00d3gyall\u00e1t is 1948-ban keresztelt\u00e9k \u00e1t Jozef Miroslav Hurban \u00edr\u00f3, nemzeti vezet\u0151 nev\u00e9re \u2013 aki B\u00e9cs t\u00e1mogat\u00e1s\u00e1val felkel\u00e9st is vezetett 1848-ban szabads\u00e1gharcunk ellen. \u00d3gyalla neve mell\u00e9 &#8211; a csillagvizsg\u00e1l\u00f3 mellett &#8211; szecesszi\u00f3s templomot, k\u00fari\u00e1kat, szobrokat jegyeztem, \u00edgy folyamatosan f\u00fcrk\u00e9sztem az utca k\u00e9t oldal\u00e1t. Nem csoda, hogy a t\u00f6bbiek elh\u00faztak &#8211; m\u00e9g a t\u00e1bl\u00e1val jel\u00f6lt csillagvizsg\u00e1l\u00f3t sem vett\u00e9k \u00e9szre. N\u00e9h\u00e1ny felv\u00e9telt a f\u00e1k-bokrok m\u00f6g\u00f6tt megb\u00faj\u00f3 k\u00fari\u00e1kr\u00f3l is kellett k\u00e9sz\u00edteni \u2013 a csillag\u00e1szati m\u00fazeummal szemben a j\u00f3 \u00e1llapot\u00fa Steiner-kast\u00e9ly peckes tornyai m\u00e9g a f\u00e1k koron\u00e1j\u00e1n is t\u00falny\u00faltak.<\/p>\n<p>&nbsp;<\/p>\n<p>Csillagda &#8211; lopakodva<\/p>\n<p>Itt sz\u00fcletett 1856-ban Feszty \u00c1rp\u00e1d fest\u0151 &#8211; J\u00f3kai veje &#8211; is, akiknek s\u00edrboltja van a temet\u0151ben. M\u00e9g jelent\u0151sebb a Konkoly-Thege csal\u00e1d sz\u00fcl\u00f6tt\u00e9nek Dr. Konkoly-Thege Mikl\u00f3snak tudom\u00e1nyos tev\u00e9kenys\u00e9ge, akinek nev\u00e9hez Eur\u00f3pa els\u0151 asztrofizik\u00e1lis obszervat\u00f3rium\u00e1nak meg\u00e9p\u00edt\u00e9se f\u0171z\u0151dik 1871-ben. Eg\u00e9sz \u00e9let\u00e9t a tudom\u00e1nynak szentelte, \u00e9s 1899-ben a csillagvizsg\u00e1l\u00f3t, annak felszerel\u00e9s\u00e9t, ingatlanait az \u00e1llamra hagyta, mert agg\u00f3dott, hogy hal\u00e1la ut\u00e1n nem haszn\u00e1lj\u00e1k majd a berendez\u00e9seket \u00e9s felsz\u00e1molj\u00e1k az \u00e9p\u00fcletet. Cser\u00e9be az \u00e1llam szavatolta a kutat\u00f3h\u00e1z megtart\u00e1s\u00e1t \u00e9s ott-tart\u00e1s\u00e1t.<\/p>\n<p>A doktornak szobrot avattak 2007-ben, a csal\u00e1dr\u00f3l utc\u00e1kat neveztek el, \u00e9s s\u00edrk\u00e1poln\u00e1juk \u00d3gyalla d\u00e9li r\u00e9sz\u00e9n emelkedik egy dombon.<\/p>\n<p>Szerencs\u00e9re a hatalmas szecesszi\u00f3s Szent L\u00e1szl\u00f3 templom \u201emeg\u00e1ll\u00edtotta\u201d a csapatot, \u00e9s utol\u00e9rt\u00fck \u0151ket. Az el\u0151z\u0151 templom 1911-ben le\u00e9gett, s Medgyaszay Istv\u00e1n tervei alapj\u00e1n \u00e9p\u00edtett\u00e9k a ma l\u00e1that\u00f3t. (A t\u00far\u00e1nk sor\u00e1n k\u00e9s\u0151bb \u00e9rintett r\u00e1r\u00f3sm\u00falyadi templom nagyon hasonl\u00f3 \u2013 szint\u00e9n \u0151 tervezte). Avatott szem felfedezi az utca m\u00e1sik oldal\u00e1n \u00e1ll\u00f3, szint\u00e9n szecesszi\u00f3s par\u00f3kia\u00e9p\u00fcletet.<\/p>\n<p>Bar\u00e1tommal m\u00e1r \u201ek\u00f6rbeszimatoltuk\u201d a csillagda-m\u00fazeum ker\u00edt\u00e9s\u00e9t, de m\u00e9g bel\u00e1tni sem nagyon lehetett a nagy kert m\u00e9ly\u00e9n \u00e1ll\u00f3 r\u00e9gi csillagd\u00e1ra. Kicsit arr\u00e9bb az\u00e9rt \u00e9szrevettem \u00e9s sz\u00e9les r\u00e9st a ker\u00edt\u00e9sen, s k\u00f6z\u00f6s besurran\u00e1sra bujtogattam a csapatot. Nem l\u00e1ttam kock\u00e1zatot, mivel emberek sem voltak az utc\u00e1n, s a park f\u00e1i is fedeztek volna benn\u00fcnket. \u00cdgy v\u00e9g\u00fcl csak \u00e9n l\u00e1ttam k\u00f6zelr\u0151l a nyithat\u00f3 kupol\u00e1t, a Konkoly-Thege-eml\u00e9kt\u00e1bl\u00e1t \u00e9s a Kopernikusz-szobrot. A tetej\u00e9t \u00e1ll\u00edt\u00f3lag a 80-as \u00e9vekben a \u201enagy kupola\u201d kiv\u00e9tel\u00e9vel lecser\u00e9lt\u00e9k.<\/p>\n<p>&nbsp;<\/p>\n<p>Szent Istv\u00e1n kir\u00e1ly \u00e9s egy J\u00e1szai-d\u00edjas<\/p>\n<p>A nap k\u00f6vetkez\u0151 r\u00e9sz\u00e9ben m\u00e1r t\u00f6bbnyire lank\u00e1s dombvid\u00e9ken haladtunk, de n\u00e9hol meglepet\u00e9sszer\u0171en meredek szakaszok is voltak. \u00d3gyalla felett remek kil\u00e1t\u00e1sban volt r\u00e9sz\u00fcnk a Gerecs\u00e9re \u00e9s sz\u00e9p erd\u0151s-ligetes \u00faton \u00e9rt\u00fcnk le a j\u00f3kora Kom\u00e1romszentp\u00e9terre. Csinos templomai mellett van egy omladoz\u00f3 Zichy-kast\u00e9lya is nagy parkkal, \u00e1m aznap Kolta volt egy messzi c\u00e9l. (M\u00e9g nem tudtuk, hogy m\u00e9g messzebb\u2026) Nem lehet jelent\u0151s v\u00edzfoly\u00e1s, de 2010-ben a Dzsindzsa-patak (j\u00f3 n\u00e9v!) okozott jelent\u0151s k\u00e1rokat Svaty Peterben\u2026 Itt k\u00e9rte el\u0151sz\u00f6r Karesz bar\u00e1tunk, hogy tekerj\u00fcnk m\u00e1r legal\u00e1bb egy \u00f3r\u00e1t meg\u00e1ll\u00e1s n\u00e9lk\u00fcl. Nos, \u00e9n ezt ott, akkor kereken megtagadtam\u2026 Kuty\u00e1b\u00f3l nem lesz szalonna.<\/p>\n<div id=\"attachment_4141\" style=\"width: 210px\" class=\"wp-caption alignright\"><a href=\"http:\/\/induljelegyuton.hu\/wp-content\/uploads\/DSC_0160-1.jpg\"><img loading=\"lazy\" decoding=\"async\" aria-describedby=\"caption-attachment-4141\" class=\"size-medium wp-image-4141\" src=\"http:\/\/induljelegyuton.hu\/wp-content\/uploads\/DSC_0160-1-200x300.jpg\" alt=\"Perbete el\u0151z\u0151 \u00e9vben kieg\u00e9sz\u00edtett \u00e9s felavatott Szent Istv\u00e1n-eml\u00e9km\u0171ve, a Milleniumi-eml\u00e9km\u0171ben\" width=\"200\" height=\"300\" srcset=\"https:\/\/induljelegyuton.hu\/wp-content\/uploads\/DSC_0160-1-200x300.jpg 200w, https:\/\/induljelegyuton.hu\/wp-content\/uploads\/DSC_0160-1-100x150.jpg 100w, https:\/\/induljelegyuton.hu\/wp-content\/uploads\/DSC_0160-1.jpg 567w\" sizes=\"auto, (max-width: 200px) 100vw, 200px\" \/><\/a><p id=\"caption-attachment-4141\" class=\"wp-caption-text\">Perbete el\u0151z\u0151 \u00e9vben kieg\u00e9sz\u00edtett \u00e9s felavatott Szent Istv\u00e1n-eml\u00e9km\u0171ve, a Milleniumi-eml\u00e9km\u0171ben<\/p><\/div>\n<p>\u00dajgyall\u00e1n \u2013 mely egykor \u00d3gyalla egyik majorja volt \u2013 nem \u00e1lltunk, meg de alig tudtuk elhagyni meredek kaptat\u00f3ja miatt, de ennek k\u00f6sz\u00f6nhet\u0151en Perbet\u00e9re \u201eviharos\u201d sebess\u00e9ggel \u00e9rt\u00fcnk be. A telep\u00fcl\u00e9s k\u00f6zpontj\u00e1ban \u00e1lltunk meg megosztani egym\u00e1ssal a sebess\u00e9gi m\u00e1mor \u00f6r\u00f6m\u00e9t \u2013 \u00e9n k\u00f6zben k\u00f6rben\u00e9ztem. Nem kis meglepet\u00e9semre \u00e9ppen az el\u0151z\u0151 \u00e9v augusztus\u00e1ban avattak Szent Istv\u00e1n-szobrot (a gy\u0151ri Leb\u00f3 Ferenc alkot\u00e1sa) a 2001-ben \u00e1ll\u00edtott Milleniumi eml\u00e9km\u0171 diadal\u00edve alatt. Perbete egykor jelent\u0151s telep\u00fcl\u00e9s volt, ma h\u00e1romezren lakj\u00e1k, s ezek \u00be-e magyar.<\/p>\n<p>Kom\u00e1rom k\u00f6zels\u00e9ge sajnos az 1763-as f\u00f6ldreng\u00e9sben is megnyilv\u00e1nult: 1733-ban \u00e9p\u00edtett barokk temploma \u00f6sszed\u0151lt, de h\u00e1rom \u00e9vvel k\u00e9s\u0151bb klasszicista st\u00edlusban \u00fajj\u00e1\u00e9p\u00edtett\u00e9k. Ha k\u00f6zelebbr\u0151l is megn\u00e9ztem volna, megpillanthattam volna 18. sz\u00e1zadi magyar k\u0151c\u00edmer\u00e9t. 1945-ig minden felekezetnek volt temploma \u00e9s iskol\u00e1ja!<\/p>\n<p>Perbete h\u00edres sz\u00fcl\u00f6tte P\u00e1ndy Lajos J\u00e1szai Mari-d\u00edjas sz\u00edn\u00e9sz, aki 2014-ben hunyt el Budapesten, de m\u00e1r eml\u00e9kt\u00e1bl\u00e1t is avatott neki a falu. 1948-t\u00f3l indult sz\u00edn\u00e9szi p\u00e1lyafut\u00e1sa. Sz\u00e1mos t\u00e9v\u00e9j\u00e1t\u00e9kban j\u00e1tszott &#8211; az Egri Csillagokban \u0151 alak\u00edtotta F\u00fcgedyt &#8211; s emellett 120 hangj\u00e1t\u00e9kot \u00e9s 50 sz\u00edndarabot ford\u00edtott magyarra.<\/p>\n<p>Ezt k\u00f6vet\u0151en \u2013 \u00e1tszelve az 509-es utat \u00e9s egy vasutat \u2013 legal\u00e1bb 16 kilom\u00e9teren \u00e1t a napban s\u00fctk\u00e9rez\u0151 dombvid\u00e9k gabonat\u00e1bl\u00e1in, erd\u0151foltjain medit\u00e1lhattunk, \u00e1m monotonit\u00e1sa ellen\u00e9re sz\u00e9p volt a t\u00e1j. J\u00e1szfalu csup\u00e1n r\u00e1hangol\u00f3d\u00e1s volt az \u00e1ltalam v\u00e1rva v\u00e1rt Kolt\u00e1ra. J\u00e1szfalu egy\u00e9bk\u00e9nt ma m\u00e1r teljesen t\u00f3t telep\u00fcl\u00e9s, neve \u2013 persze \u2013 egykori j\u00e1sz lakosaira utal \u2013 a magyar t\u00f6bbs\u00e9g\u0171 falu Trianon ut\u00e1n szlov\u00e1kosodott el.<\/p>\n<p>&nbsp;<\/p>\n<p>A koltai magyar<\/p>\n<p>Teljesen kitikkadva \u00e9s \u00e9hesen \u00e9rt\u00fcnk be a sz\u00e9p fekv\u00e9s\u0171 Kolt\u00e1ra, amely az 1938-ban hazat\u00e9rt telep\u00fcl\u00e9sek egyik leg\u00e9szakabbika. Ezt mutatja az is, hogy 2011-ben \u2013 \u00e1ll\u00edt\u00f3lag \u2013 19-en vallott\u00e1k magukat magyarnak. Mindenesetre \u201eleparkoltunk\u201d a kocsma el\u00e9, lefoglaltunk egy kinti asztalt, bent pedig kofol\u00e1t rendelt\u00fcnk. Ez a jellegzetes, ink\u00e1bb cseh, mint csehszlov\u00e1k \u00fcd\u00edt\u0151 lassan mindenki tetsz\u00e9s\u00e9t elnyerte csapatunkban. Ny\u00e1ri bicajoz\u00e1shoz mindenk\u00e9pen j\u00f3!<\/p>\n<p>Bent egy sr\u00e1c &#8211; miut\u00e1n megtudta, hogy magyar turist\u00e1k l\u00e1togattak Kolt\u00e1ra \u2013 nagyon fellelkes\u00fclt, seg\u00edtett rendelni, k\u00f6zben pedig igyekezett magyar szavakat el\u0151\u00e1sni eml\u00e9kezet\u00e9b\u0151l. Folyamatosan kezet fogott vel\u00fcnk \u00e9s nagyon \u00f6r\u00fclt minden magyar sz\u00f3nak. A l\u00e1nyokat v\u00e9g\u00fcl k\u00fcl\u00f6n is megh\u00edvta egy j\u00e9gkr\u00e9mre\u2026 Amikor seg\u00edt\u0151nkkel m\u00e1sodj\u00e1ra is a pulthoz j\u00e1rultunk, egy addig csendben \u00fcl\u0151 \u00f6regember k\u00f6zbesz\u00f3lt valamit magyarul.<\/p>\n<p>&#8211; H\u00e1t te tudsz magyarul?! Nem is tudtam, hogy te magyar vagy! \u2013 csod\u00e1lkozott r\u00e1 az \u00f6regre a fi\u00fa. H\u00e1t\u2026 ilyen ritka m\u00e1r itt a magyar ember\u2026<\/p>\n<p>Ezut\u00e1n \u00e9n is hozz\u00e1fordultam t\u00e1j\u00e9koz\u00f3dni: merre van a K\u00fcrthy-kast\u00e9ly, amely nemr\u00e9g m\u00e9g \u00e1ltal\u00e1nos iskola volt? \u2013 A templomn\u00e1l jobbra, az els\u0151 utc\u00e1n\u00e1l balra \u00e9s vagy 100 m\u00e9ter\u2026 de nincs ott semmi. \u2013 Hogyhogy semmi? \u2013 k\u00e9rdeztem \u2013 nincs meg a kast\u00e9ly? \u2013 Ott van, de nincs ott semmi \u2013 mondta elt\u00f6k\u00e9lten. Gondolom nekik a kast\u00e9ly megszokott dolog, s nincs m\u00e1s\u2026<\/p>\n<p>&nbsp;<\/p>\n<div id=\"attachment_4142\" style=\"width: 310px\" class=\"wp-caption alignright\"><a href=\"http:\/\/induljelegyuton.hu\/wp-content\/uploads\/DSC_0174-1.jpg\"><img loading=\"lazy\" decoding=\"async\" aria-describedby=\"caption-attachment-4142\" class=\"size-medium wp-image-4142\" src=\"http:\/\/induljelegyuton.hu\/wp-content\/uploads\/DSC_0174-1-300x200.jpg\" alt=\"A csod\u00e1latos K\u00fcrthy-kast\u00e9ly - m\u00e9ltatlan \u00e1llapotban...\" width=\"300\" height=\"200\" srcset=\"https:\/\/induljelegyuton.hu\/wp-content\/uploads\/DSC_0174-1-300x200.jpg 300w, https:\/\/induljelegyuton.hu\/wp-content\/uploads\/DSC_0174-1-768x512.jpg 768w, https:\/\/induljelegyuton.hu\/wp-content\/uploads\/DSC_0174-1-225x150.jpg 225w, https:\/\/induljelegyuton.hu\/wp-content\/uploads\/DSC_0174-1-150x100.jpg 150w, https:\/\/induljelegyuton.hu\/wp-content\/uploads\/DSC_0174-1.jpg 850w\" sizes=\"auto, (max-width: 300px) 100vw, 300px\" \/><\/a><p id=\"caption-attachment-4142\" class=\"wp-caption-text\">A csod\u00e1latos K\u00fcrthy-kast\u00e9ly &#8211; m\u00e9ltatlan \u00e1llapotban&#8230;<\/p><\/div>\n<p>120 \u00e9ves \u00e9kszerdoboz<\/p>\n<p>Egy \u00f3ra m\u00falva m\u00e1r nagyon \u00e9gett a talaj a talpam alatt, \u00edgy el\u0151rementem. \u00c1thaladtam a k\u00f6zelben fakad\u00f3 P\u00e1riz-patak h\u00eddj\u00e1n, majd kanyarodtam, fordultam, \u00e9s sz\u00e1z m\u00e9ter m\u00falva, a k\u00e9pen m\u00e1r l\u00e1tott romantikus st\u00edlus\u00fa K\u00fcrthy-k\u00faria ut\u00e1n ott s\u00e1rg\u00e1llott a t\u00f6k\u00e9letesen formabont\u00f3 K\u00fcrthy-kast\u00e9ly. Nagyszer\u0171 l\u00e1tv\u00e1ny volt &#8211; felh\u0151k \u00fasztak a k\u00e9k \u00e9gen \u00e9s \u00e9pp t\u00e1voz\u00f3ban volt a kasz\u00e1l\u00f3g\u00e9p, amely lev\u00e1gta a telek m\u00e9teres f\u00fcv\u00e9t.<\/p>\n<p>1850-es \u00e9vekben Fajk\u00fcrti \u00e9s koltai K\u00fcrthy Lajos volt a legnagyobb birtokos Kolt\u00e1n. \u0150 \u00e9p\u00edthette az a mai kast\u00e9lynak alapot ad\u00f3 k\u00fari\u00e1t, amelyet a budapesti k\u00f6znemesi sz\u00e1rmaz\u00e1s\u00fa M\u00e1sz\u00e1ros K\u00e1roly feles\u00e9ge alak\u00edttatott \u00e1t 1898-ban nyaral\u00f3kast\u00e9lly\u00e1. A kis kast\u00e9ly angol g\u00f3tik\u00e1t id\u00e9z\u0151 h\u00e1rmas tagol\u00e1s\u00fa homlokzata &#8211; amelyet k\u00e9t lapos tetej\u0171 b\u00e1styatorony fog k\u00f6zre &#8211; eg\u00e9szen egyed\u00fcl\u00e1ll\u00f3. M\u00e9g szecesszi\u00f3s r\u00e9szlete is van! De mi lesz most ezzel a csod\u00e1val?<\/p>\n<div id=\"attachment_4143\" style=\"width: 310px\" class=\"wp-caption alignright\"><a href=\"http:\/\/induljelegyuton.hu\/wp-content\/uploads\/DSC_0191-1.jpg\"><img loading=\"lazy\" decoding=\"async\" aria-describedby=\"caption-attachment-4143\" class=\"size-medium wp-image-4143\" src=\"http:\/\/induljelegyuton.hu\/wp-content\/uploads\/DSC_0191-1-300x200.jpg\" alt=\"C\u00edmer a K\u00fcrthy-k\u00faria kapuja felett\" width=\"300\" height=\"200\" srcset=\"https:\/\/induljelegyuton.hu\/wp-content\/uploads\/DSC_0191-1-300x200.jpg 300w, https:\/\/induljelegyuton.hu\/wp-content\/uploads\/DSC_0191-1-768x512.jpg 768w, https:\/\/induljelegyuton.hu\/wp-content\/uploads\/DSC_0191-1-225x150.jpg 225w, https:\/\/induljelegyuton.hu\/wp-content\/uploads\/DSC_0191-1-150x100.jpg 150w, https:\/\/induljelegyuton.hu\/wp-content\/uploads\/DSC_0191-1.jpg 850w\" sizes=\"auto, (max-width: 300px) 100vw, 300px\" \/><\/a><p id=\"caption-attachment-4143\" class=\"wp-caption-text\">C\u00edmer a K\u00fcrthy-k\u00faria kapuja felett<\/p><\/div>\n<p>Bar\u00e1taimnak is nagyon tetszett \u2013 akik v\u00e9gre befejezt\u00e9k a j\u00e9gkr\u00e9mez\u00e9st az utca elej\u00e9n \u00e9s idej\u00f6ttek -, \u00e1m \u00e9n k\u00f6zben m\u00e1r a szomsz\u00e9dos \u2013 m\u00e9g magasabb gazban fuldokl\u00f3 \u2013 f\u00f6ldszintes K\u00fcrthy-k\u00fari\u00e1t n\u00e9zegettem. R\u00e9gi vasl\u00e1mp\u00e1sok f\u00fcggnek a kapu k\u00e9t oldal\u00e1n, oldalt egy megt\u00f6rt k\u0151oroszl\u00e1n \u201eteteme\u201d hever, a z\u00e1r\u00f3k\u00f6v\u00f6n pedig egy kuruc lovas c\u00edmer! M\u00e9g a ker\u00edt\u00e9s is kolb\u00e1szb\u00f3l van! (egy f\u00e9l sz\u00e1l kolb\u00e1sz pihent a ker\u00edt\u00e9s egyik r\u00fadj\u00e1n!) Emberek, ezt meg kellene menteni!<\/p>\n<p>K\u00f6zben nyilv\u00e1nval\u00f3v\u00e1 v\u00e1lt, hogy a legk\u00f6zelebbi kemping \u2013 m\u00e1rpedig kemping kell \u2013 a Garam partj\u00e1n tal\u00e1lhat\u00f3, legal\u00e1bb 25 kilom\u00e9terre\u2026 L\u00e1ttam, amit felt\u00e9tlen\u00fcl akartam \u2013 \u00edgy el\u00e9gedetten v\u00e1nszorogtunk ki a v\u00f6lgyb\u0151l az orsz\u00e1g\u00faton. Itt sem eb\u00e9delt\u00fcnk\u2026 Utols\u00f3k\u00e9nt Kolta 20. sz\u00e1zadi urainak, a Jaross csal\u00e1dnak klasszicista s\u00edreml\u00e9k\u00e9t l\u00e1thattuk &#8211; balra a temet\u0151ben.<\/p>\n","protected":false},"excerpt":{"rendered":"<p>G\u00fat\u00e1t\u00f3l Kolt\u00e1ig &nbsp; A Csall\u00f3k\u00f6z legnagyobb telep\u00fcl\u00e9sei k\u00f6z\u00e9 tartoz\u00f3 G\u00fata c\u00edmer\u00e9ben \u00e9s z\u00e1szlaj\u00e1ban is a hat\u00e1r\u00e1ban \u0151rzi, a V\u00e1g partj\u00e1ra \u00e9p\u00edtett 14. sz\u00e1zadi egykori f\u00f6ldv\u00e1r szab\u00e1lyos alaprajz\u00e1t \u2013 l\u00e1thatja minden be\u00e9rkez\u0151. Az egykori vas\u00fattal fej-fej mellett gurultunk \u00e1t egy csatorna h\u00eddj\u00e1n, be a t\u00edzezres l\u00e9leksz\u00e1m\u00fa kisv\u00e1rosba. 1551-ben m\u00e1r v\u00e1rosi rangja \u2026 <a class=\"continue-reading-link\" href=\"https:\/\/induljelegyuton.hu\/?p=4053\"> Continue reading <span class=\"meta-nav\">&rarr; <\/span><\/a><\/p>\n","protected":false},"author":1,"featured_media":0,"comment_status":"open","ping_status":"open","sticky":false,"template":"","format":"standard","meta":{"ngg_post_thumbnail":0,"footnotes":""},"categories":[21,25],"tags":[1618,1759,1737,30,1765,1748,1773,1774,1741,1760,1768,1764,1767,1771,1772,1770,1758,1734,1766,1762,1263,1769,1761,1763,1775],"class_list":["post-4053","post","type-post","status-publish","format-standard","hentry","category-bakancsolas","category-mezsgye","tag-1618","tag-babetta","tag-biciklitura","tag-felvidek","tag-feszty-arpad","tag-guta","tag-jaross-csalad","tag-jaszfalu","tag-kerekpartura","tag-kis-duna","tag-komaromszentpeter","tag-konkoly-thege-miklos","tag-kopernikusz-szobor","tag-kurthy-kastely","tag-kurthy-kuria","tag-lebo-ferenc","tag-magyar","tag-magyarsag","tag-medgyaszay-istvan","tag-ogyalla","tag-pandy-lajos","tag-perbete","tag-saly-ivan","tag-ujgyalla","tag-vag"],"_links":{"self":[{"href":"https:\/\/induljelegyuton.hu\/index.php?rest_route=\/wp\/v2\/posts\/4053","targetHints":{"allow":["GET"]}}],"collection":[{"href":"https:\/\/induljelegyuton.hu\/index.php?rest_route=\/wp\/v2\/posts"}],"about":[{"href":"https:\/\/induljelegyuton.hu\/index.php?rest_route=\/wp\/v2\/types\/post"}],"author":[{"embeddable":true,"href":"https:\/\/induljelegyuton.hu\/index.php?rest_route=\/wp\/v2\/users\/1"}],"replies":[{"embeddable":true,"href":"https:\/\/induljelegyuton.hu\/index.php?rest_route=%2Fwp%2Fv2%2Fcomments&post=4053"}],"version-history":[{"count":4,"href":"https:\/\/induljelegyuton.hu\/index.php?rest_route=\/wp\/v2\/posts\/4053\/revisions"}],"predecessor-version":[{"id":4138,"href":"https:\/\/induljelegyuton.hu\/index.php?rest_route=\/wp\/v2\/posts\/4053\/revisions\/4138"}],"wp:attachment":[{"href":"https:\/\/induljelegyuton.hu\/index.php?rest_route=%2Fwp%2Fv2%2Fmedia&parent=4053"}],"wp:term":[{"taxonomy":"category","embeddable":true,"href":"https:\/\/induljelegyuton.hu\/index.php?rest_route=%2Fwp%2Fv2%2Fcategories&post=4053"},{"taxonomy":"post_tag","embeddable":true,"href":"https:\/\/induljelegyuton.hu\/index.php?rest_route=%2Fwp%2Fv2%2Ftags&post=4053"}],"curies":[{"name":"wp","href":"https:\/\/api.w.org\/{rel}","templated":true}]}}