{"id":3865,"date":"2017-01-08T20:54:31","date_gmt":"2017-01-08T19:54:31","guid":{"rendered":"http:\/\/induljelegyuton.hu\/?p=3865"},"modified":"2017-01-09T22:34:26","modified_gmt":"2017-01-09T21:34:26","slug":"ahol-magyarul-beszelnek-felvideki-kerekpartura-rajkatol-alsosztregovaig-2-resz","status":"publish","type":"post","link":"https:\/\/induljelegyuton.hu\/?p=3865","title":{"rendered":"Ahol magyarul besz\u00e9lnek &#8211; Felvid\u00e9ki ker\u00e9kp\u00e1rt\u00fara Rajk\u00e1t\u00f3l Als\u00f3sztregov\u00e1ig (2. r\u00e9sz)"},"content":{"rendered":"<p><strong>Dunaszerdahelyt\u0151l G\u00fat\u00e1ig<\/strong><\/p>\n<p>&nbsp;<\/p>\n<div id=\"attachment_4041\" style=\"width: 310px\" class=\"wp-caption alignright\"><a href=\"http:\/\/induljelegyuton.hu\/wp-content\/uploads\/DSC_0867-1.jpg\"><img loading=\"lazy\" decoding=\"async\" aria-describedby=\"caption-attachment-4041\" class=\"size-medium wp-image-4041\" src=\"http:\/\/induljelegyuton.hu\/wp-content\/uploads\/DSC_0867-1-300x200.jpg\" alt=\"Indul\u00e1sra k\u00e9szen a dunaszerdahelyi Thermalpark kempingben\" width=\"300\" height=\"200\" srcset=\"https:\/\/induljelegyuton.hu\/wp-content\/uploads\/DSC_0867-1-300x200.jpg 300w, https:\/\/induljelegyuton.hu\/wp-content\/uploads\/DSC_0867-1-768x512.jpg 768w, https:\/\/induljelegyuton.hu\/wp-content\/uploads\/DSC_0867-1-225x150.jpg 225w, https:\/\/induljelegyuton.hu\/wp-content\/uploads\/DSC_0867-1-150x100.jpg 150w, https:\/\/induljelegyuton.hu\/wp-content\/uploads\/DSC_0867-1.jpg 850w\" sizes=\"auto, (max-width: 300px) 100vw, 300px\" \/><\/a><p id=\"caption-attachment-4041\" class=\"wp-caption-text\">Indul\u00e1sra k\u00e9szen a dunaszerdahelyi Thermalpark kempingben<\/p><\/div>\n<p>Mint \u00edrtam, t\u00e1bort vert\u00fcnk a dunaszerdahelyi Thermalpark kempingben. Sajnos csak s\u00f6t\u00e9ted\u00e9skor n\u00e9zt\u00fcnk s\u00f6r\u00f6z\u0151 ut\u00e1n, s a ned\u0171 s\u00f6t\u00e9tben \u00e9s h\u0171v\u00f6sben m\u00e1r nem esett olyan j\u00f3l. De az egyik benti kocsma terasz\u00e1n m\u00e9g hajnal egykor is \u00e9nekelte valaki b\u00fas n\u00f3t\u00e1it.<\/p>\n<p>Kora reggel azt\u00e1n \u00f6sszekapcsoltam az eg\u00e9szs\u00e9g\u00fcgyi s\u00e9t\u00e1t a zuhanyoz\u00e1ssal, ami nagyon j\u00f3lesett \u2013 mivel m\u00e9g visszafek\u00fcdtem\u2026 A finom melegre lassan el\u0151b\u00fajtunk mindannyian a kotyog\u00f3s hangjaira kis \u201epagonyunkban\u201d, \u00e9s lust\u00e1n megreggelizt\u00fcnk a cir\u00f3gat\u00f3 napf\u00e9nyben, amely indul\u00e1sig meg is sz\u00e1r\u00edtotta nyirkos t\u00f6r\u00fclk\u00f6z\u0151inket \u00e9s a s\u00e1trakat. M\u00edg mi m\u00e1r menetre k\u00e9szen dugtuk palackjainkat a csap al\u00e1, a strand medenc\u00e9je szinte m\u00e9g \u00fcres volt. A nap is m\u00e1r \u201eg\u0151zer\u0151vel \u00fczemelt\u201d.<\/p>\n<p><strong>ngg_shortcode_0_placeholder<\/strong><\/p>\n<p>Ami a lak\u00f3telep m\u00f6g\u00f6tt van&#8230;<\/p>\n<p>Vezet\u0151v\u00e9 avanzs\u00e1lva nagy lend\u00fclettel indultam el Dunaszerdahely k\u00f6zpontja fel\u00e9. A jelent\u0151s forgalom \u00e9s a vas\u00fati fel\u00fclj\u00e1r\u00f3 kicsit sz\u00e9tzil\u00e1lta a t\u00e1rsas\u00e1got, de azt\u00e1n a k\u00f6rforgalomn\u00e1l r\u00e1fordultunk a F\u0151 utc\u00e1ra \u2013 gyalogosan, mivel nem csak a fekv\u0151ker\u00e9kp\u00e1rosoknak volt \u00e9letvesz\u00e9lyes a k\u00f6rforgalmi lav\u00edroz\u00e1s. Err\u0151l, a d\u00e9li oldalr\u00f3l mintha sz\u00e1nd\u00e9kosan rekesztett\u00e9k volna el a belv\u00e1rost hatalmas lak\u00f3telep-h\u00e1zt\u00f6mb\u00f6kkel \u2013 a legr\u00e9gebbi m\u0171eml\u00e9k, a 14. sz\u00e1zadi alapokon nyugv\u00f3, g\u00f3tikus eredet\u0171 r\u00f3mai katolikus templomnak csak a keresztje l\u00e1tszik ki m\u00f6g\u00fcl\u00fck.<\/p>\n<p>&nbsp;<\/p>\n<p>A szerdahelyi forgalomban<\/p>\n<p>Azonnal felismertem a jellegzetes v\u00e1rosh\u00e1z\u00e1t, amely Makovecz Imre tervei alapj\u00e1n \u00e9p\u00fclt, \u00e9s amely hasonl\u00f3 formavil\u00e1g\u00fa \u00e9p\u00fcletekkel eg\u00e9sz\u00fclt ki a F\u0151 utca ment\u00e9n. Am\u00edg az egyik fekv\u0151ker\u00e9kp\u00e1r szervizel\u00e9se folyt, bet\u00e1joltam a barokk S\u00e1rga kast\u00e9lyt. Ez Szerdahely legreprezentat\u00edvabb \u00e9p\u00fclete, \u00e9s a Csall\u00f3k\u00f6zi M\u00fazeumnak ad otthont, amely els\u0151sorban a t\u00e1jra vonatkoz\u00f3 helyt\u00f6rt\u00e9neti ki\u00e1ll\u00edt\u00e1sokb\u00f3l \u00e1ll. Valamikor nagy park vette k\u00f6r\u00fcl, amely m\u00e1r r\u00e9g a m\u00falt\u00e9\u2026 Az 1753-re elk\u00e9sz\u00fclt, Pad\u00e1nyi B\u00edr\u00f3 M\u00e1rton \u00e9p\u00edttette \u00fari lakot \u2013 l\u00e1that\u00f3lag \u2013 nemr\u00e9g \u00faj\u00edtott\u00e1k fel. Vele szemben emelkedik a v\u00e1ros modern reform\u00e1tus temploma, amely 1998-ra \u00e9p\u00fclt fel. Visszat\u00e9rt\u00fcnk a F\u0151 utc\u00e1ra, ahol egyik bar\u00e1tunk kenyeret v\u00e1s\u00e1rolt, majd \u00f6r\u00f6mmel \u00fajs\u00e1golta, hogy minden\u00fctt magyar feliratokat \u00e9s magyar besz\u00e9det hallott.<\/p>\n<p>Tov\u00e1bbhajtottunk az utca sz\u00e9l\u00e9re szor\u00edtott ker\u00e9kp\u00e1r\u00faton, s legk\u00f6zelebb a b\u00edr\u00f3s\u00e1g szecesszi\u00f3s \u00e9p\u00fclet\u00e9nek k\u00f6zel\u00e9ben \u00e1lltunk meg. Ezut\u00e1n \u00e9rt\u00fcnk a romantikus st\u00edlus\u00fa Vermes-vill\u00e1hoz (a k\u00f6zelben t\u00f6bb \u201ehasonl\u00f3\u201d villa \u00e9s k\u00faria tal\u00e1lhat\u00f3), amely modern m\u0171v\u00e9szeti k\u00f6zpont: f\u00e9lig \u00e1rny\u00e9kos udvar\u00e1n sz\u00e1mos kort\u00e1rs szobr\u00e1szati alkot\u00e1s \u00e1ll. Mivel ott megsz\u0171nt az ideges\u00edt\u0151 forgalom, megnyugodtunk \u00e9s k\u00e9nyelmesen k\u00f6rben\u00e9zt\u00fcnk. Egyik t\u00farat\u00e1rsn\u0151nk felismerte az egyik alkot\u00e1st \u2013 Budahelyi Tibor \u201eJelz\u00e9s\u00e9t\u201d -, amihez c\u00e9g\u00fckt\u0151l k\u00e9rtek vasipari kivitelez\u00e9st. De nemcsak a szobrok, a tornyos \u00e9p\u00fclet is \u00e9rdekes volt.<\/p>\n<p>&nbsp;<\/p>\n<p>Ker\u00e9kp\u00e1r\u00fat versus kamionforgalom<\/p>\n<p>Egyeztetni kezdt\u00fcnk az \u00fatir\u00e1nyr\u00f3l \u00e9s a k\u00f6vetkez\u0151 \u00e9rintend\u0151 telep\u00fcl\u00e9sr\u0151l. \u00c9n Dunat\u0151k\u00e9st (Dunajsky Klatov) n\u00e9ztem ki egy v\u00edzimalom miatt, \u00e1m ez \u00f6nmag\u00e1ban m\u00e9g nem volt meggy\u0151z\u0151 \u2013 megk\u00f6zel\u00edt\u00e9se vargabet\u0171nek \u00edg\u00e9rkezett. D\u00f6nt\u00e9s helyett bev\u00e1s\u00e1roltunk \u2013 az mindenk\u00e9ppen j\u00f3lesett \u2013, de azt\u00e1n a GPS-szel b\u00edr\u00f3 t\u00farat\u00e1rsn\u0151nk m\u00e9gis Dunat\u0151k\u00e9s fel\u00e9 ir\u00e1ny\u00edtotta a csapatot, s a t\u00f6bbiek k\u00f6vett\u00e9k. A jelzett ker\u00e9kp\u00e1r\u00fat is az \u00fatir\u00e1ny \u201emalm\u00e1ra hajtotta a vizet\u201d, amelyen a nagyon hangulatos Kisudvarnokig (Mal\u00e9 Drorn\u00edky) jutottunk. Onnan viszont egy r\u00e9gi, kavicsos d\u0171l\u0151\u00faton vezetett volna tov\u00e1bb, amelyt\u0151l viszolyogtak a fekv\u0151 kerekez\u0151k, \u00edgy Nagyudvarnok (Vel\u2019ky Dvorn\u00edky) fel\u00e9 ker\u00fclt\u00fcnk. A sz\u00e9p f\u00e1s-vir\u00e1gos telep\u00fcl\u00e9s v\u00e9g\u00e9n azt\u00e1n ism\u00e9t \u201eegym\u00e1snak fesz\u00fclt\u00fcnk\u201d, mivel egyik\u00fcnk semmik\u00e9ppen sem akart a forgalmas f\u0151\u00fat sz\u00e9l\u00e9n kerekezni. (Term\u00e9szetesen senki sem szeret, de kamionok mellett fekve tekerni m\u00e9g f\u00e9lelmetes is.) V\u00e9g\u00fcl beadta a derek\u00e1t \u00e9s h\u00e1rom kilom\u00e9ter ut\u00e1n meg\u00e9rkezt\u00fcnk T\u0151k\u00e9sre, ahol rov\u00e1s\u00edr\u00e1sos telep\u00fcl\u00e9st\u00e1bla is fogadott! Pihent\u00fcnk egy kicsit a z\u00f6lds\u00e9ges pavilon \u00e1rny\u00e9k\u00e1ban, majd n\u00e9h\u00e1ny sz\u00e1z m\u00e9terrel arr\u00e9bb let\u00e9rt\u00fcnk a malmot jelz\u0151 t\u00e1bl\u00e1n\u00e1l. M\u00edg a k\u00e1ty\u00fas d\u00f3zer\u00faton d\u00f6c\u00f6gt\u00fcnk, z\u00e1poroztak r\u00e1m a k\u00e9rd\u00e9sek: \u201emilyen lesz a malom, j\u00f3 lesz a malom?\u201d, azt\u00e1n egyszer csak legurultunk egy f\u00e1k \u00e1rny\u00e9kolta, enyhe lejt\u0151n \u00e9s meg\u00e9rkezt\u00fcnk csodaorsz\u00e1gba\u2026<\/p>\n<p>&nbsp;<\/p>\n<div id=\"attachment_4042\" style=\"width: 310px\" class=\"wp-caption alignright\"><a href=\"http:\/\/induljelegyuton.hu\/wp-content\/uploads\/DSC_0941-1.jpg\"><img loading=\"lazy\" decoding=\"async\" aria-describedby=\"caption-attachment-4042\" class=\"size-medium wp-image-4042\" src=\"http:\/\/induljelegyuton.hu\/wp-content\/uploads\/DSC_0941-1-300x200.jpg\" alt=\"Maga a paradicsom a Kis-Duna T\u0151k\u00e9si \u00e1g\u00e1ban - a Cs\u00e9falvay malomn\u00e1l\" width=\"300\" height=\"200\" srcset=\"https:\/\/induljelegyuton.hu\/wp-content\/uploads\/DSC_0941-1-300x200.jpg 300w, https:\/\/induljelegyuton.hu\/wp-content\/uploads\/DSC_0941-1-768x512.jpg 768w, https:\/\/induljelegyuton.hu\/wp-content\/uploads\/DSC_0941-1-225x150.jpg 225w, https:\/\/induljelegyuton.hu\/wp-content\/uploads\/DSC_0941-1-150x100.jpg 150w, https:\/\/induljelegyuton.hu\/wp-content\/uploads\/DSC_0941-1.jpg 850w\" sizes=\"auto, (max-width: 300px) 100vw, 300px\" \/><\/a><p id=\"caption-attachment-4042\" class=\"wp-caption-text\">Maga a paradicsom a Kis-Duna T\u0151k\u00e9si \u00e1g\u00e1ban &#8211; a Cs\u00e9falvay malomn\u00e1l<\/p><\/div>\n<p>Ember \u00e9s liliom a v\u00edzben!<\/p>\n<p>A fakorl\u00e1ttal k\u00eds\u00e9rt \u00fat bal oldal\u00e1n \u00e1llt a kis, feh\u00e9rre meszelt malom\u00e9p\u00fclet, annak v\u00e9g\u00e9ben pedig t\u00e9tlens\u00e9gre k\u00e1rhoztatott v\u00edzikereke. De tov\u00e1bbhajtva az \u00fat mindk\u00e9t oldal\u00e1n a Kis Duna T\u0151k\u00e9si \u00e1g\u00e1nak vize \u00e1llt, f\u00e1k borultak f\u00f6l\u00e9, v\u00edzililiomok kerek levelei lebegtek rajta itt-ott s\u00e1rga vir\u00e1gbimb\u00f3kkal, a krit\u00e1lytiszta v\u00edz miatt pedig l\u00e1thattuk a meder alj\u00e1t. A bicikliket sebt\u00e9ben let\u00e1masztottuk \u00e9s l\u00e1ttuk, ahogy a v\u00edz \u00e1tz\u00fadul a h\u00edd alatt. Akkor der\u00fclt ki sz\u00e1momra, hogy a malomg\u00e1ton \u00e1llunk. A csodasz\u00e9p, t\u00f3v\u00e1 sz\u00e9lesed\u0151 Duna-\u00e1gat egy l\u00e1bakon \u00e1ll\u00f3 \u201ev\u00edziteraszr\u00f3l\u201d is megn\u00e9zhett\u00fck a t\u00falpartr\u00f3l. Mire vissza\u00e9rt\u00fcnk, a forgalmas \u00fat miatt ideges bar\u00e1tunk m\u00e1r bele is g\u00e1zolt a h\u00edvogat\u00f3 v\u00edzbe a v\u00edziker\u00e9k mellett. \u201eMeg\u00e9rte!\u201d \u2013 mondta k\u00e9s\u0151bb.<\/p>\n<p>Hatalmas f\u00fcrd\u00e9st csaptunk a d\u00e9li melegben &#8211; \u00fasztunk \u00e1rral szemben, lebegt\u00fcnk a tavir\u00f3zs\u00e1k mellett -, az \u00fajj\u00e1sz\u00fclet\u00e9st pedig egy j\u00f3 megeb\u00e9del\u00e9ssel \u201efejelt\u00fck\u201d meg. B\u00e9la bar\u00e1tunk r\u00f6gvest a serpeny\u0151j\u00e9\u00e9rt kapott, \u00e9s \u00f6ssze\u00fct\u00f6tt egy r\u00e1ntott\u00e1t: nem adja al\u00e1bb Angli\u00e1ban sem\u2026 Az egyik, Cs\u00e9falvay malom t\u0151szomsz\u00e9ds\u00e1g\u00e1ban \u00e1ll\u00f3 h\u00e1zban lakott a malom \u201ekezel\u0151je\u201d, aki az utols\u00f3 moln\u00e1r lesz\u00e1rmazottja is. N\u00e9gyen felsorakoztunk, hogy megtekintj\u00fck a malmot. Az asszony t\u00f6bbek k\u00f6z\u00f6tt elmes\u00e9lte, hogy nem k\u00f6nny\u00edtik meg a dolgukat a term\u00e9szetv\u00e9delmisek a malom k\u00f6rnyezet\u00e9t illet\u0151en, mert p\u00e9ld\u00e1ul napokat kellett v\u00e1rniuk arra is, hogy a vihard\u00f6nt\u00f6tte f\u00e1kat \u201ehivatalosan\u201d \u0151k t\u00e1vol\u00edts\u00e1k el az \u00fatr\u00f3l. A m\u0171eml\u00e9kesek pedig az \u00e9p\u00fclet tet\u0151zet\u00e9nek fel\u00faj\u00edt\u00e1s\u00e1n\u00e1l sp\u00f3rolt\u00e1k le az mennyezeti ablakot, miszerint \u201enem is volt ott soha ablak\u201d, mintha s\u00f6t\u00e9tben dolgoztak volna a fels\u0151 szinten. Az ipart\u00f6rt\u00e9neti eml\u00e9k berendez\u00e9seib\u0151l els\u0151sorban a szitaberendez\u00e9s kiemelked\u0151. Megtudtuk azt is, hogy a malomcsatorna zsilip-emel\u0151j\u00e9re m\u00e1r r\u00e9g\u00f3ta nem jutott p\u00e9nz, \u00edgy nem tudnak vizet ereszteni a ker\u00e9kre\u2026<\/p>\n<p>Mikor elk\u00f6sz\u00f6nt\u00fcnk, a h\u00f6lgy egy dunat\u0151k\u00e9si kulcstart\u00f3t aj\u00e1nd\u00e9kozott nek\u00fcnk. Az eg\u00e9sz t\u00far\u00e1r\u00f3l el\u0151sz\u00f6r az itteni f\u00fcrd\u00e9s percei jutnak esz\u00fcnkbe\u2026<\/p>\n<p>&nbsp;<\/p>\n<p>A T\u0151k\u00e9si-\u00e1g term\u00e9szete<\/p>\n<p>\u00d6r\u00f6m\u00fcnkre Adrien t\u00farat\u00e1rsn\u0151nk felfedezett egy jelzett ker\u00e9kp\u00e1rutat, amely a v\u00edzfoly\u00e1s mellett haladt a megfelel\u0151 \u2013 d\u00e9lkeleti \u2013 ir\u00e1ny\u00e1ba. B\u00e1r az \u00fat hepehup\u00e1s d\u0171l\u0151\u00fat volt (egyes r\u00e9szein aszfaltmarad\u00e9kkal), most nem volt gond. A gal\u00e9riaerd\u0151, gy\u00fcm\u00f6lcsf\u00e1s v\u00edkendtelkek \u00e9s kukoricat\u00e1bl\u00e1k k\u00f6z\u00f6tt egy h\u00eddhoz \u00e9rt\u00fcnk \u2013 egy major k\u00f6zel\u00e9ben. A h\u00eddr\u00f3l \u2013 melyen \u00e1tkelt\u00fcnk \u2013 csod\u00e1latos r\u00e1l\u00e1t\u00e1s esett az ismer\u0151s Duna-\u00e1gra, amelynek lassan \u00e1raml\u00f3 viz\u00e9n p\u00e1szm\u00e1kba rendez\u0151d\u00f6tt a b\u00e9kalencse, a meder kavicsait pedig meg lehetett volna sz\u00e1molni\u2026<\/p>\n<div id=\"attachment_4043\" style=\"width: 210px\" class=\"wp-caption alignright\"><a href=\"http:\/\/induljelegyuton.hu\/wp-content\/uploads\/DSC_1015.jpg\"><img loading=\"lazy\" decoding=\"async\" aria-describedby=\"caption-attachment-4043\" class=\"size-medium wp-image-4043\" src=\"http:\/\/induljelegyuton.hu\/wp-content\/uploads\/DSC_1015-200x300.jpg\" alt=\"A csall\u00f3k\u00f6zk\u00fcrti Szent Istv\u00e1n v\u00e9rtan\u00fa-templom. F\u00e9lrevezetett... vagy m\u00e9gsem?\" width=\"200\" height=\"300\" srcset=\"https:\/\/induljelegyuton.hu\/wp-content\/uploads\/DSC_1015-200x300.jpg 200w, https:\/\/induljelegyuton.hu\/wp-content\/uploads\/DSC_1015-100x150.jpg 100w, https:\/\/induljelegyuton.hu\/wp-content\/uploads\/DSC_1015.jpg 567w\" sizes=\"auto, (max-width: 200px) 100vw, 200px\" \/><\/a><p id=\"caption-attachment-4043\" class=\"wp-caption-text\">A csall\u00f3k\u00f6zk\u00fcrti Szent Istv\u00e1n v\u00e9rtan\u00fa-templom. F\u00e9lrevezetett&#8230; vagy m\u00e9gsem?<\/p><\/div>\n<p>A t\u00faloldalon viszont f\u00fcves \u00faton mehett\u00fcnk tov\u00e1bb, a t\u00f6lt\u00e9st k\u00eds\u00e9r\u0151 hatalmas f\u00e1k lomb\u00e1rny\u00e9k\u00e1ban. A \u201ebio-szakasz\u201d ut\u00e1n ism\u00e9t aszfalton folytattuk utunkat \u00e9s elb\u00facs\u00faztunk a gy\u00f6ny\u00f6r\u0171 T\u0151k\u00e9si-\u00e1gt\u00f3l. A ny\u00e1rf\u00e1s \u00fat Csall\u00f3k\u00f6zk\u00fcrtre (Ohr\u00e1dy) vezetett, ahov\u00e1 csak az\u00e9rt ment\u00fcnk be, mert a r\u00f6vid\u00edt\u0151 \u00fat mellett permeteztek, \u00edgy azt lez\u00e1rt\u00e1k. Csall\u00f3k\u00f6zk\u00fcrt\u00f6n megn\u00e9zt\u00fck a Polg\u00e1rmesteri hivatal fal\u00e1n l\u00e1that\u00f3 Kossuth-eml\u00e9kt\u00e1bl\u00e1t, majd \u2013 miut\u00e1n tornya renesz\u00e1nsz p\u00e1rt\u00e1zatosnak t\u0171nt \u2013 a Szent Istv\u00e1n v\u00e9rtan\u00fa-templom\u00e1t is. B\u00e1r ez ut\u00f3bbi eml\u00e9kt\u00e1bl\u00e1ja 1933-as \u00fajj\u00e1\u00e9p\u00edt\u00e9sr\u0151l tan\u00faskodik, ut\u00f3bb megtudtam, hogy \u0151se m\u00e1r a 13. sz\u00e1zadban \u00e1llt, s a 20. sz\u00e1zadra m\u00e1r roskadoz\u00f3 templomot a torony kiv\u00e9tel\u00e9vel az alapokt\u00f3l \u00fajra\u00e9p\u00edtett\u00e9k. M\u00e1rv\u00e1nyb\u00f3l k\u00e9sz\u00fclt f\u0151olt\u00e1ra annak a Fadrusz J\u00e1nos alkotta M\u00e1ria Ter\u00e9zia-szobornak a talapzat\u00e1b\u00f3l k\u00e9sz\u00fclt, amit Pozsonyban vasdorongokkal sz\u00e9tvertek a cseh l\u00e9gi\u00f3sok 1921 okt\u00f3ber\u00e9ben\u2026<\/p>\n<p>&nbsp;<\/p>\n<p>\u00dat a v\u00e1s\u00e1rokra \u00e9s a pallosjog<\/p>\n<p>Mire kijutottunk a telep\u00fcl\u00e9sr\u0151l \u2013 a V\u00e1s\u00e1r\u00fat (Trhov\u00e1 Hradsk\u00e1) fel\u00e9 tart\u00f3 almaf\u00e1s ker\u00e9kp\u00e1r\u00faton \u2013 a r\u00f6videbb \u00fat lez\u00e1r\u00e1s\u00e1t m\u00e1r feloldott\u00e1k, viszont csak \u00edgy l\u00e1thattuk Csall\u00f3k\u00f6zk\u00fcrt\u00f6t! V\u00e1s\u00e1r\u00faton \u00e1tkerekezt\u00fcnk &#8211; a n\u00e9h\u00e1ny k\u00f6zben k\u00e9sz\u00edtett fot\u00f3 hangulatos telep\u00fcl\u00e9sr\u0151l tan\u00faskodik. Ny\u00e1rasdig (Topol\u2019n\u00edky) gy\u00fcm\u00f6lcsf\u00e1kkal hanyagul szeg\u00e9lyezett \u00faton haladtunk, mellett\u00fcnk pedig arat\u00e1s folyt. \u00c1thaladtunk a B\u0151s-Ny\u00e1rasdi-csatorna felett is. V\u00e1rtam Ny\u00e1rasdot, mert Pallosjog eml\u00e9km\u0171ve mellett egy 1849-es csata-eml\u00e9km\u0171vet, \u00e9s egy Pet\u0151fi eml\u00e9km\u0171vet is \u201ejegyeztem\u201d. A csapat ellenben el\u0151sz\u00f6r fagyiz\u00f3\u00e9rt \u00e9s s\u00f6r\u00f6z\u0151\u00e9rt ki\u00e1ltott, \u00edgy ennek megfelel\u0151en \u00e1lltunk meg a k\u00f6zpontban. A s\u00f6rrekl\u00e1mot k\u00f6vetve el\u0151sz\u00f6r egy hatalmas \u00e9tterembe l\u00e9ptem be, de azt\u00e1n kider\u00fclt, hogy van egy s\u00f6rterasz is, \u00edgy oda s\u00e9t\u00e1ltunk \u00e1t. J\u00f3les\u0151en emelgett\u00fck a kors\u00f3t, cs\u00edpt\u00fck a mogyor\u00f3t. A felszolg\u00e1l\u00f3 l\u00e1nyt\u00f3l \u00e9rdekl\u0151dtem az 1849-es csata-eml\u00e9m\u0171 helye ir\u00e1nt, de sajnos messze esett a mi \u00fatvonalunkt\u00f3l, \u00edgy lemondtam r\u00f3la. Pedig a kisebb \u00fctk\u00f6zetet mi, magyarok nyert\u00fck\u2026<\/p>\n<p>A Pallosjog oszlopa viszont ott \u00e1llt a szomsz\u00e9dos parkban (a Pet\u0151fi-eml\u00e9km\u0171 pedig az \u00fat m\u00e1sik oldal\u00e1n). Nem gyakori az ilyen eml\u00e9km\u0171 \u2013 helyi t\u00f6rv\u00e9nykez\u00e9si jogot jelent. Az itteni, kardot tart\u00f3 karral kieg\u00e9sz\u00edtett oszlop, az egykori pelleng\u00e9rnek \u00e1ll\u00edt eml\u00e9ket, amely 1796-t\u00f3l lett is fel\u00e1ll\u00edtva. A nem f\u0151benj\u00e1r\u00f3 b\u0171nt elk\u00f6vet\u0151 szem\u00e9lyt ahhoz k\u00f6t\u00f6zt\u00e9k, vagy l\u00e1ncolt\u00e1k, s ez hatalmas sz\u00e9gyent jelentett.<\/p>\n<p>&nbsp;<\/p>\n<p>Maraton az \u00e1rt\u00e9rben<\/p>\n<p>Ekecs (Okoc \u2013 vicces\u2026) k\u00f6vetkezett. Az utat f\u00e1k szeg\u00e9nyezt\u00e9k \u00e9s \u00e1thaladtunk Hat\u00e1r-csatorn\u00e1n is, ahol a parton s\u00fctk\u00e9rez\u0151 rom\u00e1k hangosan r\u00e1csod\u00e1lkoztak a fekv\u0151 biciklikre &#8211; magyarul. A mai Ekecs a 1976-ban hozz\u00e1kapcsolt Ap\u00e1caszak\u00e1llas (Opatovsky Sokolec \u2013 nem kev\u00e9sb\u00e9 vicces) \u00fcdv\u00f6zl\u0151t\u00e1bl\u00e1j\u00e1val k\u00f6sz\u00f6nt\u00f6tt. A nagy, szinte eg\u00e9szen magyar lakos\u00fa telep\u00fcl\u00e9sen ker\u00e9kp\u00e1r\u00faton haladhattunk, \u00e9s igen sok fa ad \u00e1rnyat a falun \u00e1ts\u00e9t\u00e1l\u00f3nak. Kis szakr\u00e1lis eml\u00e9kei mellett \u00e9rdekes Lipcsey Gy\u00f6rgy k\u00e9t organikus, \u201esz\u00e1rba sz\u00f6kkent\u201d eml\u00e9koszlopa, melyek a k\u00e9t telep\u00fcl\u00e9sr\u00e9sz els\u0151 eml\u00edt\u00e9seinek \u00e1ll\u00edtanak eml\u00e9ket.<\/p>\n<p>Ekecs v\u00e9g\u00e9n\u00e9l \u201enagy fa v\u00e1rta fejsz\u00e9nket\u201d. V\u00e9gc\u00e9lunkig, G\u00fat\u00e1ig egyetlen apr\u00f3 telep\u00fcl\u00e9s esett csak utunkba a 21 kilom\u00e9teren \u00e1t. A nap k\u00edm\u00e9letlen\u00fcl s\u00fct\u00f6tt, \u00e9s kev\u00e9s ok ad\u00f3dott lesz\u00e1llni a nyeregb\u0151l. Egy alkalom az\u00e9rt nemsok\u00e1ra ad\u00f3dott, megpedig az 1913-ban \u00e9p\u00edtett g\u00f3ly\u00e1si majors\u00e1g egy st\u00edlusban emelt \u00e9p\u00fcletei. \u00c1ll\u00edt\u00f3lag ott m\u00e9g folyik \u00e1llatteny\u00e9szt\u00e9s. A tov\u00e1bbiakban n\u00e9ha erd\u0151s, n\u00e9ha mocsaras ter\u00fcletek v\u00e1ltakoztak sz\u00e1nt\u00f3val, legel\u0151vel, de igen hosszan. Felt\u00e9telezem, hogy r\u00e9gen eg\u00e9szen mocsaras, v\u00edzj\u00e1rta ter\u00fclet lehetett. Itt-ott felt\u0171nt egy-egy k\u00eds\u00e9rteth\u00e1z a semmi k\u00f6zep\u00e9n, egy-egy tet\u0151 sand\u00edtott ki a bokrok felett, majd nagysok\u00e1ra meg\u00e9rkezt\u00fcnk a k\u00f6zel 11 ezres G\u00fat\u00e1ra (Kol\u00e1rovo). Szlov\u00e1k nev\u00e9t 1948-ban kapta, m\u00e9gpedig J\u00e1n Koll\u00e1r szlov\u00e1k sz\u00e1rmaz\u00e1s\u00fa \u201enemzet\u00e9breszt\u0151\u201d k\u00f6lt\u0151 ut\u00e1n \u2013 egy \u201el\u201d bet\u0171vel. G\u00fat\u00e1hoz nem volt k\u00f6ze.<\/p>\n","protected":false},"excerpt":{"rendered":"<p>Dunaszerdahelyt\u0151l G\u00fat\u00e1ig &nbsp; Mint \u00edrtam, t\u00e1bort vert\u00fcnk a dunaszerdahelyi Thermalpark kempingben. Sajnos csak s\u00f6t\u00e9ted\u00e9skor n\u00e9zt\u00fcnk s\u00f6r\u00f6z\u0151 ut\u00e1n, s a ned\u0171 s\u00f6t\u00e9tben \u00e9s h\u0171v\u00f6sben m\u00e1r nem esett olyan j\u00f3l. De az egyik benti kocsma terasz\u00e1n m\u00e9g hajnal egykor is \u00e9nekelte valaki b\u00fas n\u00f3t\u00e1it. Kora reggel azt\u00e1n \u00f6sszekapcsoltam az eg\u00e9szs\u00e9g\u00fcgyi s\u00e9t\u00e1t a \u2026 <a class=\"continue-reading-link\" href=\"https:\/\/induljelegyuton.hu\/?p=3865\"> Continue reading <span class=\"meta-nav\">&rarr; <\/span><\/a><\/p>\n","protected":false},"author":1,"featured_media":0,"comment_status":"open","ping_status":"open","sticky":false,"template":"","format":"standard","meta":{"ngg_post_thumbnail":0,"footnotes":""},"categories":[21,25],"tags":[1618,1757,1753,1751,1752,1756,30,1748,1741,1750,1747,1745,1746,1749,1755,1739,1754],"class_list":["post-3865","post","type-post","status-publish","format-standard","hentry","category-bakancsolas","category-mezsgye","tag-1618","tag-apacaszakallas","tag-csallokozkurt","tag-csefalvay-malom","tag-dunatokes","tag-ekecs","tag-felvidek","tag-guta","tag-kerekpartura","tag-kis-duna-tokesi-ag","tag-kis-duna-ag","tag-kisudvarnok","tag-nagyudvarnok","tag-nyarasd","tag-pallosjog-emlekmuve","tag-rekumbens","tag-vasarut"],"_links":{"self":[{"href":"https:\/\/induljelegyuton.hu\/index.php?rest_route=\/wp\/v2\/posts\/3865","targetHints":{"allow":["GET"]}}],"collection":[{"href":"https:\/\/induljelegyuton.hu\/index.php?rest_route=\/wp\/v2\/posts"}],"about":[{"href":"https:\/\/induljelegyuton.hu\/index.php?rest_route=\/wp\/v2\/types\/post"}],"author":[{"embeddable":true,"href":"https:\/\/induljelegyuton.hu\/index.php?rest_route=\/wp\/v2\/users\/1"}],"replies":[{"embeddable":true,"href":"https:\/\/induljelegyuton.hu\/index.php?rest_route=%2Fwp%2Fv2%2Fcomments&post=3865"}],"version-history":[{"count":4,"href":"https:\/\/induljelegyuton.hu\/index.php?rest_route=\/wp\/v2\/posts\/3865\/revisions"}],"predecessor-version":[{"id":4045,"href":"https:\/\/induljelegyuton.hu\/index.php?rest_route=\/wp\/v2\/posts\/3865\/revisions\/4045"}],"wp:attachment":[{"href":"https:\/\/induljelegyuton.hu\/index.php?rest_route=%2Fwp%2Fv2%2Fmedia&parent=3865"}],"wp:term":[{"taxonomy":"category","embeddable":true,"href":"https:\/\/induljelegyuton.hu\/index.php?rest_route=%2Fwp%2Fv2%2Fcategories&post=3865"},{"taxonomy":"post_tag","embeddable":true,"href":"https:\/\/induljelegyuton.hu\/index.php?rest_route=%2Fwp%2Fv2%2Ftags&post=3865"}],"curies":[{"name":"wp","href":"https:\/\/api.w.org\/{rel}","templated":true}]}}