{"id":3846,"date":"2017-01-05T20:19:34","date_gmt":"2017-01-05T19:19:34","guid":{"rendered":"http:\/\/induljelegyuton.hu\/?p=3846"},"modified":"2017-01-05T21:20:44","modified_gmt":"2017-01-05T20:20:44","slug":"robin-williams-halalarol","status":"publish","type":"post","link":"https:\/\/induljelegyuton.hu\/?p=3846","title":{"rendered":"Robin Williams hal\u00e1l\u00e1r\u00f3l&#8230;"},"content":{"rendered":"<p><strong>Susan Schneider Williams, Robin Williams \u00f6zvegye \u00e9rzelmekt\u0151l f\u0171t\u00f6tt \u00edr\u00e1st k\u00f6z\u00f6lt arr\u00f3l, hogyan t\u00f6lt\u00f6tte utols\u00f3 napjait a sokak \u00e1ltal szeretett kom\u00e9di\u00e1ssal.<\/strong><\/p>\n<p>&nbsp;<\/p>\n<p><a href=\"http:\/\/induljelegyuton.hu\/wp-content\/uploads\/250px-Robin_Williams_2011a_2.jpg\"><img loading=\"lazy\" decoding=\"async\" class=\"alignright size-medium wp-image-3853\" src=\"http:\/\/induljelegyuton.hu\/wp-content\/uploads\/250px-Robin_Williams_2011a_2-208x300.jpg\" alt=\"250px-robin_williams_2011a_2\" width=\"208\" height=\"300\" srcset=\"https:\/\/induljelegyuton.hu\/wp-content\/uploads\/250px-Robin_Williams_2011a_2-208x300.jpg 208w, https:\/\/induljelegyuton.hu\/wp-content\/uploads\/250px-Robin_Williams_2011a_2-104x150.jpg 104w, https:\/\/induljelegyuton.hu\/wp-content\/uploads\/250px-Robin_Williams_2011a_2.jpg 250w\" sizes=\"auto, (max-width: 208px) 100vw, 208px\" \/><\/a>Amikor 2014. augusztus 11-\u00e9n Robin Williams meg\u00f6lte mag\u00e1t, a vil\u00e1g nem \u00e9rtette, mi k\u00e9sztethette a n\u00e9pszer\u0171 sz\u00edn\u00e9szt az \u00f6ngyilkoss\u00e1gra. N\u00e9h\u00e1ny h\u00f3nappal k\u00e9s\u0151bb egy orvosi vizsg\u00e1lati jegyz\u0151k\u00f6nyv meg\u00e1llap\u00edtotta, hogy a 63 \u00e9ves Williams Lewy-testes demenci\u00e1ban (LBD) szenvedett, egy olyan, gyors kognit\u00edv hanyatl\u00e1st eredm\u00e9nyez\u0151 rendelleness\u00e9gben, amelyet az agyidegsejteken lerak\u00f3dott feh\u00e9rje okoz. T\u00fcnetei az Alzheimer \u00e9s a Parkinson betegs\u00e9g t\u00fcneteire hasonl\u00edtanak &#8211; az LBD-t tulajdonk\u00e9ppen gyakran Parkinson k\u00f3rk\u00e9nt diagnosztiz\u00e1lj\u00e1k, mint az \u0151 eset\u00e9ben is. A rajong\u00f3k val\u00f3sz\u00edn\u0171leg \u00e9let\u00fckben el\u0151sz\u00f6r hallottak az LBD-r\u0151l, err\u0151l a ritka betegs\u00e9gr\u0151l, amely mintegy m\u00e1sf\u00e9l milli\u00f3 amerikait \u00e9rint.<\/p>\n<p>Most k\u00e9t \u00e9vvel a trag\u00e9dia ut\u00e1n Susan Schneider Williams, a m\u0171v\u00e9sz \u00f6zvegye \u201eTerrorista a f\u00e9rjem agy\u00e1ban\u201d c\u00edmmel egy, az Oscar-d\u00edjas sz\u00edn\u00e9sz utols\u00f3 h\u00f3napj\u00e1t megvil\u00e1g\u00edt\u00f3 \u00edr\u00e1st k\u00f6z\u00f6lt a Neurology orvosi szaklapban. Az \u00f6zvegy elmondja, hogy csak j\u00f3val f\u00e9rje hal\u00e1la ut\u00e1n \u00e9rtette meg a betegs\u00e9g val\u00f3di ok\u00e1t, f\u00f6lfedv\u00e9n, hogy mind a n\u00e9gy orvos, aki \u00e1ttekintette az eredm\u00e9nyeket, egybehangz\u00f3an azt \u00e1ll\u00edtotta, hogy azok a legs\u00falyosabb patol\u00f3gi\u00e1ra utalnak.<\/p>\n<p>Robin Williams elvesztette dopamin idegsejtjei kb. 40 sz\u00e1zal\u00e9k\u00e1t, \u00e9s szinte nem is voltak Lewy-testekt\u0151l mentes idegsejtjei az eg\u00e9sz agy\u00e1ban \u00e9s agyt\u00f6rzs\u00e9ben.<\/p>\n<div id=\"attachment_3855\" style=\"width: 99px\" class=\"wp-caption alignright\"><a href=\"http:\/\/induljelegyuton.hu\/wp-content\/uploads\/xxx_williams.jpg\"><img loading=\"lazy\" decoding=\"async\" aria-describedby=\"caption-attachment-3855\" class=\"size-medium wp-image-3855\" src=\"http:\/\/induljelegyuton.hu\/wp-content\/uploads\/xxx_williams-89x300.jpg\" alt=\"Amikor Theodore Rooseveltet j\u00e1tszotta, Cronauer a J\u00f3 reggelt Vietn\u00e1m!-ban \u00e9s az egy \u00dar az \u0171rb\u0151l-ben\" width=\"89\" height=\"300\" srcset=\"https:\/\/induljelegyuton.hu\/wp-content\/uploads\/xxx_williams-89x300.jpg 89w, https:\/\/induljelegyuton.hu\/wp-content\/uploads\/xxx_williams.jpg 279w\" sizes=\"auto, (max-width: 89px) 100vw, 89px\" \/><\/a><p id=\"caption-attachment-3855\" class=\"wp-caption-text\">Amikor Theodore Rooseveltet j\u00e1tszotta, Cronauer a J\u00f3 reggelt Vietn\u00e1m!-ban \u00e9s az egy \u00dar az \u0171rb\u0151l-ben<\/p><\/div>\n<p>M\u00e1r 2013 \u0151sz\u00e9n elkezd\u0151dtek n\u00e1la azok a t\u00fcnetek, amelyeknek, akkor \u00fagy t\u0171nt, semmi k\u00f6z\u00fck egym\u00e1shoz: sz\u00e9kreked\u00e9s, vizel\u00e9si neh\u00e9zs\u00e9gek, gyomor\u00e9g\u00e9s, \u00e1lmatlans\u00e1g, a szagl\u00f3\u00e9rz\u00e9k roml\u00e1sa \u00e9s az \u00f3ri\u00e1si fesz\u00fclts\u00e9g. A szorong\u00e1s nem volt \u00fajdons\u00e1g a sz\u00edn\u00e9sz sz\u00e1m\u00e1ra, hiszen r\u00e9g\u00f3ta szenvedett id\u0151r\u0151l id\u0151re depresszi\u00f3t\u00f3l, azonban az a m\u00f3d, ahogyan akkor kezelte azt, annyira nem volt r\u00e1 jellemz\u0151, hogy az m\u00e1r nyugtalan\u00edtotta a feles\u00e9g\u00e9t.<\/p>\n<p>\u201eCsak miut\u00e1n Robin itt hagyott minket, \u00e9bredtem r\u00e1, hogy a v\u00e1ratlan, elh\u00faz\u00f3d\u00f3 f\u00e9lelem \u00e9s szorong\u00e1srohamok az LBD-re utal\u00f3 korai figyelmeztet\u0151 jelek lehettek.\u201d &#8211; mondta el az asszony. Amikor p\u00e1nikrohamot kapott \u00e9s kezdte elfelejteni a Night at the Museum sorozat utols\u00f3 filmj\u00e9nek sz\u00f6veg\u00e9t, az orvosa antipszichotikumot \u00edrt fel, de az nem seg\u00edtett. \u201eCsak a hal\u00e1la ut\u00e1n der\u00fclt ki, hogy az antipszichotikum m\u00e9g rontja is az LBD-ben szenved\u0151 beteg helyzet\u00e9t.\u201d \u201eA f\u00e9rjem nem l\u00e1tott f\u00e9nyt retteg\u00e9se alag\u00fatj\u00e1nak v\u00e9g\u00e9n. Elcsavarodott idegsejtjei h\u00e1l\u00f3j\u00e1nak csapd\u00e1j\u00e1ba esett, b\u00e1rmit is tettem, nem tudtam kih\u00fazni \u0151t.\u201d A M\u00fazeum sorozat forgat\u00e1sa ut\u00e1n \u00fagy t\u00e9rt haza 2014 m\u00e1jus\u00e1ban, mint egy \u201eBoeing747-es, ami fut\u00f3m\u0171 n\u00e9lk\u00fcl pr\u00f3b\u00e1l lesz\u00e1llni.\u201d<\/p>\n<p>A Julliard School-ban v\u00e9gzett sz\u00edn\u00e9sz t\u00f6bb\u00e9 nem tudta titkolni betegs\u00e9g\u00e9t. \u201eSosem fogom megtudni szenved\u00e9s\u00e9nek val\u00f3di term\u00e9szet\u00e9t, vagy, hogy mennyire kem\u00e9nyen k\u00fczd\u00f6tt ellene.\u201d &#8211; \u00edrta az asszony. \u201e\u00c9n \u00fagy l\u00e1ttam, a vil\u00e1g legb\u00e1trabb embere \u00e9lete legnehezebb szerep\u00e9t j\u00e1tssza el. Fokozatosan vesz\u00edtette el \u00e9rtelm\u00e9t \u00e9s ennek tudat\u00e1ban volt.\u201d<\/p>\n<p>K\u00e9s\u0151bb kapta meg a Parkinson-k\u00f3r diagn\u00f3zist, amir\u0151l ma m\u00e1r tudjuk, hogy t\u00e9ved\u00e9s volt. Az orvosi rendel\u0151ben az asszony \u00fagy gondolta, \u201elegal\u00e1bb volt magyar\u00e1zat, a lelkem m\u00e9ly\u00e9n rem\u00e9nykedni kezdtem. Robin azonban nem volt r\u00e1 vev\u0151.\u201d<\/p>\n<p>Az orvosi vizsg\u00e1latok sor\u00e1n Robin Williams mindv\u00e9gig higgadtan viselkedett, egy\u00fcttm\u0171k\u00f6d\u00f6tt tr\u00e9ner\u00e9vel a ter\u00e1pi\u00e1kban. Kedvenc testedz\u00e9se volt a ker\u00e9kp\u00e1r, de a Lewy-testes demencia miatt m\u00e1r nem tudott r\u00e1\u00fclni, mivel egyre jobban remegett a keze \u00e9s probl\u00e9m\u00e1i voltak a l\u00e1t\u00e1s\u00e1val \u00e9s a t\u00e9r\u00e9rz\u00e9kel\u00e9ssel is.<\/p>\n<div id=\"attachment_3854\" style=\"width: 310px\" class=\"wp-caption alignleft\"><a href=\"http:\/\/induljelegyuton.hu\/wp-content\/uploads\/robinwilliamscsillaga.jpg\"><img loading=\"lazy\" decoding=\"async\" aria-describedby=\"caption-attachment-3854\" class=\"size-medium wp-image-3854\" src=\"http:\/\/induljelegyuton.hu\/wp-content\/uploads\/robinwilliamscsillaga-300x211.jpg\" alt=\"A h\u00edress\u00e9gek s\u00e9t\u00e1ny\u00e1n...\" width=\"300\" height=\"211\" srcset=\"https:\/\/induljelegyuton.hu\/wp-content\/uploads\/robinwilliamscsillaga-300x211.jpg 300w, https:\/\/induljelegyuton.hu\/wp-content\/uploads\/robinwilliamscsillaga-213x150.jpg 213w, https:\/\/induljelegyuton.hu\/wp-content\/uploads\/robinwilliamscsillaga-150x106.jpg 150w, https:\/\/induljelegyuton.hu\/wp-content\/uploads\/robinwilliamscsillaga.jpg 705w\" sizes=\"auto, (max-width: 300px) 100vw, 300px\" \/><\/a><p id=\"caption-attachment-3854\" class=\"wp-caption-text\">A h\u00edress\u00e9gek s\u00e9t\u00e1ny\u00e1n&#8230;<\/p><\/div>\n<p>J\u00falius v\u00e9ge fel\u00e9 az orvosa abban a rem\u00e9nyben v\u00e1ltoztatott a gy\u00f3gyszerel\u00e9s\u00e9n, hogy kord\u00e1ban tudja tartani a Parkinson k\u00f3rt. Augusztus 10-\u00e9n az asszony \u00fagy hitte javul az \u00e1llapota. Az orvos tan\u00e1cs\u00e1ra akkor m\u00e1r k\u00fcl\u00f6n szob\u00e1ban aludtak, hogy mindketten k\u00e9pesek legyenek pihenni. Amikor k\u00f6zeledett a lefekv\u00e9s ideje, j\u00f3 \u00e9jt k\u00edv\u00e1ntak egym\u00e1snak \u00e9s visszavonultak szob\u00e1ikba. Akkor l\u00e1tta \u0151t \u00e9lve utolj\u00e1ra, aznap \u00e9jjel felakasztotta mag\u00e1t.<\/p>\n<p><strong>\u00a0<\/strong><\/p>\n<p><strong>Egy \u00e9v Robin Williams n\u00e9lk\u00fcl<\/strong><\/p>\n<p>\u201eAz utols\u00f3 egy\u00fctt t\u00f6lt\u00f6tt h\u00f3napokban mindketten er\u0151sen arra koncentr\u00e1ltunk, hogy beazonos\u00edtsuk \u00e9s legy\u0151zz\u00fck a terrorist\u00e1t az agy\u00e1ban. Az\u00f3ta is tov\u00e1bb kutatok, de most m\u00e1r a tudom\u00e1ny birodalm\u00e1ban.\u201d<\/p>\n<p>A halottk\u00e9m 2014 novemberi jelent\u00e9s\u00e9nek \u00e1ttekint\u00e9sekor az asszony elmondta, hogy egy\u00e1ltal\u00e1n nem lepte meg a t\u00e9nymeg\u00e1llap\u00edt\u00e1s, j\u00f3llehet akkor m\u00e9g fogalma sem volt arr\u00f3l, mit is jelent az.<\/p>\n<p>\u201ePuszt\u00e1n az a t\u00e9ny, hogy a f\u00e9rjem agy\u00e1nak csaknem valamennyi ter\u00fclet\u00e9t megt\u00e1madta valami, t\u00f6k\u00e9letesen hihet\u0151 volt. A Lewy-testek elburj\u00e1nz\u00e1sa az agy\u00e1ban annyi k\u00e1rt okozott az idegsejtekben \u00e9s a neurotranszmitterekben, hogy gyakorlatilag egy vegyi h\u00e1bor\u00fa zajlott le a fej\u00e9ben.\u201d<\/p>\n<p>J\u00f3llehet az asszony ut\u00f3lag b\u00f6lcsen \u00fagy l\u00e1tja, az orvosok m\u00e1r k\u00f6zel j\u00e1rtak a betegs\u00e9g val\u00f3di ok\u00e1nak meg\u00e1llap\u00edt\u00e1s\u00e1hoz, abban m\u00e9gis k\u00e9telkedik, hogy a helyes diagn\u00f3zis v\u00e1ltoztatott volna<\/p>\n<p>a dolgokon, hiszen a gy\u00f3gym\u00f3d nem \u00e1ll rendelkez\u00e9sre ma sem.<\/p>\n<p>\u201eM\u00e9g ha egy bizonyos szintig vigaszt ny\u00fajtott volna is a betegs\u00e9g n\u00e9ven nevez\u00e9se, a terrorista akkor is k\u00e9sz\u00fclt meggyilkolni \u0151t.\u201d<\/p>\n<p>A Robin Williams hal\u00e1la \u00f3ta elm\u00falt k\u00e9t \u00e9vben Susan Schneider Williams az American Academy of Neurology orvosaival kar\u00f6ltve csatlakozott az American Brain Foundation igazgat\u00f3s\u00e1g\u00e1hoz.<\/p>\n<p>\u201eRem\u00e9lem, hogy tapasztalataink megoszt\u00e1s\u00e1val Robin szenved\u00e9sei \u00e9rtelmet nyernek. Hiszem, hogy Robin nem harcolt \u00e9s halt meg hi\u00e1ba, hogy ha gy\u00f6trelmeib\u0151l a b\u00f6lcsess\u00e9g a gy\u00f3gyul\u00e1st hozza el nek\u00fcnk.\u201d<\/p>\n<p>Susan Schneider Williams (1) Neurology-ban megjelent \u00edr\u00e1s\u00e1ra Melissa J. Nirenberg professzor \u00edrt egy v\u00e1laszlevelet (2), melyben le\u00edrta, hogy Robin Williamsn\u00e9l a hirtelen gy\u00f3gyszerv\u00e1lt\u00e1sra dopamin agonista megvon\u00e1s szindr\u00f3ma l\u00e9pett fel, amely nyugtat\u00f3kkal nem csillap\u00edthat\u00f3 szorong\u00e1st, p\u00e1nikrohamot, depresszi\u00f3t \u00e9s \u00f6ngyilkoss\u00e1gi k\u00e9sztet\u00e9st v\u00e1lthat ki.<\/p>\n<p style=\"text-align: right;\">(forr\u00e1s: http:\/\/www.tenyek-tevhitek.hu\/)<\/p>\n<p>&nbsp;<\/p>\n<p>&nbsp;<\/p>\n","protected":false},"excerpt":{"rendered":"<p>Susan Schneider Williams, Robin Williams \u00f6zvegye \u00e9rzelmekt\u0151l f\u0171t\u00f6tt \u00edr\u00e1st k\u00f6z\u00f6lt arr\u00f3l, hogyan t\u00f6lt\u00f6tte utols\u00f3 napjait a sokak \u00e1ltal szeretett kom\u00e9di\u00e1ssal. &nbsp; Amikor 2014. augusztus 11-\u00e9n Robin Williams meg\u00f6lte mag\u00e1t, a vil\u00e1g nem \u00e9rtette, mi k\u00e9sztethette a n\u00e9pszer\u0171 sz\u00edn\u00e9szt az \u00f6ngyilkoss\u00e1gra. N\u00e9h\u00e1ny h\u00f3nappal k\u00e9s\u0151bb egy orvosi vizsg\u00e1lati jegyz\u0151k\u00f6nyv meg\u00e1llap\u00edtotta, hogy a \u2026 <a class=\"continue-reading-link\" href=\"https:\/\/induljelegyuton.hu\/?p=3846\"> Continue reading <span class=\"meta-nav\">&rarr; <\/span><\/a><\/p>\n","protected":false},"author":1,"featured_media":0,"comment_status":"open","ping_status":"open","sticky":false,"template":"","format":"standard","meta":{"ngg_post_thumbnail":0,"footnotes":""},"categories":[101],"tags":[1728,1727,1731,407,1730,1725,1726,1729],"class_list":["post-3846","post","type-post","status-publish","format-standard","hentry","category-alibi","tag-demencia","tag-lbd","tag-ongyilkos","tag-ongyilkossag","tag-parkinson-kor","tag-robin-williams","tag-robin-williams-halala","tag-susan-schneider-williams"],"_links":{"self":[{"href":"https:\/\/induljelegyuton.hu\/index.php?rest_route=\/wp\/v2\/posts\/3846","targetHints":{"allow":["GET"]}}],"collection":[{"href":"https:\/\/induljelegyuton.hu\/index.php?rest_route=\/wp\/v2\/posts"}],"about":[{"href":"https:\/\/induljelegyuton.hu\/index.php?rest_route=\/wp\/v2\/types\/post"}],"author":[{"embeddable":true,"href":"https:\/\/induljelegyuton.hu\/index.php?rest_route=\/wp\/v2\/users\/1"}],"replies":[{"embeddable":true,"href":"https:\/\/induljelegyuton.hu\/index.php?rest_route=%2Fwp%2Fv2%2Fcomments&post=3846"}],"version-history":[{"count":5,"href":"https:\/\/induljelegyuton.hu\/index.php?rest_route=\/wp\/v2\/posts\/3846\/revisions"}],"predecessor-version":[{"id":3856,"href":"https:\/\/induljelegyuton.hu\/index.php?rest_route=\/wp\/v2\/posts\/3846\/revisions\/3856"}],"wp:attachment":[{"href":"https:\/\/induljelegyuton.hu\/index.php?rest_route=%2Fwp%2Fv2%2Fmedia&parent=3846"}],"wp:term":[{"taxonomy":"category","embeddable":true,"href":"https:\/\/induljelegyuton.hu\/index.php?rest_route=%2Fwp%2Fv2%2Fcategories&post=3846"},{"taxonomy":"post_tag","embeddable":true,"href":"https:\/\/induljelegyuton.hu\/index.php?rest_route=%2Fwp%2Fv2%2Ftags&post=3846"}],"curies":[{"name":"wp","href":"https:\/\/api.w.org\/{rel}","templated":true}]}}