{"id":3125,"date":"2016-02-07T10:21:07","date_gmt":"2016-02-07T09:21:07","guid":{"rendered":"http:\/\/induljelegyuton.hu\/?p=3125"},"modified":"2016-04-10T22:24:55","modified_gmt":"2016-04-10T20:24:55","slug":"kerekparcsatak-a-rax-es-a-dachstein-sziklai-alatt-2-resz","status":"publish","type":"post","link":"https:\/\/induljelegyuton.hu\/?p=3125","title":{"rendered":"Ker\u00e9kp\u00e1rcsat\u00e1k a Rax \u00e9s a Dachstein szikl\u00e1i alatt\u2026 (2. r\u00e9sz)"},"content":{"rendered":"<p><strong>2015. augusztus 5-9.<\/strong><\/p>\n<p><strong>Ramsau \u00e9s a Silberkarklamm<\/strong><\/p>\n<p>&nbsp;<\/p>\n<div id=\"attachment_3172\" style=\"width: 310px\" class=\"wp-caption alignright\"><a href=\"http:\/\/induljelegyuton.hu\/wp-content\/uploads\/DSC_00821.jpg\"><img loading=\"lazy\" decoding=\"async\" aria-describedby=\"caption-attachment-3172\" class=\"size-medium wp-image-3172\" alt=\"Kaiserbrunni reggel a Turmsteinnel\" src=\"http:\/\/induljelegyuton.hu\/wp-content\/uploads\/DSC_00821-300x200.jpg\" width=\"300\" height=\"200\" srcset=\"https:\/\/induljelegyuton.hu\/wp-content\/uploads\/DSC_00821-300x200.jpg 300w, https:\/\/induljelegyuton.hu\/wp-content\/uploads\/DSC_00821-224x150.jpg 224w, https:\/\/induljelegyuton.hu\/wp-content\/uploads\/DSC_00821.jpg 850w\" sizes=\"auto, (max-width: 300px) 100vw, 300px\" \/><\/a><p id=\"caption-attachment-3172\" class=\"wp-caption-text\">Kaiserbrunni reggel a Turmsteinnel<\/p><\/div>\n<p>Schwarzau im Gebirge-i ker\u00e9kp\u00e1rt\u00far\u00e1nkr\u00f3l visszat\u00e9rve a kaiserbrunni t\u00e1borunkn\u00e1l is megmer\u00edtkezt\u00fcnk a Schwarz\u00e1ban \u2013 \u00e9s klettersteigez\u0151 t\u00e1rsaink is k\u00f6vettek benn\u00fcnket. \u0150k is el\u00e9gedetten z\u00e1rt\u00e1k a napot, de \u00e1tgondolva a m\u00e1snapi lehet\u0151s\u00e9geket, a tov\u00e1bbutaz\u00e1s, vagyis a Dachstein mellett d\u00f6nt\u00f6ttek, mivel ott val\u00f3ban eg\u00e9szen \u00faj terep v\u00e1rta \u0151ket. Mi maradtunk volna, de alkalmazkodnunk kellett\u2026<\/p>\n<p>&nbsp;<\/p>\n<p>T\u00e1bor: fenn vagy lenn?<\/p>\n<p>M\u00e1snap d\u00e9l k\u00f6r\u00fcl m\u00e1r Ramschau \u00fcd\u00fcl\u0151i \u00e9s tereb\u00e9lyes vend\u00e9gh\u00e1zai k\u00f6z\u00f6tt n\u00f3gattuk felfel\u00e9 aut\u00f3nkat a Dachstein d\u00e9li fal\u00e1nak t\u00f6v\u00e9be. L\u00e1zasan j\u00e1rt az agyam, hogyan kellene \u201elent tartani\u201d a v\u00f6lgyben a tervezett t\u00e1borhelyet, mivel \u00fagy n\u00e9zett ki, hogy felhajtunk a felvon\u00f3ig, \u00e9s ker\u00e9kp\u00e1rral onnan csak lej\u00f6nni lehet. No, de azt\u00e1n vissza is kell tekerni 700-800 m\u00e9ter szintet! Nem ker\u00e9kp\u00e1r-hegym\u00e1sz\u00e1sra j\u00f6tt\u00fcnk&#8230;<\/p>\n<p>Alulmaradtunk a strat\u00e9giai vit\u00e1ban: a felvon\u00f3ig fizet\u0151s volt az \u00fat, naponta pedig k\u00e9t biciklis miatt nem fog senki levezetni\u2026 Aznap cs\u00facsforgalom volt, \u00edgy csak az\u00e9rt mehett\u00fcnk f\u00f6l, mert nem sz\u00e1nd\u00e9koztunk ig\u00e9nybe venni a szuper d\u00e9l-dachsteini k\u00f6t\u00e9lp\u00e1ly\u00e1t. A fenti \u00fatszakaszon v\u00e1rnunk is kellett, m\u00edg egy \u00f3ra alatt lej\u00f6tt n\u00e9h\u00e1ny aut\u00f3, \u00e9s \u201efelf\u00e9rt\u00fcnk\u201d. A parokl\u00f3t\u00f3l is l\u00e1thattuk a cs\u00facs minden\u00fctt rekl\u00e1mozott \u00fcvegezett alj\u00fa kil\u00e1t\u00f3terasz\u00e1t, a Dachstein Skywalkot.<\/p>\n<p><strong><strong>ngg_shortcode_0_placeholder<\/strong><\/strong><\/p>\n<div id=\"attachment_3173\" style=\"width: 310px\" class=\"wp-caption alignright\"><a href=\"http:\/\/induljelegyuton.hu\/wp-content\/uploads\/DSC_0107.jpg\"><img loading=\"lazy\" decoding=\"async\" aria-describedby=\"caption-attachment-3173\" class=\"size-medium wp-image-3173\" alt=\"A szervez\u0151k m\u00e1r nem engedtek fel benn\u00fcnket a felvon\u00f3\u00e1llom\u00e1shoz... Sz\u00e9p d\u00edszletek...\" src=\"http:\/\/induljelegyuton.hu\/wp-content\/uploads\/DSC_0107-300x200.jpg\" width=\"300\" height=\"200\" srcset=\"https:\/\/induljelegyuton.hu\/wp-content\/uploads\/DSC_0107-300x200.jpg 300w, https:\/\/induljelegyuton.hu\/wp-content\/uploads\/DSC_0107-224x150.jpg 224w, https:\/\/induljelegyuton.hu\/wp-content\/uploads\/DSC_0107.jpg 850w\" sizes=\"auto, (max-width: 300px) 100vw, 300px\" \/><\/a><p id=\"caption-attachment-3173\" class=\"wp-caption-text\">A szervez\u0151k m\u00e1r nem engedtek fel benn\u00fcnket a felvon\u00f3\u00e1llom\u00e1shoz&#8230; Sz\u00e9p d\u00edszletek&#8230;<\/p><\/div>\n<p>Panor\u00e1ma bicikli\u00fat: b\u00f6jt\u00f6s \u00e9lvezet<\/p>\n<p>Fent elb\u00facs\u00faztunk, \u00e9s mindenki ment a maga \u00fatj\u00e1ra. Szerencs\u00e9re Karesz bar\u00e1tom tal\u00e1lt egy ker\u00e9kp\u00e1ros panor\u00e1ma utat a t\u00e9rk\u00e9pen, \u00e9s 1-2 kilom\u00e9terrel lentebb az aszfaltot fak\u00e9pn\u00e9l hagyva p\u00e1ratlan \u00e9lm\u00e9nyben lehetett r\u00e9sz\u00fcnk: a hatalmas feh\u00e9r m\u00e9szk\u0151falak t\u00f6v\u00e9ben robogtunk a ker\u00e9kp\u00e1rral, z\u00f6ld gyep \u00e9s \u0151si feny\u0151k mellett suhantunk el \u00e9s n\u00e9h\u00e1ny kisebb patakon is \u00e1tgurultunk. De csak nem akart lefel\u00e9 ereszkedni\u2026, v\u00e9g\u00fcl azt\u00e1n egy m\u00e1sik aszfalt\u00fatba csatlakozva m\u00e9rhetetlen meredeken les\u00fcv\u00edtett\u00fcnk a k\u00e9r\u0151dz\u0151 teh\u00e9nk\u00e9k f\u00e1radt szeme el\u0151tt. Az orsz\u00e1g\u00fatra le\u00e9rve v\u00e9get is \u00e9rt a kaland, mert az \u00fcd\u00fcl\u0151\u00f6vezet n\u00e9lk\u00fcl\u00f6zte a term\u00e9szetess\u00e9get, a f\u00e9lrees\u0151 f\u00fcrd\u0151helyet, \u00e9s j\u00f3 sok\u00e1ig egy boltot is, amit s\u00f6rb\u00e1zisk\u00e9nt tartottunk fontosnak. A legut\u00f3bbi\u00e9rt nagyon le kellett ereszkedni a telep\u00fcl\u00e9s magj\u00e1ig, de k\u00f6zben ism\u00e9t tal\u00e1ltunk egy \u201ecsod\u00e1latos\u201d wc-t, amely egy iskola nyitott el\u0151ter\u00e9ben volt (a temet\u0151 \u00e9s a templom mellett), s \u00edgy iv\u00f3viz\u00fcnk is volt. Azt\u00e1n megvolt a b\u00f6jt is, a m\u00e1sf\u00e9l \u00f3r\u00e1s felfel\u00e9 \u2013 b\u00e1r gy\u00f6ny\u00f6r\u0171 l\u00e1tv\u00e1nnyal.<\/p>\n<p>&nbsp;<\/p>\n<p>Reggeli suhan\u00e1s \u2013 almr\u00f3l almra<\/p>\n<p>Hajnalban kelt\u00fcnk bivakhely\u00fcnk\u00f6n &#8211; a kor\u00e1nkel\u0151 felvon\u00f3s turist\u00e1kkal egy\u00fctt -, azt\u00e1n \u00f6ten h\u00e1rom fel\u00e9 v\u00e1ltunk. Ketten szikl\u00e1zni mentek, mi ketten bicajjal ereszkedt\u00fcnk lefel\u00e9, harmadik t\u00e1rsunk pedig gyalog indult a schladmingi Zirngast kempingbe.<\/p>\n<div id=\"attachment_3174\" style=\"width: 310px\" class=\"wp-caption alignright\"><a href=\"http:\/\/induljelegyuton.hu\/wp-content\/uploads\/DSC_01171.jpg\"><img loading=\"lazy\" decoding=\"async\" aria-describedby=\"caption-attachment-3174\" class=\"size-medium wp-image-3174\" alt=\"\u00datk\u00f6zben t\u00f6bbsz\u00f6r is l\u00e1thattuk a cs\u00facs minden\u00fctt rekl\u00e1mozott \u00fcvegezett alj\u00fa kil\u00e1t\u00f3terasz\u00e1t, a Dachstein Skywalkot \u00e9s a leng\u0151hidat\" src=\"http:\/\/induljelegyuton.hu\/wp-content\/uploads\/DSC_01171-300x158.jpg\" width=\"300\" height=\"158\" srcset=\"https:\/\/induljelegyuton.hu\/wp-content\/uploads\/DSC_01171-300x158.jpg 300w, https:\/\/induljelegyuton.hu\/wp-content\/uploads\/DSC_01171-250x132.jpg 250w, https:\/\/induljelegyuton.hu\/wp-content\/uploads\/DSC_01171.jpg 850w\" sizes=\"auto, (max-width: 300px) 100vw, 300px\" \/><\/a><p id=\"caption-attachment-3174\" class=\"wp-caption-text\">\u00datk\u00f6zben t\u00f6bbsz\u00f6r is l\u00e1thattuk a cs\u00facs minden\u00fctt rekl\u00e1mozott \u00fcvegezett alj\u00fa kil\u00e1t\u00f3terasz\u00e1t, a Dachstein Skywalkot \u00e9s a leng\u0151hidat<\/p><\/div>\n<p>Ekkor egy m\u00e1sik ker\u00e9kp\u00e1r- \u00e9s turistautat v\u00e1lasztottunk. A korai indul\u00e1s miatt a term\u00e9szet sz\u00ednei m\u00e9g a leveg\u0151 p\u00e1r\u00e1j\u00e1val is vari\u00e1l\u00f3dtak\u2026 A legel\u0151k\u00f6n egy-egy turista-\u00e1tj\u00e1r\u00f3ban ugyan \u00e1t kellett emelni a ker\u00e9kp\u00e1rt a ker\u00edt\u00e9seken, \u00e9s nem volt vesz\u00e9lytelen a meredek murv\u00e1s \u00faton ereszkedni, de olyan bar\u00e1ts\u00e1gos almok \u00e9s vend\u00e9gh\u00e1zak k\u00f6z\u00f6tt kanyarogtunk, ahol azok gazd\u00e1i mindent megtettek, hogy h\u00e1zaik m\u00e1r \u00f6nmagukban is bevonzz\u00e1k a vend\u00e9get. Szembe id\u0151sebb turistacsapatok j\u00f6ttek, lefel\u00e9 m\u00e1lyvasz\u00edn\u0171 sortban kocog\u00f3 l\u00e1nyokat el\u0151zt\u00fcnk meg\u2026 V\u00e9g\u00fcl ki kellett engedni a f\u00e9ket, \u00e9s sebess\u00e9grekordokat d\u00f6ntve leszakadtunk a ramsaui \u00fatra.<\/p>\n<p>Napunk f\u0151attrakci\u00f3j\u00e1nak a Silberkarklammot (Ez\u00fcst-szurdok) t\u0171ztem ki, de bar\u00e1tomat m\u00e9g odafel\u00e9 is puh\u00edtanom kellett: b\u00edrni fogja a t\u00e9rde. Ramsau k\u00f6zpontj\u00e1n aznap m\u00e1r csak \u00e1tsiklottunk, majd \u2013 szerencs\u00e9re &#8211; elv\u00e9tett\u00fck a lekanyarod\u00e1s ir\u00e1ny\u00e1t. M\u00e1r nem akar\u00f3dzott visszaped\u00e1lozni, \u00edgy Ramsau Kulmba \u00e9rt\u00fcnk, ahol egy fazsindelyes, g\u00f3tikus templomba botlottunk. A rom\u00e1n st\u00edlusban meg\u00e9p\u00edtett Szent Rupert templom szent\u00e9ly\u00e9t g\u00f3tikus keresztboltozattal eg\u00e9sz\u00edtett\u00e9k ki az 1400-as \u00e9vekben, a falakon pedig 13., 15. \u00e9s 17. sz\u00e1zadi falfestm\u00e9nyek l\u00e1that\u00f3k. A templom \u2013 h\u00edvei ut\u00e1n &#8211; a 16. sz\u00e1zad m\u00e1sodik fel\u00e9ben reform\u00e1tus lett, \u00e1m az ellenreform\u00e1ci\u00f3t k\u00f6vet\u0151en a h\u00edvek csak form\u00e1lisan lettek ism\u00e9t katolikusok\u2026 Bels\u0151 berendez\u00e9se 1750-b\u0151l sz\u00e1rmazik, nekem azonban az a vasalt, kov\u00e1csoltvas adom\u00e1nygy\u0171jt\u0151 tetszett legjobban, amely tal\u00e1n ett\u0151l j\u00f3val r\u00e9gebbi\u2026<\/p>\n<p>&nbsp;<\/p>\n<div id=\"attachment_3175\" style=\"width: 250px\" class=\"wp-caption alignleft\"><a href=\"http:\/\/induljelegyuton.hu\/wp-content\/uploads\/DSC_0150.jpg\"><img loading=\"lazy\" decoding=\"async\" aria-describedby=\"caption-attachment-3175\" class=\" wp-image-3175 \" alt=\"A ramsaui templom \u00e9s a nagyon gondozott temet\u0151\" src=\"http:\/\/induljelegyuton.hu\/wp-content\/uploads\/DSC_0150-300x200.jpg\" width=\"240\" height=\"160\" srcset=\"https:\/\/induljelegyuton.hu\/wp-content\/uploads\/DSC_0150-300x200.jpg 300w, https:\/\/induljelegyuton.hu\/wp-content\/uploads\/DSC_0150-224x150.jpg 224w, https:\/\/induljelegyuton.hu\/wp-content\/uploads\/DSC_0150.jpg 850w\" sizes=\"auto, (max-width: 240px) 100vw, 240px\" \/><\/a><p id=\"caption-attachment-3175\" class=\"wp-caption-text\">A ramsaui templom \u00e9s a nagyon gondozott temet\u0151<\/p><\/div>\n<p>Akt\u00edv turist\u00e1k, passz\u00edv v\u00edzimalom<\/p>\n<p>A templom m\u00f6g\u00fcl gyalog- \u00e9s ker\u00e9kp\u00e1rutak indultak neki az idilli dimbes-dombos t\u00e1jnak. Bar\u00e1tom egy gyermek-klettersteiget tesztelt volna, \u00e9n pedig egy v\u00edzimalmot n\u00e9ztem ki \u2013 egy ir\u00e1nyba is estek. De nem mindegyik \u00f6sv\u00e9nyen enged\u00e9lyezett a ker\u00e9kp\u00e1r haszn\u00e1lata\u2026 A kisebb parkokkal k\u00f6r\u00fclvett alpesi csal\u00e1di h\u00e1zak k\u00f6z\u00f6tt tekeregve \u00e9rt\u00fcnk el egy keresztez\u0151d\u00e9shez, onnan pedig nyakt\u00f6r\u0151 \u00f6sv\u00e9nyen robogtunk lefel\u00e9 a Ramsaubach (Ramsau-patak) malma fel\u00e9. V\u00e9gig att\u00f3l f\u00e9ltem, hogy mit sz\u00f3lna az az osztr\u00e1k turista, akinek f\u00e9lre kell ugrania, ha szembe j\u00f6n. Lent meglepet\u00e9semre olyan t\u00e1bl\u00e1kkal is tal\u00e1lkoztunk, amely a m\u00e1sik ir\u00e1nyb\u00f3l tiltotta a behajt\u00e1st l\u00f3val, motorral, vagy biciklivel\u2026 Turistakresz\u2026<\/p>\n<p>\u00d6t perc m\u00falva a gyerek m\u00e1sz\u00f3hely alj\u00e1n\u00e1l, a \u201eKali Steign\u00e9l\u201d voltunk \u00e9s m\u00e1r j\u00f6ttek is a csal\u00e1dok sz\u00e9p sz\u00e1mmal \u2013 sisakban, be\u00fcl\u0151vel, karab\u00ednerrel. Az egyik apuka mank\u00f3val is el volt l\u00e1tva\u2026 A patak z\u00fag\u00f3 viz\u00e9b\u0151l \u00e9ppen ott vezettek ki n\u00e9mi vizet, hogy az egy fav\u00e1ly\u00fan kereszt\u00fcl a k\u00f6zeli famalom lap\u00e1tjaira z\u00faduljon. B\u00e1r a ker\u00e9k \u00e1llt \u2013 a v\u00edz nem hajtotta -, a csobog\u00f3 v\u00edz nagyon \u00fcd\u00edt\u0151 l\u00e1tv\u00e1ny volt. A v\u00e1ly\u00fa mellett le is z\u00f6ttyent\u00fcnk a padra egy r\u00e9gi malomker\u00e9k-asztal mell\u00e9. Ott olvashattuk, hogy egykor 64 malom kerepelt erre, s ez az utols\u00f3 &#8211; 1984-ben renov\u00e1lt\u00e1k.<\/p>\n<p>A malomt\u00f3l a Silberkarklamm-le\u00e1gaz\u00e1sig nagy szintet vesz\u00edtett\u00fcnk, de a v\u00e9dett szurdok bej\u00e1rat\u00e1ig sokat vissza is kellett \u201et\u00f6rleszteni\u201d. A poros lejt\u0151-parkol\u00f3ban m\u00e9g ker\u00e9k is kip\u00f6rg\u00f6tt! Hossz\u00fa kaptat\u00f3 ut\u00e1n megpillantottuk a szoros sziklafalait is.<\/p>\n<p>&nbsp;<\/p>\n<div id=\"attachment_3180\" style=\"width: 310px\" class=\"wp-caption alignright\"><a href=\"http:\/\/induljelegyuton.hu\/wp-content\/uploads\/DSC_02771.jpg\"><img loading=\"lazy\" decoding=\"async\" aria-describedby=\"caption-attachment-3180\" class=\"size-medium wp-image-3180\" alt=\"V\u00edziparadicsom a malomn\u00e1l...\" src=\"http:\/\/induljelegyuton.hu\/wp-content\/uploads\/DSC_02771-300x200.jpg\" width=\"300\" height=\"200\" srcset=\"https:\/\/induljelegyuton.hu\/wp-content\/uploads\/DSC_02771-300x200.jpg 300w, https:\/\/induljelegyuton.hu\/wp-content\/uploads\/DSC_02771-224x150.jpg 224w, https:\/\/induljelegyuton.hu\/wp-content\/uploads\/DSC_02771.jpg 850w\" sizes=\"auto, (max-width: 300px) 100vw, 300px\" \/><\/a><p id=\"caption-attachment-3180\" class=\"wp-caption-text\">V\u00edziparadicsom a malomn\u00e1l&#8230;<\/p><\/div>\n<p>Egy bel\u00e9p\u0151\u00e9rt dupla \u00e9lvezet\u2026<\/p>\n<p>A szorost 1928-ban \u00e9p\u00edtett\u00e9k ki el\u0151sz\u00f6r annak tulajdonosai, s az\u00f3ta tett\u00e9k ezt sz\u00e1mos alkalommal, mivel a lez\u00fadul\u00f3 \u00e1rvizek id\u0151nk\u00e9nt nagy k\u00e1rokat tettek a l\u00e9pcs\u0151kben, hidakban, egy alkalommal pedig teljesen t\u00f6nkrementek a m\u0171t\u00e1rgyak. Az alpesi sz\u00f6vets\u00e9g tagjainak sem adhatnak kedvezm\u00e9nyt ezen rizik\u00f3 miatt \u2013 \u00edrt\u00e1k a bej\u00e1ratn\u00e1l. &#8211; 3 Eur\u00f3t mindenk\u00e9ppen meg\u00e9r! \u2013 n\u00e9ztem bar\u00e1tomra \u00e9s ment\u00fcnk mindketten, biciklijeinket a bej\u00e1ratn\u00e1l lelakatoltuk. A jegyet egy igen id\u0151s h\u00f6lgy adta egy kempingasztaln\u00e1l \u2013 a nagymama a csal\u00e1dban marad.<\/p>\n<p>\u00c1ttrappoltunk az els\u0151 fah\u00eddon, azt\u00e1n besoroltunk a l\u00e1togat\u00f3k k\u00f6z\u00e9. A massz\u00edv, j\u00f3l meg\u00e9p\u00edtett, igen hossz\u00fa meredek gyalogj\u00e1r\u00f3k a szoros oldal\u00e1n vezettek. B\u00e1r lent d\u00f6ng\u00f6tt a v\u00f6lgy, sejtett\u00fck, hogy fent m\u00e9g t\u00f6bbet l\u00e1thatunk\u2026 Kis id\u0151 m\u00falva a patak sziklafalak k\u00f6z\u00e9 szorult \u2013 vel\u00fcnk egy\u00fctt. Itt volt a Silberkarklamm \u201elegs\u00f6t\u00e9tebb\u201d r\u00e9sze, s a turista\u00fat a fal \u00e9s egy v\u00edkendh\u00e1znyi sziklat\u00f6mb k\u00f6z\u00f6tt vezetett feljebb. Ki kell emelnem, hogy a t\u00f6bbi \u201egyilokj\u00e1r\u00f3\u201d f\u00e1b\u00f3l van, \u00e9s a cik\u00e1z\u00f3 j\u00e1rd\u00e1k l\u00e1tv\u00e1nya is gyakorta \u00e9rdekes!<\/p>\n<div id=\"attachment_3181\" style=\"width: 170px\" class=\"wp-caption alignleft\"><a href=\"http:\/\/induljelegyuton.hu\/wp-content\/uploads\/DSC_02911.jpg\"><img loading=\"lazy\" decoding=\"async\" aria-describedby=\"caption-attachment-3181\" class=\" wp-image-3181 \" alt=\"A Silberkarklamm bej\u00e1rata\" src=\"http:\/\/induljelegyuton.hu\/wp-content\/uploads\/DSC_02911-200x300.jpg\" width=\"160\" height=\"240\" srcset=\"https:\/\/induljelegyuton.hu\/wp-content\/uploads\/DSC_02911-200x300.jpg 200w, https:\/\/induljelegyuton.hu\/wp-content\/uploads\/DSC_02911-100x150.jpg 100w, https:\/\/induljelegyuton.hu\/wp-content\/uploads\/DSC_02911.jpg 567w\" sizes=\"auto, (max-width: 160px) 100vw, 160px\" \/><\/a><p id=\"caption-attachment-3181\" class=\"wp-caption-text\">A Silberkarklamm bej\u00e1rata<\/p><\/div>\n<p>A szoros felett egy lank\u00e1sabb r\u00e9sz k\u00f6vetkezett, ahol (bizony!) egy 130 m\u00e9teres vasalt \u00fat indul, m\u00e9gpedig k\u00f6t\u00e9lh\u00edddal a patak felett! Aki k\u00e9sz\u00fcl, az maxim\u00e1lisan kihaszn\u00e1lhatja a 3 Eur\u00f3s bel\u00e9p\u0151t\u2026 Nekiugrottak t\u00f6bben is, azonban a C\/D-s neh\u00e9zs\u00e9g\u0171 fal meg is akasztotta az els\u0151 p\u00e1rost. Negyed\u00f3ra vesz\u0151d\u00e9s ut\u00e1n visszafordultak. K\u00f6zben egy eg\u00e9sz csapat tizen\u00e9ves l\u00e1ny k\u00e9sz\u00fcl\u0151d\u00f6tt ut\u00e1nuk, akik azt\u00e1n m\u00e1r viccet \u0171ztek a sportb\u00f3l: m\u00e9rleg\u00e1ll\u00e1sban p\u00f3zoltak a k\u00f6t\u00e9lh\u00eddon \u2013 egym\u00e1ssal szinkronban.<\/p>\n<p>&nbsp;<\/p>\n<p>V\u00edzes\u00e9s \u2013 a \u201ecs\u00facson\u201d<\/p>\n<p>Ezut\u00e1n meredeken szaladtak fel a j\u00e1rd\u00e1k, s egy hosszabb szakasz ut\u00e1n l\u00e1thattuk, hogy csak kicsivel \u00e9rkezt\u00fcnk a cs\u00facsforgalom \u2013 vagy egy busznyi ember \u2013 el\u0151tt. A lajtorj\u00e1k v\u00e9g\u00e9n\u00e9l elid\u0151zt\u00fcnk \u00e9s hagytuk, hogy tov\u00e1bbmenjenek. \u00c9rkezett egy kisebb kutyateny\u00e9szet is \u2013 fal\u00e9pcs\u0151k\u00f6n! Itt l\u00e1thattuk m\u00e1r az \u00fct\u0151s szintk\u00fcl\u00f6nbs\u00e9get: a bej\u00e1ratt\u00f3l legal\u00e1bb 110 m\u00e9tert emelkedt\u00fcnk! (A szoros szintk\u00fcl\u00f6nbs\u00e9ge 125 m\u00e9ter) A fenti, nyugodtabb szakaszt m\u00e1r er\u0151s naps\u00fct\u00e9sben \u00e9lvezt\u00fck, s a szemk\u00f6zti falr\u00f3l kisebb erek csobogtak le a patakba. De a Schleierfall (F\u00e1tyol-v\u00edzes\u00e9s) is itt v\u00e1rt r\u00e1nk, amely mellett a klamm m\u00e1sodik vasalt \u00fatja vezet f\u00f6lfel\u00e9\u2026 Ennek hossza 140 m\u00e9ter, \u00e9s j\u00f3val a 70 m\u00e9teres v\u00edzes\u00e9s f\u00f6l\u00e9 m\u00e1szhatunk rajta. A zuhatag nev\u00e9hez m\u00e9lt\u00f3an porlik sz\u00e9t, \u00e9s \u00e9l\u00e9nkz\u00f6ld mohap\u00e1rn\u00e1k k\u00f6z\u00f6tt csapong a vize.<\/p>\n<div id=\"attachment_3183\" style=\"width: 310px\" class=\"wp-caption alignright\"><a href=\"http:\/\/induljelegyuton.hu\/wp-content\/uploads\/DSC_03531.jpg\"><img loading=\"lazy\" decoding=\"async\" aria-describedby=\"caption-attachment-3183\" class=\"size-medium wp-image-3183\" alt=\"Ezek a mai fiatalok itt Ausztri\u00e1ban j\u00f3l nyomj\u00e1k a klettersteiget..!\" src=\"http:\/\/induljelegyuton.hu\/wp-content\/uploads\/DSC_03531-300x200.jpg\" width=\"300\" height=\"200\" srcset=\"https:\/\/induljelegyuton.hu\/wp-content\/uploads\/DSC_03531-300x200.jpg 300w, https:\/\/induljelegyuton.hu\/wp-content\/uploads\/DSC_03531-224x150.jpg 224w, https:\/\/induljelegyuton.hu\/wp-content\/uploads\/DSC_03531.jpg 850w\" sizes=\"auto, (max-width: 300px) 100vw, 300px\" \/><\/a><p id=\"caption-attachment-3183\" class=\"wp-caption-text\">Ezek a mai fiatalok itt Ausztri\u00e1ban j\u00f3l nyomj\u00e1k a klettersteiget..!<\/p><\/div>\n<p>Ennek t\u00f6v\u00e9ben bukkan el\u0151 a k\u00f6vek k\u00f6z\u00fcl, \u00e9s indul \u00fatj\u00e1ra a Silberkarbach vize. Egy sz\u00e9les v\u00f6lgykatlan alj\u00e1ba \u00e9rkezt\u00fcnk &#8211;\u00a0 itt a szurdok eleje. Bar\u00e1tom itt visszafordult, \u00e9n pedig m\u00e9g elballagtam a h\u00fctt\u00e9hez (1250 m), amely a h\u0151s\u00e9g miatt nem is volt olyan k\u00f6nny\u0171. A h\u00fctt\u00e9t\u0151l is indul egy r\u00f6videbb vasalt \u00fat, de a helyi k\u00f6z\u00f6ns\u00e9gnek a m\u00e1sz\u00e1s helyett az egy\u00e9rtelm\u0171bb, hogy megeb\u00e9delnek a hegyi vend\u00e9gl\u0151ben. A mened\u00e9kh\u00e1z ell\u00e1tm\u00e1nya \u00e9ppen a szurdokj\u00e1r\u00f3k feje felett \u00e9rkezik ide egy kis dr\u00f3tk\u00f6t\u00e9lp\u00e1ly\u00e1n.<\/p>\n<p>Visszat\u00e9rve a szurdok tetej\u00e9hez az volt a meggy\u0151z\u0151d\u00e9sem, hogy a v\u00f6lgytekn\u0151 egy karsztos beszakad\u00e1s, melynek vizeit sz\u00f3 szerint lecsapolja a Silberkarklamm. A szoros k\u00e9nyelmesen 1,5 \u00f3r\u00e1s program. Bar\u00e1tom kipihenten v\u00e1rt lent &#8211; megeb\u00e9delt\u00fcnk, \u00f3vatosan megf\u00fcr\u00f6dt\u00fcnk a patakban, azt\u00e1n lesiett\u00fcnk a 250 m\u00e9terrel lentebb elter\u00fcl\u0151 Schladmingba, a kempingbe. De felesleges volt a siets\u00e9g, mert klettersteigez\u0151 t\u00e1rsaink csak n\u00e9gy \u00f3r\u00e1val k\u00e9s\u0151bb jelentkeztek az aut\u00f3val.<\/p>\n<p>&nbsp;<\/p>\n<div id=\"attachment_3182\" style=\"width: 210px\" class=\"wp-caption alignleft\"><a href=\"http:\/\/induljelegyuton.hu\/wp-content\/uploads\/DSC_03461.jpg\"><img loading=\"lazy\" decoding=\"async\" aria-describedby=\"caption-attachment-3182\" class=\"size-medium wp-image-3182\" alt=\"Ki kell emelnem, hogy a t\u00f6bbi \u201egyilokj\u00e1r\u00f3\u201d f\u00e1b\u00f3l van, \u00e9s a cik\u00e1z\u00f3 j\u00e1rd\u00e1k l\u00e1tv\u00e1nya is gyakorta \u00e9rdekes!\" src=\"http:\/\/induljelegyuton.hu\/wp-content\/uploads\/DSC_03461-200x300.jpg\" width=\"200\" height=\"300\" srcset=\"https:\/\/induljelegyuton.hu\/wp-content\/uploads\/DSC_03461-200x300.jpg 200w, https:\/\/induljelegyuton.hu\/wp-content\/uploads\/DSC_03461-100x150.jpg 100w, https:\/\/induljelegyuton.hu\/wp-content\/uploads\/DSC_03461.jpg 567w\" sizes=\"auto, (max-width: 200px) 100vw, 200px\" \/><\/a><p id=\"caption-attachment-3182\" class=\"wp-caption-text\">Ki kell emelnem, hogy a t\u00f6bbi \u201egyilokj\u00e1r\u00f3\u201d f\u00e1b\u00f3l van, \u00e9s a cik\u00e1z\u00f3 j\u00e1rd\u00e1k l\u00e1tv\u00e1nya is gyakorta \u00e9rdekes!<\/p><\/div>\n<p>Bar\u00e1tom, nem \u00e1rt, ha megjegyzed: a ker\u00e9kp\u00e1ros \u00e9s a hegym\u00e1sz\u00f3 \u00fatj\u00e1t neh\u00e9z egyeztetni!<\/p>\n<p align=\"right\">Hars\u00e1czki Gy\u00f6rgy<\/p>\n","protected":false},"excerpt":{"rendered":"<p>2015. augusztus 5-9. Ramsau \u00e9s a Silberkarklamm &nbsp; Schwarzau im Gebirge-i ker\u00e9kp\u00e1rt\u00far\u00e1nkr\u00f3l visszat\u00e9rve a kaiserbrunni t\u00e1borunkn\u00e1l is megmer\u00edtkezt\u00fcnk a Schwarz\u00e1ban \u2013 \u00e9s klettersteigez\u0151 t\u00e1rsaink is k\u00f6vettek benn\u00fcnket. \u0150k is el\u00e9gedetten z\u00e1rt\u00e1k a napot, de \u00e1tgondolva a m\u00e1snapi lehet\u0151s\u00e9geket, a tov\u00e1bbutaz\u00e1s, vagyis a Dachstein mellett d\u00f6nt\u00f6ttek, mivel ott val\u00f3ban eg\u00e9szen \u00faj \u2026 <a class=\"continue-reading-link\" href=\"https:\/\/induljelegyuton.hu\/?p=3125\"> Continue reading <span class=\"meta-nav\">&rarr; <\/span><\/a><\/p>\n","protected":false},"author":1,"featured_media":0,"comment_status":"open","ping_status":"open","sticky":false,"template":"","format":"standard","meta":{"ngg_post_thumbnail":0,"footnotes":""},"categories":[21,27],"tags":[1150,1584,1589,1594,908,1590,1592,1586,1587,1593,1585,1588,63,1211,1591],"class_list":["post-3125","post","type-post","status-publish","format-standard","hentry","category-bakancsolas","category-europa-nagyvilag","tag-1150","tag-dachstein","tag-dachstein-skywalk","tag-fresko","tag-gotikus-stilus","tag-kali-steig","tag-panorama-bicikliut","tag-ramsau","tag-ramsau-kulm","tag-schladming","tag-silberklarklamm","tag-szent-rupert","tag-szurdok","tag-vizimalom","tag-zirngast-camping"],"_links":{"self":[{"href":"https:\/\/induljelegyuton.hu\/index.php?rest_route=\/wp\/v2\/posts\/3125","targetHints":{"allow":["GET"]}}],"collection":[{"href":"https:\/\/induljelegyuton.hu\/index.php?rest_route=\/wp\/v2\/posts"}],"about":[{"href":"https:\/\/induljelegyuton.hu\/index.php?rest_route=\/wp\/v2\/types\/post"}],"author":[{"embeddable":true,"href":"https:\/\/induljelegyuton.hu\/index.php?rest_route=\/wp\/v2\/users\/1"}],"replies":[{"embeddable":true,"href":"https:\/\/induljelegyuton.hu\/index.php?rest_route=%2Fwp%2Fv2%2Fcomments&post=3125"}],"version-history":[{"count":9,"href":"https:\/\/induljelegyuton.hu\/index.php?rest_route=\/wp\/v2\/posts\/3125\/revisions"}],"predecessor-version":[{"id":3185,"href":"https:\/\/induljelegyuton.hu\/index.php?rest_route=\/wp\/v2\/posts\/3125\/revisions\/3185"}],"wp:attachment":[{"href":"https:\/\/induljelegyuton.hu\/index.php?rest_route=%2Fwp%2Fv2%2Fmedia&parent=3125"}],"wp:term":[{"taxonomy":"category","embeddable":true,"href":"https:\/\/induljelegyuton.hu\/index.php?rest_route=%2Fwp%2Fv2%2Fcategories&post=3125"},{"taxonomy":"post_tag","embeddable":true,"href":"https:\/\/induljelegyuton.hu\/index.php?rest_route=%2Fwp%2Fv2%2Ftags&post=3125"}],"curies":[{"name":"wp","href":"https:\/\/api.w.org\/{rel}","templated":true}]}}