{"id":3087,"date":"2016-01-10T21:17:37","date_gmt":"2016-01-10T20:17:37","guid":{"rendered":"http:\/\/induljelegyuton.hu\/?p=3087"},"modified":"2016-01-10T22:31:24","modified_gmt":"2016-01-10T21:31:24","slug":"karacsonyi-gondolatok","status":"publish","type":"post","link":"https:\/\/induljelegyuton.hu\/?p=3087","title":{"rendered":"L\u00e9leker\u0151s\u00edt\u0151 gondolatok az \u00daj\u00e9vre"},"content":{"rendered":"<p><strong>R\u00e9g\u00f3ta tudom \u00e9s hiszem, hogy az <i>ember \u00a0a sors\u00e1t maga v\u00e1lasztja<\/i>.<\/strong><\/p>\n<p>&nbsp;<\/p>\n<p>DE! Nyilv\u00e1nval\u00f3, hogy van egy <i>eleve elrendeltetetts\u00e9g<\/i>, ami tal\u00e1n nem a Sors k\u00f6nyv\u00e9ben van meg\u00edrva a Kozmikus \u00c9rtelem \u00e1ltal (b\u00e1r \u00edgy szebben hangzik), hanem egyszer\u0171bben fogalmazva <i>genetikai \u00f6r\u00f6ks\u00e9gr\u0151l<\/i> van sz\u00f3. \u00cdgy \u00e9rthet\u0151bb azoknak is, akik nem tudnak az ezoterika magaslatain sz\u00e1rnyalni.<\/p>\n<p>Azt tudom, s hiszem, hogy <i>meghat\u00e1rozott c\u00e9llal<\/i> sz\u00fclet\u00fcnk erre a f\u00f6ldre, s <i>k\u00fcldet\u00e9s\u00fcnket be kell teljes\u00edten\u00fcnk<\/i>. S hogy ez hol d\u0151l el, k\u00e9rd\u00e9s, de nem a legfontosabb. A materialist\u00e1k g\u00e9nekr\u0151l \u00e9s t\u00e1rsadalmi r\u00e1hat\u00e1sr\u00f3l besz\u00e9lnek, s ennek kever\u00e9k\u00e9b\u0151l alakul ki a jellem\u00fcnk. S onn\u00e9t, ahogy n\u00f6v\u00fcnk, el\u0151bb az <i>\u00f6szt\u00f6nl\u00e9ny\u00fcnk<\/i>, majd ennek elhalv\u00e1nyul\u00e1sa mellett meger\u0151s\u00f6d\u0151 <i>tudatos l\u00e9ny\u00fcnk<\/i> cselekedetei hat\u00e1rozz\u00e1k meg j\u00f6v\u0151nket.<\/p>\n<p>Azaz: <i>amit most csin\u00e1lsz, ebben a pillanatban, egy bizonyos szinten alak\u00edtja a j\u00f6v\u0151det<\/i>. Az, hogy most itt \u00edrom neked ezeket a sorokat, s nem megyek fogat mosni \u00e9s aludni &#8211; szint\u00e9n v\u00e1ltoztat valamit a sorsomon, hisz <i>gondolkod\u00e1sra<\/i> k\u00e9nyszer\u00edt, jelen esetben meg\u00e1llok egy pillanatra \u00e9letem \u00fatj\u00e1n, amit az \u00e1lland\u00f3 jelen pillanatok hossz\u00fa l\u00e1ncolata alkot, s elgondolkodom. Meg\u00e1llok, s bel\u00fclr\u0151l n\u00e9zem magam, s a vil\u00e1got.<\/p>\n<p>S amint annyiszor elmondtam, le\u00edrtam, ha utat tal\u00e1lsz ahhoz a <i>gyermekhez<\/i>, aki ott, legbel\u00fcl lakozik benned, s akit k\u00f6r\u00fclvesznek a veled t\u00f6rt\u00e9n\u00e9sek egyre vastagod\u00f3 r\u00e9tegei, s lassan elt\u0171nik a szemed el\u0151l, mert mindig csak a r\u00e1rak\u00f3d\u00f3 r\u00e9tegeket l\u00e1tod, \u00e9s elvesz\u00edted a kapcsolatot vele, <i>elsodor az \u00e9let<\/i>. Visznek az esem\u00e9nyek el\u0151re, m\u00e1r nem gondolkodsz, csak \u00e9lsz a vil\u00e1gba, teszed a dolgodat, s nem \u00e9rted, mi\u00e9rt f\u00e1j n\u00e9ha \u00fagy az \u00e9let, mi\u00e9rt v\u00e1lik n\u00e9ha minden olyan \u00fcress\u00e9, \u00e9rtelmetlenn\u00e9 &#8211; nos, ilyenkor az a m\u00e9lyen megb\u00fav\u00f3, elveszett gyermek s\u00edr fel ott legbel\u00fcl, mert <i>egyed\u00fcl van \u00e9s f\u00e9l<\/i>.<\/p>\n<p>Vissza kell tal\u00e1lni hozz\u00e1, hozz\u00e1d, \u00f6nmagadhoz, s ha ezt az utat visszafel\u00e9, \u00f6nmagadban meg tudod tenni, r\u00e1tal\u00e1lsz arra a pontra, ahol valamit elrontott\u00e1l, valami elt\u00f6rt. Arra a pontra, t\u00f6rt\u00e9n\u00e9sre, amikor <i>megijedt\u00e9l<\/i> valamit\u0151l, rossz d\u00f6nt\u00e9st hozt\u00e1l. S ez a rossz d\u00f6nt\u00e9s ett\u0151l kezdve befoly\u00e1solja tov\u00e1bbi d\u00f6nt\u00e9seidet, mert <i>s\u00e9m\u00e1v\u00e1<\/i> v\u00e1lik, s mert m\u00e1s d\u00f6nt\u00e9st nem pr\u00f3b\u00e1lt\u00e1l ki, s nem mered kock\u00e1ztatni. S ez \u00edgy megy mindaddig, m\u00edg r\u00e1 nem j\u00f6ssz, hogy ez \u00edgy nem mehet tov\u00e1bb, valamit nagyon elrontott\u00e1l, s fogalmad nincs, mi lesz, merre tov\u00e1bb, mert ott a g\u00f6d\u00f6r alja. <i>Lejjebb m\u00e1r nem mehetsz, mert nincs lejjebb<\/i>, vagy ott ragadsz mind\u00f6r\u00f6kre, vagy veszel egy nagy l\u00e9legzetet, s ugrasz &#8211; bele a semmibe, illetve az ismeretlenbe, amit\u0151l szint\u00e9n f\u00e9lsz, no meg tudod, hogy esetleg f\u00e1jdalmas lesz a v\u00e1ltoz\u00e1s, de m\u00e1r <i>\u00e9rzed, nincs<\/i> <i>v\u00e1laszt\u00e1sod<\/i>.<\/p>\n<p>S ha ezt bel\u00e1ttad, meg\u00e9rtetted, s val\u00f3ban eleged van mindenb\u0151l, <i>a sors t\u00f6rv\u00e9nyszer\u0171en k\u00fcld neked egy t\u00e1rsat<\/i>, aki seg\u00edt megtenni az els\u0151 l\u00e9p\u00e9seket, am\u00edg lassan, de biztosan magadra nem tal\u00e1lsz.<\/p>\n<p>De ehhez <i>id\u0151<\/i> kell, sok id\u0151, \u00e9s sok t\u00fcrelem magaddal szemben.<\/p>\n<p>S <b><i>hit<\/i><\/b>.<\/p>\n<p>A sz\u00fcks\u00e9g hite, mert tudod, m\u00e1r nincs mit vesztened, mert mindent elvesz\u00edtett\u00e9l, ami annak a r\u00e1d rak\u00f3dott vastag r\u00e9tegnek fontos volt.<\/p>\n<p>S akkor, mert ez az <i>igazi megtisztul\u00e1s<\/i> folyamata &#8211; sz\u00e9pen, lassan \u00e1t\u00e9rt\u00e9keled a dolgokat, r\u00e1j\u00f6ssz arra, hogy amit fontosnak tartott\u00e1l te \u00e9s a vil\u00e1g, egy\u00e1ltal\u00e1n nem fontos, csak <i>te<\/i> vagy fontos, s az a s\u00edr\u00f3, ijedt kisgyerek, akit otthagyt\u00e1l \u00a0rossz szok\u00e1said megk\u00e9rgesedett r\u00e9tegei alatt.<\/p>\n<p>A t\u00e1rs, akit kapt\u00e1l, arra val\u00f3, hogy ne hagyjon let\u00e9velyedni err\u0151l az \u00fatr\u00f3l. Aki ott \u00e1ll melletted, n\u00e9ha halkan, n\u00e9ha hangosan, de ott van, s <i>jelenl\u00e9t\u00e9vel er\u0151t ad<\/i>.<\/p>\n<p>N\u00e9ha nincs fizikailag jelen &#8211; ez a t\u00e1rs lehet egy egyszer hallott igaz mondat, egy t\u00f6rt\u00e9n\u00e9s, mely rendszeresen visszat\u00e9r a lelkedbe, s vezet el\u0151re.<\/p>\n<p>S min\u00e9l jobban dobod le a r\u00e1d rak\u00f3dott, sokszor k\u00e9nyszeres rossz szok\u00e1sokat, elv\u00e1r\u00e1sokat, ann\u00e1l k\u00f6zelebb ker\u00fclsz legbels\u0151bb \u00c9nedhez, \u00d6nmagadhoz, a Gyermekhez, aki te volt\u00e1l, s aki \u00f6r\u00f6kre te kell, hogy maradj\u00e1l, mert \u0151 az, aki a helyes \u00faton tart. <i>\u00d6nmagad<\/i>.<\/p>\n<p><b><i>L\u00e9gy \u00f6nmagad!<\/i><\/b> Szeresd ezt a gyermeket magadban, mert ez vagy igaz\u00e1n te, ez a te <i>lelked<\/i>, l\u00e9nyed legfontosabb, v\u00e1ltoztathatatlan r\u00e9sze. Ha visszatal\u00e1lsz hozz\u00e1, megtal\u00e1lod \u00f6nmagad, \u00e9leted c\u00e9lj\u00e1t, \u00e9rtelm\u00e9t, ami\u00e9rt erre a f\u00f6ldre sz\u00fclett\u00e9l: hogy <i>boldog l\u00e9gy<\/i>, igaz\u00e1n boldog, amihez csak a szenved\u00e9s-r\u00e9tegeken val\u00f3 \u00e1tjut\u00e1s \u00e1r\u00e1n jutsz el.<\/p>\n<p>Mert minden ember <i>boldogs\u00e1gra<\/i> sz\u00fcletett, s ez volt a c\u00e9l, s a feladat, amit kit\u0171zt\u00e9l magadnak erre az \u00e9letre. S a szenved\u00e9s-r\u00e9tegek megtan\u00edtanak arra, hogy <i>soha ne<\/i> <i>vesz\u00edtsd el \u00f6nmagad<\/i>, nem m\u00e1sok, <i>te vagy a legfontosabb<\/i>, s ezek a tapasztalatok emelnek egy magasabb s\u00edkra, mely nyugalmat s <i>bels\u0151 b\u00e9k\u00e9t<\/i> hoz. S ha ezt a bels\u0151 b\u00e9k\u00e9t, az <i>\u00f6nmagaddal egy\u00fctt \u00e9l\u00e9s k\u00e9pess\u00e9g\u00e9t<\/i> megtanultad, b\u00e9k\u00e9t k\u00f6tsz magaddal, megbocs\u00e1jtasz magadnak, elismered elk\u00f6vetett hib\u00e1idat, s elfogadod, hogy az is te vagy, hisz embernek sz\u00fclett\u00e9l, hib\u00e1znod, k\u00fczdened, szenvedned kell. Szenvedned, hogy megismerd val\u00f3di, bels\u0151 l\u00e9nyedet, hogy megtal\u00e1ld a nyugalmat \u00e9s a bels\u0151 csendet, a b\u00e9k\u00e9t. S ha ide vissza\u00e9rkezel, m\u00e1r nem sodornak el a k\u00fcls\u0151 viharok, sziklaszil\u00e1rd vagy, b\u00e1r n\u00e9ha meginogsz, de <i>\u00e1llsz<\/i>. \u00c9s meg\u00e9rted, hogy az \u00e9let egyr\u0151l sz\u00f3l: a <i>szeretetr\u0151l<\/i>.<\/p>\n<p><b>Egy, mindent \u00e1tfog\u00f3, igaz, m\u00e9rt\u00e9ket nem ismer\u0151, felt\u00e9tel n\u00e9lk\u00fcli szeretetr\u0151l, melyet nem tud megt\u00f6rni a sek\u00e9lyes vil\u00e1g<\/b>.<\/p>\n<p>S ez az er\u0151 v\u00e9gigk\u00eds\u00e9r utadon, \u00e9s soha t\u00f6bb\u00e9 semmi nem t\u00e1ntor\u00edthat el.<\/p>\n<p>Meg\u00e9rted az embereket, akkor is, ha nem fogadod el \u0151ket, mert te t\u00f6bbet tudsz n\u00e1luk. De \u0151k \u00e9rzik ezt, s ha megvan benn\u00fck is a v\u00e1ltoz\u00e1s, megtisztul\u00e1s ut\u00e1ni v\u00e1gy, csatlakoznak hozz\u00e1d. B\u00e1r v\u00e9gig, eg\u00e9sz \u00e9let\u00fcnkben egyed\u00fcl harcolunk, s leggyakrabban magunk ellen -, te soha t\u00f6bb\u00e9 nem leszel egyed\u00fcl, mert sz\u00e1modra nem l\u00e9tezik ez a fogalom: <i>mag\u00e1ny<\/i>, hisz te tudod, hogy te vagy a kezdet \u00e9s a v\u00e9g, s a te <i>teljess\u00e9ged megv\u00e9d az \u00fcress\u00e9gt\u0151l<\/i>.<\/p>\n<p>S \u00edgy \u00e9lhetsz igazi, teljes \u00e9letet, mert b\u00f6lcsess\u00e9ged, szereteted, al\u00e1zatod az \u00c9let igazi \u00e9rt\u00e9keinek birtok\u00e1ban az \u00f6r\u00f6k\u00f6ss\u00e9g biztons\u00e1g\u00e1t adja neked.<\/p>\n<p>&nbsp;<\/p>\n<p>Boldog kar\u00e1csonyi \u00dcnnepeket, \u00daj \u00c9vet k\u00edv\u00e1nok neked sok szeretettel:<\/p>\n<p>&nbsp;<\/p>\n<p align=\"right\">Pusztay \u00c1gnes<\/p>\n","protected":false},"excerpt":{"rendered":"<p>R\u00e9g\u00f3ta tudom \u00e9s hiszem, hogy az ember \u00a0a sors\u00e1t maga v\u00e1lasztja. &nbsp; DE! Nyilv\u00e1nval\u00f3, hogy van egy eleve elrendeltetetts\u00e9g, ami tal\u00e1n nem a Sors k\u00f6nyv\u00e9ben van meg\u00edrva a Kozmikus \u00c9rtelem \u00e1ltal (b\u00e1r \u00edgy szebben hangzik), hanem egyszer\u0171bben fogalmazva genetikai \u00f6r\u00f6ks\u00e9gr\u0151l van sz\u00f3. \u00cdgy \u00e9rthet\u0151bb azoknak is, akik nem tudnak az \u2026 <a class=\"continue-reading-link\" href=\"https:\/\/induljelegyuton.hu\/?p=3087\"> Continue reading <span class=\"meta-nav\">&rarr; <\/span><\/a><\/p>\n","protected":false},"author":1,"featured_media":0,"comment_status":"open","ping_status":"open","sticky":false,"template":"","format":"standard","meta":{"ngg_post_thumbnail":0,"footnotes":""},"categories":[101],"tags":[1578,1579,1583,1580,1581,1577,1582],"class_list":["post-3087","post","type-post","status-publish","format-standard","hentry","category-alibi","tag-eleve-elrendeles","tag-kuldetes","tag-megtisztulas","tag-oszton","tag-osztonleny","tag-sors","tag-tudatos-leny"],"_links":{"self":[{"href":"https:\/\/induljelegyuton.hu\/index.php?rest_route=\/wp\/v2\/posts\/3087","targetHints":{"allow":["GET"]}}],"collection":[{"href":"https:\/\/induljelegyuton.hu\/index.php?rest_route=\/wp\/v2\/posts"}],"about":[{"href":"https:\/\/induljelegyuton.hu\/index.php?rest_route=\/wp\/v2\/types\/post"}],"author":[{"embeddable":true,"href":"https:\/\/induljelegyuton.hu\/index.php?rest_route=\/wp\/v2\/users\/1"}],"replies":[{"embeddable":true,"href":"https:\/\/induljelegyuton.hu\/index.php?rest_route=%2Fwp%2Fv2%2Fcomments&post=3087"}],"version-history":[{"count":3,"href":"https:\/\/induljelegyuton.hu\/index.php?rest_route=\/wp\/v2\/posts\/3087\/revisions"}],"predecessor-version":[{"id":3089,"href":"https:\/\/induljelegyuton.hu\/index.php?rest_route=\/wp\/v2\/posts\/3087\/revisions\/3089"}],"wp:attachment":[{"href":"https:\/\/induljelegyuton.hu\/index.php?rest_route=%2Fwp%2Fv2%2Fmedia&parent=3087"}],"wp:term":[{"taxonomy":"category","embeddable":true,"href":"https:\/\/induljelegyuton.hu\/index.php?rest_route=%2Fwp%2Fv2%2Fcategories&post=3087"},{"taxonomy":"post_tag","embeddable":true,"href":"https:\/\/induljelegyuton.hu\/index.php?rest_route=%2Fwp%2Fv2%2Ftags&post=3087"}],"curies":[{"name":"wp","href":"https:\/\/api.w.org\/{rel}","templated":true}]}}