{"id":3083,"date":"2015-11-27T22:34:50","date_gmt":"2015-11-27T21:34:50","guid":{"rendered":"http:\/\/induljelegyuton.hu\/?p=3083"},"modified":"2016-10-06T23:32:36","modified_gmt":"2016-10-06T21:32:36","slug":"hazak-a-vilagvegen","status":"publish","type":"post","link":"https:\/\/induljelegyuton.hu\/?p=3083","title":{"rendered":"H\u00e1zak a Vil\u00e1gv\u00e9g\u00e9n\u2026 (1. r\u00e9sz)"},"content":{"rendered":"<p><strong>K\u00e1n, Hetvehely, \u00d6k\u00f6rv\u00f6lgy es\u0151ben, s\u00e1rban t\u00e9glapityk\u00e9vel&#8230;<\/strong><\/p>\n<p>&nbsp;<\/p>\n<div id=\"attachment_3664\" style=\"width: 310px\" class=\"wp-caption alignright\"><a href=\"http:\/\/induljelegyuton.hu\/wp-content\/uploads\/DSC_0566.jpg\"><img loading=\"lazy\" decoding=\"async\" aria-describedby=\"caption-attachment-3664\" class=\"size-medium wp-image-3664\" src=\"http:\/\/induljelegyuton.hu\/wp-content\/uploads\/DSC_0566-300x200.jpg\" alt=\"Kis k\u00e1polna a Hetvehely feletti dombon\" width=\"300\" height=\"200\" srcset=\"https:\/\/induljelegyuton.hu\/wp-content\/uploads\/DSC_0566-300x200.jpg 300w, https:\/\/induljelegyuton.hu\/wp-content\/uploads\/DSC_0566-768x512.jpg 768w, https:\/\/induljelegyuton.hu\/wp-content\/uploads\/DSC_0566-225x150.jpg 225w, https:\/\/induljelegyuton.hu\/wp-content\/uploads\/DSC_0566-150x100.jpg 150w, https:\/\/induljelegyuton.hu\/wp-content\/uploads\/DSC_0566.jpg 850w\" sizes=\"auto, (max-width: 300px) 100vw, 300px\" \/><\/a><p id=\"caption-attachment-3664\" class=\"wp-caption-text\">Kis k\u00e1polna a Hetvehely feletti dombon<\/p><\/div>\n<p>Bar\u00e1taim, \u2013 miut\u00e1n m\u00e1r j\u00f3 ideje Duna\u00fajv\u00e1ros mellett \u00e9lnek \u2013 lassan felfedezt\u00e9k a d\u00e9l-dun\u00e1nt\u00fali dombvid\u00e9keket. De nem csak maguknak \u2013 h\u00edvtak benn\u00fcnket is. Tavaly okt\u00f3ber 23.-hoz k\u00f6zeledv\u00e9n t\u00farat\u00e1rsas\u00e1gunk a Zselic d\u00e9li dombjai k\u00f6z\u00f6tt megb\u00fav\u00f3 K\u00e1nra \u201ef\u00f3kusz\u00e1lt\u201d, hogy az \u00e9v utols\u00f3 el\u0151tti t\u00farah\u00e9tv\u00e9g\u00e9j\u00e9t ott t\u00f6lts\u00fck.<\/p>\n<p>&nbsp;<\/p>\n<p>No de ilyenkor m\u00e1r sz\u00e1ll\u00e1st kellene ker\u00edteni. (Mi is \u00f6regsz\u00fcnk: m\u00e1r nem akar\u00f3dzik k\u00e9s\u0151 \u0151sszel s\u00e1trazni.) \u00c9n vettem kezembe a telefont, \u00e9s nagy lend\u00fclettel felh\u00edvtam Attila bar\u00e1tom \u00e1ltal elk\u00fcld\u00f6tt k\u00e9t k\u00e1ni telefonsz\u00e1mot. Gyorsan leh\u0171lt a lelkesed\u00e9sem, ugyanis vil\u00e1goss\u00e1 v\u00e1lt, hogy K\u00e1n lakoss\u00e1g\u00e1nak z\u00f6me nem K\u00e1nban v\u00e9szeli \u00e1t a \u201etelet\u201d. N\u00e9h\u00e1ny \u00e9jszak\u00e1\u00e9rt pedig felf\u0171teni egy h\u00e1zat nem \u00e9ri meg. Viszont egyik sz\u00e1ll\u00e1sad\u00f3 adta a m\u00e1sik el\u00e9rhet\u0151s\u00e9g\u00e9t, \u00e9s mindig volt \u00faj rem\u00e9ny\u2026 de azt\u00e1n elfogytak a k\u00e1niak. \u2013 Megk\u00e9rdezem a hetvehelyieket, fogadn\u00e1k-e magukat \u2013 seg\u00edtett az utols\u00f3 k\u00e1ni. \u00c9s a v\u00e1lasz v\u00e9gre igen volt, mehett\u00fcnk! Hetvehely sv\u00e1b telep\u00fcl\u00e9s K\u00e1n szomsz\u00e9ds\u00e1g\u00e1ban van.<\/p>\n<p><strong>ngg_shortcode_0_placeholder<\/strong><\/p>\n<p>&nbsp;<\/p>\n<p>Az id\u0151j\u00e1r\u00e1s el\u0151rejelz\u00e9s ugyan \u00f6z\u00f6nvizet jelzett, de mi m\u00e1r megtanultuk ennek kezel\u00e9s\u00e9t: meg kell felezni az es\u0151s id\u0151tartamot \u00e9s m\u00e1ris val\u00f3s\u00e1gosabbak, illetve der\u0171sebbek a kil\u00e1t\u00e1sok. El kell indulni! \u2013 \u00e9s ez bej\u00f6n\u2026 Ketten m\u00e1r okt\u00f3ber 22-\u00e9n, munkanapon leviharzottunk, mivel bar\u00e1tomnak \u00e9ppen P\u00e9csen volt dolga. Mind\u00f6ssze k\u00e9t \u00f3r\u00e1m volt, de \u201enem \u00fasztam meg sz\u00e1razon\u201d a v\u00e1rosn\u00e9z\u00e9st. El\u00e1zva sz\u00e1lltam vissza bar\u00e1tom aut\u00f3j\u00e1ba. Az id\u0151 igyekezett kedv\u00fcnket szegni, de mi j\u00f3 hangulatban kanyarogtunk \u00e1t az es\u0151verte k\u0151v\u00e1g\u00f3t\u00f6tt\u00f6si \u00faton, majd Hetvehelyre \u00e9rt\u00fcnk. Tudtuk, hogy nagyj\u00e1b\u00f3l m\u00e1sf\u00e9l \u00f3ra m\u00falva be\u00e1ll a sz\u00fcrk\u00fclet, \u00edgy megkerest\u00fck a \u201eszolg\u00e1ltat\u00f3h\u00e1zat\u201d, ahol a sz\u00e1ll\u00e1s \u201em\u0171k\u00f6d\u00f6tt\u201d. J\u00f3kora \u00e9p\u00fcletet tal\u00e1ltunk \u2013 nemr\u00e9g lett k\u00e9sz. A fejbek\u00f3lint\u00f3 az volt, hogy a kisebb k\u00f6zint\u00e9zm\u00e9nynek is beill\u0151 h\u00e1zban egyed\u00fcl \u201evackol\u00f3dhattunk el\u201d. Az emeleten h\u00e1rom vend\u00e9gszob\u00e1b\u00f3l v\u00e1logathattunk \u2013 a mi\u00e9nkb\u0151l egy parkra l\u00e1ttunk \u2013, \u00e9s amikor leszaladtunk az udvarra k\u00f6rben\u00e9zni, a park v\u00e9g\u00e9ben \u2013 most \u00e9ppen \u2013 h\u00f6mp\u00f6lyg\u0151 B\u00fckk\u00f6sdi-v\u00edzen egy pomp\u00e1s fa gyaloghidat is tal\u00e1ltunk. Az este sor\u00e1n hosszan \u00fcnnepelt\u00fck ezt a remek helyet\u2026<\/p>\n<p>&nbsp;<\/p>\n<p>M\u00e1snap nem akartunk bar\u00e1taink \u00e9rkez\u00e9s\u00e9re v\u00e1rni, \u00edgy bekapcsol\u00f3d\u00e1sukra sz\u00e1m\u00edtva K\u00e1n fel\u00e9 indultunk. T\u00e9rk\u00e9p\u00fcnk a netr\u0151l kifot\u00f3zott turistat\u00e9rk\u00e9p-kiv\u00e1gat volt\u2026 \u00a0A faluk\u00f6zpontba \u00e9szakr\u00f3l \u00e9rkez\u0151 v\u00f6lgy v\u00edzfoly\u00e1sa ment\u00e9n indultunk ki Hetvehelyr\u0151l. M\u00e1r ezen a r\u00f6vid utc\u00e1n felt\u0171ntek a port\u00e1k mell\u00e9k\u00e9p\u00fcletei: b\u00e1r m\u00e9reteiben, funkci\u00f3j\u00e1ban mind ugyanolyannak \u00e9p\u00fclt, m\u00e9gsem volt k\u00e9t egyforma \u2013 m\u00e1r a k\u00f6rnyezet miatt sem. A t\u00e9gla\u00e9p\u00edt\u00e9szek minden\u00fctt tettek n\u00e9mi d\u00edsz\u00edt\u00e9st, csavart r\u00e1juk. Hazat\u00e9r\u00e9s\u00fcnk napj\u00e1n vil\u00e1g\u00edtott r\u00e1 a falugondnok, hogy am\u00edg a \u201emunka\u00e9p\u00fcletek\u201d t\u00e9gl\u00e1b\u00f3l \u00e9p\u00fcltek, a h\u00e1zak v\u00e1lyogb\u00f3l! Ne mondja senki, hogy 150 \u00e9ve a t\u00e9gla nemesebb lett volna, mint a v\u00e1lyog! Ezt val\u00f3sz\u00edn\u0171leg a sv\u00e1b n\u00e9p munkaszeretet\u00e9b\u0151l, szorgalm\u00e1b\u00f3l k\u00f6vetkezhet\u2026 A 18-19. sz\u00e1zadban betelep\u00edtett n\u00e9metek \u00e9p\u00fcleteit a k\u00f6rnyez\u0151 falvakban is l\u00e1thattam, \u00e9s nem untam meg fot\u00f3zni azokat.<\/p>\n<p>Emberes s\u00e1rban kapaszkodtunk fel a dombtet\u0151re, a K\u00e1ni-tet\u0151 fel\u00e9. Szerencs\u00e9nkre a f\u00f6ldutak j\u00f3 ir\u00e1nyba vezettek \u2013 a tet\u0151n egy kicsiny k\u00e1poln\u00e1ba is belebotlottunk, amelyet k\u00e9t fesz\u00fclet \u0151rz\u00f6tt. A Mecsekre k\u00f6d ereszkedett, de mi m\u00e9g lel\u00e1ttunk a H\u00e9tm\u00e9n-d\u0171l\u0151re. Bar\u00e1taink k\u00f6zben meg\u00e9rkeztek a sz\u00e1ll\u00e1sunk udvar\u00e1ra\u2026 Az \u00fatkeresztez\u0151d\u00e9sben a k\u00e1ni v\u00f6lgybe fordultunk. Az \u00fat \u00e9rdekesebb \u2013 erd\u0151s &#8211; lett, \u00e1m a v\u00f6lgybe \u00e9rve &#8211; amikor m\u00e1r megpillantottuk az els\u0151 h\u00e1zakat \u2013 azt tapasztaltuk, hogy a patak el\u00e1rasztotta a v\u00f6lgytalpat, \u00e1llt a v\u00edz minden\u00fctt.<\/p>\n<div id=\"attachment_3665\" style=\"width: 310px\" class=\"wp-caption alignleft\"><a href=\"http:\/\/induljelegyuton.hu\/wp-content\/uploads\/DSC_0592.jpg\"><img loading=\"lazy\" decoding=\"async\" aria-describedby=\"caption-attachment-3665\" class=\"size-medium wp-image-3665\" src=\"http:\/\/induljelegyuton.hu\/wp-content\/uploads\/DSC_0592-300x200.jpg\" alt=\"K\u00e1n els\u0151 h\u00e1zai el\u0151tt\" width=\"300\" height=\"200\" srcset=\"https:\/\/induljelegyuton.hu\/wp-content\/uploads\/DSC_0592-300x200.jpg 300w, https:\/\/induljelegyuton.hu\/wp-content\/uploads\/DSC_0592-768x512.jpg 768w, https:\/\/induljelegyuton.hu\/wp-content\/uploads\/DSC_0592-225x150.jpg 225w, https:\/\/induljelegyuton.hu\/wp-content\/uploads\/DSC_0592-150x100.jpg 150w, https:\/\/induljelegyuton.hu\/wp-content\/uploads\/DSC_0592.jpg 850w\" sizes=\"auto, (max-width: 300px) 100vw, 300px\" \/><\/a><p id=\"caption-attachment-3665\" class=\"wp-caption-text\">K\u00e1n els\u0151 h\u00e1zai el\u0151tt<\/p><\/div>\n<p>Az el\u00e1rasztott ter\u00fcletet igyekezt\u00fcnk megker\u00fclni, de az \u00fat nem akar\u00f3dzott K\u00e1nba kanyarodni, s\u0151t, arr\u00e9bb villanyp\u00e1sztor is nehez\u00edtette a k\u00eds\u00e9rletez\u00e9st. V\u00e9g\u00fcl egy vihar d\u00f6nt\u00f6tte fa rombol\u00e1sa seg\u00edtett bejutni az elker\u00edtett legel\u0151re, majd artist\u00e1kat megsz\u00e9gyen\u00edt\u0151 egyens\u00falyoz\u00e1ssal m\u00e1sztunk ki a k\u00e1ni \u00fatra. V\u00e9gre ott voltunk! Nehezen adta mag\u00e1t.<\/p>\n<p>A telep\u00fcl\u00e9st\u00e1bl\u00e1t f\u00e1b\u00f3l faragt\u00e1k, s a n\u00e9hai fesz\u00fclet csonkja el\u0151tt \u00e1llt. Az els\u0151 h\u00e1rom paraszth\u00e1z k\u00f6rnyezete m\u00e9g nem volt kialak\u00edtva \u2013 a K\u00e1ni Vend\u00e9gl\u0151 felirat\u00fa \u00e9p\u00fclet komoran hallgatott. Vel\u00fck szemben cserj\u00e9kkel, f\u00e1kkal tett\u00e9k otthonosabb\u00e1 a r\u00e9gi h\u00e1zak frontj\u00e1t \u00faj lak\u00f3ik. Minden harmadik porta k\u00f6r\u00fcl volt valami jele az \u00e9letnek \u2013 egy aut\u00f3, egy l\u00f3, egy f\u00fcst\u00f6l\u0151 k\u00e9m\u00e9ny. Tal\u00e1n nem is fot\u00f3ztam volna olyan sokat az utca port\u00e1it, ha nem tudom azt, hogy K\u00e1n egy \u00faj \u00e9letform\u00e1t vett fel 1980-as \u00e9vek k\u00f6zepe \u00f3ta, mivel 1978-ban megsz\u0171nt, mint \u00f6n\u00e1ll\u00f3 telep\u00fcl\u00e9s. (Az 1973-as Mecsek turistat\u00e9rk\u00e9pen m\u00e9g nincs semmi utal\u00e1s K\u00e1n eln\u00e9ptelened\u00e9s\u00e9re.)<\/p>\n<p>K\u00e1n neve \u00edrott form\u00e1ban a 12. sz\u00e1zadb\u00f3l ismeretes. A t\u00f6r\u00f6k id\u0151kben eln\u00e9ptelenedett, n\u00e9metek n\u00e9pes\u00edtett\u00e9k be \u00fajra 1760 k\u00f6r\u00fcl. A 20. sz\u00e1zadban sz\u00e1mos esem\u00e9ny t\u00e9p\u00e1zta meg a n\u00e9met nemzetis\u00e9g\u0171 falvak lakoss\u00e1g\u00e1t, \u00edgy a k\u00f6rny\u00e9k telep\u00fcl\u00e9seit is: az SS-soroz\u00e1sok, a kitelep\u00edt\u00e9sek, az elkobz\u00e1sok, a m\u00e1lenkij robot megosztott\u00e1 tett\u00e9k K\u00e1n lakoss\u00e1g\u00e1t is. A szocializmusban &#8211; a vid\u00e9ksorvaszt\u00f3 gazdas\u00e1gpolitika nyom\u00e1n &#8211; el\u0151sz\u00f6r elcig\u00e1nyosodott a falu, majd az iskola-igazgat\u00f3n\u0151 t\u00e1voz\u00e1s\u00e1val megsz\u0171nt az iskola. Felgyorsult ez elv\u00e1ndorl\u00e1s: a fiatalokat k\u00f6vett\u00e9k az id\u0151sek is, s Hetvehelyre, B\u00fckk\u00f6sdre k\u00f6lt\u00f6ztek. A k\u00f6zleked\u00e9s mindig rossz volt, a k\u00e1niak rendszerint gyalog j\u00e1rtak a p\u00e9csi vas\u00fatvonalig. Az el\u0151tte l\u00e9v\u0151 Goric\u00e1n \u2013 a sz\u0171k utca miatt \u2013 soha sem lehetett busszal \u00e1thajtani.<\/p>\n<p><strong>ngg_shortcode_1_placeholder<\/strong><\/p>\n<p>A 1980-as \u00e9vekben n\u00e9h\u00e1nyan fant\u00e1zi\u00e1t l\u00e1ttak a csod\u00e1latos k\u00f6rnyezetben &#8211; sz\u00f3 szerint &#8211; megb\u00fav\u00f3 faluban, \u00e9s megvettek egy-egy port\u00e1t. 1998 k\u00f6r\u00fcl egy \u00e9p\u00edt\u0151ipari c\u00e9g is elkezdte a h\u00e1zakat fel\u00faj\u00edttatni (sz\u00e9p eredm\u00e9nnyel!), \u00e1m a v\u00e1llalkoz\u00e1s t\u00f6nkrement: szerencs\u00e9re a h\u00e1zakat legal\u00e1bb \u00e9rt\u00e9kes\u00edtett\u00e9k, s a k\u00e9tezres \u00e9vek elej\u00e9re m\u00e1r t\u00f6bb holland tulajdonos j\u00e1rt ide, de \u00e1lland\u00f3 magyar lak\u00f3k is \u00e9rkeztek. 2001 \u00f3ta \u00fcd\u00fcl\u0151falu, s m\u00e1r nyolc h\u00e1z tulajdonosai foglalkoznak falusi turizmussal \u2013 ink\u00e1bb a melegebb id\u0151szakban. Ma m\u00e1r \u00e9l itt belga, angol, n\u00e9met, thai lak\u00f3, de \u00e1ll\u00edt\u00f3lag m\u00e9g egy dubai-i is.<\/p>\n<div id=\"attachment_3667\" style=\"width: 310px\" class=\"wp-caption alignright\"><a href=\"http:\/\/induljelegyuton.hu\/wp-content\/uploads\/DSC_0628.jpg\"><img loading=\"lazy\" decoding=\"async\" aria-describedby=\"caption-attachment-3667\" class=\"size-medium wp-image-3667\" src=\"http:\/\/induljelegyuton.hu\/wp-content\/uploads\/DSC_0628-300x200.jpg\" alt=\"K\u00e1ni csend\u00e9let - zom\u00e1ncos, bonyh\u00e1di...:)\" width=\"300\" height=\"200\" srcset=\"https:\/\/induljelegyuton.hu\/wp-content\/uploads\/DSC_0628-300x200.jpg 300w, https:\/\/induljelegyuton.hu\/wp-content\/uploads\/DSC_0628-768x512.jpg 768w, https:\/\/induljelegyuton.hu\/wp-content\/uploads\/DSC_0628-225x150.jpg 225w, https:\/\/induljelegyuton.hu\/wp-content\/uploads\/DSC_0628-150x100.jpg 150w, https:\/\/induljelegyuton.hu\/wp-content\/uploads\/DSC_0628.jpg 850w\" sizes=\"auto, (max-width: 300px) 100vw, 300px\" \/><\/a><p id=\"caption-attachment-3667\" class=\"wp-caption-text\">K\u00e1ni csend\u00e9let &#8211; zom\u00e1ncos, bonyh\u00e1di&#8230;:)<\/p><\/div>\n<p>(Karesz di\u00f3t kezdett t\u00f6rni az \u00fat sz\u00e9l\u00e9n, mert a t\u00f6bbiekkel hozatott reggelije csak nem akart meg\u00e9rkezni.) K\u00e1n faluk\u00e9p\u00e9nek \u2013 szerintem \u2013 h\u00e1rom arca van. Az els\u0151 az \u201e\u00e9p\u00fcl\u0151 skanzen\u201d, ezt a \u201erendezett, n\u00e9metes\u201d k\u00f6veti a harangl\u00e1big (ahol a temet\u0151 is van). A harmadik, a legbar\u00e1ts\u00e1gosabb, annak csal\u00e1diass\u00e1ga \u00e9s az utat szeg\u00e9lyez\u0151 gyep miatt, majd pedig az \u201eerd\u0151s zug\u201d j\u00f6n.<\/p>\n<p>A harmadik szakaszban oda\u00e9rt\u00fcnk a legkedvesebb port\u00e1hoz. Az udvar v\u00e9n di\u00f3f\u00e1ja egy kacatokkal, r\u00e9gi t\u00e1rgyakkal megpakolt, pult f\u00f6l\u00e9 hajolt. Csod\u00e1lkoztunk, hogy a h\u0171t\u0151szekr\u00e9ny, az \u00f6sszes poharak, s a v\u00edzt\u0151l \u00f3vand\u00f3 t\u00e1rgyak is ott voltak. \u00c9s k\u00e9t keretezett-\u00fcvegezett fot\u00f3. Ja, igen! Megtal\u00e1ltuk \u00c1cs Luk\u00e1cs port\u00e1j\u00e1t? A sz\u00e1ll\u00e1sad\u00f3k mondt\u00e1k, hogy meghalt \u2013 \u00e9s minden \u00edgy maradt\u2026 K\u00e9t nappal k\u00e9s\u0151bb \u00e1lland\u00f3 lakosokkal tal\u00e1lkoztunk a temet\u0151ben. Megtudtuk, hogy ez a j\u00f3pofa ember, Maci eldobta mag\u00e1t\u00f3l az \u00e9letet\u2026<\/p>\n<p>\u00c1cs Luk\u00e1cs a k\u00f6zeli Palotabozsokon sz\u00fcletett \u00e9s sv\u00e1b sz\u00e1rmaz\u00e1s\u00fa volt. 1991-ben vett h\u00e1zakat K\u00e1nban, s \u00f6tletei, lend\u00fclete folyt\u00e1n lassan \u201efaluf\u0151n\u00f6kk\u00e9\u201d v\u00e1lt. \u00c1lland\u00f3 lak\u00f3 volt, az \u0151 \u00f6tlete volt a K\u00e1ni Filmfesztiv\u00e1l, ami ki\u00e1ll\u00edt\u00e1ssal, zen\u00e9vel, t\u00e1nccal kieg\u00e9sz\u00edtett szabadt\u00e9ri vet\u00edt\u00e9st jelentett j\u00fanius v\u00e9g\u00e9n. Fel is fedezt\u00fck a t\u00e1bl\u00e1j\u00e1t. Ki fogja tov\u00e1bbszervezni? Itt van minden k\u00e9szen!<\/p>\n<p>&nbsp;<\/p>\n<div id=\"attachment_3666\" style=\"width: 210px\" class=\"wp-caption alignright\"><a href=\"http:\/\/induljelegyuton.hu\/wp-content\/uploads\/DSC_0613.jpg\"><img loading=\"lazy\" decoding=\"async\" aria-describedby=\"caption-attachment-3666\" class=\"size-medium wp-image-3666\" src=\"http:\/\/induljelegyuton.hu\/wp-content\/uploads\/DSC_0613-200x300.jpg\" alt=\"\u00c1cs Luk\u00e1cs - Maci b\u00e1csi\" width=\"200\" height=\"300\" srcset=\"https:\/\/induljelegyuton.hu\/wp-content\/uploads\/DSC_0613-200x300.jpg 200w, https:\/\/induljelegyuton.hu\/wp-content\/uploads\/DSC_0613-100x150.jpg 100w, https:\/\/induljelegyuton.hu\/wp-content\/uploads\/DSC_0613.jpg 567w\" sizes=\"auto, (max-width: 200px) 100vw, 200px\" \/><\/a><p id=\"caption-attachment-3666\" class=\"wp-caption-text\">\u00c1cs Luk\u00e1cs &#8211; Maci b\u00e1csi<\/p><\/div>\n<p>V\u00e9gigmas\u00edroztunk az \u201eerd\u0151s zugig\u201d \u2013 l\u00e1ttuk a Gy\u00f3csi-, a Sopi-, \u00e9s a Balt\u00e1s sz\u00e1ll\u00e1shelyek ir\u00e1nyjelz\u0151 t\u00e1bl\u00e1it &#8211; azt\u00e1n visszafordultunk, \u00e9s felfedezt\u00fck a temet\u0151t. Maci s\u00edrhelye az els\u0151 sorban volt \u2013 fentebb az erd\u0151s domboldalban vannak a legkor\u00e1bbi s\u00edrok, fejf\u00e1k \u2013 z\u00f6m\u00e9ben g\u00f3t bet\u0171s\u00f6k. Sokakon m\u00e9g mindig j\u00f3 \u00e1llapotban l\u00e9v\u0151 r\u00e9gi fotogr\u00e1fi\u00e1k id\u00e9zik fel K\u00e1n r\u00e9gi lak\u00f3it. (A mai fot\u00f3technik\u00e1k kib\u00edrn\u00e1nak ugyan\u00edgy 60-70 \u00e9vet?) Rong\u00e1l\u00f3k helyett csak az erd\u0151 vadjai \u00e9s az elsz\u00e1rmazottak l\u00e1togatj\u00e1k\u2026<\/p>\n<p>&nbsp;<\/p>\n<p>Elindultunk vissza, szembe a t\u00f6bbiekkel. Hetvehelyt\u0151l nem volt r\u00f6vid \u00fatjuk \u2013 Gorica v\u00e9g\u00e9n\u00e9l j\u00f6ttek szembe, m\u00e1r es\u0151kab\u00e1tban. Egym\u00e1st k\u00f6sz\u00f6ntve ism\u00e9t K\u00e1n fel\u00e9 fordultunk \u00e9s meg\u00e1llapodtunk abban, hogy megeb\u00e9del\u00fcnk. Mivel sehol sem volt fedett hely, \u00edgy az \u201e\u00fcd\u00fcl\u0151faluban\u201d, k\u00f6z\u00e9pt\u00e1jon, egy porta h\u00e1ta m\u00f6g\u00f6tt v\u00e9n mogyor\u00f3bokrok t\u00f6v\u00e9be kuporodtunk le. \u00c9ppen v\u00e9gezt\u00fcnk, amikor egy id\u0151sebb magas f\u00e9rfi s\u00e9t\u00e1lt k\u00f6z\u00e9nk: a tulajdonos. Holland volt, s az udvariass\u00e1gi k\u00e9rd\u00e9seken t\u00fal, t\u00f6bb \u00e9rdekes dologra is f\u00e9ny der\u00fclt. Sajnos lopnak-lopogatnak errefel\u00e9 is, ez\u00e9rt is s\u00e9t\u00e1lt ide. \u0150 csak a telet nem t\u00f6lti itt \u2013 val\u00f3sz\u00edn\u0171leg az els\u0151 hollandok egyike, mivel 15 \u00e9ve P\u00e9csen pillantotta meg a hirdetett k\u00e1ni h\u00e1zakat. Ny\u00e1ron rendszerint elhozz\u00e1k az unok\u00e1it nyaralni.<\/p>\n<p>&#8211; \u00c9s maguk? Tanulnak, vagy..? \u2013 k\u00e9rdezte \u00f3vatosan, amin nagyon elcsod\u00e1lkoztunk, mivel mindegyik\u00fcnk 35-40 \u00e9v k\u00f6r\u00fcli volt.<\/p>\n<p>Egy itt lak\u00f3 magyar mes\u00e9lte, hogy az itt \u00e9l\u0151 k\u00fclf\u00f6ldiek \u2013 f\u0151leg a nyugatiak \u2013 amolyan \u201ekasztrendszer\u201d szerint fogadj\u00e1k bizalmukba az idegeneket, \u00e9s az egy lass\u00fa folyamat. A legbizalmasabb dolog eddig az volt, hogy egyik\u00fck megk\u00e9rte, hogy seg\u00edtsen b\u00fatort bevinni a h\u00e1z\u00e1ba.<\/p>\n<p>&nbsp;<\/p>\n<div id=\"attachment_3668\" style=\"width: 310px\" class=\"wp-caption alignleft\"><a href=\"http:\/\/induljelegyuton.hu\/wp-content\/uploads\/DSC_0673.jpg\"><img loading=\"lazy\" decoding=\"async\" aria-describedby=\"caption-attachment-3668\" class=\"size-medium wp-image-3668\" src=\"http:\/\/induljelegyuton.hu\/wp-content\/uploads\/DSC_0673-300x200.jpg\" alt=\"Attila - m\u00f6g\u00f6tte a v\u00f6lgy, amit a s\u00e1rtengerben lek\u00fczd\u00f6tt\u00fcnk...\" width=\"300\" height=\"200\" srcset=\"https:\/\/induljelegyuton.hu\/wp-content\/uploads\/DSC_0673-300x200.jpg 300w, https:\/\/induljelegyuton.hu\/wp-content\/uploads\/DSC_0673-768x512.jpg 768w, https:\/\/induljelegyuton.hu\/wp-content\/uploads\/DSC_0673-225x150.jpg 225w, https:\/\/induljelegyuton.hu\/wp-content\/uploads\/DSC_0673-150x100.jpg 150w, https:\/\/induljelegyuton.hu\/wp-content\/uploads\/DSC_0673.jpg 850w\" sizes=\"auto, (max-width: 300px) 100vw, 300px\" \/><\/a><p id=\"caption-attachment-3668\" class=\"wp-caption-text\">Attila &#8211; m\u00f6g\u00f6tte a v\u00f6lgy, amit a s\u00e1rtengerben lek\u00fczd\u00f6tt\u00fcnk&#8230;<\/p><\/div>\n<p>Elk\u00f6sz\u00f6nt\u00fcnk \u00e9s \u00e9ppen a d\u00e9lel\u0151tt el\u00e1rasztott v\u00f6lgyszakaszon igyekezt\u00fcnk \u00e1tl\u00e1balni. Visszafel\u00e9 m\u00e1r siker\u00fclt. Visszakaptattunk a K\u00e1ni-tet\u0151re, majd a csatakosra \u00e1zott v\u00f6lgyoldalon le, a t\u00faloldalon pedig felkecmeregt\u00fcnk a m\u00e9ly s\u00e1rban\u2013 az es\u0151 f\u00e1tyol\u00e1ban. Az aszfaltgyan\u00fas \u00faton nemsok\u00e1ra a Szabads\u00e1gmajorhoz \u00e9s kuty\u00e1ihoz \u00e9rt\u00fcnk, ahol meglepetten l\u00e1ttuk, hogy a r\u00e9gi tsz mellett \u00e9ppen fel\u00e9p\u00fclt egy kis \u00fcd\u00fcl\u0151telep. Az \u00d6k\u00f6rv\u00f6lgyh\u00f6z tartoz\u00f3 Zselic vend\u00e9gh\u00e1z(ak) a lovas turisztika h\u00f3dol\u00f3ira is \u00e9p\u00edt.<\/p>\n<p>\u00d6k\u00f6rv\u00f6lgybe \u00e9rve ki kellett pr\u00f3b\u00e1lnunk a \u201etemplom\u201d mellett fel\u00e9p\u00edtett nagy k\u00f6r alak\u00fa pihen\u0151pavilont, olyan h\u00edvogat\u00f3 volt! A templomot ez\u00e9rt tettem id\u00e9z\u0151jelbe, mert eg\u00e9szen olyan, mint egy harangtoronnyal kieg\u00e9sz\u00edtett k\u00f6zs\u00e9gi k\u00f6nyvt\u00e1r. A hossz\u00fa m\u00edves faker\u00edt\u00e9st is azt sugallta: a falu vezet\u0151iben van lend\u00fclet! Itt is csod\u00e1latos kis m\u0171remekekkel k\u00e1pr\u00e1ztatott el a t\u00e9gla\u00e9p\u00edt\u00e9szet. Ezek mellett j\u00f3 p\u00e1r sz\u00e9pen fel\u00faj\u00edtott, feh\u00e9r, vir\u00e1gos (vagy \u00faj?) n\u00e9pi lak\u00f3h\u00e1zat l\u00e1thattunk \u2013 \u00e9s j\u00f3 p\u00e1r szedett-vedett cs\u00fanyas\u00e1got is.<\/p>\n<p>A Kis M\u00e1rton tanya \u00e9rint\u00e9s\u00e9vel \u00e9rt\u00fcnk vissza Hetvehelyre, amely \u00fajabb t\u00e9glafant\u00e1zi\u00e1kkal \u00f6rvendeztetett meg &#8211; engem. \u00dajabb napot \u201e\u00fcnnepelhett\u00fcnk\u201d a nagy h\u00e1zban \u2013 mik\u00f6zben elsz\u00e1ntan n\u00e9zt\u00fck a felh\u0151-ut\u00e1np\u00f3tl\u00e1st az interneten\u2026<\/p>\n<p style=\"text-align: right;\">Hars\u00e1czki Gy\u00f6rgy<\/p>\n","protected":false},"excerpt":{"rendered":"<p>K\u00e1n, Hetvehely, \u00d6k\u00f6rv\u00f6lgy es\u0151ben, s\u00e1rban t\u00e9glapityk\u00e9vel&#8230; &nbsp; Bar\u00e1taim, \u2013 miut\u00e1n m\u00e1r j\u00f3 ideje Duna\u00fajv\u00e1ros mellett \u00e9lnek \u2013 lassan felfedezt\u00e9k a d\u00e9l-dun\u00e1nt\u00fali dombvid\u00e9keket. De nem csak maguknak \u2013 h\u00edvtak benn\u00fcnket is. Tavaly okt\u00f3ber 23.-hoz k\u00f6zeledv\u00e9n t\u00farat\u00e1rsas\u00e1gunk a Zselic d\u00e9li dombjai k\u00f6z\u00f6tt megb\u00fav\u00f3 K\u00e1nra \u201ef\u00f3kusz\u00e1lt\u201d, hogy az \u00e9v utols\u00f3 el\u0151tti t\u00farah\u00e9tv\u00e9g\u00e9j\u00e9t ott \u2026 <a class=\"continue-reading-link\" href=\"https:\/\/induljelegyuton.hu\/?p=3083\"> Continue reading <span class=\"meta-nav\">&rarr; <\/span><\/a><\/p>\n","protected":false},"author":1,"featured_media":0,"comment_status":"open","ping_status":"open","sticky":false,"template":"","format":"standard","meta":{"ngg_post_thumbnail":0,"footnotes":""},"categories":[21,22],"tags":[520,1570,1574,1564,1568,1572,1566,1560,1559,1571,1569,1561,1562,1573,1567,1565,1575,1563,1576],"class_list":["post-3083","post","type-post","status-publish","format-standard","hentry","category-bakancsolas","category-magyarorszag","tag-520","tag-acs-lukacs","tag-baltas-szallashely","tag-bukkosdi-viz","tag-gorica","tag-gyocsi-szallashely","tag-hetmen-dulo","tag-hetvehely","tag-kan","tag-kani-filmfesztival","tag-maci","tag-mecsek","tag-okorvolgy","tag-sopi-szallashely","tag-ss-sorozas","tag-svabok","tag-szabadsagmajor","tag-udulofalu","tag-zselic"],"_links":{"self":[{"href":"https:\/\/induljelegyuton.hu\/index.php?rest_route=\/wp\/v2\/posts\/3083","targetHints":{"allow":["GET"]}}],"collection":[{"href":"https:\/\/induljelegyuton.hu\/index.php?rest_route=\/wp\/v2\/posts"}],"about":[{"href":"https:\/\/induljelegyuton.hu\/index.php?rest_route=\/wp\/v2\/types\/post"}],"author":[{"embeddable":true,"href":"https:\/\/induljelegyuton.hu\/index.php?rest_route=\/wp\/v2\/users\/1"}],"replies":[{"embeddable":true,"href":"https:\/\/induljelegyuton.hu\/index.php?rest_route=%2Fwp%2Fv2%2Fcomments&post=3083"}],"version-history":[{"count":6,"href":"https:\/\/induljelegyuton.hu\/index.php?rest_route=\/wp\/v2\/posts\/3083\/revisions"}],"predecessor-version":[{"id":3663,"href":"https:\/\/induljelegyuton.hu\/index.php?rest_route=\/wp\/v2\/posts\/3083\/revisions\/3663"}],"wp:attachment":[{"href":"https:\/\/induljelegyuton.hu\/index.php?rest_route=%2Fwp%2Fv2%2Fmedia&parent=3083"}],"wp:term":[{"taxonomy":"category","embeddable":true,"href":"https:\/\/induljelegyuton.hu\/index.php?rest_route=%2Fwp%2Fv2%2Fcategories&post=3083"},{"taxonomy":"post_tag","embeddable":true,"href":"https:\/\/induljelegyuton.hu\/index.php?rest_route=%2Fwp%2Fv2%2Ftags&post=3083"}],"curies":[{"name":"wp","href":"https:\/\/api.w.org\/{rel}","templated":true}]}}