{"id":2917,"date":"2015-07-19T23:16:54","date_gmt":"2015-07-19T21:16:54","guid":{"rendered":"http:\/\/induljelegyuton.hu\/?p=2917"},"modified":"2015-08-25T00:09:51","modified_gmt":"2015-08-24T22:09:51","slug":"rettenet-itt-tart-a-tavaly-leegett-tetozetu-haz-az-andrassy-uton","status":"publish","type":"post","link":"https:\/\/induljelegyuton.hu\/?p=2917","title":{"rendered":"Rettenet! Itt tart a tavaly le\u00e9gett tet\u0151zet\u0171 palota az Andr\u00e1ssy \u00faton\u2026"},"content":{"rendered":"<p><strong>F\u00e9l\u00e9v alatt v\u00e9d\u0151tet\u0151. Mikor t\u00e9rhetnek vissza a kik\u00f6lt\u00f6ztetett lak\u00f3k a lak\u00e1saikba? Mikor lesz olyan a h\u00e1z, mint volt? H\u00e1ny \u00e9v kell ehhez? Egyesek szerint ez ut\u00f3pia\u2026 A 21. sz\u00e1zadban nem tudnak olyat \u00e9p\u00edteni, mint 100 \u00e9vvel kor\u00e1bban???<\/strong><\/p>\n<p>&nbsp;<\/p>\n<h2><strong>Ilyen lett a le\u00e9gett Andr\u00e1ssy \u00fati palota ideiglenes v\u00e9d\u0151teteje<\/strong><\/h2>\n<p>&nbsp;<\/p>\n<p>&nbsp;<\/p>\n<div id=\"attachment_2921\" style=\"width: 310px\" class=\"wp-caption alignright\"><a href=\"http:\/\/induljelegyuton.hu\/wp-content\/uploads\/DLAPE20150212029.jpg\"><img loading=\"lazy\" decoding=\"async\" aria-describedby=\"caption-attachment-2921\" class=\"size-medium wp-image-2921\" alt=\"Az Andr\u00e1ssy \u00fat 83-85. sz\u00e1m alatt \u00e1ll\u00f3 palota 2015 febru\u00e1rj\u00e1ban (Fot\u00f3: MTI)\" src=\"http:\/\/induljelegyuton.hu\/wp-content\/uploads\/DLAPE20150212029-300x200.jpg\" width=\"300\" height=\"200\" srcset=\"https:\/\/induljelegyuton.hu\/wp-content\/uploads\/DLAPE20150212029-300x200.jpg 300w, https:\/\/induljelegyuton.hu\/wp-content\/uploads\/DLAPE20150212029-225x150.jpg 225w, https:\/\/induljelegyuton.hu\/wp-content\/uploads\/DLAPE20150212029.jpg 705w\" sizes=\"auto, (max-width: 300px) 100vw, 300px\" \/><\/a><p id=\"caption-attachment-2921\" class=\"wp-caption-text\">Az Andr\u00e1ssy \u00fat 83-85. sz\u00e1m alatt \u00e1ll\u00f3 palota 2015 febru\u00e1rj\u00e1ban (Fot\u00f3: MTI)<\/p><\/div>\n<p><b>(www.blikk.hu) Elk\u00e9sz\u00fclt a tavaly ny\u00e1ron t\u0171zk\u00e1rt szenvedett Andr\u00e1ssy \u00fat 83-85. sz\u00e1m alatt \u00e1ll\u00f3 palota v\u00e9d\u0151teteje,\u00a0<\/b><b>amely arra hivatott, hogy megv\u00e9dje az\u00a0 \u00e9p\u00fcletet a tov\u00e1bbi \u00e1llagroml\u00e1st\u00f3l &#8211; ismertette S\u00e1ghi Attila, a\u00a0 Forster Gyula Nemzeti \u00d6r\u00f6ks\u00e9gv\u00e9delmi \u00e9s Vagyongazd\u00e1lkod\u00e1si K\u00f6zpont\u00a0 eln\u00f6ke, a szerkezet \u00e1tad\u00e1sa alkalm\u00e1b\u00f3l tartott helysz\u00edni\u00a0 sajt\u00f3t\u00e1j\u00e9koztat\u00f3n.<\/b><\/p>\n<p><b>\u00a0<\/b><\/p>\n<p><i>\u201e<\/i>Amit itt fel\u00e9p\u00edtett\u00fcnk, az egy eserny\u0151 a h\u00e1zon, \u00e9s a\u00a0 terveink szerint maximum h\u00e1rom \u00e9vig marad fenn. K\u00e9s\u0151bb lebont\u00e1sra\u00a0 ker\u00fcl, hogy m\u00e1s vil\u00e1g\u00f6r\u00f6ks\u00e9gi helysz\u00ednen is lehessen hasznos\u00edtani<i>\u201d<\/i> &#8211;\u00a0 eml\u00e9keztetett az eln\u00f6k. Pusk\u00e1s Imre, a nemzeti kultur\u00e1lis \u00f6r\u00f6ks\u00e9g v\u00e9delm\u00e9\u00e9rt felel\u0151s\u00a0 helyettes \u00e1llamtitk\u00e1r hangs\u00falyozta: a Forster K\u00f6zpont h\u00e1rom h\u00f3nap\u00a0 alatt \u00e9p\u00edtette meg a v\u00e9d\u0151szerkezetet, saj\u00e1t vil\u00e1g\u00f6r\u00f6ks\u00e9gi forr\u00e1s\u00e1b\u00f3l\u00a0 finansz\u00edrozva a munka 100 milli\u00f3 forintos k\u00f6lts\u00e9g\u00e9t.<\/p>\n<p>(\u2026)<\/p>\n<div id=\"attachment_2920\" style=\"width: 250px\" class=\"wp-caption alignleft\"><a href=\"http:\/\/induljelegyuton.hu\/wp-content\/uploads\/DLAPE20150212012.jpg\"><img loading=\"lazy\" decoding=\"async\" aria-describedby=\"caption-attachment-2920\" class=\" wp-image-2920 \" alt=\"\u00cdgy \u00f3vj\u00e1k meg az \u00e9p\u00fcletet az \u00e1llagroml\u00e1st\u00f3l (Fot\u00f3: MTI)\" src=\"http:\/\/induljelegyuton.hu\/wp-content\/uploads\/DLAPE20150212012-300x199.jpg\" width=\"240\" height=\"159\" srcset=\"https:\/\/induljelegyuton.hu\/wp-content\/uploads\/DLAPE20150212012-300x199.jpg 300w, https:\/\/induljelegyuton.hu\/wp-content\/uploads\/DLAPE20150212012-225x150.jpg 225w, https:\/\/induljelegyuton.hu\/wp-content\/uploads\/DLAPE20150212012.jpg 705w\" sizes=\"auto, (max-width: 240px) 100vw, 240px\" \/><\/a><p id=\"caption-attachment-2920\" class=\"wp-caption-text\">\u00cdgy \u00f3vj\u00e1k meg az \u00e9p\u00fcletet az \u00e1llagroml\u00e1st\u00f3l (Fot\u00f3: MTI)<\/p><\/div>\n<p>tavalyi \u00e9v sor\u00e1n az \u00f6nkorm\u00e1nyzat csaknem 300 milli\u00f3 forintot\u00a0 ford\u00edtott a palota k\u00fcls\u0151 \u00e9s bels\u0151 \u00e9letvesz\u00e9ly-elh\u00e1r\u00edt\u00e1si munk\u00e1inak\u00a0 elv\u00e9gz\u00e9s\u00e9re, valamint lakhat\u00e1si t\u00e1mogat\u00e1sra az otthonukat\u00a0 ideiglenesen elhagyni k\u00e9nyszer\u00fcl\u0151 lak\u00f3k sz\u00e1m\u00e1ra.<\/p>\n<p>(\u2026) A 3000 n\u00e9gyzetm\u00e9teres ac\u00e9l v\u00e9d\u0151szerkezet \u00e9p\u00edt\u00e9s\u00e9t a\u00a0 vesz\u00e9lyelh\u00e1r\u00edt\u00e1s \u00e9s a k\u00e1rmentes\u00edt\u00e9s ut\u00e1n kezdte meg a Forster\u00a0 K\u00f6zpont november 25-\u00e9n. A v\u00e9d\u0151tet\u0151 egy \u00e1llv\u00e1nyszerkezeti elemre\u00a0 er\u0151s\u00edtett trap\u00e9zlemezfed\u00e9s. Maga a szerkezet egy m\u00e9ter hossz\u00fa \u00e9s 48\u00a0 millim\u00e9ter \u00e1tm\u00e9r\u0151j\u0171 ac\u00e9l cs\u0151v\u00e1zakb\u00f3l \u00e1ll, amelyeket egym\u00e1st\u00f3l\u00a0 legfeljebb k\u00e9t m\u00e9ter t\u00e1vols\u00e1gra, a III. emeleti falakhoz\u00a0 r\u00f6gz\u00edtettek.<\/p>\n<p>(\u2026)<\/p>\n<p>S\u00e1ghi Attila hozz\u00e1tette: hogy a j\u00f6v\u0151ben hasonl\u00f3 eset ne\u00a0 fordulhasson el\u0151, Budapest vil\u00e1g\u00f6r\u00f6ks\u00e9gi helysz\u00ednei k\u00f6z\u00fcl els\u0151k\u00e9nt\u00a0 az Andr\u00e1ssy \u00fati <i>\u201e<\/i>magter\u00fcleten<i>\u201d<\/i> elk\u00e9sz\u00fcl a Forster K\u00f6zpont \u00a0<i>\u201e<\/i>vesz\u00e9lyt\u00e9rk\u00e9pe<i>\u201d<\/i>, amelynek c\u00e9lja, hogy felh\u00edvja a figyelmet a s\u00fcrg\u0151s\u00a0 beavatkoz\u00e1st ig\u00e9nyl\u0151, s\u00falyos \u00e1llapotban l\u00e9v\u0151 \u00e9p\u00fcletekre.<\/p>\n<div id=\"attachment_2919\" style=\"width: 310px\" class=\"wp-caption alignright\"><a href=\"http:\/\/induljelegyuton.hu\/wp-content\/uploads\/DLAPE20150212015.jpg\"><img loading=\"lazy\" decoding=\"async\" aria-describedby=\"caption-attachment-2919\" class=\"size-medium wp-image-2919\" alt=\"Ilyen bel\u00fclr\u0151l az Andr\u00e1ssy \u00fat 83-85. sz\u00e1m alatt \u00e1ll\u00f3 palota fels\u0151 szintje (Fot\u00f3: MTI)\" src=\"http:\/\/induljelegyuton.hu\/wp-content\/uploads\/DLAPE20150212015-300x199.jpg\" width=\"300\" height=\"199\" srcset=\"https:\/\/induljelegyuton.hu\/wp-content\/uploads\/DLAPE20150212015-300x199.jpg 300w, https:\/\/induljelegyuton.hu\/wp-content\/uploads\/DLAPE20150212015-225x150.jpg 225w, https:\/\/induljelegyuton.hu\/wp-content\/uploads\/DLAPE20150212015.jpg 705w\" sizes=\"auto, (max-width: 300px) 100vw, 300px\" \/><\/a><p id=\"caption-attachment-2919\" class=\"wp-caption-text\">Ilyen bel\u00fclr\u0151l az Andr\u00e1ssy \u00fat 83-85. sz\u00e1m alatt \u00e1ll\u00f3 palota fels\u0151 szintje (Fot\u00f3: MTI)<\/p><\/div>\n<p>A k\u00f6zpont el\u0151zetes szond\u00e1z\u00f3 felm\u00e9r\u00e9se szerint a vil\u00e1g\u00f6r\u00f6ks\u00e9gi\u00a0 ter\u00fcleten s\u00falyosan vesz\u00e9lyeztetett az Andr\u00e1ssy \u00fat 25., 47., 56.,\u00a0 83-85., 88-90., 91., 92-94. sz\u00e1m alatti \u00e9p\u00fclet, tov\u00e1bb\u00e1 az Aradi\u00a0 utca 41., a Bencz\u00far utca 6., a R\u00f3zsa utca 64., \u00e9s a Sz\u00edv utca 18. is.<\/p>\n<p><strong><strong>ngg_shortcode_0_placeholder<\/strong><\/strong><\/p>\n<p align=\"right\">(Forr\u00e1s: MTI)<b><\/b><\/p>\n<p align=\"right\"><i>2015-02-12<\/i><\/p>\n","protected":false},"excerpt":{"rendered":"<p>F\u00e9l\u00e9v alatt v\u00e9d\u0151tet\u0151. Mikor t\u00e9rhetnek vissza a kik\u00f6lt\u00f6ztetett lak\u00f3k a lak\u00e1saikba? Mikor lesz olyan a h\u00e1z, mint volt? H\u00e1ny \u00e9v kell ehhez? Egyesek szerint ez ut\u00f3pia\u2026 A 21. sz\u00e1zadban nem tudnak olyat \u00e9p\u00edteni, mint 100 \u00e9vvel kor\u00e1bban??? &nbsp; Ilyen lett a le\u00e9gett Andr\u00e1ssy \u00fati palota ideiglenes v\u00e9d\u0151teteje &nbsp; &nbsp; (www.blikk.hu) \u2026 <a class=\"continue-reading-link\" href=\"https:\/\/induljelegyuton.hu\/?p=2917\"> Continue reading <span class=\"meta-nav\">&rarr; <\/span><\/a><\/p>\n","protected":false},"author":1,"featured_media":0,"comment_status":"open","ping_status":"open","sticky":false,"template":"","format":"standard","meta":{"ngg_post_thumbnail":0,"footnotes":""},"categories":[163,1],"tags":[1150,1409,100,1410,1412,1411],"class_list":["post-2917","post","type-post","status-publish","format-standard","hentry","category-aktualis","category-kukker","tag-1150","tag-andrassy-ut-83-85","tag-budapest","tag-kordaly-korond","tag-leegett","tag-tuzvesz"],"_links":{"self":[{"href":"https:\/\/induljelegyuton.hu\/index.php?rest_route=\/wp\/v2\/posts\/2917","targetHints":{"allow":["GET"]}}],"collection":[{"href":"https:\/\/induljelegyuton.hu\/index.php?rest_route=\/wp\/v2\/posts"}],"about":[{"href":"https:\/\/induljelegyuton.hu\/index.php?rest_route=\/wp\/v2\/types\/post"}],"author":[{"embeddable":true,"href":"https:\/\/induljelegyuton.hu\/index.php?rest_route=\/wp\/v2\/users\/1"}],"replies":[{"embeddable":true,"href":"https:\/\/induljelegyuton.hu\/index.php?rest_route=%2Fwp%2Fv2%2Fcomments&post=2917"}],"version-history":[{"count":8,"href":"https:\/\/induljelegyuton.hu\/index.php?rest_route=\/wp\/v2\/posts\/2917\/revisions"}],"predecessor-version":[{"id":2985,"href":"https:\/\/induljelegyuton.hu\/index.php?rest_route=\/wp\/v2\/posts\/2917\/revisions\/2985"}],"wp:attachment":[{"href":"https:\/\/induljelegyuton.hu\/index.php?rest_route=%2Fwp%2Fv2%2Fmedia&parent=2917"}],"wp:term":[{"taxonomy":"category","embeddable":true,"href":"https:\/\/induljelegyuton.hu\/index.php?rest_route=%2Fwp%2Fv2%2Fcategories&post=2917"},{"taxonomy":"post_tag","embeddable":true,"href":"https:\/\/induljelegyuton.hu\/index.php?rest_route=%2Fwp%2Fv2%2Ftags&post=2917"}],"curies":[{"name":"wp","href":"https:\/\/api.w.org\/{rel}","templated":true}]}}