{"id":2814,"date":"2015-05-28T21:03:23","date_gmt":"2015-05-28T19:03:23","guid":{"rendered":"http:\/\/induljelegyuton.hu\/?p=2814"},"modified":"2015-05-29T23:09:01","modified_gmt":"2015-05-29T21:09:01","slug":"barlangaszok-vadon-fedezekben-es-kotelen-5-6-resz","status":"publish","type":"post","link":"https:\/\/induljelegyuton.hu\/?p=2814","title":{"rendered":"Barlang\u00e1szok vadon, fedez\u00e9kben \u00e9s k\u00f6t\u00e9len\u2026 (5-6. r\u00e9sz)"},"content":{"rendered":"<p><strong>A Timavo felbukkan, a farkast ellopj\u00e1k, a fedez\u00e9k leleplez\u0151dik\u2026<\/strong><\/p>\n<p><strong>\u00a0<\/strong><\/p>\n<div id=\"attachment_2821\" style=\"width: 210px\" class=\"wp-caption alignright\"><a href=\"http:\/\/induljelegyuton.hu\/wp-content\/uploads\/DSC_1372.jpg\"><img loading=\"lazy\" decoding=\"async\" aria-describedby=\"caption-attachment-2821\" class=\"size-medium wp-image-2821\" alt=\"Az \u00faj, szer\u00e9nyebb eml\u00e9km\u0171vet 1951-ben avatt\u00e1k f\u00f6l \u2013 k\u00e9t bronz farkassal - az eml\u00e9kt\u00e1bla a Toszk\u00e1n Farkasok-brig\u00e1dot \u00e9lteti\" src=\"http:\/\/induljelegyuton.hu\/wp-content\/uploads\/DSC_1372-200x300.jpg\" width=\"200\" height=\"300\" srcset=\"https:\/\/induljelegyuton.hu\/wp-content\/uploads\/DSC_1372-200x300.jpg 200w, https:\/\/induljelegyuton.hu\/wp-content\/uploads\/DSC_1372-100x150.jpg 100w, https:\/\/induljelegyuton.hu\/wp-content\/uploads\/DSC_1372.jpg 567w\" sizes=\"auto, (max-width: 200px) 100vw, 200px\" \/><\/a><p id=\"caption-attachment-2821\" class=\"wp-caption-text\">Az \u00faj, szer\u00e9nyebb eml\u00e9km\u0171vet 1951-ben avatt\u00e1k f\u00f6l \u2013 k\u00e9t bronz farkassal &#8211; az eml\u00e9kt\u00e1bla a Toszk\u00e1n Farkasok-brig\u00e1dot \u00e9lteti<\/p><\/div>\n<p>A reggel a kanap\u00e9s s\u00e1torhely meg\u00f6r\u00f6k\u00edt\u00e9s\u00e9vel kezd\u0151d\u00f6tt, azt\u00e1n s\u00e1torbont\u00e1s, annak sz\u00e1r\u00edt\u00e1sa, majd k\u00e1v\u00e9z\u00e1s j\u00f6tt. \u00d6ten Triesztbe k\u00e9sz\u00fclt\u00fcnk v\u00e1rost n\u00e9zni \u2013 egy kicsit laz\u00edtani. Bandit\u00f3l megkaptuk a feladatot, miszerint vizet felt\u00e9tlen\u00fcl hozzunk a nap v\u00e9g\u00e9n, ak\u00e1r egy sz\u00f6k\u0151k\u00fatb\u00f3l is. V\u00e1llaltuk volna, \u00e1m a teli kocsiba egy kanna sem f\u00e9rt volna el. \u00dagy d\u00f6nt\u00f6tt\u00fcnk, hogy ezt majd d\u00e9lut\u00e1n, egy\u00fctt oldjuk meg.<\/p>\n<p>Skod\u00e1nkkal percek alatt vissza\u00e9rt\u00fcnk a farkasokhoz &#8211; a kanyarg\u00f3s \u00fatr\u00f3l fantasztikus kil\u00e1t\u00e1s esett az Isonz\u00f3 v\u00f6lgye fel\u00e9. K\u00f6zvetlen\u00fcl az eml\u00e9km\u0171ves \u00fatkeresztez\u0151d\u00e9s el\u0151tt \u00e9szrevett\u00fcnk egy nyom\u00f3s kutat. Itt a megold\u00e1s! \u2013 ki\u00e1ltottuk, \u00e9s leparkoltunk kipr\u00f3b\u00e1lni. V\u00edzv\u00e9tel ut\u00e1n alkalmasnak tal\u00e1ltam a pillanatot, hogy gyorsan megn\u00e9zzem k\u00f6zelebbr\u0151l is az eml\u00e9km\u0171vet &#8211; t\u00f6bb eml\u00e9kt\u00e1bl\u00e1t, fot\u00f3ztam le. Egy modern \u00fatjelz\u0151 t\u00e1bl\u00e1n viszont az ismer\u0151s Timavo sz\u00f3t olvastam le. Ez nem egy barlangi foly\u00f3 neve Szlov\u00e9ni\u00e1ban? \u2013 kattogtak a fogaskerekeim. \u2013 Vagy csak a n\u00e9vrokona? Ez gyorsan kider\u00fclt.<\/p>\n<p><strong><strong>ngg_shortcode_0_placeholder<\/strong><\/strong><\/p>\n<p>R\u00e1nk k\u00f6sz\u00f6n a f\u00f6ldalatti foly\u00f3<\/p>\n<p>A \u201eb\u0171v\u00f6s\u201d Timavo sz\u00f3 nem csak az eml\u00e9km\u0171 sz\u00f6veg\u00e9ben szerepelt, de a k\u00f6zeli ipari park neve is ez volt. \u00c1tverekedtem magam a f\u0151\u00faton, s a tenger fel\u00e9 lejt\u0151 k\u00f6ves utat l\u00e1tva felt\u0171nt valami. Az egyik ir\u00e1nyba r\u00e9gi hat\u00e1rk\u00f6vek sor\u00e1t fedeztem fel a csalitosban, bal fel\u00e9 viszont \u201egyan\u00fasan\u201d lejtett a lez\u00e1rt \u00fat. Mi lenne, ha itt t\u00e9nyleg megb\u00fajna egy karsztforr\u00e1s? Les\u00e9t\u00e1ltam, \u00e9s a bokrok k\u00f6z\u00f6tt len\u00e9zve megpillantottam azt a bizserget\u0151en z\u00f6ldesk\u00e9k v\u00edzfel\u00fcletet\u2026 A Timav\u00f3t! Az is eszembe jutott, hogy ez biztosan egy m\u00e1sik Timavo, mivel a szlov\u00e9niai Skocjanb\u00f3l is indul egy. De az messze van.<\/p>\n<div id=\"attachment_2822\" style=\"width: 310px\" class=\"wp-caption alignleft\"><a href=\"http:\/\/induljelegyuton.hu\/wp-content\/uploads\/DSC_1384.jpg\"><img loading=\"lazy\" decoding=\"async\" aria-describedby=\"caption-attachment-2822\" class=\"size-medium wp-image-2822\" alt=\"A kis szlov\u00e9niai Skocjan l\u00e9gvonalban is 30 kilom\u00e9terre van ide, de a Horv\u00e1torsz\u00e1gban ered\u0151, 87 kilom\u00e9ter hossz\u00fa Reka-foly\u00f3 itt bukkan a felsz\u00ednre\" src=\"http:\/\/induljelegyuton.hu\/wp-content\/uploads\/DSC_1384-300x200.jpg\" width=\"300\" height=\"200\" srcset=\"https:\/\/induljelegyuton.hu\/wp-content\/uploads\/DSC_1384-300x200.jpg 300w, https:\/\/induljelegyuton.hu\/wp-content\/uploads\/DSC_1384-224x150.jpg 224w, https:\/\/induljelegyuton.hu\/wp-content\/uploads\/DSC_1384.jpg 850w\" sizes=\"auto, (max-width: 300px) 100vw, 300px\" \/><\/a><p id=\"caption-attachment-2822\" class=\"wp-caption-text\">A kis szlov\u00e9niai Skocjan l\u00e9gvonalban is 30 kilom\u00e9terre van ide, de a Horv\u00e1torsz\u00e1gban ered\u0151, 87 kilom\u00e9ter hossz\u00fa Reka-foly\u00f3 itt bukkan a felsz\u00ednre<\/p><\/div>\n<p>De t\u00e9vedtem. Igaz, hogy a kis szlov\u00e9niai Skocjan l\u00e9gvonalban is 30 kilom\u00e9terre van ide, de a Horv\u00e1torsz\u00e1gban ered\u0151, 87 kilom\u00e9ter hossz\u00fa Reka-foly\u00f3 m\u00e9gis itt bukkan a felsz\u00ednre, t\u00f6bb mint 40 kilom\u00e9teres(!) f\u00f6ldalatti \u00fatja ut\u00e1n. A karsztba b\u00faj\u00e1s helye Skocjan, ahol a Reka a vil\u00e1g\u00f6r\u00f6ks\u00e9g r\u00e9sz\u00e9t k\u00e9pez\u0151 Skocjani-barlangban egy 100 m\u00e9ly szakad\u00e9k-t\u00f6b\u00f6rbe z\u00fadul le. A barlang l\u00e1togat\u00f3i borzongva n\u00e9zhetnek le a f\u00f6ld alatti Reka visszhangz\u00f3 kanyonj\u00e1ba. Lent m\u00e1r Timavo a neve. A barlangi foly\u00f3 m\u00e9g sz\u00e1mos zuhatagon \u00e1t h\u00f6mp\u00f6ly\u00f6g tov\u00e1bb, majd egy szifont\u00f3ban t\u0171nik el. Kimutatt\u00e1k, hogy vize a tenger szintje al\u00e1 is eljut \u2013 82 m\u00e9ter m\u00e9lyre.<\/p>\n<p>&nbsp;<\/p>\n<p>Kult\u00far\u00e1k, emberek tal\u00e1lkoz\u00f3helye<\/p>\n<p>A San Giovanni di Duino-n\u00e9l h\u00e1rom f\u0151 forr\u00e1sban el\u0151bukkan\u00f3 foly\u00f3 titka r\u00e9g\u00f3ta foglalkoztatta az embereket. Nem v\u00e9letlen, hogy a k\u00fcl\u00f6nleges term\u00e9szeti jelens\u00e9g egy sor \u00e9p\u00edtm\u00e9nyt h\u00edvott \u00e9letre. Az \u0151sember is letelepedett a k\u00f6zel\u00e9ben, s a r\u00f3maiak \u00fatja is \u00e9ppen a forr\u00e1sn\u00e1l vezetett el. (M\u00e9g \u0151sl\u00e9nytani lel\u0151helyk\u00e9nt is sz\u00e1mon tartj\u00e1k.) Strabon, r\u00f3mai f\u00f6ldrajztud\u00f3s is feljegyezte a b\u0151viz\u0171 Timavo-forr\u00e1st. Az els\u0151 sz\u00e1zadokban is istentiszteleti hely volt, majd a 4. sz\u00e1zadban kereszt\u00e9ny k\u00e1poln\u00e1t emeltek, amire k\u00e9s\u0151bb a San Giovanni (Szent J\u00e1nos) in Tuba bazilika \u00e9p\u00fclt. Az \u00e9vsz\u00e1zadok viszontags\u00e1gai ut\u00e1n ma egy g\u00f3tikus templom \u00e1ll a forr\u00e1sn\u00e1l.<\/p>\n<p>Velence v\u00e1rosa 1284-ben er\u0151d\u00f6t (Belforte) \u00e9p\u00edttetett a Timavo torkolat\u00e1val szemben egy mesters\u00e9ges szigetre, amelyre az k\u00f6zeli Aquileia v\u00e1ros\u00e1val v\u00edvott harcokban volt sz\u00fcks\u00e9ge. \u00cdgy ellen\u0151rizhette a foly\u00f3torkolat kik\u00f6t\u0151j\u00e9t. A v\u00e1rat sikerrel alkalmazt\u00e1k, de a 15. sz\u00e1zad k\u00f6zep\u00e9re elvesztette jelent\u0151s\u00e9g\u00e9t \u00e9s hagyt\u00e1k, hogy a tenger elmossa \u2013 nyoma sincs. Az els\u0151 vil\u00e1gh\u00e1bor\u00fanak ezzel szemben rengeteg eml\u00e9ke van. A k\u00f6zvetlen k\u00f6zelben fut\u00f3- \u00e9s l\u00f6v\u00e9sz\u00e1rkok, l\u00e9gv\u00e9delmi t\u00fcz\u00e9rs\u00e9gi \u00e1ll\u00e1s, kavern\u00e1k tal\u00e1lhat\u00f3k. \u2026\u00e9s a \u201efarkasos eml\u00e9km\u0171\u201d, amelynek r\u00f6vid t\u00f6rt\u00e9nete m\u00e9lt\u00f3 a hely \u201emozgalmas szellem\u00e9hez\u201d.<\/p>\n<p>&nbsp;<\/p>\n<p>\u00d6t farkas \u00e9s egy sas t\u00f6rt\u00e9nete<\/p>\n<p>1917 m\u00e1jus\u00e1ban, a Tizedik isonz\u00f3i csat\u00e1ban az olasz er\u0151k v\u00e9res ellent\u00e1mad\u00e1st ind\u00edtottak a Monarchia katon\u00e1i ellen \u2013 az ott emelked\u0151 Hermada-hegyen. Ez volt az \u00fan. Timavo-csata. Az eml\u00e9kt\u00e1bla a 77. gyalogezredet, a Toszk\u00e1n farkasoknak elnevezett Toszk\u00e1n brig\u00e1dot \u00e9lteti, kiknek egyik h\u0151s katon\u00e1j\u00e1t itt \u00e9rte hal\u00e1los l\u00f6v\u00e9s. Az 1938-ban felavatott szoborkompoz\u00edci\u00f3t h\u00e1rom bronz farkas \u00e9s egy sas alkotta, amelyben a sas &#8211; term\u00e9szetesen \u2013 a Monarchi\u00e1t jelk\u00e9pezte. Az eml\u00e9km\u0171 alkot\u00f3ja Vergilius egyik versszak\u00e1t v\u00e9sette a szikl\u00e1ba, amelyet az \u00f3kori k\u00f6lt\u0151 2000 \u00e9ve \u00edrt e helyr\u0151l, a szikla t\u00f6v\u00e9be pedig a h\u0151s katona obeliszkje ker\u00fclt. A hegy fel\u0151li oldalr\u00f3l a Harmadik Olasz Hadsereg olt\u00e1ra n\u00e9z le.<\/p>\n<div id=\"attachment_2823\" style=\"width: 310px\" class=\"wp-caption alignright\"><a href=\"http:\/\/induljelegyuton.hu\/wp-content\/uploads\/DSC_1388.jpg\"><img loading=\"lazy\" decoding=\"async\" aria-describedby=\"caption-attachment-2823\" class=\"size-medium wp-image-2823\" alt=\"A Timavo innen m\u00e9g k\u00e9t kilom\u00e9tert tesz meg az Adri\u00e1ig\" src=\"http:\/\/induljelegyuton.hu\/wp-content\/uploads\/DSC_1388-300x200.jpg\" width=\"300\" height=\"200\" srcset=\"https:\/\/induljelegyuton.hu\/wp-content\/uploads\/DSC_1388-300x200.jpg 300w, https:\/\/induljelegyuton.hu\/wp-content\/uploads\/DSC_1388-224x150.jpg 224w, https:\/\/induljelegyuton.hu\/wp-content\/uploads\/DSC_1388.jpg 850w\" sizes=\"auto, (max-width: 300px) 100vw, 300px\" \/><\/a><p id=\"caption-attachment-2823\" class=\"wp-caption-text\">A Timavo innen m\u00e9g k\u00e9t kilom\u00e9tert tesz meg az Adri\u00e1ig<\/p><\/div>\n<p>A farkasok csak n\u00e9h\u00e1ny \u00e9vet \u201e\u00e9ltek\u201d &#8211; magyar eml\u00e9km\u0171vekhez hasonl\u00f3an, a m\u00e1sodik vil\u00e1gh\u00e1bor\u00faig. Vagy a n\u00e9metek rombolt\u00e1k le 1944-ben, vagy a jugoszl\u00e1v partiz\u00e1nok 1945-ben, amikor 40 napot t\u00f6lt\u00f6ttek itt. Az \u00faj, szer\u00e9nyebb eml\u00e9km\u0171vet 1951-ben avatt\u00e1k f\u00f6l \u2013 k\u00e9t bronz farkassal. (Ekkor az els\u0151 vil\u00e1gh\u00e1bor\u00faban lerombol\u00f3dott San Giovanni templomot is \u00fajj\u00e1\u00e9p\u00edtett\u00e9k.) S mi t\u00f6rt\u00e9nt 1964-ben? A szobrokat megpr\u00f3b\u00e1lt\u00e1k ellopni! A r\u00e9gi eml\u00e9kt\u00e1bla f\u00f6l\u00e9 is \u00faj t\u00e1bla ker\u00fclt \u2013 mintha megs\u00e9r\u00fclt volna. A k\u00f6vetkez\u0151 \u00e9vekben ellenben feh\u00e9r \u00e9s v\u00f6r\u00f6s fest\u00e9kkel m\u00e1zolt\u00e1k be a bronz alakokat. 1973-ban viszont ism\u00e9t megpr\u00f3b\u00e1lt\u00e1k elt\u00e1vol\u00edtani a szobrokat. Az egyik farkas siker\u00fclt lef\u0171r\u00e9szelni\u00fck a \u201etolvajoknak\u201d, de a rend\u0151r\u00f6k nagy meglepet\u00e9s\u00e9re egy kertben el\u00e1sva tal\u00e1lt\u00e1k meg egy k\u00f6zeli telep\u00fcl\u00e9sen. Nagyon \u00fagy t\u0171nik, hogy az elk\u00f6vet\u0151k demonstr\u00e1lni akartak olasz nemzeti jelk\u00e9pek ellen. Az egyik farkas l\u00e1bain l\u00e1that\u00f3k a hegeszt\u00e9s nyomai.<\/p>\n<p>&nbsp;<\/p>\n<div id=\"attachment_2825\" style=\"width: 220px\" class=\"wp-caption alignleft\"><a href=\"http:\/\/induljelegyuton.hu\/wp-content\/uploads\/DSC_1446.jpg\"><img loading=\"lazy\" decoding=\"async\" aria-describedby=\"caption-attachment-2825\" class=\" wp-image-2825 \" alt=\"A hegy fel\u0151li oldalr\u00f3l a Harmadik Olasz Hadsereg olt\u00e1ra n\u00e9z le\" src=\"http:\/\/induljelegyuton.hu\/wp-content\/uploads\/DSC_1446-300x200.jpg\" width=\"210\" height=\"140\" srcset=\"https:\/\/induljelegyuton.hu\/wp-content\/uploads\/DSC_1446-300x200.jpg 300w, https:\/\/induljelegyuton.hu\/wp-content\/uploads\/DSC_1446-224x150.jpg 224w, https:\/\/induljelegyuton.hu\/wp-content\/uploads\/DSC_1446.jpg 850w\" sizes=\"auto, (max-width: 210px) 100vw, 210px\" \/><\/a><p id=\"caption-attachment-2825\" class=\"wp-caption-text\">A hegy fel\u0151li oldalr\u00f3l a Harmadik Olasz Hadsereg olt\u00e1ra n\u00e9z le<\/p><\/div>\n<p>Tito\u00e9k szerett\u00e9k volna\u2026<\/p>\n<p>K\u00f6zben ut\u00e1nam j\u00f6tt n\u00e9h\u00e1ny t\u00farat\u00e1rsam is, \u00edgy \u00e9n is tov\u00e1bb mer\u00e9szkedtem. A v\u00edzkit\u00f6r\u00e9st k\u00f6zvetlen\u00fcl a forr\u00e1s ut\u00e1n egy zsilippel fogt\u00e1k vissza, de az azon \u00e1tbuk\u00f3 v\u00edz egy kik\u00f6vezett csatorn\u00e1ban iramodott neki, \u00e9s 30 m\u00e9ter ut\u00e1n egy nagy z\u00f6ldesk\u00e9k t\u00f3ba zubogott. A t\u00f6bbi forr\u00e1s is ide folyt. A karsztv\u00edz l\u00e1that\u00f3an meg\u00f6r\u00fclt a naps\u00fct\u00e9snek! Azt hittem, hogy a t\u00f3 m\u00e1r tenger\u00f6b\u00f6l, de a Timavo m\u00e9g k\u00e9t kilom\u00e9tert tesz meg az Adri\u00e1ig.<\/p>\n<p>Eld\u00f6nt\u00f6tt\u00fck, hogy visszafel\u00e9, d\u00e9lut\u00e1n jobban k\u00f6r\u00fcln\u00e9z\u00fcnk a t\u00f6bbiekkel, amikor vizet vesz\u00fcnk. T\u00edz \u00f3ra ut\u00e1n j\u00e1rtunk \u2013 nagy forgalomban hajtottunk Trieszt fel\u00e9, s az \u00fat hossz\u00fa kilom\u00e9terein \u00e1t l\u00e1ttuk a szabadon f\u00fcrd\u0151z\u0151ket. Utaz\u00e1s k\u00f6zben l\u00e1ttuk el\u0151sz\u00f6r &#8211; \u00e9s utolj\u00e1ra is \u2013 a 68 m\u00e9ter magas Faro della Vittori\u00e1t, a Gy\u0151zelem-vil\u00e1g\u00edt\u00f3tornyot, amely egyben szobortalapzat a gy\u0151zelem istenn\u0151j\u00e9vel. Nem is csoda, hogy ezut\u00e1n kiment a fej\u00fcnkb\u0151l &#8211; akkora forgalomban!<\/p>\n<p>S\u00e9t\u00e1nkat a kopott v\u00f6r\u00f6s csillaggal \u00e9k\u00edtett kik\u00f6t\u0151i barakkt\u00f3l kezdt\u00fcnk, ahol a kocsit letett\u00fck. A s\u00e9ta ink\u00e1bb a t\u00far\u00e1t\u00f3l elt\u00e9r\u0151 jellege miatt volt kellemes. Trieszt \u00e9s k\u00f6rny\u00e9ke a 14. sz\u00e1zadt\u00f3l 1918-ig Habsburg Birodalom r\u00e9sze volt, a v\u00e1ros pedig a birodalom legfontosabb kik\u00f6t\u0151je. K\u00e9s\u0151bb itt \u00e1llap\u00edtott\u00e1k meg a 0 \u2013 Adriai \u2013 tengerszinti magass\u00e1got is. Az els\u0151 vil\u00e1gh\u00e1bor\u00faban k\u00f6zel h\u00faz\u00f3dott a front, s 1918-ben Olaszorsz\u00e1ghoz ker\u00fclt. 1945-ben \u2013 a ter\u00fclet vegyes lakoss\u00e1ga miatt \u2013 a v\u00e1rost is mag\u00e1nak k\u00f6vetelte Jugoszl\u00e1via, s az ide bevonul\u00f3 jugoszl\u00e1v partiz\u00e1nok n\u00e9h\u00e1ny h\u00e9t ut\u00e1n csak nemzetk\u00f6zi nyom\u00e1sra t\u00e1voztak. A k\u00f6rny\u00e9k hovatartoz\u00e1sa 1954-ig vitatott volt, v\u00e9g\u00fcl az \u00e9szaki r\u00e9sze az olaszokhoz ker\u00fclt, a d\u00e9li Jugoszl\u00e1vi\u00e1hoz.<\/p>\n<p>&nbsp;<\/p>\n<p>\u00dcd\u00edt\u0151 k\u00f6r Triesztben<\/p>\n<p>\u00c1ts\u00e9t\u00e1ltunk a v\u00e1ros \u201eleglaposabb\u201d r\u00e9sz\u00e9be beny\u00fal\u00f3 hangulatos Canal Grand\u00e9n, s k\u00f6zben l\u00e1thattuk Trieszt legnagyobb, a r\u00f3mai Pantheonra eml\u00e9keztet\u0151 r\u00f3mai katolikus templom\u00e1t, \u00e9s a nagym\u00e9ret\u0171 g\u00f6r\u00f6g katolikus templom kupol\u00e1j\u00e1t. A k\u00f6vetkez\u0151 t\u00e9ren \u00e1ll\u00f3 hatalmas, 1877-ben \u00e9p\u00edtett, eklektikus st\u00edlus\u00fa V\u00e1rosh\u00e1za h\u0171en t\u00fckr\u00f6zi kor\u00e1nak gazdags\u00e1g\u00e1t \u00e9s kiemelt szerep\u00e9t. A keskeny, \u00e1rny\u00e9kos s\u00e9t\u00e1l\u00f3utc\u00e1k m\u00e9gis sokkal bar\u00e1ts\u00e1gosabbak voltak. Sajnos nem ritka a balk\u00e1ni orsz\u00e1gokb\u00f3l sz\u00e1rmaz\u00f3 k\u00e9reget\u0151, akik el\u00e9g kellemetlenek tudnak lenni. (Ha nem kapnak p\u00e9nzt, m\u00e9g k\u00f6pk\u00f6dni is k\u00e9pesek! \u00dagy, mint az a cig\u00e1nyasszony is, aki az asztalunkra k\u00f6p\u00f6tt a pizz\u00e9ria ki\u00fcl\u0151j\u00e9n, miut\u00e1n elk\u00fcldt\u00fck.)<\/p>\n<div id=\"attachment_2824\" style=\"width: 310px\" class=\"wp-caption alignright\"><a href=\"http:\/\/induljelegyuton.hu\/wp-content\/uploads\/DSC_1408.jpg\"><img loading=\"lazy\" decoding=\"async\" aria-describedby=\"caption-attachment-2824\" class=\"size-medium wp-image-2824\" alt=\"Az Aquarium \u00e9p\u00fclet\u00e9t 1913-ban avatt\u00e1k fel, mint K\u00f6zponti Halcsarnokot\" src=\"http:\/\/induljelegyuton.hu\/wp-content\/uploads\/DSC_1408-300x184.jpg\" width=\"300\" height=\"184\" srcset=\"https:\/\/induljelegyuton.hu\/wp-content\/uploads\/DSC_1408-300x184.jpg 300w, https:\/\/induljelegyuton.hu\/wp-content\/uploads\/DSC_1408-243x150.jpg 243w, https:\/\/induljelegyuton.hu\/wp-content\/uploads\/DSC_1408.jpg 850w\" sizes=\"auto, (max-width: 300px) 100vw, 300px\" \/><\/a><p id=\"caption-attachment-2824\" class=\"wp-caption-text\">Az Aquarium \u00e9p\u00fclet\u00e9t 1913-ban avatt\u00e1k fel, mint K\u00f6zponti Halcsarnokot<\/p><\/div>\n<p>I. Miksa f\u0151herceg bronzszobr\u00e1n\u00e1l t\u00e9rt\u00fcnk vissza a kik\u00f6t\u0151be, ahol \u2013 sz\u00e1momra &#8211; a legtetszet\u0151sebb \u00e9p\u00fclettel tal\u00e1lkoztunk, az Aquariummal. K\u00e9t m\u00f3l\u00f3 k\u00f6z\u00f6tt \u00e9p\u00fclt, \u00e9s 1913-ban avatt\u00e1k fel, mint K\u00f6zponti Halcsarnokot. H\u00e1rom oldalr\u00f3l \u00f6mlik be a f\u00e9ny, s 1933-ban kapott \u00faj funkci\u00f3j\u00e1nak is ez felel meg legjobban: tengeri akv\u00e1rium, illetve kort\u00e1rs \u00e9s modern ki\u00e1ll\u00edt\u00f3hely. Az eklektikus \u00e9p\u00fcletben 46 akv\u00e1rium mutatja be a tenger \u00e9l\u0151vil\u00e1g\u00e1t a c\u00e1p\u00e1kt\u00f3l a tengeri tekn\u0151s\u00f6kig. Impoz\u00e1ns tornya v\u00edztorony, amelynek vize eredetileg a halpiac halainak frissen tart\u00e1s\u00e1t biztos\u00edtotta.<\/p>\n<p>A kik\u00f6t\u0151 helyett ben\u00e9zt\u00fcnk Trieszt tengeri m\u00fazeum\u00e1nak csal\u00e1dias hangulat\u00fa udvar\u00e1ra, ahol hatalmas horgonyok, haj\u00f3motor, ac\u00e9l haj\u00f3borda \u00e9s egy\u00e9b nagy alkatr\u00e9szek pihentek. Miel\u0151tt be\u00fclt\u00fcnk volna abba a bizonyos pizz\u00e9ri\u00e1ba tett\u00fcnk egy bizonytalan k\u00eds\u00e9rletet a Fellegv\u00e1r megkeres\u00e9s\u00e9re, de elveszt\u00fcnk a meredek utc\u00e1k, kanyarg\u00f3s \u00fatveszt\u0151j\u00e9ben.<\/p>\n<p>&nbsp;<\/p>\n<p>Hov\u00e1 l\u00e9pek, barlang terem!<\/p>\n<p>Idej\u00e9ben \u00e9rkezt\u00fcnk a m\u00e1r ismer\u0151s, magasparti parkol\u00f3ba, ahol csatlakoztak hozz\u00e1nk a f\u00fcrd\u0151z\u0151k, majd meg\u00e1lltunk vizet venni a Timavon\u00e1l. Nagyon ragacsosnak \u00e9reztem magamat, \u00edgy szerettem volna megmer\u00fclni a felbugyog\u00f3 karszv\u00edzben, de t\u00fal sokan s\u00e9t\u00e1ltak a k\u00f6zelben. Bandi\u00e9kat is leny\u0171g\u00f6zte a karsztforr\u00e1s, s a g\u00f3tikus templomot k\u00f6rbej\u00e1rva l\u00e1thattuk a t\u00e1bl\u00e1kon a rendk\u00edv\u00fcl gazdag m\u00falt nyomait. A templom k\u00f6r\u00fcl most \u00e1sat\u00e1sok is folytak.<\/p>\n<div id=\"attachment_2826\" style=\"width: 310px\" class=\"wp-caption alignleft\"><a href=\"http:\/\/induljelegyuton.hu\/wp-content\/uploads\/DSC_1476.jpg\"><img loading=\"lazy\" decoding=\"async\" aria-describedby=\"caption-attachment-2826\" class=\"size-medium wp-image-2826\" alt=\"\u2013 \u00c1tj\u00e1r\u00f3barlang! \u2013 hallottuk k\u00e9s\u0151bb. Nem m\u00e1s volt az, mint egy egykori kis barlangb\u00f3l kialak\u00edtott fedez\u00e9k\u00fcreg \u2013 ak\u00e1r 100 katona befogad\u00e1s\u00e1ra!\" src=\"http:\/\/induljelegyuton.hu\/wp-content\/uploads\/DSC_1476-300x222.jpg\" width=\"300\" height=\"222\" srcset=\"https:\/\/induljelegyuton.hu\/wp-content\/uploads\/DSC_1476-300x222.jpg 300w, https:\/\/induljelegyuton.hu\/wp-content\/uploads\/DSC_1476-202x150.jpg 202w, https:\/\/induljelegyuton.hu\/wp-content\/uploads\/DSC_1476.jpg 850w\" sizes=\"auto, (max-width: 300px) 100vw, 300px\" \/><\/a><p id=\"caption-attachment-2826\" class=\"wp-caption-text\">\u2013 \u00c1tj\u00e1r\u00f3barlang! \u2013 hallottuk k\u00e9s\u0151bb. Nem m\u00e1s volt az, mint egy egykori kis barlangb\u00f3l kialak\u00edtott fedez\u00e9k\u00fcreg \u2013 ak\u00e1r 100 katona befogad\u00e1s\u00e1ra!<\/p><\/div>\n<p>Visszakanyarogtunk tegnapi t\u00e1borhely\u00fcnkig az 55-\u00f6s orsz\u00e1g\u00faton, de most a t\u00faloldalra fordultunk le. Ez m\u00e1r sokkal nyugodtabb hely volt \u2013 az a k\u00e9t ker\u00edt\u00e9ssel k\u00f6rbevett k\u00f6zm\u0171-berendez\u00e9s sem zavart minket.<\/p>\n<p>\u2013 Gyerekek, ez nem igaz! Alig l\u00e9pek be az erd\u0151be, azonnal barlangba botlok! \u2013 hitetlenkedett Bandi el\u0151l\u00e9pve. \u2013 Egy nyugodt zugot kerestem, \u00e9s majdnem belel\u00e9ptem egy barlangakn\u00e1ba!<\/p>\n<p>Kicsit k\u00e9telkedtem, de val\u00f3ban az volt! \u00dagy d\u00f6nt\u00f6tt\u00fcnk, hogy majd m\u00e1snap megn\u00e9zz\u00fck. A s\u00e1trakat csak alkonyat ut\u00e1n kezdt\u00fck fel\u00e1ll\u00edtani, de hogy ki mennyire rejt\u0151zik el, az m\u00e1r er\u0151sen v\u00e1ltoz\u00f3 volt. A s\u00e1tramat egy nagy csersz\u00f6m\u00f6rce bokor m\u00f6g\u00e9 \u00e1ll\u00edtottuk, azt\u00e1n j\u00f6tt a k\u00f6z\u00f6s vacsora, a zuhanyoz\u00e1s, a t\u00e1rsas\u00e1gi \u00e9let\u2026<\/p>\n<p>&nbsp;<\/p>\n<p>Barlang-fedez\u00e9k az \u00e1gy\u00faz\u00e1s el\u0151l<\/p>\n<p>Elj\u00f6tt a kilencedik forr\u00f3 nap is. Kimondatlanul is \u201eszabadnapot\u201d adtunk magunknak. Bandi\u00e9k egy kis facsoport k\u00f6zep\u00e9n n\u00e9mi tisztogat\u00e1ssal nappali h\u0171s\u00f6l\u0151t alak\u00edtottak ki, s a d\u00e9lel\u0151tt\u00f6t itt t\u00f6lt\u00f6tt\u00fck s\u00f6r\u00f6zve, a k\u00f6vetkez\u0151 kagyl\u00f3levesen dolgozva. Kora d\u00e9lut\u00e1n m\u00e1r elk\u00e9lt a n\u00f3gat\u00e1s: h\u00e1t n\u00e9zz\u00fck m\u00e1r meg az \u00faj barlangunkat! A forr\u00f3s\u00e1gra tekintettel lassan szedt\u00fck \u00f6ssze a felszerel\u00e9st, de felvenni is csak akkor akartuk, ha igaz\u00e1n van hova lemenni. \u00cdgy gumicsizm\u00e1ban, r\u00f6vidnadr\u00e1gban \u00e1lltuk k\u00f6r\u00fcl az akn\u00e1t, \u00e9s Marik\u00e1t, aki hal\u00e1ltmegvet\u0151 elsz\u00e1nts\u00e1ggal kezdett leereszkedni a 5-6 m\u00e9teres m\u00e9lys\u00e9gbe.<\/p>\n<p>Amikor le\u00e9rt, visszajelz\u00e9sei szakadozott\u00e1 v\u00e1ltak, csak n\u00e9h\u00e1ny sz\u00f3ban t\u00e1j\u00e9koztatott minket. Mindenesetre azt l\u00e1ttuk, hogy m\u00e1r m\u00e1szik is kifel\u00e9. \u2013 D\u00f6gszag van lent, alig b\u00edrtam gyomorral! \u2013 ny\u00f6gte, amikor fel\u00e9rt. Mesters\u00e9ges volt az \u00fcreg! M\u00edg Marika m\u00e1szott egy rozsd\u00e1s vasdarab akadt a kezembe. Hengeres t\u00e1rgy darabja, val\u00f3sz\u00edn\u0171leg egy t\u00fcz\u00e9rs\u00e9gi l\u00f6ved\u00e9k\u00e9. Akkor az akna is vil\u00e1gh\u00e1bor\u00fas kaverna! Ott is hagytuk az \u00f6sv\u00e9nyt, \u00e9s a rendk\u00edv\u00fcl nehezen j\u00e1rhat\u00f3, k\u00f6ves-hepehup\u00e1s erd\u0151be vetett\u00fck magunkat.<\/p>\n<div id=\"attachment_2827\" style=\"width: 310px\" class=\"wp-caption alignright\"><a href=\"http:\/\/induljelegyuton.hu\/wp-content\/uploads\/DSC_1505.jpg\"><img loading=\"lazy\" decoding=\"async\" aria-describedby=\"caption-attachment-2827\" class=\"size-medium wp-image-2827\" alt=\"Nem ritk\u00e1k a nagy m\u00e9ret\u0171 repeszek...\" src=\"http:\/\/induljelegyuton.hu\/wp-content\/uploads\/DSC_1505-300x200.jpg\" width=\"300\" height=\"200\" srcset=\"https:\/\/induljelegyuton.hu\/wp-content\/uploads\/DSC_1505-300x200.jpg 300w, https:\/\/induljelegyuton.hu\/wp-content\/uploads\/DSC_1505-224x150.jpg 224w, https:\/\/induljelegyuton.hu\/wp-content\/uploads\/DSC_1505.jpg 850w\" sizes=\"auto, (max-width: 300px) 100vw, 300px\" \/><\/a><p id=\"caption-attachment-2827\" class=\"wp-caption-text\">Nem ritk\u00e1k a nagy m\u00e9ret\u0171 repeszek&#8230;<\/p><\/div>\n<p>30 m\u00e9terre egy sziklalet\u00f6r\u00e9shez \u00e9rt\u00fcnk. \u2013 Gyertek, egy barlang! \u2013 Bandi\u00e9k el\u0151bb \u00e9rtek oda. \u2013 \u00c1tj\u00e1r\u00f3barlang! \u2013 hallottuk k\u00e9s\u0151bb. Nem m\u00e1s volt az, mint egy egykori kis barlangb\u00f3l kialak\u00edtott fedez\u00e9k\u00fcreg &#8211; ak\u00e1r 100 katona befogad\u00e1s\u00e1ra! A bej\u00e1rat \u201eA. Beran Kdt 1915-16\u201d v\u00e9sete minden k\u00e9ts\u00e9get eloszlatott. Valamikor itt egy \u00e9p fa sem lehetett a felsz\u00ednen az \u00e1gy\u00faz\u00e1s miatt\u2026<\/p>\n<p>Visszakecmeregt\u00fcnk az akn\u00e1nkhoz, \u00e9s m\u00e1sik oldalt is bej\u00e1rtuk. Szint\u00e9n tal\u00e1ltunk let\u00f6r\u00e9st \u00e9s egy beomlott kavern\u00e1t. L\u00e1m-l\u00e1m! Bandi barlangot \u00e9n pedig h\u00e1bor\u00fas nyomokat kerestem, \u00e9s mindketten megtal\u00e1ltuk a sz\u00e1m\u00edt\u00e1sunkat! Emellett egykori, cikk-cakkban k\u0151be v\u00e1jt, betemet\u0151dve is m\u00e9ter m\u00e9ly l\u00f6v\u00e9sz\u00e1rkokat l\u00e1thattunk. Egyik-m\u00e1sik mintha betemetett lej\u00e1ratban v\u00e9gz\u0151d\u00f6tt volna\u2026\u00a0 Egy kicsit elt\u00e1volodva a t\u00f6bbiekt\u0151l, t\u00f6bb, mint egy kil\u00f3nyi repeszdarabot szedtem \u00f6ssze. T\u00f6bbnyire kor\u00e1bbi \u201ekutat\u00f3k\u201d helyezt\u00e9k ki azokat egy-egy k\u0151re olyan turist\u00e1knak, akiknek kevesebb idej\u00fck van.<\/p>\n<p>A karsztbokorerd\u0151b\u0151l v\u00e9g\u00fcl kikeveredtem egy k\u00f6ves erd\u00e9szeti \u00fatra. A k\u00f6vek k\u00f6z\u00fcl innen is szedegethett\u00fcnk vasszil\u00e1nkokat\u2026<\/p>\n<p>&nbsp;<\/p>\n<p>&nbsp;<\/p>\n<h2>Barlang\u00e1szok vadon, fedez\u00e9kben \u00e9s k\u00f6t\u00e9len\u2026 (6. r\u00e9sz)<\/h2>\n<h1><strong style=\"font-size: 16px;\">Naps\u00fct\u00e9s egy bor\u00fas doberd\u00f3i nap v\u00e9g\u00e9n<\/strong><\/h1>\n<p>&nbsp;<\/p>\n<p>Borult id\u0151re \u00e9bredt\u00fcnk. Ezt a napot is Doberdo k\u00f6rny\u00e9k\u00e9n tervezt\u00fck elt\u00f6lteni: \u00f6ten az els\u0151 vil\u00e1gh\u00e1bor\u00fa eml\u00e9keit akartuk megkeresni, Bandi\u00e9k h\u00e1rman pedig a Grotta Natale barlang k\u00f6rny\u00e9k\u00e9t indultak felder\u00edteni. A t\u00e1borhelyet, term\u00e9szetesen \u201enyom n\u00e9lk\u00fcl\u201d hagytuk el. Mi \u00f6ten, alig tett\u00fcnk meg n\u00e9h\u00e1ny kilom\u00e9tert az 55-\u00f6s orsz\u00e1g\u00faton, Jamianoban let\u00e9rt\u00fcnk Doberdo del Lago fel\u00e9.<\/p>\n<p>&nbsp;<\/p>\n<p>Inform\u00e1ci\u00f3t a trafikb\u00f3l!<\/p>\n<p>\u00datban a telep\u00fcl\u00e9sre a Doberd\u00f3-tavon t\u00fal kiszemeltem egy kis erd\u0151s-szikl\u00e1s hegyvonulatot. Miut\u00e1n el\u0151z\u0151 nap is fedez\u00e9kekbe futottunk bele az \u00fattalan erd\u0151ben, okkal sz\u00e1m\u00edthattunk l\u00e1tnival\u00f3ra egy peckes magaslaton. Doberdo del Lagoban megkerest\u00fck a templomot, de a telep\u00fcl\u00e9s sem eml\u00e9kt\u00e1bl\u00e1val, sem eml\u00e9kparkkal nem v\u00e1rt minket. K\u00e9nytelenek voltunk egy \u201einform\u00e1tort\u201d keresni. Hirtelen befordultam a trafikba, \u00e9s n\u00e9h\u00e1ny olasz sz\u00f3val meg\u00e9rttettem a trafikossal mit szeretn\u00e9nk. A f\u00e9rfi \u2013 sikertelen olasz nyelv\u0171 pr\u00f3b\u00e1lkoz\u00e1s ut\u00e1n &#8211; egy t\u00e9rk\u00e9pv\u00e1zlatot rajzolt nek\u00fcnk a legf\u0151bb eml\u00e9khelyekr\u0151l: a nagy temet\u0151r\u0151l, a monarchi\u00e1s temet\u0151r\u0151l, \u00e9s a magyar k\u00e1poln\u00e1r\u00f3l. Bingo!<\/p>\n<div id=\"attachment_2828\" style=\"width: 310px\" class=\"wp-caption alignright\"><a href=\"http:\/\/induljelegyuton.hu\/wp-content\/uploads\/DSC_1520.jpg\"><img loading=\"lazy\" decoding=\"async\" aria-describedby=\"caption-attachment-2828\" class=\"size-medium wp-image-2828\" alt=\"A h\u00e1z m\u00f6g\u00f6tt kavern\u00e1kat m\u00e9ly\u00edtettek a szikl\u00e1ba az els\u0151 vil\u00e1gh\u00e1bor\u00fa elej\u00e9n\" src=\"http:\/\/induljelegyuton.hu\/wp-content\/uploads\/DSC_1520-300x200.jpg\" width=\"300\" height=\"200\" srcset=\"https:\/\/induljelegyuton.hu\/wp-content\/uploads\/DSC_1520-300x200.jpg 300w, https:\/\/induljelegyuton.hu\/wp-content\/uploads\/DSC_1520-224x150.jpg 224w, https:\/\/induljelegyuton.hu\/wp-content\/uploads\/DSC_1520.jpg 850w\" sizes=\"auto, (max-width: 300px) 100vw, 300px\" \/><\/a><p id=\"caption-attachment-2828\" class=\"wp-caption-text\">A h\u00e1z m\u00f6g\u00f6tt kavern\u00e1kat m\u00e9ly\u00edtettek a szikl\u00e1ba az els\u0151 vil\u00e1gh\u00e1bor\u00fa elej\u00e9n<\/p><\/div>\n<p>\u00dagy gondoltuk, hogy m\u00e1r \u201emeg is nyert\u00fck a h\u00e1bor\u00fat\u201d, pedig dehogy. Bevezet\u0151nek m\u00e9gis a szikl\u00e1s hegyet javasoltam. T\u00edz perc m\u00falva meg is \u00e1lltunk a k\u00f6zel\u00e9ben, ahol egy jelzett \u00f6sv\u00e9ny vezetett f\u00f6lfel\u00e9. K\u00f6nnyed\u00e9n fel\u00e9rt\u00fcnk els\u0151 l\u00e1tnival\u00f3nkhoz, a Cadorna h\u00e1zhoz. A h\u00e1zat eredetileg 1914-ben az olasz hadsereg \u00e9p\u00edtette a szikl\u00e1k tetej\u00e9re, amely a hegybe m\u00e9ly\u00edtett kavern\u00e1kkal egy\u00fctt kiemelt megfigyel\u0151pont volt. A h\u00e1z r\u00e9szben megsemmis\u00fclt a h\u00e1bor\u00faban, \u00e1m az itt szikl\u00e1t m\u00e1sz\u00f3 goriziaiak k\u00e9s\u0151bb \u00fajj\u00e1\u00e9p\u00edtett\u00e9k. A keskeny terasz fakorl\u00e1tj\u00e1ra t\u00e1maszkodva mad\u00e1rt\u00e1vlatb\u00f3l szeml\u00e9lt\u00fck meg a tavat, amely egy\u00e9bk\u00e9nt karszt t\u00f3. Medenc\u00e9je term\u00e9szetes m\u00f3don t\u00f6m\u0151d\u00f6tt el agyagos \u00fcled\u00e9kkel, \u00e9s v\u00edzszintje a tenger szintje alatt fekszik.<\/p>\n<p>&nbsp;<\/p>\n<p>Kulcsosh\u00e1z a szikl\u00e1k alatt\u2026<\/p>\n<p>Az \u00e9p\u00fclet z\u00e1rva volt, \u00edgy k\u00f6vett\u00fck az \u00f6sv\u00e9nyt \u2013 egy kicsit feljebb. Itt \u00e1s\u00edtott r\u00e1nk a kaverna, amelybe mindenk\u00e9ppen be kell mer\u00e9szkedni, mert csak ezen \u00e1t k\u00f6zel\u00edthet\u0151k meg a szikl\u00e1kon elsz\u00f3rt megfigyel\u0151pontok. L\u00e1mpa n\u00e9lk\u00fcl sajnos m\u00e1r j\u00f3 p\u00e1r m\u00e9tert bukd\u00e1csolhatunk a s\u00f6t\u00e9tben. Nem lehet nagy a turistaforgalom, mivel nekem siker\u00fclt egy denev\u00e9rt is felriasztanom. A valaha \u00e1gy\u00fat\u0171znek kitett \u00e1ll\u00e1s izgalmas kir\u00e1ndul\u00f3helly\u00e9 szel\u00edd\u00fclt karsztos szikl\u00e1kkal, buja n\u00f6v\u00e9nyzettel.<\/p>\n<p>A 72-es \u00f6sv\u00e9ny tov\u00e1bb vezetett f\u00f6lfel\u00e9, a Castellazzora. Olyan meredek k\u0151l\u00e9pcs\u0151n vezetett az \u00fat, hogy j\u00f3 szolg\u00e1latot tett a mellette kir\u00f6gz\u00edtett ac\u00e9lsodrony! A l\u00e9pcs\u0151k ut\u00e1n bebokrosodott szikla-l\u00f6v\u00e9sz\u00e1rkokat vett\u00fcnk \u00e9szre, majd nemsok\u00e1ra a lapos hegytet\u0151re \u00e9rt\u00fcnk, ahol ism\u00e9t magyar\u00e1z\u00f3-t\u00e1bla fogadott benn\u00fcnket. Egy t\u00f6rt\u00e9nelmi fot\u00f3n egy f\u00e1tlan, siv\u00e1r hegytet\u0151t is l\u00e1thattunk, amelyen m\u00e9ly bar\u00e1zdak\u00e9nt futott v\u00e9gig egy k\u0151be v\u00e9sett l\u00f6v\u00e9sz\u00e1rok\u2026 \u00c9rdekl\u0151d\u00e9s\u00fcnket azonban egy 3 m\u00e9ter magas, 2-3 m\u00e9ter vastags\u00e1g\u00fa k\u0151b\u0151l emelt falmaradv\u00e1ny keltette fel, amelyet az \u00fat elmetszett. Arra gondoltunk, hogy az els\u0151 vil\u00e1gh\u00e1bor\u00fa katon\u00e1i hordt\u00e1k \u00f6ssze emberfeletti munk\u00e1val, de nem \u0151k voltak. A hatalmas k\u0151s\u00e1ncot, melynek t\u00f6bb sz\u00e1z m\u00e9teres szakaszaival k\u00e9s\u0151bb is tal\u00e1lkoztunk, a vaskor v\u00e9g\u00e9nek-bronzkor elej\u00e9nek juhteny\u00e9szt\u0151 n\u00e9pei emelt\u00e9k telep\u00fck v\u00e9delm\u00e9re.<\/p>\n<div id=\"attachment_2829\" style=\"width: 210px\" class=\"wp-caption alignleft\"><a href=\"http:\/\/induljelegyuton.hu\/wp-content\/uploads\/DSC_1542.jpg\"><img loading=\"lazy\" decoding=\"async\" aria-describedby=\"caption-attachment-2829\" class=\"size-medium wp-image-2829\" alt=\"A hatalmas k\u0151s\u00e1ncot a vaskor v\u00e9g\u00e9nek-bronzkor elej\u00e9nek juhteny\u00e9szt\u0151 n\u00e9pei emelt\u00e9k telep\u00fck v\u00e9delm\u00e9re\" src=\"http:\/\/induljelegyuton.hu\/wp-content\/uploads\/DSC_1542-200x300.jpg\" width=\"200\" height=\"300\" srcset=\"https:\/\/induljelegyuton.hu\/wp-content\/uploads\/DSC_1542-200x300.jpg 200w, https:\/\/induljelegyuton.hu\/wp-content\/uploads\/DSC_1542-100x150.jpg 100w, https:\/\/induljelegyuton.hu\/wp-content\/uploads\/DSC_1542.jpg 567w\" sizes=\"auto, (max-width: 200px) 100vw, 200px\" \/><\/a><p id=\"caption-attachment-2829\" class=\"wp-caption-text\">A hatalmas k\u0151s\u00e1ncot a vaskor v\u00e9g\u00e9nek-bronzkor elej\u00e9nek juhteny\u00e9szt\u0151 n\u00e9pei emelt\u00e9k telep\u00fck v\u00e9delm\u00e9re<\/p><\/div>\n<p>M\u00edg tett\u00fcnk egy kisebb k\u00f6rt a hegytet\u0151n, a vil\u00e1gh\u00e1bor\u00fa k\u0151be v\u00e1gott sziklafedez\u00e9keib\u0151l is tal\u00e1ltunk n\u00e9h\u00e1nyat.<\/p>\n<p>&nbsp;<\/p>\n<p>Sz\u00e1zezer<\/p>\n<p>Les\u00e9t\u00e1ltunk a hegyr\u0151l, \u00e9s visszat\u00e9rt\u00fcnk Doberdo del Lagoba. T\u00e9rk\u00e9pv\u00e1zlatunkat tanulm\u00e1nyozva ekkor l\u00e1thattuk, hogy nem minden egy\u00e9rtelm\u0171\u2026 Tal\u00e1lomra nyugat fel\u00e9 indultunk el aut\u00f3nkkal, mik\u00f6zben lefel\u00e9 ereszkedt\u00fcnk az Isonz\u00f3 s\u00edks\u00e1g\u00e1ra. \u00c9pp visszafordultunk volna, amikor szembej\u00f6tt a Ronchi dei Legionari telep\u00fcl\u00e9st\u00e1bla, ami szerepelt a rajzon! El\u00e9rt\u00fck a f\u0151utat, \u00e9s negyed\u00f3ra m\u00falva meg\u00e9rkezt\u00fcnk a m\u00e1r kor\u00e1bban t\u00e1bl\u00e1val is jel\u00f6lt \u00f3ri\u00e1si redipugliai katonai temet\u0151h\u00f6z, Eur\u00f3pa legnagyobb katonai eml\u00e9km\u0171v\u00e9hez. Hozz\u00e1 kell tennem, hogy ez az olasz temet\u0151.<\/p>\n<p>Err\u0151l a temet\u0151r\u0151l &#8211; esetleg &#8211; m\u00e1r olvashattak, m\u00e9gis r\u00f6viden bemutatom. A k\u00f6rny\u00e9k az 1915 m\u00e1jusa \u00e9s 1917 augusztusa k\u00f6z\u00f6tt zajlott, hatalmas v\u00e9r\u00e1ldozatot k\u00f6vetel\u0151 isonz\u00f3i (vagy doberd\u00f3inak nevezett) csat\u00e1k helysz\u00edneinek egyike. A h\u00e1bor\u00fa alatt kialak\u00edtott temet\u0151t 1938-ban rendezt\u00e9k 22 hatalmas l\u00e9pcs\u0151 form\u00e1ba, s helyezt\u00e9k el benn\u00fck 100\u00a0187 olasz katona urn\u00e1j\u00e1t. K\u00fcl\u00f6n borzalmas, hogy ebb\u0151l 60\u00a0330 ismeretlen h\u0151s\u2026<\/p>\n<p>M\u00e1r a parkol\u00f3ban is sz\u00e1mos ismeretterjeszt\u0151 t\u00e1bla fogadja a l\u00e1togat\u00f3kat. Felm\u00e9rve helyzet\u00fcnket, m\u00e9gsem a nagy temet\u0151be indultunk, hanem maradtunk a f\u0151\u00fat ezen oldal\u00e1n, \u00e9s a l\u00e1tv\u00e1nyos eml\u00e9kparkba l\u00e9pt\u00fcnk be el\u0151bb. A bej\u00e1ratn\u00e1l n\u00e9h\u00e1ny helyben tal\u00e1lt m\u00e9szk\u0151darabb\u00f3l k\u00e9sz\u00edtett s\u00edrk\u00f6vet is ki\u00e1ll\u00edtottak. Ahol m\u00e9g fa sem volt\u2026<\/p>\n<p>&nbsp;<\/p>\n<p>Jelen a \u201enagy l\u00e9pcs\u0151k\u00f6n\u201d<\/p>\n<p>A domb szint\u00e9n temet\u0151 volt, s a szemben kialak\u00edtott nagy temet\u0151 \u00e1t\u00e9p\u00edt\u00e9se ut\u00e1n alak\u00edtott\u00e1k \u00e1t eml\u00e9kparkk\u00e1. Hatalmas \u00e1gy\u00fak, aknavet\u0151k, \u00f3ri\u00e1si, puszt\u00edt\u00f3 erej\u0171 \u00e1gy\u00fal\u00f6ved\u00e9kek k\u00eds\u00e9rik-dekor\u00e1lj\u00e1k a s\u00e9ta\u00f6sv\u00e9nyeket, a park f\u0151 s\u00e9t\u00e1ny\u00e1t pedig a k\u00fcl\u00f6nb\u00f6z\u0151 harc\u00e1szati alakulatok szimb\u00f3likus szoborkompoz\u00edci\u00f3i k\u00eds\u00e9rik &#8211; mint egy-egy st\u00e1ci\u00f3 -, amelyeket epigramm\u00e1k eg\u00e9sz\u00edtenek ki. A domb tetej\u00e9n egy korinthoszi oszlop \u00e1ll.<\/p>\n<div id=\"attachment_2830\" style=\"width: 310px\" class=\"wp-caption alignright\"><a href=\"http:\/\/induljelegyuton.hu\/wp-content\/uploads\/xDSC_0017.jpg\"><img loading=\"lazy\" decoding=\"async\" aria-describedby=\"caption-attachment-2830\" class=\"size-medium wp-image-2830\" alt=\"A domb szint\u00e9n temet\u0151 volt, s a szemben kialak\u00edtott nagy temet\u0151 \u00e1t\u00e9p\u00edt\u00e9se ut\u00e1n alak\u00edtott\u00e1k \u00e1t eml\u00e9kparkk\u00e1\" src=\"http:\/\/induljelegyuton.hu\/wp-content\/uploads\/xDSC_0017-300x200.jpg\" width=\"300\" height=\"200\" srcset=\"https:\/\/induljelegyuton.hu\/wp-content\/uploads\/xDSC_0017-300x200.jpg 300w, https:\/\/induljelegyuton.hu\/wp-content\/uploads\/xDSC_0017-224x150.jpg 224w, https:\/\/induljelegyuton.hu\/wp-content\/uploads\/xDSC_0017.jpg 850w\" sizes=\"auto, (max-width: 300px) 100vw, 300px\" \/><\/a><p id=\"caption-attachment-2830\" class=\"wp-caption-text\">A domb szint\u00e9n temet\u0151 volt, s a szemben kialak\u00edtott nagy temet\u0151 \u00e1t\u00e9p\u00edt\u00e9se ut\u00e1n alak\u00edtott\u00e1k \u00e1t eml\u00e9kparkk\u00e1<\/p><\/div>\n<p>\u00c1tkelt\u00fcnk a f\u0151\u00faton \u2013 valamint az Isonz\u00f3-csatorna \u00e9s a vas\u00fat felett -, \u00e9s bel\u00e9pt\u00fcnk a nagy temet\u0151be. Itt a fedett l\u00f6v\u00e9sz\u00e1rok-h\u00e1bor\u00fa sz\u00ednter\u00e9t alak\u00edtott\u00e1k ki, amit be is j\u00e1rtunk. Azt\u00e1n elindultunk a t\u00f6bb sz\u00e1z betonba faragott \u201ePresente\u201d (Jelen!) felirattal szembe, amelyet k\u00e9t oldalt s\u00f6t\u00e9t ciprusfeny\u0151k k\u00eds\u00e9rtek. El\u0151l a vez\u00e9r, a 3. hadtest parancsnok\u00e1nak s\u00edreml\u00e9ke \u00e1ll \u2013 most is a sereg \u00e9l\u00e9n. S\u00e9t\u00e1nk k\u00f6zben 39\u00a0587 h\u0151si halott neve mellett \u00f6tsz\u00e1z l\u00e9pcs\u0151t tett\u00fcnk meg f\u00f6lfel\u00e9. Fent a k\u00e1polna m\u00f6g\u00e9 ker\u00fclt\u00fcnk \u00e9s \u00fajabb \u00e1gy\u00fak mellett l\u00e9pdelt\u00fcnk fel a dombort\u00e9rk\u00e9ppel kieg\u00e9sz\u00edtett kil\u00e1t\u00f3hoz. Innen m\u00e1r r\u00e9g nincs j\u00f3 kil\u00e1t\u00e1s.<\/p>\n<p>&nbsp;<\/p>\n<p>A Vipava \u00e9s a hirtelen vihar<\/p>\n<p>M\u00e1r a magyar k\u00e1polna (amelyet \u00e9n is a Magyar Turist\u00e1b\u00f3l ismertem) megkeres\u00e9s\u00e9n gondolkodtunk, amikor esz\u00fcnkbe jutott az osztr\u00e1k-magyar temet\u0151. A Fogliano di Redipuglia-i temet\u0151 s\u00e1rga ker\u00edt\u00e9se a f\u0151\u00fat mellett \u00e1llt, s a sz\u00e1z\u00e9ves \u00e9vfordul\u00f3 miatt friss t\u00e1bl\u00e1k h\u00edvt\u00e1k fel r\u00e1 a figyelmet \u2013 magyarul is. Az \u00f6reg ciprusok \u0151rizte temet\u0151 14\u00a0550 \u201eosztr\u00e1k-magyar\u201d h\u0151snek \u00e1ll\u00edt eml\u00e9ket: \u201eAz \u00e9letben \u00e9s a hal\u00e1lban egyes\u00fcltek.\u201d \u2013 olvashat\u00f3 a n\u00e9met felirat a kapun.<\/p>\n<div id=\"attachment_2832\" style=\"width: 220px\" class=\"wp-caption alignleft\"><a href=\"http:\/\/induljelegyuton.hu\/wp-content\/uploads\/xDSC_0072.jpg\"><img loading=\"lazy\" decoding=\"async\" aria-describedby=\"caption-attachment-2832\" class=\" wp-image-2832 \" alt=\"A Vipava \u00e9s Castel Rubbia kast\u00e9lya - viharfelh\u0151vel\" src=\"http:\/\/induljelegyuton.hu\/wp-content\/uploads\/xDSC_0072-300x200.jpg\" width=\"210\" height=\"140\" srcset=\"https:\/\/induljelegyuton.hu\/wp-content\/uploads\/xDSC_0072-300x200.jpg 300w, https:\/\/induljelegyuton.hu\/wp-content\/uploads\/xDSC_0072-224x150.jpg 224w, https:\/\/induljelegyuton.hu\/wp-content\/uploads\/xDSC_0072.jpg 850w\" sizes=\"auto, (max-width: 210px) 100vw, 210px\" \/><\/a><p id=\"caption-attachment-2832\" class=\"wp-caption-text\">A Vipava \u00e9s Castel Rubbia kast\u00e9lya &#8211; viharfelh\u0151vel<\/p><\/div>\n<p>A katon\u00e1s rendben sorakoz\u00f3 egyszer\u0171 s\u00edrk\u00f6veken friss f\u00e9mt\u00e1bl\u00e1csk\u00e1kon fele ar\u00e1nyban olvashattunk magyar neveket &#8211; sajnos \u00e9kezet n\u00e9lk\u00fcl. A m\u00e1sik fel\u00e9n osztoztak a n\u00e9met vagy m\u00e1s monarchiab\u00e9li nemzetis\u00e9g\u0171ek. A temet\u0151 val\u00f3ban jelk\u00e9pes, hiszen a s\u00edrk\u00f6vek sz\u00e1ma \u2013 szeml\u00e1tom\u00e1st &#8211; az ezret sem \u00e9rheti el. Legbel\u00fcl a t\u00f6bbnyelv\u0171 eml\u00e9kt\u00e1bl\u00e1n\u00e1l mi is t\u00f6bb friss nemzetisz\u00edn\u0171 szalagot \u00e9s koszor\u00fat tal\u00e1ltunk.<\/p>\n<p>Az aut\u00f3ban ism\u00e9t t\u00e9rk\u00e9pv\u00e1zlatunkat kezdt\u00fck tanulm\u00e1nyozni. Sagradon\u00e1l tal\u00e1lkoztunk az Isonz\u00f3val, de a doberd\u00f3i oldalon maradtunk. Itt l\u00e1thattuk az Isonz\u00f3 duzzaszt\u00f3m\u0171v\u00e9t, majd n\u00e9h\u00e1ny telep\u00fcl\u00e9ssel arr\u00e9bb a Monte San Michele neve jelent meg t\u00e1bl\u00e1kon. A Doberd\u00f3 k\u00f6rny\u00e9ki dombok kulcsfontoss\u00e1g\u00fa magaslat\u00e1nak nev\u00e9hez is t\u00edzezrek ki\u00f6ml\u0151 v\u00e9re kapcsol\u00f3dik\u2026<\/p>\n<p>Viszont egyszer csak egy \u00f3kori mint\u00e1ra \u00e9p\u00fclt viaduktot pillantottunk meg egy kisebb foly\u00f3 felett, a domboldalban pedig egy n\u00e9gysaroktornyos v\u00e1rkast\u00e9lyt. A t\u00f6bbieket sem kellett er\u0151vel r\u00e1venni egy kis \u201epihen\u0151re\u201d, s a kocsit let\u00e9ve visszasiett\u00fcnk a v\u00edzpartra a k\u00f6z\u00fati h\u00eddhoz. A lomha Vipava feletti viadukton \u00e9ppen \u00e1th\u00fazott egy szem\u00e9lyvonat. Ezut\u00e1n viszont a m\u00e1sik ir\u00e1nyba ny\u00edlt \u00e9rdekes kil\u00e1t\u00e1s: a hegyek fel\u0151l v\u00e9szj\u00f3sl\u00f3, lil\u00e1ssz\u00fcrke viharfelh\u0151 gomolygott fel\u00e9nk\u2026 \u00e9s 4-5 perc m\u00falva meg is \u00e9rkezett &#8211; futva \u00e9rt\u00fck el aut\u00f3nkat. A kast\u00e9ly egy\u00e9bk\u00e9nt nem volt megtekinthet\u0151.<\/p>\n<p>&nbsp;<\/p>\n<p>Magyar volt idegenben \u2013 m\u00e9gis meghagyt\u00e1k\u2026<\/p>\n<p>Hossz\u00fa volt a k\u00e9nyszersz\u00fcnet, \u00edgy a vihar elvonul\u00e1s\u00e1t k\u00e1v\u00e9val \u00fcnnepelt\u00fck meg. Ism\u00e9t keresni kezdt\u00fck azt a bizonyos Trieszt-Gorizia utat, amit azt\u00e1n az ismer\u0151s 55-\u00f6s orsz\u00e1g\u00fatban tal\u00e1ltunk meg. Egy \u00fat melletti csal\u00e1di h\u00e1zn\u00e1l is meg\u00e1lltunk \u00e9rdekl\u0151dni, de senki sem b\u00fajt el\u0151 a kiab\u00e1l\u00e1sunkra. Kezdt\u00fck elvesz\u00edteni a rem\u00e9nyt, de v\u00e9g\u00fcl Istv\u00e1n bar\u00e1tunk gyalogosan der\u00edtette fel a megfelel\u0151 mell\u00e9kutat.<\/p>\n<div id=\"attachment_2833\" style=\"width: 210px\" class=\"wp-caption alignright\"><a href=\"http:\/\/induljelegyuton.hu\/wp-content\/uploads\/xDSC_0080.jpg\"><img loading=\"lazy\" decoding=\"async\" aria-describedby=\"caption-attachment-2833\" class=\"size-medium wp-image-2833\" alt=\"Az egykor sz\u00e9pen megtervezett \u00e9s fel\u00e9p\u00edtett \u00e9p\u00fcletet 1918 \u0151sz\u00e9n azonban m\u00e1r nem tudt\u00e1k felszentelni, mert a h\u00e1bor\u00fa v\u00e9get \u00e9rt...\" src=\"http:\/\/induljelegyuton.hu\/wp-content\/uploads\/xDSC_0080-200x300.jpg\" width=\"200\" height=\"300\" srcset=\"https:\/\/induljelegyuton.hu\/wp-content\/uploads\/xDSC_0080-200x300.jpg 200w, https:\/\/induljelegyuton.hu\/wp-content\/uploads\/xDSC_0080-100x150.jpg 100w, https:\/\/induljelegyuton.hu\/wp-content\/uploads\/xDSC_0080.jpg 567w\" sizes=\"auto, (max-width: 200px) 100vw, 200px\" \/><\/a><p id=\"caption-attachment-2833\" class=\"wp-caption-text\">Az egykor sz\u00e9pen megtervezett \u00e9s fel\u00e9p\u00edtett \u00e9p\u00fcletet 1918 \u0151sz\u00e9n azonban m\u00e1r nem tudt\u00e1k felszentelni, mert a h\u00e1bor\u00fa v\u00e9get \u00e9rt&#8230;<\/p><\/div>\n<p>Az apr\u00f3cska Devetachi &#8211; ahol m\u00e1r t\u00e1bla jelezte a k\u00e1poln\u00e1t -, olyan \u00fcd\u00edt\u0151 l\u00e1tv\u00e1ny volt, hogy azt a n\u00e9h\u00e1ny sz\u00e1z m\u00e9tert gyalog tett\u00fck meg Visintinibe. A nyers k\u0151 falazat\u00fa falak, h\u00e1zacsk\u00e1k, a d\u00fas n\u00f6v\u00e9nyzet, a felfuttatott sz\u0151l\u0151 \u00e9s a vir\u00e1gok a nap legcsendesebb perceihez adtak h\u00e1tteret. \u00c9s egyszerre ott \u00e1llt egy porta v\u00e9g\u00e9ben a k\u00e1polna. Ma is l\u00e1tszik, hogy egy h\u00e1zhelyb\u0151l kanyarintottak neki helyet, ahogy azt 1918 elej\u00e9n IV. K\u00e1roly a telek tulajdonos\u00e1t\u00f3l \u201eelk\u00e9rte\u201d. Az egykor sz\u00e9pen megtervezett \u00e9s fel\u00e9p\u00edtett \u00e9p\u00fcletet 1918 \u0151sz\u00e9n azonban m\u00e1r nem tudt\u00e1k felszentelni, mert a h\u00e1bor\u00fa v\u00e9get \u00e9rt. A helyiek azonban nem hordt\u00e1k sz\u00e9t k\u00f6veit &#8211; rakt\u00e1rk\u00e9nt haszn\u00e1lt\u00e1k. A magyar turist\u00e1k viszont felkerest\u00e9k, de a k\u00e1polna fel\u00faj\u00edt\u00e1s\u00e1ra is 2008-ig kellett v\u00e1rni. Ekkor rendezt\u00e9k be el\u0151sz\u00f6r. Felszentel\u00e9se 2009. m\u00e1jus 29-\u00e9n t\u00f6rt\u00e9nt.<\/p>\n<p>Meghatottan vett\u00fck szem\u00fcgyre a k\u00e1polna minden d\u00edsz\u00e9t, \u00fcvegablakait, eml\u00e9kt\u00e1bl\u00e1it \u00e9s a kapur\u00e1cs sok koszor\u00faj\u00e1t: ritka az a hat\u00e1ron t\u00fali magyar eml\u00e9k, amely ilyen j\u00f3l karban van tartva, s m\u00e9g magyarnak is megmaradt\u2026 A k\u00e1polna kis terasz\u00e1n egy r\u00e9gi k\u0151keretes k\u00fat is l\u00e1that\u00f3, no meg egy elt\u00f6m\u0151d\u00f6tt barlangsz\u00e1j. A k\u00e1polna az utca t\u00faloldal\u00e1n elter\u00fcl\u0151 r\u00e9tre n\u00e9z. Temet\u0151 volt, amelyet 1915-1916 k\u00f6z\u00f6tt alak\u00edtott\u00e1k ki, \u00e9s k\u00f6ves f\u00f6ldj\u00e9be a Monarchia 17. k\u00f6z\u00f6s hadoszt\u00e1ly\u00e1nak halottai ker\u00fcltek. Amikor a k\u00e9t h\u00e1bor\u00fa k\u00f6z\u00f6tt felsz\u00e1molt\u00e1k, a csontok Foglianoba ker\u00fcltek. Lassan visszas\u00e9t\u00e1ltunk Devetachiba, amelynek sz\u00e9ls\u0151 h\u00e1z\u00e1n\u00e1l \u00fajabb ismertet\u0151 t\u00e1bla h\u00edvogatott a k\u00f6zeli hegy h\u00e1bor\u00fas objektumai fel\u00e9\u2026<\/p>\n<p>&nbsp;<\/p>\n<p>Finoman lebuktunk<\/p>\n<p>Es\u0151 nyomait l\u00e1tva \u00e9rkezt\u00fcnk vissza t\u00e1borhely\u00fcnkre. T\u00e1rsaink azzal fogadtak, hogy olyan vicces sztorijuk van, hogy azt azonnal el kell mondaniuk\u2026 A t\u00f6rt\u00e9net l\u00e9nyege az volt, hogy az es\u0151 sor\u00e1n leh\u0171l\u0151 leveg\u0151 miatt kezesl\u00e1bast vettek magukra, \u00e9s egy t\u00e1borhelyhez t\u00e9vedt aut\u00f3st a furcsa \u00f6lt\u00f6z\u00e9kben ugr\u00e1lva elijesztett\u00e9k, mivel \u0151ket l\u00e1tva elhajtott. Ezut\u00e1n terepbej\u00e1r\u00e1sukr\u00f3l is besz\u00e1moltak. \u00c1ll\u00edt\u00e1suk szerint, alig tettek n\u00e9h\u00e1ny l\u00e9p\u00e9st a boz\u00f3tban, m\u00e1ris beszakad\u00e1sokkal, barlangsz\u00e1jakkal tal\u00e1lkoztak, a Grotta Natale k\u00f6rny\u00e9ke pedig m\u00e9g \u201ecs\u00e1b\u00edt\u00f3bb\u201d.<\/p>\n<p>A nap a v\u00e9g\u00e9hez k\u00f6zeledett, s mik\u00f6zben vacsor\u00e1hoz k\u00e9sz\u00fclt\u00fcnk, begurult k\u00f6z\u00e9nk a helyi \u0151rj\u00e1rat aut\u00f3ja\u2026 Olaszul besz\u00e9l\u0151 \u00fatit\u00e1rsn\u0151nk azt mondta az \u0151r\u00f6knek, hogy csak most \u00e1lltunk meg pihenni, mire \u0151k mosolyogva elmentek. Tudtuk, hogy vissza fognak j\u00f6nni, s tal\u00e1n \u00e9pp az \u201eelijesztett\u201d aut\u00f3s h\u00edvta ki \u0151ket\u2026 Sz\u00fcrk\u00fcletkor indultunk el \u00faj, kiszemelt t\u00e1borhely\u00fcnkre, Doberdo del Lago t\u00faloldal\u00e1ra. \u00c9s mit tesz Isten? Ism\u00e9t egy \u201ekanap\u00e9s\u201d helyre akadtunk \u2013 az olaszok ide is juttattak egyet megunt berendez\u00e9si t\u00e1rgyaikb\u00f3l\u2026<\/p>\n<p style=\"text-align: right;\">Hars\u00e1czki Gy\u00f6rgy<\/p>\n","protected":false},"excerpt":{"rendered":"<p>A Timavo felbukkan, a farkast ellopj\u00e1k, a fedez\u00e9k leleplez\u0151dik\u2026 \u00a0 A reggel a kanap\u00e9s s\u00e1torhely meg\u00f6r\u00f6k\u00edt\u00e9s\u00e9vel kezd\u0151d\u00f6tt, azt\u00e1n s\u00e1torbont\u00e1s, annak sz\u00e1r\u00edt\u00e1sa, majd k\u00e1v\u00e9z\u00e1s j\u00f6tt. \u00d6ten Triesztbe k\u00e9sz\u00fclt\u00fcnk v\u00e1rost n\u00e9zni \u2013 egy kicsit laz\u00edtani. Bandit\u00f3l megkaptuk a feladatot, miszerint vizet felt\u00e9tlen\u00fcl hozzunk a nap v\u00e9g\u00e9n, ak\u00e1r egy sz\u00f6k\u0151k\u00fatb\u00f3l is. V\u00e1llaltuk volna, \u2026 <a class=\"continue-reading-link\" href=\"https:\/\/induljelegyuton.hu\/?p=2814\"> Continue reading <span class=\"meta-nav\">&rarr; <\/span><\/a><\/p>\n","protected":false},"author":1,"featured_media":0,"comment_status":"open","ping_status":"open","sticky":false,"template":"","format":"standard","meta":{"ngg_post_thumbnail":0,"footnotes":""},"categories":[21,27],"tags":[1348,1343,75,1350,1357,1351,182,1359,1328,1349,1353,1340,1344,1354,1341,1336,1342,1352,1362,1337,1363,1131,1345,1346,1361,491,1355,545,1356,1332,1347,1334,1333,1329,1339,1335,1327,1338,1358,1360],"class_list":["post-2814","post","type-post","status-publish","format-standard","hentry","category-bakancsolas","category-europa-nagyvilag","tag-a-beran-kdt","tag-aquarium","tag-bronzkori-sanc","tag-cadorna-haz","tag-castel-rubbia","tag-castellazzo","tag-cigany","tag-devetachi","tag-doberdo","tag-doberdo-del-lago","tag-doberdoi","tag-faro-della-vittoria","tag-fedezek","tag-fogliano-di-redipuglia-i-temeto","tag-habsburg-birodalom","tag-harmadik-olasz-hadsereg","tag-i-miksa-foherceg","tag-isonzo","tag-iv-karoly","tag-jugoszlav-partizanok","tag-kanape","tag-karsztforras","tag-kaverna","tag-loveszarok","tag-magyar-kapolna","tag-monarchia","tag-nagy-temeto","tag-olaszorszag","tag-osztrak-magyar-temeto","tag-reka-folyo","tag-repesz","tag-san-giovanni-di-duino","tag-strabon","tag-timavo","tag-timavo-csata","tag-toszkan-farkasok","tag-trieszt","tag-vergilius","tag-vipava","tag-visintini"],"_links":{"self":[{"href":"https:\/\/induljelegyuton.hu\/index.php?rest_route=\/wp\/v2\/posts\/2814","targetHints":{"allow":["GET"]}}],"collection":[{"href":"https:\/\/induljelegyuton.hu\/index.php?rest_route=\/wp\/v2\/posts"}],"about":[{"href":"https:\/\/induljelegyuton.hu\/index.php?rest_route=\/wp\/v2\/types\/post"}],"author":[{"embeddable":true,"href":"https:\/\/induljelegyuton.hu\/index.php?rest_route=\/wp\/v2\/users\/1"}],"replies":[{"embeddable":true,"href":"https:\/\/induljelegyuton.hu\/index.php?rest_route=%2Fwp%2Fv2%2Fcomments&post=2814"}],"version-history":[{"count":19,"href":"https:\/\/induljelegyuton.hu\/index.php?rest_route=\/wp\/v2\/posts\/2814\/revisions"}],"predecessor-version":[{"id":2863,"href":"https:\/\/induljelegyuton.hu\/index.php?rest_route=\/wp\/v2\/posts\/2814\/revisions\/2863"}],"wp:attachment":[{"href":"https:\/\/induljelegyuton.hu\/index.php?rest_route=%2Fwp%2Fv2%2Fmedia&parent=2814"}],"wp:term":[{"taxonomy":"category","embeddable":true,"href":"https:\/\/induljelegyuton.hu\/index.php?rest_route=%2Fwp%2Fv2%2Fcategories&post=2814"},{"taxonomy":"post_tag","embeddable":true,"href":"https:\/\/induljelegyuton.hu\/index.php?rest_route=%2Fwp%2Fv2%2Ftags&post=2814"}],"curies":[{"name":"wp","href":"https:\/\/api.w.org\/{rel}","templated":true}]}}