{"id":269,"date":"2013-07-14T22:20:33","date_gmt":"2013-07-14T20:20:33","guid":{"rendered":"http:\/\/induljelegyuton.hu\/?p=269"},"modified":"2013-10-21T14:44:29","modified_gmt":"2013-10-21T12:44:29","slug":"hokerekpar-igy-jartam","status":"publish","type":"post","link":"https:\/\/induljelegyuton.hu\/?p=269","title":{"rendered":"H\u00f3ker\u00e9kp\u00e1r \u2013 \u00cdgy j\u00e1rtam..!"},"content":{"rendered":"<p>Szasztok!<\/p>\n<p>Mivel k&#8230; sok id\u0151m van \u00e9s n\u00e9ha sz\u00e9tunom az agyam, ez\u00e9rt most titeket f\u00e1rasztalak. Hehe! Mert ugye minden nap nem lehet futni, meg bring\u00e1zni \u00e9s kell sz\u00fcnet a munkakeres\u00e9sek k\u00f6z\u00f6tt is.<\/p>\n<p><strong>ngg_shortcode_0_placeholder<\/strong><\/p>\n<p>Sz\u00f3val tegnap, kb. 3 h\u00f3nap bringa n\u00e9lk\u00fcli \u00e9let ut\u00e1n hirtelen megr\u00e1ndultam \u00e9s k\u00f6nnyes szemekkel tekintettem hegyi ker\u00e9kp\u00e1romra, hi\u00e1nyolva az elm\u00falt h\u00e1rom h\u00f3nap fizikai kapcsolat\u00e1t sz\u00fcrke vasparip\u00e1mmal. Val\u00f3sz\u00edn\u0171leg ennek a romantikus \u00e9rz\u00e9snek felbukkan\u00e1s\u00e1t nagyban el\u0151seg\u00edtette \u00a0a hirtelen lehullott h\u00f3, amelynek hat\u00e1s\u00e1ra \u00f3hatatlan k\u00e9sztet\u00e9st \u00e9reztem, hogy f\u00f6ltekerjek a Nagy-Hideg-hegyre. Hajlamos voltam elfelejteni azt a 3 h\u00f3nap kihagy\u00e1st, amit teker\u00e9s n\u00e9lk\u00fcl t\u00f6lt\u00f6ttem. Gondoltam, mivel \u00e9n a Szilvi szerint a &#8222;Te nem vagy m\u00e9rvad\u00f3&#8221; kateg\u00f3ri\u00e1ba tartozom, amely er\u0151s t\u00falz\u00e1ssal nagyj\u00e1b\u00f3l annyit tesz, hogy pl. nagyobb edz\u00e9s n\u00e9lk\u00fcl, puszt\u00e1n \u0151ser\u0151b\u0151l k\u00f6rbe\u00faszom a F\u00f6ldgoly\u00f3t, nem lesz probl\u00e9ma f\u00f6ltekernem az NHH-ra (Nagy Hideg-hegy). Mentem m\u00e1r f\u00f6l t\u00e9len, teh\u00e1t nem az ismeretlenbe indultam el.<\/p>\n<p>&nbsp;<\/p>\n<p>Hatalmas \u00f6nbizalommal telve indultam el a j\u00f3 meleg, +2 fokos k\u00e1nikul\u00e1ban a nedvesen csillog\u00f3 aszfalton eg\u00e9szen Kir\u00e1lyr\u00e9tig. Mivel eddigi t\u00e9li f\u00f6lmeneteleimkor minden esetben volt m\u00e1r friss aut\u00f3nyom eg\u00e9szen a cs\u00facsig, aminek seg\u00edts\u00e9g\u00e9vel mondhatni k\u00f6nnyed\u00e9n lehet haladni, \u00edgy orc\u00e1n csapott a felismer\u00e9s, amikor \u00a0tulajdonk\u00e9ppen teljesen sz\u0171z h\u00f3 fogadott az erd\u00e9szeti \u00faton. Csak egy ker\u00e9kp\u00e1ros friss, k\u00edgy\u00f3z\u00f3 nyoma mutatta, hogy valaki m\u00e1r pr\u00f3b\u00e1lkozott, vagyis pr\u00f3b\u00e1lkozik a menettel.<\/p>\n<p>Nekiveselkedtem h\u00e1t, s a meglep\u0151en nagy visszatart\u00f3 er\u0151vel rendelkez\u0151 sz\u0171z h\u00f3ban, lassan cammogva haladtam f\u00f6lfel\u00e9. Azt\u00e1n hamar kocaker\u00e9kp\u00e1ros fokozatba kellett v\u00e1ltanom, amivel el\u00e9rtem a hihetetlen, 7 km\/\u00f3r\u00e1s sebess\u00e9get. Gyors sz\u00e1m\u00edt\u00e1st v\u00e9geztem, amib\u0151l kider\u00fclt, hogy \u00edgy, ha f\u00f6l is jutok, lefel\u00e9 m\u00e1r s\u00f6t\u00e9tben fogok j\u00f6nni, ami nem olyan nagy vigadalom. De h\u00e1t az\u00e9rt az emberben mocorog a &#8222;na, nehogy m\u00e1n&#8221; gondolat, h\u00e1t gyer\u00fcnk tov\u00e1bb.<\/p>\n<p>Elment mellettem egy kocsi. \u00c9letemben el\u0151sz\u00f6r h\u00e1l\u00e1t mormoltam egy mellettem elmen\u0151 aut\u00f3nak, ami letaposta a havat, s ez\u00e1ltal felcsillantotta a rem\u00e9nyt a gyorsabb halad\u00e1sra. Tal\u00e1n m\u00e9gis&#8230;<\/p>\n<p>Azt\u00e1n el\u00e9rtem a McAdam utat. Innen a kocsi nem megy tov\u00e1bb, k\u00e9retik a ker\u00e9knyomb\u00f3l kisz\u00e1llni, ism\u00e9t sz\u0171z h\u00f3, a h\u00f3 alatt idi\u00f3ta k\u00f6vek, amik cseppet sem k\u00f6nny\u00edtettek a halad\u00e1son.<\/p>\n<p>&nbsp;<\/p>\n<p>J\u00f3val f\u00f6ljebb, amikor a kocsis emberrel tal\u00e1lkoztam, aki s\u00edfut\u00f3 l\u00e9ccel a l\u00e1bain sz\u00e1zszor gyorsabb volt n\u00e1lam, valami\u00e9rt rosszabb lett az \u00fatmin\u0151s\u00e9g \u00e9s elkezd\u0151dtek a folyamatos kics\u00fasz\u00e1sok, borul\u00e1sok. Ez egy id\u0151 ut\u00e1n kezdett az agyamra menni, hogy egy m\u00e9ter alatt \u00f6tsz\u00f6r l\u00e9pek le, meg fel a bic\u00f3r\u00f3l. Arr\u00f3l sz\u00f3lt \u00a0a teker\u00e9s, hogy kics\u00faszok, lel\u00e9pek, \u00e1llok, felsz\u00e1llok, egyet tekerek, kics\u00faszok, lel\u00e9pek, \u00e1llok&#8230; \u00c9s \u00edgy tov\u00e1bb. Ez a 2758. sz\u00e9ri\u00e1n\u00e1l m\u00e1r nem kimondottan m\u00f3k\u00e1s. S\u0151t! \u00dagy is mondhatn\u00f3k, hogy idegt\u00e9p\u0151en bosszant\u00f3. Kedves any\u00e1z\u00e1sommal gyakran vertem f\u00f6l a t\u00e9li erd\u0151 csendj\u00e9t. Felh\u0151tlen j\u00f3kedvemet f\u0171szerezte, hogy patentos ped\u00e1lom patentj\u00e1ba, valamint a cip\u0151be beleker\u00fclt h\u00f3 egy id\u0151 ut\u00e1n j\u00e9gszer\u0171v\u00e9 t\u00f6m\u00f6r\u00fclt, \u00edgy egy esetleges sikeres elindul\u00e1sn\u00e1l \u00fajabb szidalmak k\u00f6vetkeztek, mire nagy nehezen belediffund\u00e1ltam cip\u0151met a megfelel\u0151 helyre. A ker\u00e9kp\u00e1rom k\u00f6zben kezdett elt\u0171nni a r\u00e1rak\u00f3dott h\u00f3 miatt.<\/p>\n<div id=\"attachment_272\" style=\"width: 310px\" class=\"wp-caption alignright\"><a href=\"http:\/\/induljelegyuton.hu\/wp-content\/uploads\/DSC_2722kis.jpg\"><img loading=\"lazy\" decoding=\"async\" aria-describedby=\"caption-attachment-272\" class=\"size-medium wp-image-272 \" alt=\"Meg\u00e1llapodtam magammal, hogy j\u00f3 lesz a Magas-Taxi turistah\u00e1z is...\" src=\"http:\/\/induljelegyuton.hu\/wp-content\/uploads\/DSC_2722kis-300x168.jpg\" width=\"300\" height=\"168\" srcset=\"https:\/\/induljelegyuton.hu\/wp-content\/uploads\/DSC_2722kis-300x168.jpg 300w, https:\/\/induljelegyuton.hu\/wp-content\/uploads\/DSC_2722kis-250x140.jpg 250w, https:\/\/induljelegyuton.hu\/wp-content\/uploads\/DSC_2722kis.jpg 850w\" sizes=\"auto, (max-width: 300px) 100vw, 300px\" \/><\/a><p id=\"caption-attachment-272\" class=\"wp-caption-text\">Meg\u00e1llapodtam magammal, hogy j\u00f3 lesz a Magas-Taxi turistah\u00e1z is&#8230;<\/p><\/div>\n<p>A f\u00e9kpof\u00e1imra rak\u00f3dott h\u00f3 szint\u00e9n j\u00e9gg\u00e9 v\u00e1lt, a f\u00e9k bebetonoz\u00f3dott, megmozd\u00edt\u00e1sa k\u00e9ptelens\u00e9g volt. Maga a f\u00e9kberendez\u00e9s valahol a t\u00f6bb m\u00e9ter h\u00f3r\u00e9teg alatt aludta hibern\u00e1lt \u00e1lm\u00e1t. A k\u00fcll\u0151imen kis h\u00f3z\u00e1szl\u00f3k d\u00edszelegtek, a fogaskerekeknek \u00e9ppen csak az az egyede l\u00e1tszott, amin a l\u00e1nc futott. \u00dajraterveztem h\u00e1t az eddigieket \u00e9s meg\u00e1llapodtam magammal, hogy j\u00f3 lesz a Magas-Taxi turistah\u00e1z is, onnan meg majd megl\u00e1tjuk. Amikor viszont \u00fajult er\u0151vel, meg sokszoroz\u00f3dva j\u00f6ttek a kics\u00fasz\u00e1sos k\u00e9nyszerlesz\u00e1ll\u00e1sok, szidalmakat b\u0151ven sz\u00f3rva d\u00f6nt\u00f6ttem: v\u00e9g\u00e1llom\u00e1s Magas-Tax. Ott k\u00e9sz\u00fcltek a fot\u00f3k a h\u00f3ker\u00e9kp\u00e1rr\u00f3l.<\/p>\n<p>&nbsp;<\/p>\n<p>Gondoltam, lefel\u00e9 j\u00f6het a suhan\u00e1s. De hogy ezt esetleg t\u00fal\u00e9ljem, el\u0151sz\u00f6r a f\u00e9kbet\u00e9teket bor\u00edt\u00f3 j\u00e9gr\u00e9teggel kell kezdenem valamit. A megold\u00e1s k\u00e9zenfekv\u0151: gurulok, s k\u00f6zben odaszor\u00edtom a f\u00e9ket a felnihez, ami majd id\u0151vel leolvasztja a jeget \u00e9s j\u00f6het a f\u00e9khat\u00e1s.<\/p>\n<div id=\"attachment_273\" style=\"width: 310px\" class=\"wp-caption alignright\"><a href=\"http:\/\/induljelegyuton.hu\/wp-content\/uploads\/DSC_2723kis.jpg\"><img loading=\"lazy\" decoding=\"async\" aria-describedby=\"caption-attachment-273\" class=\"size-medium wp-image-273\" alt=\"A f\u00e9kberendez\u00e9s valahol a t\u00f6bb m\u00e9ter h\u00f3r\u00e9teg alatt aludta hibern\u00e1lt \u00e1lm\u00e1t\" src=\"http:\/\/induljelegyuton.hu\/wp-content\/uploads\/DSC_2723kis-300x168.jpg\" width=\"300\" height=\"168\" srcset=\"https:\/\/induljelegyuton.hu\/wp-content\/uploads\/DSC_2723kis-300x168.jpg 300w, https:\/\/induljelegyuton.hu\/wp-content\/uploads\/DSC_2723kis-250x140.jpg 250w, https:\/\/induljelegyuton.hu\/wp-content\/uploads\/DSC_2723kis.jpg 850w\" sizes=\"auto, (max-width: 300px) 100vw, 300px\" \/><\/a><p id=\"caption-attachment-273\" class=\"wp-caption-text\">A f\u00e9kberendez\u00e9s valahol a t\u00f6bb m\u00e9ter h\u00f3r\u00e9teg alatt aludta hibern\u00e1lt \u00e1lm\u00e1t<\/p><\/div>\n<p>Kiszabad\u00edtottam m\u00e1r r\u00e9g\u00f3ta nem l\u00e1tott f\u00e9kjeimet a h\u00f3 fogs\u00e1g\u00e1b\u00f3l, s kezd\u0151dhetett a gurul\u00e1s.<\/p>\n<p>Felsz\u00e1lltam, megtekertem, azt\u00e1n lassan gyorsulva lassultam, annak ellen\u00e9re, hogy a f\u00e9khez m\u00e9g hozz\u00e1 sem \u00e9rtem. No, gondoltam, majd a lejt\u0151sebb r\u00e9szen kibabr\u00e1lok \u00e9n mindenkivel! Addig meg eltekerek valahogy. J\u00f6tt a lejt\u0151sebb r\u00e9sz, megtekertem, gurultam, f\u00e9k beh\u00faz, f\u00e9khat\u00e1s semmi, de ezt tudtam, j\u00e9g elolvad, h\u00e1ts\u00f3 f\u00e9k fog, de azt\u00e1n nagyobb lett a h\u00f3, \u00edgy ism\u00e9t lassul\u00e1s. Azokon a helyeken, ahol ny\u00e1ron 40-50 km\/\u00f3r\u00e1val szoktam suhanni, jelen esetben tekerve el\u00e9rtem a 15-\u00f6t. Ja! Persze elpunnyadt izmaim m\u00e1r jav\u00e1ban any\u00e1ztak a kik\u00e9pz\u00e9s ellen. G\u00f6rcs\u00f6ltek, \u00e9gtek, f\u00e1jtak. A kezem kezdett elfagyni ( -1 fok volt).<\/p>\n<p>Hosszas teker\u0151s lejtmenet ut\u00e1n v\u00e9gre el\u00e9rtem a betonutat, ahol azt\u00e1n j\u00f6tt a j\u00f3l meg\u00e9rdemelt suhan\u00e1s a v\u00e9konyabb h\u00f3ban, de \u00edgy meg kiss\u00e9 kih\u0171ltem magh\u0151m\u00e9rs\u00e9kletileg, aminek megint szerencs\u00e9tlen ujjaim l\u00e1tt\u00e1k k\u00e1r\u00e1t.<\/p>\n<div id=\"attachment_274\" style=\"width: 310px\" class=\"wp-caption alignright\"><a href=\"http:\/\/induljelegyuton.hu\/wp-content\/uploads\/DSC_2726kis.jpg\"><img loading=\"lazy\" decoding=\"async\" aria-describedby=\"caption-attachment-274\" class=\"size-medium wp-image-274\" alt=\"V\u00e9g\u00e1llom\u00e1s: Magas-Tax\" src=\"http:\/\/induljelegyuton.hu\/wp-content\/uploads\/DSC_2726kis-300x168.jpg\" width=\"300\" height=\"168\" srcset=\"https:\/\/induljelegyuton.hu\/wp-content\/uploads\/DSC_2726kis-300x168.jpg 300w, https:\/\/induljelegyuton.hu\/wp-content\/uploads\/DSC_2726kis-250x140.jpg 250w, https:\/\/induljelegyuton.hu\/wp-content\/uploads\/DSC_2726kis.jpg 850w\" sizes=\"auto, (max-width: 300px) 100vw, 300px\" \/><\/a><p id=\"caption-attachment-274\" class=\"wp-caption-text\">V\u00e9g\u00e1llom\u00e1s: Magas-Tax<\/p><\/div>\n<p>Ki\u00e9rtem a megtiszt\u00edtott beton\u00fatra, ahol gurul\u00e1s k\u00f6zben t\u00f6bbsz\u00f6r odacsaptam a bring\u00e1t a betonhoz, pr\u00f3b\u00e1lv\u00e1n ler\u00e1zni r\u00f3la a t\u00f6bb tonna havat, amivel viszont kisebb-nagyobb, \u00e1thatolhatatlan h\u00f3torlaszokat emeltem a f\u0151\u00fat k\u00f6zep\u00e9re. A h\u0151m\u00e9rs\u00e9klet stagn\u00e1lva -1-et mutatott annak ellen\u00e9re, hogy m\u00e1r t\u00f6bb sz\u00e1z m\u00e9ter szintet j\u00f6ttem le. Az ember elv\u00e1rn\u00e1, f\u0151leg kiss\u00e9 fagyott \u00e1llapotban, hogy az a 100 m szintenk\u00e9nt be\u00edg\u00e9rt 0.5 fokos meleged\u00e9s megval\u00f3sul, de nem. \u00c9s m\u00e9g hideg l\u00e9gp\u00e1rna sincsen!<\/p>\n<p>Ver\u0151c\u00e9n\u00e9l kezdett visszat\u00e9rni a kering\u00e9s a ujjaimba, ami viszont olyan k\u00ednokkal j\u00e1rt, hogy majdnem lefordultam a bring\u00e1r\u00f3l.<\/p>\n<p>Itthon a bring\u00e1n maradt, marad\u00e9k szutykos h\u00f3 olvad\u00e1sa miatt \u00e1tmenetileg megnyitottuk a vizes \u00e9l\u0151hely tan\u00f6sv\u00e9nyt, ami ma reggel m\u00e1r be is z\u00e1rt.<\/p>\n<p>&nbsp;<\/p>\n<p>H\u00e1t \u00edgy j\u00e1rtam! 3 h\u00f3nap bringapihi ut\u00e1n az ember ne egyb\u0151l t\u00e9li viszonyos hegyi menetet v\u00e1llaljon be. De val\u00f3sz\u00edn\u0171leg akkor sem megyek fel, ha topon vagyok, mert azt az es\u0151s-kel\u0151s iz\u00e9t nem lehetett \u00e9lvezni.<\/p>\n<p>Ennyi! Sz\u00e9p napot!<\/p>\n<p align=\"right\">Kl\u00e9ri J\u00e1nos &#8211; Jani (2013)<\/p>\n","protected":false},"excerpt":{"rendered":"<p>Szasztok! Mivel k&#8230; sok id\u0151m van \u00e9s n\u00e9ha sz\u00e9tunom az agyam, ez\u00e9rt most titeket f\u00e1rasztalak. Hehe! Mert ugye minden nap nem lehet futni, meg bring\u00e1zni \u00e9s kell sz\u00fcnet a munkakeres\u00e9sek k\u00f6z\u00f6tt is. Sz\u00f3val tegnap, kb. 3 h\u00f3nap bringa n\u00e9lk\u00fcli \u00e9let ut\u00e1n hirtelen megr\u00e1ndultam \u00e9s k\u00f6nnyes szemekkel tekintettem hegyi ker\u00e9kp\u00e1romra, hi\u00e1nyolva \u2026 <a class=\"continue-reading-link\" href=\"https:\/\/induljelegyuton.hu\/?p=269\"> Continue reading <span class=\"meta-nav\">&rarr; <\/span><\/a><\/p>\n","protected":false},"author":1,"featured_media":0,"comment_status":"open","ping_status":"open","sticky":false,"template":"","format":"standard","meta":{"ngg_post_thumbnail":0,"footnotes":""},"categories":[24],"tags":[62,66,65,68,67,10,64],"class_list":["post-269","post","type-post","status-publish","format-standard","hentry","category-turabetyar","tag-62","tag-bicikli","tag-kerekpar","tag-kiralyret","tag-magas-tax","tag-teli-tura","tag-vicc"],"_links":{"self":[{"href":"https:\/\/induljelegyuton.hu\/index.php?rest_route=\/wp\/v2\/posts\/269","targetHints":{"allow":["GET"]}}],"collection":[{"href":"https:\/\/induljelegyuton.hu\/index.php?rest_route=\/wp\/v2\/posts"}],"about":[{"href":"https:\/\/induljelegyuton.hu\/index.php?rest_route=\/wp\/v2\/types\/post"}],"author":[{"embeddable":true,"href":"https:\/\/induljelegyuton.hu\/index.php?rest_route=\/wp\/v2\/users\/1"}],"replies":[{"embeddable":true,"href":"https:\/\/induljelegyuton.hu\/index.php?rest_route=%2Fwp%2Fv2%2Fcomments&post=269"}],"version-history":[{"count":13,"href":"https:\/\/induljelegyuton.hu\/index.php?rest_route=\/wp\/v2\/posts\/269\/revisions"}],"predecessor-version":[{"id":271,"href":"https:\/\/induljelegyuton.hu\/index.php?rest_route=\/wp\/v2\/posts\/269\/revisions\/271"}],"wp:attachment":[{"href":"https:\/\/induljelegyuton.hu\/index.php?rest_route=%2Fwp%2Fv2%2Fmedia&parent=269"}],"wp:term":[{"taxonomy":"category","embeddable":true,"href":"https:\/\/induljelegyuton.hu\/index.php?rest_route=%2Fwp%2Fv2%2Fcategories&post=269"},{"taxonomy":"post_tag","embeddable":true,"href":"https:\/\/induljelegyuton.hu\/index.php?rest_route=%2Fwp%2Fv2%2Ftags&post=269"}],"curies":[{"name":"wp","href":"https:\/\/api.w.org\/{rel}","templated":true}]}}