{"id":2664,"date":"2015-03-17T02:06:56","date_gmt":"2015-03-17T01:06:56","guid":{"rendered":"http:\/\/induljelegyuton.hu\/?p=2664"},"modified":"2015-03-17T02:30:26","modified_gmt":"2015-03-17T01:30:26","slug":"ki-tud-rola-kilato-helyett-kilatas","status":"publish","type":"post","link":"https:\/\/induljelegyuton.hu\/?p=2664","title":{"rendered":"Ki tud r\u00f3la?! Kil\u00e1t\u00f3 helyett: kil\u00e1t\u00e1s!"},"content":{"rendered":"<p><strong>Az eredeti tervek szerint \u00e1t\u00e9p\u00edtett\u00e9k a zebeg\u00e9nyi Trianon-eml\u00e9km\u0171vet<\/strong><\/p>\n<p>&nbsp;<\/p>\n<div id=\"attachment_2676\" style=\"width: 210px\" class=\"wp-caption alignright\"><a href=\"http:\/\/induljelegyuton.hu\/wp-content\/uploads\/DSC_01641.jpg\"><img loading=\"lazy\" decoding=\"async\" aria-describedby=\"caption-attachment-2676\" class=\"size-medium wp-image-2676\" alt=\"Az eml\u00e9km\u0171 levetette kil\u00e1t\u00f3 \u00e1lc\u00e1j\u00e1t...\" src=\"http:\/\/induljelegyuton.hu\/wp-content\/uploads\/DSC_01641-200x300.jpg\" width=\"200\" height=\"300\" srcset=\"https:\/\/induljelegyuton.hu\/wp-content\/uploads\/DSC_01641-200x300.jpg 200w, https:\/\/induljelegyuton.hu\/wp-content\/uploads\/DSC_01641-100x150.jpg 100w, https:\/\/induljelegyuton.hu\/wp-content\/uploads\/DSC_01641.jpg 567w\" sizes=\"auto, (max-width: 200px) 100vw, 200px\" \/><\/a><p id=\"caption-attachment-2676\" class=\"wp-caption-text\">Az eml\u00e9km\u0171 levetette kil\u00e1t\u00f3 \u00e1lc\u00e1j\u00e1t&#8230;<\/p><\/div>\n<p>Szobr\u00f3l j\u00f6vet, r\u00e1\u00e9r\u0151sen s\u00e9t\u00e1ltam lefel\u00e9 Zebeg\u00e9nybe a Malom-hegyr\u0151l. Az Orgona utca egyik, a k\u00f6zpont fel\u00e9 es\u0151 \u00fcres h\u00e1zhely\u00e9n furcsa betonv\u00e1zat vettem \u00e9szre, amely egy modern kil\u00e1t\u00f3 \u2013 esetleg egy l\u00e1bash\u00e1z \u2013 oszlopokon \u00e1ll\u00f3\u00a0 alapj\u00e1ra eml\u00e9keztetett. A kil\u00e1t\u00f3t az\u00e9rt val\u00f3sz\u00edn\u0171s\u00edtettem, mert arr\u00f3l a pontr\u00f3l esett a legjobb r\u00e1l\u00e1t\u00e1s Zebeg\u00e9ny \u201et\u00f6rt\u00e9nelmi\u201d centrum\u00e1ra. Kil\u00e9pdelve r\u00e1 k\u00e9sz\u00edtettem n\u00e9h\u00e1ny j\u00f3 k\u00e9pet, s l\u00e1thattam azt is, hogy a r\u00e9zkori f\u00f6ldv\u00e1rnak helyet ad\u00f3 meredek magaslat szinte k\u00f6rbej\u00e1rhat\u00f3 \u2013 mind\u00f6ssze egy keskeny gerinccel kapcsol\u00f3dik a Remetekereszt-b\u00e9rchez. M\u00e1r r\u00e9g\u00f3ta fentem a fogam az eml\u00e9km\u0171re \u00e9s a r\u00f3la es\u0151 kil\u00e1t\u00e1sra.<\/p>\n<p>&nbsp;<\/p>\n<p>Az utols\u00f3 szakaszt egy rendhagy\u00f3 kresz-t\u00e1bla ind\u00edtotta. \u00dagy t\u0171nt, hogy a gyalogosforgalmat tereli egy gyalog\u00f6sv\u00e9nyre \u2013 azon j\u00f6ttem le. M\u00e1r majdnem le\u00e9rtem, amikor felfedeztem, hogy az egyik villa felj\u00e1r\u00f3j\u00e1r\u00f3l j\u00f3l egybe kompon\u00e1lhat\u00f3 a dombon \u00e1ll\u00f3 Trianon-eml\u00e9km\u0171 a K\u00f3s K\u00e1roly templom toronysisakj\u00e1val. Kicsit furcsa volt&#8230; Biztosan az\u00e9rt, mert innen m\u00e9g nem l\u00e1ttam soha\u2026 &#8211; gondoltam. Ja, igen! &#8211; kiv\u00e1gt\u00e1k a Dun\u00e1ra es\u0151 kil\u00e1t\u00e1st akad\u00e1lyoz\u00f3 f\u00e1kat, bokrokat!<\/p>\n<p>&nbsp;<\/p>\n<p>Ejt\u0151ztem egy f\u00e9l \u00f3r\u00e1t a Gal\u00e9ria cukr\u00e1szda terasz\u00e1n, de nem tetszett minden\u2026 Ketten \u2013 vagy h\u00e1rman? &#8211; voltak a pultn\u00e1l, ellenben nem volt kiszolg\u00e1l\u00e1s, s magam hoztam ki a s\u00f6rt, a poharat, valamint a mignont. Szerintem ilyen helyen m\u00e1r illik kivinni a rendel\u00e9st \u2013 s ha valaki m\u00e1r t\u00f6bb dolgot is rendel\u2026<\/p>\n<p><strong><strong>ngg_shortcode_0_placeholder<\/strong><\/strong><\/p>\n<p>A K\u00e1lv\u00e1riadomb t\u00f6v\u00e9ben sem t\u0171nt fel, hogy a meredek gyalog\u00fat, amelyen legut\u00f3bb m\u00e9g cs\u00faszk\u00e1lva j\u00f6ttem le, most alaposan ki van k\u00f6vezve bazaltkock\u00e1kkal. Volt n\u00e9mi forgalom \u2013 f\u0151leg gyerekes csal\u00e1dok -, de gyorsan fel\u00e9rtem. K\u00e9sz\u00edtettem n\u00e9h\u00e1ny k\u00e9pet a \u201ebarokkos\u201d k\u00e1lv\u00e1ria k\u00e1poln\u00e1r\u00f3l (1853), amely m\u00e1r az 1938-ban \u00e1ll\u00edtott Orsz\u00e1gz\u00e1szl\u00f3 \u00e9s a Trianon-eml\u00e9km\u0171 r\u00e9sz\u00e9nek tekinthet\u0151. T\u00f6v\u00e9ben \u00e1llnak els\u0151 term\u00e9sk\u0151-oszlopok, s az azokat \u00f6sszek\u00f6t\u0151 ac\u00e9l pergol\u00e1k, amelyek egym\u00e1s feletti halmokat form\u00e1znak, kereszttel a cs\u00facsukon. Ez a jelk\u00e9pes, f\u00e9lig z\u00e1rt s\u00edrkertet az Aradi V\u00e9rtan\u00fak Eml\u00e9khely\u00e9v\u00e9 szentelt\u00e9k 2001-ben. A k\u00e1polna t\u00faloldal\u00e1ra a rendszerv\u00e1lt\u00e1s ut\u00e1n ker\u00fclt az 1956-os eml\u00e9khely.<\/p>\n<div id=\"attachment_2674\" style=\"width: 310px\" class=\"wp-caption alignright\"><a href=\"http:\/\/induljelegyuton.hu\/wp-content\/uploads\/DSC_01291.jpg\"><img loading=\"lazy\" decoding=\"async\" aria-describedby=\"caption-attachment-2674\" class=\"size-medium wp-image-2674\" alt=\"A K\u00e1lv\u00e1riahegy\/K\u00e1lv\u00e1riadomb az Orgona utc\u00e1b\u00f3l\" src=\"http:\/\/induljelegyuton.hu\/wp-content\/uploads\/DSC_01291-300x200.jpg\" width=\"300\" height=\"200\" srcset=\"https:\/\/induljelegyuton.hu\/wp-content\/uploads\/DSC_01291-300x200.jpg 300w, https:\/\/induljelegyuton.hu\/wp-content\/uploads\/DSC_01291-224x150.jpg 224w, https:\/\/induljelegyuton.hu\/wp-content\/uploads\/DSC_01291.jpg 850w\" sizes=\"auto, (max-width: 300px) 100vw, 300px\" \/><\/a><p id=\"caption-attachment-2674\" class=\"wp-caption-text\">A K\u00e1lv\u00e1riahegy\/K\u00e1lv\u00e1riadomb az Orgona utc\u00e1b\u00f3l<\/p><\/div>\n<p>Az eml\u00e9km\u0171-egy\u00fcttes d\u00e9li r\u00e9sz\u00e9t a k\u00f6zponti t\u00e9ren \u00e1ll\u00f3 oszlop v\u00e1lasztja el az \u00e9szaki f\u0151\u00e9p\u00edtm\u00e9nyt\u0151l, amelyen egy t\u00f6viskoszor\u00fas Krisztus-fej l\u00e1that\u00f3.<\/p>\n<p>Lassan k\u00f6zel\u00edtettem az \u00f6sszetett, mag\u00e1ban t\u00f6bb eml\u00e9km\u0171vet egyes\u00edt\u0151 \u00e9p\u00edtm\u00e9ny kil\u00e1t\u00f3 r\u00e9sze fel\u00e9. K\u00e9t eml\u00e9kt\u00e1bla fogadott. Az egyik sz\u00f6vege \u00edgy sz\u00f3l: \u201eOrsz\u00e1gz\u00e1szl\u00f3 \u00e9s nemzeti h\u0151seink trag\u00e9di\u00e1inak eml\u00e9khelye. Tervezte: Mar\u00f3ti G\u00e9za iparm\u0171v\u00e9sz, k\u00e9sz\u00fclt hazafias k\u00f6zadakoz\u00e1sb\u00f3l 1935-38\u201d, a m\u00e1sik pedig arr\u00f3l t\u00e1j\u00e9koztat, hogy a Trianon T\u00e1rsas\u00e1g 2000-ben Trianon eml\u00e9khely\u00e9v\u00e9 szentelte e helyet. Henri Pozzi, francia diplomata \u2013 aki els\u0151k k\u00f6z\u00f6tt ismerte fel, \u00e9s meg is \u00edrta a b\u00e9kedikt\u00e1tum embertelens\u00e9g\u00e9t \u2013 eml\u00e9kt\u00e1bl\u00e1j\u00e1t is 2000-ben avatt\u00e1k fel.<\/p>\n<p>&nbsp;<\/p>\n<p>Mar\u00f3ti G\u00e9za iparm\u0171v\u00e9sz 1932-ben t\u00e9rt vissza Amerik\u00e1b\u00f3l, s mivel az els\u0151, Huber Mikl\u00f3s-meg\u00e1lmodta Trianon-eml\u00e9km\u0171 \u00e9s Orsz\u00e1gz\u00e1szl\u00f3 nem nyerte el a helyiek tetsz\u00e9s\u00e9t, a mag\u00e1t b\u00fcszk\u00e9n \u201e\u0151s-zebeg\u00e9nyinek\u201d mond\u00f3 Mar\u00f3tit b\u00edzt\u00e1k meg a tervekkel.<\/p>\n<p>A terv szerint alak\u00edtott\u00e1k ki a meredek hegy lapos tetej\u00e9t, amivel \u2013 sajnos \u2013 elt\u00fcntett\u00e9k a f\u00f6ldv\u00e1r r\u00e9g\u00e9szeti r\u00e9tegeit. A k\u00f6zponti r\u00e9sz nyolcsz\u00f6g\u0171 r\u00e9sz\u00e9nek k\u00f6zep\u00e9n \u2013 az Orsz\u00e1gz\u00e1szl\u00f3t k\u00f6zrefogva &#8211; n\u00e9gy oszlop sz\u00f6k\u00f6tt a magasba, hogy azon kett\u0151s keresztek \u00e1lljanak. A kereszteket este kivil\u00e1g\u00edtott\u00e1k volna, \u00e1m az \u00e9p\u00edtkez\u00e9s ezen r\u00e9sz\u00e9t \u201eegy m\u0171szaki ellen\u0151r le\u00e1ll\u00edtotta\u201d.<\/p>\n<p>Tal\u00e1n nem csak ez\u00e9rt, de az eml\u00e9km\u0171 a m\u00e1sodik vil\u00e1gh\u00e1bor\u00fa kirobban\u00e1sa miatt befejezetlen maradt \u2013 nem szentelt\u00e9k fel. A szovjet inv\u00e1zi\u00f3 \u00e9veiben, esetleg \u00e9vtizedeiben semmi j\u00f3ra nem sz\u00e1m\u00edthatott egy ilyen revizionista, nemzeti eml\u00e9km\u0171. Hogy a zebeg\u00e9nyiek 1935-38 k\u00f6z\u00f6tt befektetett sok munk\u00e1ja se vesszen k\u00e1rba, a zebeg\u00e9nyi tan\u00e1cs a k\u00f6zponti oszlopokra vasbeton hidakat tetetett, \u00e9s kil\u00e1t\u00f3nak \u201e\u00e1lc\u00e1zta\u201d az eml\u00e9km\u0171vet. Az \u00e9p\u00edtm\u00e9ny ezzel meg\u00faszta a led\u00f6nt\u00e9st, \u00e1m eredeti rendeltet\u00e9se tabu lett \u2013 eg\u00e9szen 1989-ig. \u00c9n is \u00edgy tal\u00e1lkoztam vele el\u0151sz\u00f6r az 1980-as \u00e9vekben. \u2026\u00e9s m\u00e1sodj\u00e1ra, \u00e9s harmadj\u00e1ra is\u2026<\/p>\n<p>&nbsp;<\/p>\n<div id=\"attachment_2675\" style=\"width: 310px\" class=\"wp-caption alignright\"><a href=\"http:\/\/induljelegyuton.hu\/wp-content\/uploads\/DSC_0140.jpg\"><img loading=\"lazy\" decoding=\"async\" aria-describedby=\"caption-attachment-2675\" class=\"size-medium wp-image-2675\" alt=\"Az eml\u00e9km\u0171 az Orgona utca elej\u00e9r\u0151l: lentr\u0151l l\u00e1that\u00f3, fentr\u0151l kil\u00e1t\u00f3...\" src=\"http:\/\/induljelegyuton.hu\/wp-content\/uploads\/DSC_0140-300x200.jpg\" width=\"300\" height=\"200\" srcset=\"https:\/\/induljelegyuton.hu\/wp-content\/uploads\/DSC_0140-300x200.jpg 300w, https:\/\/induljelegyuton.hu\/wp-content\/uploads\/DSC_0140-224x150.jpg 224w, https:\/\/induljelegyuton.hu\/wp-content\/uploads\/DSC_0140.jpg 850w\" sizes=\"auto, (max-width: 300px) 100vw, 300px\" \/><\/a><p id=\"caption-attachment-2675\" class=\"wp-caption-text\">Az eml\u00e9km\u0171 az Orgona utca elej\u00e9r\u0151l: lentr\u0151l l\u00e1that\u00f3, fentr\u0151l kil\u00e1t\u00f3&#8230;<\/p><\/div>\n<p>Mar\u00f3ti p\u00e1ly\u00e1j\u00e1t Oppenheimer Ign\u00e1c \u00e9p\u00fcletszobr\u00e1sz-m\u0171hely\u00e9ben kezdte, s ebben a szakm\u00e1ban alkotott maradand\u00f3t szerte a vil\u00e1gban. Budapest szecesszi\u00f3s \u00e9p\u00fcleteinek (Zeneakad\u00e9mia, Gresham-palota) szobor- \u00e9s szobr\u00e1szati d\u00edszei \u00e1ll\u00edtanak eml\u00e9ket Mar\u00f3tinak. Megh\u00edvottk\u00e9nt dolgozott Mexik\u00f3ban, Detroitban, s az USA \u00c9p\u00edt\u00e9szkamar\u00e1j\u00e1ba is bev\u00e1lasztott\u00e1k.<\/p>\n<p>Mar\u00f3ti vill\u00e1j\u00e1t \u2013 a Mar\u00f3ti-vill\u00e1t \u2013 m\u00e1r az I. vil\u00e1gh\u00e1bor\u00fa el\u0151tt fel\u00e9p\u00edtette, ahol sz\u00e1mos m\u0171t\u00e1rggyal vette mag\u00e1t k\u00f6r\u00fcl. 1932 ut\u00e1n az Iparm\u0171v\u00e9szeti Iskola tan\u00e1ra volt, majd 1941-ben hunyt el \u2013 munkan\u00e9lk\u00fclik\u00e9nt. D\u00e9dunok\u00e1ja Br\u00f3dy J\u00e1nos zen\u00e9sz, dalsz\u00f6veg-\u00edr\u00f3, az \u201eIstv\u00e1n a kir\u00e1ly\u201d rockopera egyik szerz\u0151je.<\/p>\n<p>&nbsp;<\/p>\n<p>Ahogy m\u00e1rcius 15-\u00e9n egyre k\u00f6zelebb l\u00e9pdeltem az eml\u00e9km\u0171h\u00f6z, valami szokatlant \u00e9reztem. Nem l\u00e1ttam, csak \u00e9reztem \u2013 el voltam foglalva azzal, hogy l\u00e1togat\u00f3kat kapjak lencsev\u00e9gre az eml\u00e9khelyen. M\u00e1r az oszlopok t\u00f6v\u00e9ben j\u00e1rtam, amikor azt hallottam: Hol a kil\u00e1t\u00f3? Feln\u00e9ztem. \u2013 T\u00e9nyleg, hol a kil\u00e1t\u00f3?! \u2013 Nem voltak ott a korl\u00e1tos betonhidak \u00e9s a k\u00e9toldalt levezet\u0151 vasl\u00e9pcs\u0151k. Vissza\u00e1ll\u00edtott\u00e1k az eredeti eml\u00e9km\u0171vet!<\/p>\n<p>&#8211; Nem, ez nem j\u00f3&#8230; &#8211; d\u00fcnny\u00f6gte egy id\u0151sebb f\u00e9rfi, mik\u00f6zben \u00e9rtetlen\u00fcl a magasba ny\u00fal\u00f3 keresztekre meredt -, mi\u00e9rt nem volt j\u00f3 a kil\u00e1t\u00f3? Nem lehet t\u00f6bb\u00e9 felmenni&#8230;<\/p>\n<p>Az eml\u00e9km\u0171 levetette t\u00f6bb mint 60 \u00e9ves \u00e1lc\u00e1j\u00e1t, \u00e9s ism\u00e9t n\u00e9gyszeres felki\u00e1lt\u00f3jel a Duna-v\u00f6lgy fel\u00e9: Trianon m\u00e1ig \u00e9l. Viszont ennek \u201e\u00f6r\u00f6m\u00e9re\u201d a f\u00e1k megritk\u00edt\u00e1s\u00e1val az eddigivel szinte megegyez\u0151 kil\u00e1t\u00e1s \u00e9lvezhet\u0151 a Dun\u00e1ra.<\/p>\n<p>Bakancsom orra el\u0151tt egy r\u00e9zt\u00e1bl\u00e1t vettem \u00e9szre egy k\u0151re er\u0151s\u00edtve: \u201eBudapest Szabads\u00e1g t\u00e9ri Erekly\u00e9s Orsz\u00e1gz\u00e1szl\u00f3 maradv\u00e1nyait tartalmaz\u00f3 kazetta helye\u201d. Aki kifejezetten ide l\u00e1togat el, annak van mib\u0151l felk\u00e9sz\u00fclnie: Trianon, Szabads\u00e1g t\u00e9ri Erekly\u00e9s Orsz\u00e1gz\u00e1szl\u00f3, orsz\u00e1gz\u00e1szl\u00f3k avat\u00e1sa, eml\u00e9km\u0171vek led\u00f6nt\u00e9se 1945 ut\u00e1n\u2026<\/p>\n<p>Tess\u00e9k mondani, most m\u00e1r k\u00e9sz van, vagy tov\u00e1bbi eredeti r\u00e9szekkel gazdagodik az eml\u00e9km\u0171? Vagy az is meglepet\u00e9s lesz? Nem baj, csak legyen\u2026<\/p>\n<p>&nbsp;<\/p>\n<p>Hars\u00e1czki Gy\u00f6rgy<\/p>\n","protected":false},"excerpt":{"rendered":"<p>Az eredeti tervek szerint \u00e1t\u00e9p\u00edtett\u00e9k a zebeg\u00e9nyi Trianon-eml\u00e9km\u0171vet &nbsp; Szobr\u00f3l j\u00f6vet, r\u00e1\u00e9r\u0151sen s\u00e9t\u00e1ltam lefel\u00e9 Zebeg\u00e9nybe a Malom-hegyr\u0151l. Az Orgona utca egyik, a k\u00f6zpont fel\u00e9 es\u0151 \u00fcres h\u00e1zhely\u00e9n furcsa betonv\u00e1zat vettem \u00e9szre, amely egy modern kil\u00e1t\u00f3 \u2013 esetleg egy l\u00e1bash\u00e1z \u2013 oszlopokon \u00e1ll\u00f3\u00a0 alapj\u00e1ra eml\u00e9keztetett. A kil\u00e1t\u00f3t az\u00e9rt val\u00f3sz\u00edn\u0171s\u00edtettem, mert arr\u00f3l \u2026 <a class=\"continue-reading-link\" href=\"https:\/\/induljelegyuton.hu\/?p=2664\"> Continue reading <span class=\"meta-nav\">&rarr; <\/span><\/a><\/p>\n","protected":false},"author":1,"featured_media":0,"comment_status":"open","ping_status":"open","sticky":false,"template":"","format":"standard","meta":{"ngg_post_thumbnail":0,"footnotes":""},"categories":[163,21,1,22],"tags":[1150,1217,1220,1219,1218,1216,1214,1221,1215,1213],"class_list":["post-2664","post","type-post","status-publish","format-standard","hentry","category-aktualis","category-bakancsolas","category-kukker","category-magyarorszag","tag-1150","tag-brody-janos","tag-henri-pozzi","tag-kalvariahegy","tag-kalviadomb","tag-maroti-geza","tag-orszagzaszlo","tag-trianon-tarsasag","tag-trianon-emlekmu","tag-zebegeny"],"_links":{"self":[{"href":"https:\/\/induljelegyuton.hu\/index.php?rest_route=\/wp\/v2\/posts\/2664","targetHints":{"allow":["GET"]}}],"collection":[{"href":"https:\/\/induljelegyuton.hu\/index.php?rest_route=\/wp\/v2\/posts"}],"about":[{"href":"https:\/\/induljelegyuton.hu\/index.php?rest_route=\/wp\/v2\/types\/post"}],"author":[{"embeddable":true,"href":"https:\/\/induljelegyuton.hu\/index.php?rest_route=\/wp\/v2\/users\/1"}],"replies":[{"embeddable":true,"href":"https:\/\/induljelegyuton.hu\/index.php?rest_route=%2Fwp%2Fv2%2Fcomments&post=2664"}],"version-history":[{"count":9,"href":"https:\/\/induljelegyuton.hu\/index.php?rest_route=\/wp\/v2\/posts\/2664\/revisions"}],"predecessor-version":[{"id":2677,"href":"https:\/\/induljelegyuton.hu\/index.php?rest_route=\/wp\/v2\/posts\/2664\/revisions\/2677"}],"wp:attachment":[{"href":"https:\/\/induljelegyuton.hu\/index.php?rest_route=%2Fwp%2Fv2%2Fmedia&parent=2664"}],"wp:term":[{"taxonomy":"category","embeddable":true,"href":"https:\/\/induljelegyuton.hu\/index.php?rest_route=%2Fwp%2Fv2%2Fcategories&post=2664"},{"taxonomy":"post_tag","embeddable":true,"href":"https:\/\/induljelegyuton.hu\/index.php?rest_route=%2Fwp%2Fv2%2Ftags&post=2664"}],"curies":[{"name":"wp","href":"https:\/\/api.w.org\/{rel}","templated":true}]}}