{"id":2638,"date":"2015-03-14T15:02:08","date_gmt":"2015-03-14T14:02:08","guid":{"rendered":"http:\/\/induljelegyuton.hu\/?p=2638"},"modified":"2015-03-17T12:16:53","modified_gmt":"2015-03-17T11:16:53","slug":"mosonmagyarovar-varos-aminek-ket-szive-van-1-2-resz","status":"publish","type":"post","link":"https:\/\/induljelegyuton.hu\/?p=2638","title":{"rendered":"Mosonmagyar\u00f3v\u00e1r \u2013 v\u00e1ros, aminek k\u00e9t sz\u00edve van (1-2. r\u00e9sz)"},"content":{"rendered":"<p><strong>Egy \u00e1lmos v\u00e1rosr\u00e9sz \u201el\u0151porf\u00fcst\u00f6s\u201d eml\u00e9kei<\/strong><\/p>\n<p>&nbsp;<\/p>\n<p>Lead: <i>Eveztek-e m\u00e1r kenuval v\u00edzi kalandp\u00e1ly\u00e1n, v\u00e1roson bel\u00fcl? Ha igen lenne a v\u00e1lasz, a Mosonmagyar\u00f3v\u00e1ron bel\u00fcl \u201efelturb\u00f3zott\u201d Malom-\u00e1gi Lajt\u00e1t biztosan nem ismerik: egyed\u00fcl\u00e1ll\u00f3 a maga nem\u00e9ben! Ausztria \u00e9s Magyarorsz\u00e1g 2011-2013 k\u00f6z\u00f6tt egy elnyert p\u00e1ly\u00e1zat ut\u00e1n k\u00f6z\u00f6s fejleszt\u00e9sbe kezdett a Lajta v\u00edziturizmus\u00e1nak fellend\u00edt\u00e9s\u00e9re. A Leitha-Lajta-projekt sor\u00e1n a v\u00edzi t\u00far\u00e1z\u00e1sra kifejezetten alkalmas Lajta utols\u00f3 60 km-es szakasz\u00e1n kik\u00f6t\u0151helyeket, pihen\u0151ket, \u00e9p\u00edtettek, inform\u00e1ci\u00f3s t\u00e1bl\u00e1kat tettek ki, megszervezt\u00e9k a foly\u00f3szakasz \u201ekarbantart\u00e1s\u00e1t\u201d \u2013 \u00edgy hajtva m\u00e9g egy kis vizet a r\u00e9gi\u00f3 \u00e9s Mosonmagyar\u00f3v\u00e1r malm\u00e1ra.<\/i><\/p>\n<p><i>Aprop\u00f3, malom! A Mosonmagyar\u00f3v\u00e1r nagyobb malmait hajt\u00f3 Malom-\u00e1gi Lajta medr\u00e9t kenu \u00e9s kajak-k\u00edm\u00e9l\u0151 m\u0171t\u00e1rgyakkal, medersz\u0171k\u00edt\u0151kkel l\u00e1tt\u00e1k el, hogy kisv\u00edz eset\u00e9n is biztons\u00e1gosan \u00e9s fennakad\u00e1s n\u00e9lk\u00fcl lehessen elsiklani a v\u00e1ros nevezetes \u00e9p\u00fcleteinek \u00e1rny\u00e9k\u00e1ban. Az \u00e9lm\u00e9ny-v\u00edzi\u00fat t\u00f6bbek k\u00f6z\u00f6tt \u2013 mint valami v\u00edzi alag\u00faton &#8211; a k\u00f6zel 400 \u00e9ves F\u0151hercegi malom alatt is \u00e1tvezet.<\/i><\/p>\n<p>&nbsp;<\/p>\n<p><strong><strong>ngg_shortcode_0_placeholder<\/strong><\/strong><\/p>\n<p>Van haz\u00e1nknak n\u00e9h\u00e1ny olyan v\u00e1rosa, amelyek neve ismert ugyan, \u00e1m legt\u00f6bb haz\u00e1nkfia m\u00e9g sem tud r\u00f3luk semmit \u2013 tisztelet a kiv\u00e9telnek. Nekem Mosonmagyar\u00f3v\u00e1r a kedvenc ilyen \u201eismeretlenem\u201d. (N\u00e9h\u00e1ny \u00e9ve jelent meg hi\u00e1nyp\u00f3tl\u00f3 \u00edr\u00e1s lapunkban.) Ez az a kisv\u00e1ros, amelyen mindenki \u201e\u00e1td\u00f6nget\u201d Ausztria fel\u00e9, \u00e9s soha nincs r\u00e1 ok, hogy meg is \u00e1lljon. De ismeretlens\u00e9g\u00e9nek legf\u0151bb oka az lehet, hogy csak 1939-ben egyes\u00fclt Magyar\u00f3v\u00e1r \u00e9s Moson telep\u00fcl\u00e9sekb\u0151l, s j\u00f6tt l\u00e9tre Mosonmagyar\u00f3v\u00e1r n\u00e9ven: nem \u201e\u00e9p\u00fclt be\u201d a k\u00f6ztudatba. A nyugati hat\u00e1r\u00e1tl\u00e9p\u00e9s miatt val\u00f3sz\u00edn\u0171leg a hat\u00f3s\u00e1gok az erre k\u00edv\u00e1ncsiskod\u00f3 idegenekre sem n\u00e9ztek j\u00f3 szemmel.<\/p>\n<p>&nbsp;<\/p>\n<div id=\"attachment_2648\" style=\"width: 310px\" class=\"wp-caption alignright\"><a href=\"http:\/\/induljelegyuton.hu\/wp-content\/uploads\/DSC_02531.jpg\"><img loading=\"lazy\" decoding=\"async\" aria-describedby=\"caption-attachment-2648\" class=\"size-medium wp-image-2648\" alt=\"A K\u00fchne Mez\u0151gazdas\u00e1gi G\u00e9pgy\u00e1r - 150 \u00e9ves m\u00falttal\" src=\"http:\/\/induljelegyuton.hu\/wp-content\/uploads\/DSC_02531-300x200.jpg\" width=\"300\" height=\"200\" srcset=\"https:\/\/induljelegyuton.hu\/wp-content\/uploads\/DSC_02531-300x200.jpg 300w, https:\/\/induljelegyuton.hu\/wp-content\/uploads\/DSC_02531-224x150.jpg 224w, https:\/\/induljelegyuton.hu\/wp-content\/uploads\/DSC_02531.jpg 850w\" sizes=\"auto, (max-width: 300px) 100vw, 300px\" \/><\/a><p id=\"caption-attachment-2648\" class=\"wp-caption-text\">A K\u00fchne Mez\u0151gazdas\u00e1gi G\u00e9pgy\u00e1r &#8211; 150 \u00e9ves m\u00falttal<\/p><\/div>\n<p>Hogy volt, hogy volt..!<\/p>\n<p>Egy nagycsal\u00e1dosok r\u00e9sz\u00e9re kital\u00e1lt \u00e9s megszervezett kedvezm\u00e9nyes nyaral\u00e1s azonban csak sz\u00e9p eml\u00e9keket \u00e9breszthet! Az 1980-as \u00e9vek v\u00e9g\u00e9n, sz\u00fcleimmel \u00e1t\u00e9lt vak\u00e1ci\u00f3 engem val\u00f3ban \u00f6sszekapcsolt a v\u00e1rossal. Sz\u00e1ll\u00e1sunk a Nyugat-magyarorsz\u00e1gi Egyetem Mez\u0151gazdas\u00e1g- \u00e9s \u00c9lelmiszertudom\u00e1nyi Kar\u00e1nak koll\u00e9gium\u00e1ban volt, de ami a legfontosabb: a programot a zseni\u00e1lis Frici b\u00e1csi szervezte. \u00cdgy l\u00e1ttunk a v\u00e1rat, a v\u00e1rost, ismert\u00fck meg filmvet\u00edt\u00e9ssel a szigetk\u00f6zi arany\u00e1szatot, jutottunk el lovard\u00e1ba, utaztunk Gy\u0151rbe, H\u00e9derv\u00e1rra, L\u00e9b\u00e9nymikl\u00f3sra, \u00e9s (nagyon fontos) kaptunk tippet a Mosoni-Duna-i strandol\u00e1shoz\u2026 \u00c9n ezekkel az eml\u00e9kekkel sz\u00e1lltam le a vonatr\u00f3l.<\/p>\n<p>&nbsp;<\/p>\n<p>Gazd\u00e1szoknak majd katon\u00e1knak\u2026<\/p>\n<p>A vas\u00fatvonal hosszan elny\u00fal\u00f3 v\u00e1ros d\u00e9li v\u00e9g\u00e9t \u00e9rinti: az \u00e1llom\u00e1s melletti ker\u00e9kp\u00e1rparkb\u00f3l \u00edt\u00e9lve sok az ing\u00e1z\u00f3 dolgoz\u00f3. Annak ellen\u00e9re, hogy az \u00e1llom\u00e1s el\u0151tt \u00e1ll\u00f3 t\u00e9rk\u00e9pen l\u00e1thattam a k\u00e9tp\u00f3lus\u00fa v\u00e1ros szerkezet\u00e9t, alaposan \u201eeln\u00e9ztem\u201d a l\u00e9pt\u00e9ket: beazonos\u00edtottam az \u00e1llom\u00e1st, a t\u00fals\u00f3 v\u00e9gen a v\u00e1rat, \u00e9s e kett\u0151 k\u00f6z\u00f6tt m\u00e9g n\u00e9h\u00e1ny \u00e9rdekesnek t\u0171n\u0151 int\u00e9zm\u00e9nyt. De hogy k\u00f6z\u00f6tt\u00fck milyen hossz\u00fa az \u00fat..! Nem is sejtettem.<\/p>\n<p>Gyorsan ir\u00e1nyt t\u00e9vesztettem a vir\u00e1gz\u00f3, friss, z\u00f6ld lombos a kertv\u00e1ros utc\u00e1in, de nemsok\u00e1ra a Mosoni-Duna partj\u00e1ra ker\u00fcltem, ahol egy j\u00f3kora romantikus st\u00edlusban emelt gy\u00e1r\u00e9p\u00fclettel tal\u00e1lkoztam, a K\u00fchne Mez\u0151gazdas\u00e1gi G\u00e9pgy\u00e1rral. A c\u00e9g m\u00e9lt\u00e1n b\u00fcszke a homlokzaton is olvashat\u00f3 1856-os alap\u00edt\u00e1si \u00e9vsz\u00e1mra, hab\u00e1r eleinte csak egy, a Magyar-\u00d3v\u00e1ri Cs\u00e1sz\u00e1ri \u00e9s Kir\u00e1lyi\u00a0 Gazdas\u00e1gi Fels\u0151bb Tanint\u00e9zet n\u00f6vend\u00e9kei sz\u00e1m\u00e1ra l\u00e9trehozott mez\u0151gazdas\u00e1gi g\u00e9p-ki\u00e1ll\u00edt\u00e1si t\u00e9rrel vetett\u00e9k meg a l\u00e1bukat. A sz\u00e1zadfordul\u00f3ra m\u00e1r 40\u00a0000 nm ter\u00fclet\u0171re n\u0151tt gy\u00e1r az els\u0151 vil\u00e1gh\u00e1bor\u00fa el\u0151tt \u00e9s alatt m\u00e1r a hadsereg sz\u00e1m\u00e1ra is gy\u00e1rtott felszerel\u00e9st \u00e9s hadianyagot. A vesztes h\u00e1bor\u00fa ut\u00e1n azonban visszaesett a termel\u00e9s.<\/p>\n<p>&nbsp;<\/p>\n<div id=\"attachment_2649\" style=\"width: 310px\" class=\"wp-caption alignright\"><a href=\"http:\/\/induljelegyuton.hu\/wp-content\/uploads\/DSC_0255.jpg\"><img loading=\"lazy\" decoding=\"async\" aria-describedby=\"caption-attachment-2649\" class=\"size-medium wp-image-2649\" alt=\"A feld\u00falt Mosoni-Duna partja a volt v\u00edzimalom \u00e9p\u00fclet\u00e9t\u0151l\" src=\"http:\/\/induljelegyuton.hu\/wp-content\/uploads\/DSC_0255-300x200.jpg\" width=\"300\" height=\"200\" srcset=\"https:\/\/induljelegyuton.hu\/wp-content\/uploads\/DSC_0255-300x200.jpg 300w, https:\/\/induljelegyuton.hu\/wp-content\/uploads\/DSC_0255-224x150.jpg 224w, https:\/\/induljelegyuton.hu\/wp-content\/uploads\/DSC_0255.jpg 850w\" sizes=\"auto, (max-width: 300px) 100vw, 300px\" \/><\/a><p id=\"caption-attachment-2649\" class=\"wp-caption-text\">A feld\u00falt Mosoni-Duna partja a volt v\u00edzimalom \u00e9p\u00fclet\u00e9t\u0151l<\/p><\/div>\n<p>L\u0151porgy\u00e1r &#8211; rohaml\u00e9ptekkel<\/p>\n<p>A K\u00fchne-g\u00e9pgy\u00e1r m\u00e9g szerencs\u00e9snek mondhat\u00f3, nem \u00fagy, mint az a hatalmas L\u0151porgy\u00e1r, amelyet m\u00e9g 1913-ban kezdtek el \u00e9p\u00edteni 288 hekt\u00e1rnyi ter\u00fcleten \u2013 \u00e9s k\u00e9t \u00e9vvel k\u00e9s\u0151bb m\u00e1r termelni is kezdett! A napi 12 tonna l\u0151port el\u0151\u00e1ll\u00edt\u00f3 gy\u00e1rhoz lak\u00f3telep, \u00e1gy\u00fal\u00f6v\u00f6lde, k\u00f3rh\u00e1z \u00e9s kaszin\u00f3 is tartozott. 1918 ut\u00e1n ennek is befellegzett, s a ter\u00fclet\u00e9n l\u00e9trehozott ut\u00f3dgy\u00e1rak is m\u00e1ra j\u00f3r\u00e9szt megsz\u0171ntek. A k\u00f6zelben van a h\u00edrhedt mosonmagyar\u00f3v\u00e1ri 56-os sort\u0171z helysz\u00edne is. A sz\u00e1zad eleji vasbeton \u00e9p\u00edt\u00e9szet eme hatalmas \u00e9s p\u00e1ratlan eml\u00e9kei ugyanolyan ismeretlenek, mint Mosonmagyar\u00f3v\u00e1r egy\u00e9b l\u00e1tnival\u00f3i. Ezt viszont k\u00fcl\u00f6n\u00f6sen neh\u00e9z hasznos\u00edtani.<\/p>\n<p>A Duna-parton a V\u00edzimalom Hotel \u00e1ll, a r\u00e9gi parti malom er\u0151sen \u00e1t\u00e9p\u00edtett \u00e9p\u00fclete \u2013 romantik\u00e1nak se h\u00edre, se hamva. Valamikor itt \u00f6ml\u00f6tt a Lajta a Dun\u00e1ba. A foly\u00f3t most kotort\u00e1k, \u00e1tellenben f\u00f6ldh\u00e1ny\u00e1sok cs\u00faf\u00edtott\u00e1k a partot: \u00e1ll\u00edt\u00f3lag ker\u00e9kp\u00e1r\u00fat is \u00e9p\u00fcl. B\u0151s \u00f3ta l\u00e9nyegesen alacsonyabb a v\u00edzszint. Igyekeztem nem megzavarni a parton fut\u00f3 ker\u00e9kp\u00e1r\u00fat mellett s\u00fctk\u00e9rez\u0151 vadkacs\u00e1kat, s a Szent Istv\u00e1n kir\u00e1ly \u00fat r\u00e9gi, s egyre ink\u00e1bb v\u00e1rosiasabb \u00e9p\u00fcletei k\u00f6z\u00f6tt l\u00e9pdeltem. Megpillantva a Nepomuki Szent J\u00e1nos pl\u00e9b\u00e1niatemplomot \u00fagy gondoltam, hogy nemsok\u00e1ra sz\u00e1ll\u00e1shelyemre \u00e9rek, megszabadulhatok neh\u00e9z t\u00e1sk\u00e1mt\u00f3l, \u00e9s k\u00e9nyelmesen fedezhetem fel Mosonmagyar\u00f3v\u00e1rt. Pedig m\u00e9g csak Mosonban j\u00e1rtam.<\/p>\n<p>&nbsp;<\/p>\n<div id=\"attachment_2650\" style=\"width: 310px\" class=\"wp-caption alignright\"><a href=\"http:\/\/induljelegyuton.hu\/wp-content\/uploads\/DSC_0276.jpg\"><img loading=\"lazy\" decoding=\"async\" aria-describedby=\"caption-attachment-2650\" class=\"size-medium wp-image-2650\" alt=\"Az eleg\u00e1ns \u00e9p\u00fclet legfigyelemrem\u00e9lt\u00f3bb d\u00edsze a kapu d\u00edszes-\u00edves p\u00e1rk\u00e1nyzata a Zsidanics-c\u00edmerrel\" src=\"http:\/\/induljelegyuton.hu\/wp-content\/uploads\/DSC_0276-300x200.jpg\" width=\"300\" height=\"200\" srcset=\"https:\/\/induljelegyuton.hu\/wp-content\/uploads\/DSC_0276-300x200.jpg 300w, https:\/\/induljelegyuton.hu\/wp-content\/uploads\/DSC_0276-224x150.jpg 224w, https:\/\/induljelegyuton.hu\/wp-content\/uploads\/DSC_0276.jpg 850w\" sizes=\"auto, (max-width: 300px) 100vw, 300px\" \/><\/a><p id=\"caption-attachment-2650\" class=\"wp-caption-text\">Az eleg\u00e1ns \u00e9p\u00fclet legfigyelemrem\u00e9lt\u00f3bb d\u00edsze a kapu d\u00edszes-\u00edves p\u00e1rk\u00e1nyzata a Zsidanics-c\u00edmerrel<\/p><\/div>\n<p>Ahol m\u00e1r M\u00e1ria Ter\u00e9zia is s\u00e1rba l\u00e9pett\u2026<\/p>\n<p>Moson a 17-19. sz\u00e1zadban az Ausztria fel\u00e9 t\u00f6rt\u00e9n\u0151 gabonakereskedelemnek k\u00f6sz\u00f6nhet\u0151en igen sz\u00e9pen fejl\u0151d\u00f6tt, gazdagodott. Akkor \u00e9p\u00fclhetett m\u00e9g &#8211; nekem &#8211; az 1980-as \u00e9vekb\u0151l ismer\u0151s \u00f3ri\u00e1si magt\u00e1r is. A 300 \u00e9ves \u00e9p\u00fclet 2012 \u00f3ta a Futura Interakt\u00edv Term\u00e9szettudom\u00e1nyi \u00c9lm\u00e9nyk\u00f6zpontnak ad otthont. Nagy \u00f6r\u00f6m az, ha egy r\u00e9gi \u00e9p\u00edtm\u00e9nyt hasznos\u00edtani tudnak (csak nem az utols\u00f3 pillanatban?), de hallottam morg\u00f3kat is, akik haszontalannak \u00edt\u00e9lt\u00e9k a k\u00f6zpontot\u2026 Mindenesetre Moson v\u00e1rosr\u00e9sz szinte alszik Magyar\u00f3v\u00e1rhoz k\u00e9pest! A m\u0171eml\u00e9k\u00e9p\u00fcletek \u00e1llapot\u00e1r\u00f3l m\u00e1r nem is besz\u00e9lek.<\/p>\n<p>Meglepet\u00e9semre a M\u00e1ria Ter\u00e9zia nev\u00e9t olvastam a templomkapu felett. Egy legenda szerint, amikor a kir\u00e1lyn\u0151 erre j\u00e1rt, hint\u00f3ja megrekedt a mocsaras mosoni s\u00e1rban, s ebb\u0151l a szorult helyzetb\u0151l a mosoni polg\u00e1rok szabad\u00edtott\u00e1k ki. M\u00e1ria Ter\u00e9zia k\u00f6sz\u00f6netk\u00e9ppen \u00edg\u00e9retet tett arra, hogy ha Moson polg\u00e1rai alkalmass\u00e1 teszik azt a helyet egy templom \u00e9p\u00edt\u00e9s\u00e9hez, akkor \u0151 templomot \u00e9p\u00edttet \u2013 s \u00edgy is t\u00f6rt\u00e9nt.<\/p>\n<p>&nbsp;<\/p>\n<p>A deszk\u00e1k k\u00f6z\u00f6tt f\u00fcty\u00fcl a sz\u00e9l\u2026<\/p>\n<p>Az egykori pezsg\u0151 kereskedelemnek k\u00e9t sz\u00e1ll\u00f3 is eml\u00e9ket \u00e1ll\u00edt: az eklektikus Feh\u00e9r L\u00f3 Fogad\u00f3 \u00e9s a barokk Korona Sz\u00e1ll\u00f3 \u00e9p\u00fclete. Az el\u0151bbi ma \u2013 helyre\u00e1ll\u00edtva &#8211; K\u00f6z\u00f6ss\u00e9gi H\u00e1zk\u00e9nt igyekszik felr\u00e1zni Mosont, b\u00e1r a bej\u00e1rat \u00fcveg\u00e9n nagyobb a Mozi felirat, az ut\u00f3bbi viszont a v\u00e1rosr\u00e9sz legszebb \u00e9p\u00fclete is lehetne, de e cikk meg\u00edr\u00e1sakor m\u00e9g sz\u00e9gyenfolt. A sorsa m\u00e1r tipikusan ex-szocialista-vadkapitalista, ahogy ez n\u00e1lunk lenni szokott. A h\u00e1bor\u00fa ut\u00e1n erre-arra haszn\u00e1lt\u00e1k, b\u00e9rlak\u00e1sok is voltak benne, de \u00e1llapota csak romlott (minek is \u00edrom le, hiszen ismer\u0151s t\u00f6rt\u00e9net). 1998-ban elkelt, de a hasznos\u00edt\u00e1sa elmaradt \u2013 nem alak\u00edtottak ki benne \u201eemelt szint\u0171\u201d id\u0151sek otthon\u00e1t. Az \u00f6nkorm\u00e1nyzat m\u00e1r r\u00e9g\u00f3ta b\u00fcntet\u00e9ssel fenyegette a tulajdonost a homlokzat-fel\u00faj\u00edt\u00e1s elhanyagol\u00e1sa miatt, \u00e1m a v\u00e1laszra t\u00edz \u00e9ve v\u00e1r\u2026 Tet\u0151 legal\u00e1bb van rajta. Az \u00f6nkorm\u00e1nyzat most l\u00e9pett az \u00fcgyben, \u00e9s augusztus 20-ra k\u00e9sz lesz. \u00c1\u00e1\u00e1, m\u00e9gsem &#8211; cs\u00faszik: rem\u00e9lhet\u0151leg 2014 szeptember v\u00e9g\u00e9re lesz k\u00e9sz \u2013 amikor \u201em\u00e9g ny\u00edlnak a v\u00f6lgyben a kerti vir\u00e1gok\u201d.<\/p>\n<p>&nbsp;<\/p>\n<p>\u00daj centrum sz\u00e9p\u00fcl\u2026<\/p>\n<p>A sz\u00e1ll\u00f3t eredetileg csal\u00e1di k\u00fari\u00e1nak \u00e9p\u00edttette Zsidanics Istv\u00e1n 1727-ben, s az eleg\u00e1ns \u00e9p\u00fclet legfigyelemrem\u00e9lt\u00f3bb d\u00edsze a kapu d\u00edszes-\u00edves p\u00e1rk\u00e1nyzata a Zsidanics-c\u00edmerrel. Z\u00f6ld lesz, ha meg\u00e9lj\u00fck \u2013 az akkor l\u00e1tott hanyagul bedeszk\u00e1zott ablakok katasztr\u00f3fa-filmeket id\u00e9ztek fel bennem.<\/p>\n<p>A templom el\u0151tt m\u00e1r \u201ekultur\u00e1lt\u201d terecske d\u00edszlett vir\u00e1gokkal \u00e9s Szent Istv\u00e1n kir\u00e1ly szobr\u00e1val. Sajnos a templom el\u0151tt \u00e9s ut\u00e1n \u00e1ll\u00f3 leharcolt h\u00e1zak \u00e1llapota azonban az 1970-es \u00e9veket id\u00e9zi. \u00d3v\u00e1r fel\u00e9 s\u00e9t\u00e1lva a barokk ut\u00e1ni st\u00edlusok mind-mind k\u00e9pviseltetik magukat (klasszicista, historiz\u00e1l\u00f3, szecesszi\u00f3), \u00e9s nincs hi\u00e1ny eml\u00e9kt\u00e1bl\u00e1kban sem. \u201eKossuth Lajos 1848 okt\u00f3ber 22-23-\u00e1n itt fogadta Moson mez\u0151v\u00e1ros lakoss\u00e1g\u00e1nak lelkes \u00fcnnepl\u00e9s\u00e9t\u201d \u2013 olvastam.<\/p>\n<div id=\"attachment_2651\" style=\"width: 310px\" class=\"wp-caption alignright\"><a href=\"http:\/\/induljelegyuton.hu\/wp-content\/uploads\/DSC_0293.jpg\"><img loading=\"lazy\" decoding=\"async\" aria-describedby=\"caption-attachment-2651\" class=\"size-medium wp-image-2651\" alt=\"A Monarchia b\u00e9keidej\u00e9b\u0151l val\u00f3, kiskast\u00e9lynak is beill\u0151 P\u00e1lffy-villa n\u00e9zett ki a Manninger J\u00e1nos lak\u00f3telep sz\u00fcrke blokkjai k\u00f6z\u00fcl\" src=\"http:\/\/induljelegyuton.hu\/wp-content\/uploads\/DSC_0293-300x154.jpg\" width=\"300\" height=\"154\" srcset=\"https:\/\/induljelegyuton.hu\/wp-content\/uploads\/DSC_0293-300x154.jpg 300w, https:\/\/induljelegyuton.hu\/wp-content\/uploads\/DSC_0293-250x128.jpg 250w, https:\/\/induljelegyuton.hu\/wp-content\/uploads\/DSC_0293.jpg 844w\" sizes=\"auto, (max-width: 300px) 100vw, 300px\" \/><\/a><p id=\"caption-attachment-2651\" class=\"wp-caption-text\">A Monarchia b\u00e9keidej\u00e9b\u0151l val\u00f3, kiskast\u00e9lynak is beill\u0151 P\u00e1lffy-villa n\u00e9zett ki a Manninger J\u00e1nos lak\u00f3telep sz\u00fcrke blokkjai k\u00f6z\u00fcl<\/p><\/div>\n<p>Moson k\u00f6zpontja egyre ink\u00e1bb a K\u00e1polna t\u00e9r, amelynek parkj\u00e1t a piac, a Roz\u00e1lia k\u00e1polna \u00e9s a vil\u00e1gh\u00e1bor\u00fas eml\u00e9km\u0171 szeg\u00e9lyezik. Ide n\u00e9z Ostermayer K\u00e1roly Alap\u00edtv\u00e1nya \u00e1ltal 1891-ben \u00e9p\u00edtett els\u0151 kisded\u00f3v\u00f3 tornyos \u00e9p\u00fclete is. Egy \u00e1rnyas szabadt\u00e9ri piac praktikus felt\u00e9teleit nemr\u00e9g teremtett\u00e9k meg, de a szomsz\u00e9dos tereket is folyamatosan rendezik \u2013 Moson t\u00f6bb \u00e9vtizedes lemarad\u00e1sban van magyar\u00f3v\u00e1ri v\u00e1rosr\u00e9sz\u00e9hez k\u00e9pest!<\/p>\n<p>&nbsp;<\/p>\n<p>Lak\u00f3telepet a fogh\u00edjjba!<\/p>\n<p>K\u00f6zint\u00e9zm\u00e9nyek \u00e9s egyre alacsonyabb r\u00e9gi lak\u00f3h\u00e1zak k\u00eds\u00e9rt\u00e9k a f\u0151 utat a n\u00e9hai telep\u00fcl\u00e9shat\u00e1rig. Mert az 1950-es \u00e9vekben a k\u00e9t v\u00e1rosr\u00e9sz k\u00f6z\u00f6tt kezdtek hozz\u00e1 egy \u00faj k\u00f6zponthoz, amely \u2013 l\u00e1thatjuk majd \u2013 nem volt t\u00fal sikeres. A blokkh\u00e1zakkal \u00e1tellenben csak n\u00e9h\u00e1ny szecesszi\u00f3s, eklektikus villa \u00e1llt akkoriban. Lak\u00f3telepekkel t\u00f6lt\u00f6tt\u00e9k ki a nagy \u201eh\u00e9zagot\u201d. V\u00e9gre el\u00e9rtem az Erkel Ferenc utc\u00e1ig &#8211; mely m\u00e1r ink\u00e1bb Magyar\u00f3v\u00e1r sz\u00e9le -, elfoglaltam sz\u00e1ll\u00e1somat, s egy \u00f3ra m\u00falva felfriss\u00fclve folytattam s\u00e9t\u00e1mat a \u201em\u00e1sik\u201d v\u00e1rosba.<\/p>\n<p>&nbsp;<\/p>\n<p><strong>Malmok, Lajt\u00e1k, st\u00edlusok<\/strong><\/p>\n<p>Egy f\u0151\u00e9p\u00edt\u00e9sz \u00e9s a lok\u00e1lpatri\u00f3t\u00e1k<\/p>\n<p>Magyar\u00f3v\u00e1r k\u00fclv\u00e1rosa is t\u00f6bb \u00e9rdekes \u00e9p\u00fclettel szolg\u00e1lt \u2013 csak a Szent Istv\u00e1n kir\u00e1ly \u00fat ment\u00e9n. A Hunyadi J\u00e1nos utc\u00e1n\u00e1l egy, az erd\u00e9lyi fatemplomokra eml\u00e9keztet\u0151 reform\u00e1tus templom \u00e1ll. Sok\u00e1ig azt hittem, hogy bizonyosan \u00faj \u00e9p\u00edt\u00e9s\u0171, de t\u00e9vedtem: a bel\u00fcl is sz\u00e9pen festett-faragott \u00e9p\u00fcletet 1940-ben szentelt\u00e9k fel, \u00e9s Szeghalmy B\u00e1lint tervezte.<\/p>\n<p>(A tervez\u0151 \u00e9p\u00edt\u00e9szet\u00e9re K\u00f3s K\u00e1roly munk\u00e1i voltak nagy hat\u00e1ssal \u2013 f\u0151k\u00e9nt reform\u00e1tus templomokat tervezett a k\u00e9t h\u00e1bor\u00fa k\u00f6z\u00f6tt. Mint Miskolc f\u0151\u00e9p\u00edt\u00e9sze \u0151 tervezte az 1997-ben felgy\u00fajtott Deszkatemplomot, \u00e9s az Avasi-torony hely\u00e9n kor\u00e1bban \u00e1ll\u00f3 R\u00e1k\u00f3czi kil\u00e1t\u00f3t is. Az el\u0151bbit 1999-ben \u00fajj\u00e1\u00e9p\u00edtett\u00e9k, az ut\u00f3bbit a szovjetek l\u0151tt\u00e9k sz\u00e9t 1956-ban, ennek is felvet\u0151d\u00f6tt az \u00fajra\u00e9p\u00edt\u00e9se. L\u00e1m, hov\u00e1 el lehet jutni a vil\u00e1gh\u00e1l\u00f3val\u2026)<\/p>\n<p>P\u00e1r h\u00e1zzal err\u00e9bb egy \u00edzig-v\u00e9rig art deco st\u00edlus\u00fa villa \u00e1ll kifog\u00e1stalan \u00e1llapotban. Szemk\u00f6zt vele egy harmadik id\u0151szak st\u00edlusa, a Monarchia b\u00e9keidej\u00e9nek kiskast\u00e9lynak is beill\u0151 vill\u00e1ja n\u00e9zett ki a Manninger J\u00e1nos lak\u00f3telep sz\u00fcrke blokkjai k\u00f6z\u00fcl. A P\u00e1lffy-villa. H\u0151nel B\u00e9la izgalmas \u00e9p\u00fcleteivel minden\u00fctt lehet tal\u00e1lkozni Mosonmagyar\u00f3v\u00e1r 1930-as \u00e9vekbeli hat\u00e1rain bel\u00fcl, legyen az k\u00f6zint\u00e9zm\u00e9ny vagy ak\u00e1r villa. P\u00e9ld\u00e1ul itt van azonnal a szomsz\u00e9dban \u00e1ll\u00f3 Hans\u00e1gi M\u00fazeum, amely 1913-ban \u00e9p\u00fclt neoklasszicista-neoklasszikus st\u00edlusban. Maga a m\u00fazeum int\u00e9zm\u00e9nye m\u00e1r 130 \u00e9ves patin\u00e1val b\u00fcszk\u00e9lkedhet: a <em>Mosonmegyei T\u00f6rt\u00e9nelmi \u00e9s R\u00e9g\u00e9szeti Egyletet<\/em> 1882-ben hozta l\u00e9tre h\u00e1rom komoly lok\u00e1lpatri\u00f3ta<em>, s az egylet a v\u00e1rosnak \u00e9s az eg\u00e9sz v\u00e1rmegy\u00e9nek igen jelent\u0151s, s az\u00f3ta is gyarapod\u00f3 szellemi \u00f6r\u00f6ks\u00e9g\u00e9t alapozta meg.<\/em><\/p>\n<p><em>Az ugyanebben a k\u00f6rben \u00e1ll\u00f3 tekint\u00e9lyes m\u00e9ret\u0171, nemr\u00e9g fel\u00faj\u00edtott \u00e1ltal\u00e1nos iskola a szecesszi\u00f3 igen sz\u00e9p p\u00e9ld\u00e1ja a v\u00e1rosban.<\/em><\/p>\n<p><em>\u00a0<\/em><\/p>\n<p><em>H\u00e1romsz\u00e1z!<\/em><\/p>\n<p><em>Miel\u0151tt ez ut\u00e1n az \u00e9p\u00edt\u00e9szeti felvezet\u0151 ut\u00e1n bel\u00e9pn\u00e9nk Magyar\u00f3v\u00e1r belv\u00e1ros\u00e1ba, el kell mondanom, hogy ez a v\u00e1ros vil\u00e1gels\u0151 az egy lakosra es\u0151 fog\u00e1szatok, s fogorvosok sz\u00e1m\u00e1ban! A 30 ezres v\u00e1rosban 300 fog\u00e1szat m\u0171k\u00f6dik\u2026 (Ezt a Tourinform irod\u00e1ban mondt\u00e1k.) Az\u00e9rt itt \u00edrom ezt le, mert a nagy keresztez\u0151d\u00e9sben a KRESZ t\u00e1bl\u00e1k mellett itt k\u00fcl\u00f6n oszlopot kaptak a nagyobb fog\u00e1szatok ir\u00e1nyjelz\u0151 t\u00e1bl\u00e1i! De ez a \u201erekord\u201d nem jelenti azt, hogy a v\u00e1ros lak\u00f3i hollywoodi szt\u00e1rokhoz m\u00e9lt\u00f3 fogsorokkal villognak: a szolg\u00e1ltat\u00e1sokat ink\u00e1bb k\u00fclf\u00f6ldiek veszik ig\u00e9nybe: a norv\u00e9gokt\u00f3l az osztr\u00e1kokon \u00e1t a franci\u00e1kig\u2026<\/em><\/p>\n<p>&nbsp;<\/p>\n<p>Lajta \u2013 jobbra-balra<\/p>\n<p>Engem legink\u00e1bb a v\u00e1ros malmai \u00e9rdekeltek, s ezeknek ut\u00e1na is olvastam \u2013 h\u00e1rmat tal\u00e1ltam. A v\u00e1rosban m\u00e1r a 13. sz\u00e1zadban is t\u00f6bb malom kerepelt: a moln\u00e1rok c\u00e9he, r\u00f6gt\u00f6n a m\u00e9sz\u00e1rosok c\u00e9he ut\u00e1n k\u00f6vetkezett \u2013 fontoss\u00e1gi sorrendben. A t\u00f6r\u00f6k kor t\u00e9rk\u00e9pein l\u00e1that\u00f3 h\u00e1rom malmot viszont m\u00e1r biztosan megfeleltett\u00e9k a ma is l\u00e1that\u00f3 \u00e9p\u00fcleteknek. A legnagyobb, az Uradalmi \u2013 vagy F\u0151hercegi \u2013 malom \u0151s\u00e9t a mai Malom-\u00e1gi Lajta m\u0171k\u00f6dtette. A v\u00e1rosi fels\u0151 malom lap\u00e1tjait is ugyanaz az Lajta-\u00e1g hajtotta \u2013 ezt legutolj\u00e1ra az Ak\u00f3ts nevet viselte a tulajdonosa ut\u00e1n, de a v\u00e1rosi als\u00f3 malomra a Lajta-\u00e1gb\u00f3l kivezet\u0151 keskenyebb csatorna vitte a vizet. Ez egyszer\u0171en a V\u00e1rosi malom nevet viseli.<\/p>\n<p>T\u00e9rk\u00e9pem alapj\u00e1n \u00edgy les\u00e9t\u00e1ltam a k\u00f3rh\u00e1zn\u00e1l fut\u00f3 v\u00edzfoly\u00e1shoz, melyr\u0151l ott der\u00fclt ki, hogy az a Malom-\u00e1gi Lajta, majd t\u0151szomsz\u00e9ds\u00e1g\u00e1ban megtal\u00e1ltam azt a bizonyos keskenyebb csatorn\u00e1t \u2013 a Lajta \u201eTemet\u0151 \u00e1rok\u201d \u00e1g\u00e1t -, amely a belv\u00e1ros enyhe dombj\u00e1nak meredekebb oldal\u00e1n futott le az el\u0151bb eml\u00edtett Malom-\u00e1gi Lajt\u00e1ba. Most nem folyt benne v\u00edz. A belv\u00e1ros \u201ekapuj\u00e1ban\u201d, az evang\u00e9likus templom m\u00f6g\u00f6tt az \u00fat \u00e9ppen e csatorna felett vezet a s\u00e9t\u00e1l\u00f3utc\u00e1ba.<\/p>\n<p>&nbsp;<\/p>\n<p>Malom volt \u2013 most parlagon\u2026<\/p>\n<p>Ha m\u00e1r felkaptam a fonalat, elkezdtem g\u00f6ngy\u00f6l\u00edteni: innen m\u00e1r l\u00e1that\u00f3 volt a V\u00e1rosi malom, de izgalmasabb volt k\u00f6vetni a kik\u00f6vezett \u00e1rkot. A k\u00f6vetkez\u0151 utc\u00e1n\u00e1l m\u00e1r l\u00e1thattam, hogy terasz \u00e9p\u00fclt a malom csatorna f\u00f6l\u00e9 \u2013 rem\u00e9lem, nem fogj\u00e1k teljesen lefedni \u201epraktikus okokra\u201d hivatkozva! A meder szinte \u00e9szrev\u00e9tlen\u00fcl ker\u00fclt \u00e1t a forgalmas \u00fat t\u00faloldal\u00e1ra &#8211; a kis h\u00edd korl\u00e1tj\u00e1n egy Nepomuki Szent J\u00e1nos szobor \u00e1lldog\u00e1l. A malom m\u00e9g j\u00f3 \u00e1llapotban van &#8211; az \u00e9p\u00fclet is csinos -, de l\u00e1that\u00f3an most kezdi \u201efelfogni\u201d, hogy ism\u00e9t haszontalans\u00e1gra \u00edt\u00e9ltetett. 1950-es \u00e9vek \u00f3ta nem \u0151r\u00f6l. Az oldal\u00e1n nagy pizz\u00e9ria-rekl\u00e1mot hordoz\u00f3 malom nemr\u00e9g m\u00e9g Szent Fl\u00f3ri\u00e1n hotel volt. \u00dagy t\u0171nt, hogy kis udvaraival adottak a felt\u00e9telek, hogy sz\u00e1ll\u00f3k\u00e9nt j\u00f3l hasznosuljon: kialak\u00edt\u00e1sakor nem sz\u00e1molt\u00e1k fel az \u00e9p\u00fclet malom jelleg\u00e9t sem &#8211; a n\u00e9hai lap\u00e1tkerekek hely\u00e9t. Hi\u00e1ba, az egykori Sulcer malom barokk \u00e1t\u00e9p\u00edt\u00e9s\u00e9nek 1754-es \u00e9vsz\u00e1ma felett m\u00e1r pereg a vakolat, Szent Fl\u00f3ri\u00e1n szoborf\u00fclk\u00e9j\u00e9be m\u00e1r be is furakodtak a galambok.<\/p>\n<p>&nbsp;<\/p>\n<p>Egy csokor m\u0171remek<\/p>\n<p>Fejcs\u00f3v\u00e1lva k\u00f6vettem az \u00e1rkot a t\u00faloldalon, amely h\u00e1zfalak \u00e9s elvadult h\u00e1ts\u00f3 udvarok k\u00f6z\u00f6tt t\u0171nt el. A malomcsatorna miut\u00e1n megker\u00fcli a r\u00e9gi v\u00e1rosmagot \u00e9s \u00e1tfolyik a temet\u0151n \u2013 belecsatlakozik a Malom-\u00e1gi Lajt\u00e1ba. Ha t\u00e9rk\u00e9pen n\u00e9zz\u00fck, l\u00e1thatjuk, hogy a k\u00e9t v\u00edzfoly\u00e1s k\u00f6r\u00fcl\u00f6leli Magyar\u00f3v\u00e1rt. A term\u00e9szetes kis dombot m\u00e1r a r\u00f3maiak is felfedezt\u00e9k, \u00e9s itt emelt\u00e9k az Ad Flexum katonai telep\u00fcl\u00e9st. Az er\u0151dnek sajnos alig maradt nyoma, de bizonyosan a belv\u00e1ros ter\u00fclet\u00e9re esett. K\u00e9t r\u00f3mai felirat a magyar\u00f3v\u00e1ri v\u00e1r kapuj\u00e1nak bels\u0151 fal\u00e1ban l\u00e1that\u00f3 befalazva.<\/p>\n<p>A napf\u00e9nyben f\u00fcrd\u0151 V\u00e1roskapu t\u00e9ren ism\u00e9t H\u0151nel B\u00e9l\u00e1t\u00f3l, Magyar\u00f3v\u00e1r egykori f\u0151\u00e9p\u00edt\u00e9sz\u00e9t\u0151l l\u00e1thattam k\u00e9t sz\u00e9p \u00e9p\u00fcletet: a szecesszi\u00f3s hat\u00e1s\u00fa, v\u00f6r\u00f6st\u00e9gl\u00e1s postapalota m\u00e9g \u00edgy \u2013 elhanyagolva \u2013 is \u00fcd\u00edt\u0151 l\u00e1tv\u00e1ny volt, a jelenleg kopott barna sz\u00edn\u0171 Huber h\u00e1z pedig monarchi\u00e1s \u00fcd\u00fcl\u0151helyek vill\u00e1ira eml\u00e9keztetett. Amilyen v\u00e1ltozatos volt az \u00e9p\u00edt\u00e9sz palett\u00e1ja, ak\u00e1r \u0151 is tervezhette volna az els\u0151 vil\u00e1gh\u00e1bor\u00fas obeliszkre n\u00e9z\u0151 V\u00e1rosi B\u00edr\u00f3s\u00e1g neoklasszicista \u00e9p\u00fclet\u00e9t.<\/p>\n<p>&nbsp;<\/p>\n<p>Geisswein S\u00e1ndor szobra k\u00f6r\u00fcl keringve<\/p>\n<p>E kis kit\u00e9r\u0151 ut\u00e1n ism\u00e9t a belv\u00e1ros kapuj\u00e1ban voltam, de most m\u00e1r beljebb is ker\u00fcltem. Sajnos a s\u00e9t\u00e1l\u00f3utca elvesztette eredeti form\u00e1j\u00e1t: az ide n\u00e9z\u0151 h\u00e1zainak homlokzatait olyannyira \u00e1t\u00e9p\u00edtett\u00e9k, hogy oda lett minden sz\u00e9ps\u00e9g. \u00d3v\u00e1r k\u00f6z\u00e9pkori v\u00e1rosfal\u00e1nak egyik kapuj\u00e1nak maradv\u00e1ny\u00e1t is az \u00e1ruh\u00e1z oldalfal\u00e1n\u00e1l tal\u00e1ltam meg. F\u00e1j\u00f3 volt \u00e9szrevenni a belv\u00e1rosban csoportosan flang\u00e1l\u00f3, j\u00f3l\u00f6lt\u00f6z\u00f6tt, l\u00e1that\u00f3an k\u00fclf\u00f6ldi fog\u00e1szati-turist\u00e1k \u00e9s a Magyar utca apr\u00f3 \u00fczletei el\u0151tt vir\u00e1got \u00e9s egy\u00e9b apr\u00f3s\u00e1gokat \u00e1rul\u00f3 id\u0151s asszonyok nagy kontrasztj\u00e1t\u2026 \u00cdgy jutottam el Magyar\u00f3v\u00e1r pl\u00e9b\u00e1niatemplom\u00e1hoz, amely a v\u00e1ros legjelent\u0151sebb barokk m\u0171eml\u00e9ke, b\u00e1r templomtornya k\u00e9s\u0151bb \u00e9p\u00fclt. Az \u00fcnnep\u00e9lyes ar\u00e1nyokkal \u00e9s sz\u00e9p \u00fcvegablakokkal \u00e9s fresk\u00f3kkal b\u00edr\u00f3 templom Habsburg-kript\u00e1j\u00e1ban Habsburg Frigyes f\u0151herceg \u00e9s feles\u00e9ge \u00e9rckopors\u00f3ja nyugszik.<\/p>\n<p>A templomn\u00e1l jobbra is, balra is let\u00e9rtem a Magyar utc\u00e1r\u00f3l. Jobbra a figyelemre m\u00e9lt\u00f3 \u201eBarokk udvar\u201d kett\u0151s \u00edves homlokzat\u00fa h\u00e1z\u00e1t tal\u00e1ltam, a kis keresztutc\u00e1ban pedig egy jogt\u00f6rt\u00e9neti kuri\u00f3zumot, amelyet 1653-ban \u00e1ll\u00edttatott a \u201ecs\u00e1sz\u00e1ri gr\u00f3fs\u00e1g korm\u00e1nyz\u00f3ja \u00e9s \u00farisz\u00e9ke vezet\u0151je\u201d. A Pieta-szoborral koron\u00e1zott oszlop felirata \u00edgy sz\u00f3l: \u201eMinden szeg\u00e9ny b\u0171n\u00f6s\u00f6knek, akik a b\u00edr\u00f3s\u00e1g \u00edt\u00e9lete folyt\u00e1n az \u00e9letb\u0151l a hal\u00e1lba ker\u00fcltek, azok szeg\u00e9ny lelk\u00e9nek vigasztal\u00e1s\u00e1ra\u2026\u201d Vajon mi k\u00e9sztette Mey J\u00e1nos \u00edt\u00e9l\u0151t, hogy azokban a v\u00e9szterhes id\u0151kben \u201ev\u00edgasztal\u00e1st\u201d ny\u00fajtson\u201d?<\/p>\n<p>A m\u00e1sik ir\u00e1nyban, a Szent L\u00e1szl\u00f3 t\u00e9r \u00e9rdekess\u00e9ge a fel\u00faj\u00edtott, 18. sz\u00e1zadi m\u00e9sz\u00e1rsz\u00e9k kos\u00e1r\u00edves \u00e1rk\u00e1djaival. Sajnos \u00e9n, aki az elm\u00falt 40 \u00e9v Magyarorsz\u00e1g\u00e1ban szocializ\u00e1l\u00f3dtam, \u00faj\u00e9p\u00edt\u00e9s\u0171nek \u00e9rzem, mert a r\u00e9gihez hi\u00e1nyzik a kopotts\u00e1g, a fak\u00f3 patina\u2026 A tet\u0151 k\u00e9t \u00edves ablakszeme is valahogy a modern hat\u00e1st t\u00e1mogatja, r\u00e1ad\u00e1sul l\u00e1that\u00f3an \u00fcres.<\/p>\n<p>&nbsp;<\/p>\n<p>M\u00e9g a Dr\u00e9her is nekiugrott!<\/p>\n<p>A s\u00e9t\u00e1l\u00f3utca utols\u00f3 szakasza elej\u00e9n \u00e9ppen egy ker\u00e9kp\u00e1ros pihen\u0151helyet adtak \u00e1t a k\u00f6z\u00f6ns\u00e9gnek \u2013 a kicsiknek j\u00e1tsz\u00f3teret is \u00e9p\u00edtettek a kihaszn\u00e1lt h\u00e1zhelyre \u2013 a v\u00e1rosaty\u00e1k ked\u00e9lyesen heher\u00e9sztek. A h\u00e1zak is magasabbak lettek, mintegy felvezett\u00e9k az egykori s\u00f6rgy\u00e1r hatalmas \u00e9p\u00fclet\u00e9t, amely egy magas k\u00e9m\u00e9nnyel h\u00edvta fel m\u00e9g jobban mag\u00e1ra a figyelmet. Ekkor, j\u00f3 meg\u00e9rz\u00e9ssel \u2013 k\u00e9t vend\u00e9gl\u0151 k\u00f6z\u00f6tt \u2013 bel\u00e9ptem a Tourinform irod\u00e1ba. H\u00e1tha megtudok valamit a legfrissebb turisztikai fejleszt\u00e9sr\u0151l. Itt hallottam a bicikli pihen\u0151r\u0151l \u00e9s a Leitha-Lajta-projektr\u0151l, amely nemcsak a Lajta osztr\u00e1k \u00e9s magyar szakaszait tette alkalmasabb\u00e1 a v\u00edzi turizmusra, de a m\u00e1r eml\u00edtett Malom-\u00e1gi Lajt\u00e1t is. Ez ut\u00f3bbihoz kaptam p\u00e1r prospektust is.<\/p>\n<p>A h\u00e1romemeletes s\u00f6rgy\u00e1r probl\u00e9m\u00e1ja f\u00e9lig-meddig egy laikusnak is felt\u0171nhet: sajnos csak a s\u00e9t\u00e1l\u00f3utcai homlokzata van rendbe t\u00e9ve \u00e9s sz\u00e9pen lefestve, a S\u00f6rh\u00e1z utca fel\u00e9 hosszan h\u00faz\u00f3dik a vakolathi\u00e1nyos rakt\u00e1ri r\u00e9sz. A s\u00f6rgy\u00e1r m\u00e1r r\u00e9g\u00f3ta egy \u00e9p\u00fcletegy\u00fcttest alkot Magyar\u00f3v\u00e1r legr\u00e9gebbi malm\u00e1val &#8211; amely szint\u00e9n rogyadozik. Az ipari m\u00e9ret\u0171 s\u00f6rgy\u00e1rt\u00e1s 1710 k\u00f6r\u00fcl indult be a v\u00e1rosban, s \u00fagy, mint a malmot, ezt is t\u00f6bbsz\u00f6r korszer\u0171s\u00edtett\u00e9k. A s\u00f6rf\u0151z\u0151t \u00e9s mal\u00e1tagy\u00e1rat Dr\u00e9her\u00e9k v\u00e1s\u00e1rolt\u00e1k meg 1937-ben, hogy mint konkurenci\u00e1jukat megsz\u00fcntethess\u00e9k. (Egy biztos: a h\u00e1bor\u00fa v\u00e9gezt\u00e9vel a Dr\u00e9her s\u00f6rgy\u00e1r sz\u0171nt meg a csal\u00e1d r\u00e9sz\u00e9re.) A h\u00e1bor\u00fa ut\u00e1n sz\u00f6vetkezeti, illetve \u00e1llami tulajdonba ker\u00fclt, de az biztos, hogy sohasem hallottunk magyar\u00f3v\u00e1ri s\u00f6rr\u0151l\u2026<\/p>\n<p>Sok embert foglalkoztat annak gondolata, hogy mik\u00e9nt lehetne megmenteni az eny\u00e9szett\u0151l a malmot \u00e9s a s\u00f6rgy\u00e1rat, de mindig oda fut ki a dolog, hogy \u00e1ltal\u00e1ban a s\u00e9t\u00e1l\u00f3kat vesz\u00e9lyeztet\u0151 perg\u0151 vakolat teszi elker\u00fclhetetlenn\u00e9 a legsz\u00fcks\u00e9gesebb fel\u00faj\u00edt\u00e1st. Sajnos a szakemberek j\u00f3l tudj\u00e1k, hogy ha a tulajdonos mindent meg is tesz az \u00e1llagmeg\u00f3v\u00e1s\u00e9rt, akkor is 20-30 \u00e9v alatt megpecs\u00e9tel\u0151dik egy \u00e9p\u00fclet sorsa. A tet\u0151n \u00e1ll\u00f3 f\u00e1k nagys\u00e1ga s\u00fcrgeti a beavatkoz\u00e1st\u2026<\/p>\n<p style=\"text-align: right;\">Hars\u00e1czki Gy\u00f6rgy<\/p>\n<p style=\"text-align: right;\">(folytatjuk)<\/p>\n","protected":false},"excerpt":{"rendered":"<p>Egy \u00e1lmos v\u00e1rosr\u00e9sz \u201el\u0151porf\u00fcst\u00f6s\u201d eml\u00e9kei &nbsp; Lead: Eveztek-e m\u00e1r kenuval v\u00edzi kalandp\u00e1ly\u00e1n, v\u00e1roson bel\u00fcl? Ha igen lenne a v\u00e1lasz, a Mosonmagyar\u00f3v\u00e1ron bel\u00fcl \u201efelturb\u00f3zott\u201d Malom-\u00e1gi Lajt\u00e1t biztosan nem ismerik: egyed\u00fcl\u00e1ll\u00f3 a maga nem\u00e9ben! Ausztria \u00e9s Magyarorsz\u00e1g 2011-2013 k\u00f6z\u00f6tt egy elnyert p\u00e1ly\u00e1zat ut\u00e1n k\u00f6z\u00f6s fejleszt\u00e9sbe kezdett a Lajta v\u00edziturizmus\u00e1nak fellend\u00edt\u00e9s\u00e9re. A Leitha-Lajta-projekt \u2026 <a class=\"continue-reading-link\" href=\"https:\/\/induljelegyuton.hu\/?p=2638\"> Continue reading <span class=\"meta-nav\">&rarr; <\/span><\/a><\/p>\n","protected":false},"author":1,"featured_media":0,"comment_status":"open","ping_status":"open","sticky":false,"template":"","format":"standard","meta":{"ngg_post_thumbnail":0,"footnotes":""},"categories":[21,22],"tags":[520,1243,1240,1237,1230,1224,1227,1228,1245,1244,1248,1238,1231,1209,1208,1222,1247,1210,1225,1206,526,1246,1205,944,1207,1223,1233,1234,1236,1235,1241,1239,1242,1211,1226,1229,1232],"class_list":["post-2638","post","type-post","status-publish","format-standard","hentry","category-bakancsolas","category-magyarorszag","tag-520","tag-ad-flexum","tag-akots-malom","tag-avasi-torony","tag-feher-lo-fogado","tag-frici-bacsi","tag-futura-interaktiv-termeszettudomanyi-elmenykozpont","tag-gabonakereskedelen","tag-habsburg-frigyes-foherceg","tag-habsburg-kripta","tag-hansagi-muzeum","tag-honel-bela","tag-korona-szallo","tag-kuhne","tag-kuhne-traktor-es-gepgyar","tag-lajta","tag-leitha-lajta-projekt","tag-loporgyar","tag-magyar-ovari-csaszari-es-kiralyi-gazdasagi-felsobb-tanintezet","tag-magyarovar","tag-maria-terezia","tag-mey-janos","tag-moson","tag-mosoni-duna","tag-mosonmagyarovar","tag-nyugat-magyarorszagi-egyetem-mezogazdasag-es-elelmiszertudomanyi-kara","tag-ostermayer-karoly","tag-palffy-villa","tag-rakoczi-kilato","tag-szeghalmy-balint","tag-temeto-arok","tag-uradalmi-malom","tag-varosi-malom","tag-vizimalom","tag-vizimalom-hotel","tag-zsidanics","tag-zsidanics-istvan"],"_links":{"self":[{"href":"https:\/\/induljelegyuton.hu\/index.php?rest_route=\/wp\/v2\/posts\/2638","targetHints":{"allow":["GET"]}}],"collection":[{"href":"https:\/\/induljelegyuton.hu\/index.php?rest_route=\/wp\/v2\/posts"}],"about":[{"href":"https:\/\/induljelegyuton.hu\/index.php?rest_route=\/wp\/v2\/types\/post"}],"author":[{"embeddable":true,"href":"https:\/\/induljelegyuton.hu\/index.php?rest_route=\/wp\/v2\/users\/1"}],"replies":[{"embeddable":true,"href":"https:\/\/induljelegyuton.hu\/index.php?rest_route=%2Fwp%2Fv2%2Fcomments&post=2638"}],"version-history":[{"count":10,"href":"https:\/\/induljelegyuton.hu\/index.php?rest_route=\/wp\/v2\/posts\/2638\/revisions"}],"predecessor-version":[{"id":2641,"href":"https:\/\/induljelegyuton.hu\/index.php?rest_route=\/wp\/v2\/posts\/2638\/revisions\/2641"}],"wp:attachment":[{"href":"https:\/\/induljelegyuton.hu\/index.php?rest_route=%2Fwp%2Fv2%2Fmedia&parent=2638"}],"wp:term":[{"taxonomy":"category","embeddable":true,"href":"https:\/\/induljelegyuton.hu\/index.php?rest_route=%2Fwp%2Fv2%2Fcategories&post=2638"},{"taxonomy":"post_tag","embeddable":true,"href":"https:\/\/induljelegyuton.hu\/index.php?rest_route=%2Fwp%2Fv2%2Ftags&post=2638"}],"curies":[{"name":"wp","href":"https:\/\/api.w.org\/{rel}","templated":true}]}}