{"id":2597,"date":"2015-02-19T11:56:56","date_gmt":"2015-02-19T10:56:56","guid":{"rendered":"http:\/\/induljelegyuton.hu\/?p=2597"},"modified":"2015-02-19T12:10:54","modified_gmt":"2015-02-19T11:10:54","slug":"1550-kobmeter-fenyofa-egy-foton","status":"publish","type":"post","link":"https:\/\/induljelegyuton.hu\/?p=2597","title":{"rendered":"1550 k\u00f6bm\u00e9ter feny\u0151fa &#8211; egy fot\u00f3n&#8230;"},"content":{"rendered":"<p><b>Fot\u00f3s \u00e9s szerkeszt\u00e9si brav\u00far<\/b><\/p>\n<p>&nbsp;<\/p>\n<p>Egy fa nem v\u00e9letlen\u00fcl kap becenevet: az valami\u00e9rt k\u00fcl\u00f6nleges. A \u201ePresident\u201d viszont val\u00f3ban az. Ez az \u00f3ri\u00e1s sequoia feny\u0151 a Sequoia Nemzeti Park<b> <\/b>hatalmas erdej\u00e9ben \u00e1ll az\u00a0Egyes\u00fclt \u00c1llamokban, Kalifornia \u00e1llamban.<b><\/b><\/p>\n<p><strong><strong>ngg_shortcode_0_placeholder<\/strong><\/strong><\/p>\n<p>75 m magas, t\u00f6rzs\u00e9nek \u00e1tm\u00e9r\u0151je pedig 7,2 m\u00e9ter. 37,1 m\u00e9ter magass\u00e1gban indul t\u00f6rzs\u00e9b\u0151l az els\u0151 nagy \u00e1ga.\u00a0Ezekkel a m\u00e9retekkel se nem a legmagasabb, se nem a legvastagabb t\u00f6rzs\u0171 n\u00f6v\u00e9ny a F\u00f6ld\u00f6n, viszont a harmadik legnagyobb t\u00e9rfogat\u00fa, \u00e9s mivel kor\u00e1t 3 200 \u00e9vre becs\u00fclik, egyike a vil\u00e1g legid\u0151sebb f\u00e1inak. T\u00f6rzs\u00e9nek t\u00e9rfogata 1300 m\u00a0<sup>3<\/sup>, s tov\u00e1bbi 250 m\u00a0<sup>3<\/sup>\u00a0az \u00e1gak\u00e9, t\u00f6rzs\u00e9nek ker\u00fclete a f\u00f6ld szintj\u00e9n 28,4 m\u00e9ter. A feny\u0151t Warren G. Harding eln\u00f6kr\u0151l nevezt\u00e9k el 1923-ban.<\/p>\n<p><b>\u00a0<\/b><\/p>\n<div id=\"attachment_2603\" style=\"width: 310px\" class=\"wp-caption alignright\"><a href=\"http:\/\/induljelegyuton.hu\/wp-content\/uploads\/5fa.jpg\"><img loading=\"lazy\" decoding=\"async\" aria-describedby=\"caption-attachment-2603\" class=\"size-medium wp-image-2603\" alt=\"A koll\u00e9g\u00e1k munka k\u00f6zben...\" src=\"http:\/\/induljelegyuton.hu\/wp-content\/uploads\/5fa-300x199.jpg\" width=\"300\" height=\"199\" srcset=\"https:\/\/induljelegyuton.hu\/wp-content\/uploads\/5fa-300x199.jpg 300w, https:\/\/induljelegyuton.hu\/wp-content\/uploads\/5fa-225x150.jpg 225w, https:\/\/induljelegyuton.hu\/wp-content\/uploads\/5fa.jpg 721w\" sizes=\"auto, (max-width: 300px) 100vw, 300px\" \/><\/a><p id=\"caption-attachment-2603\" class=\"wp-caption-text\">A koll\u00e9g\u00e1k munka k\u00f6zben&#8230;<\/p><\/div>\n<p>A hihetetlen m\u00e9rete \u00e9s a szomsz\u00e9dos f\u00e1k k\u00f6zels\u00e9ge miatt ezt a f\u00e1t m\u00e9g sosem fot\u00f3zt\u00e1k le egyben. M\u00e1ig! A National Geographic fot\u00f3sainak csapata &#8211; tud\u00f3sokkal egy\u00fctt &#8211; megpr\u00f3b\u00e1lta megalkotni az \u00f3ri\u00e1sfa teljes k\u00e9p\u00e9t, hogy a fa teljes nagys\u00e1g\u00e1ban legyen l\u00e1that\u00f3 a fot\u00f3n. Ehhez meg kellett m\u00e1szniuk a f\u00e1t k\u00fcl\u00f6nleges m\u00e1sz\u00f3eszk\u00f6z\u00f6k seg\u00edts\u00e9g\u00e9vel, \u00e9s t\u00f6bb ezer felv\u00e9telt k\u00e9sz\u00edtettek r\u00f3la.<\/p>\n<p>Az eg\u00e9szb\u0151l 126-ot kiv\u00e1lasztottak, \u00f6sszeszerkesztett\u00e9k, s \u00edme a v\u00e9geredm\u00e9ny!<\/p>\n<p align=\"right\">Forr\u00e1s: internet \u2013 szerkesztette Hars.<\/p>\n","protected":false},"excerpt":{"rendered":"<p>Fot\u00f3s \u00e9s szerkeszt\u00e9si brav\u00far &nbsp; Egy fa nem v\u00e9letlen\u00fcl kap becenevet: az valami\u00e9rt k\u00fcl\u00f6nleges. A \u201ePresident\u201d viszont val\u00f3ban az. Ez az \u00f3ri\u00e1s sequoia feny\u0151 a Sequoia Nemzeti Park hatalmas erdej\u00e9ben \u00e1ll az\u00a0Egyes\u00fclt \u00c1llamokban, Kalifornia \u00e1llamban. 75 m magas, t\u00f6rzs\u00e9nek \u00e1tm\u00e9r\u0151je pedig 7,2 m\u00e9ter. 37,1 m\u00e9ter magass\u00e1gban indul t\u00f6rzs\u00e9b\u0151l az els\u0151 \u2026 <a class=\"continue-reading-link\" href=\"https:\/\/induljelegyuton.hu\/?p=2597\"> Continue reading <span class=\"meta-nav\">&rarr; <\/span><\/a><\/p>\n","protected":false},"author":1,"featured_media":0,"comment_status":"open","ping_status":"open","sticky":false,"template":"","format":"standard","meta":{"ngg_post_thumbnail":0,"footnotes":""},"categories":[163,1],"tags":[1188,1189,1186,1187],"class_list":["post-2597","post","type-post","status-publish","format-standard","hentry","category-aktualis","category-kukker","tag-kalifornia","tag-president-fa","tag-sequia-fenyo","tag-sierra-nevada"],"_links":{"self":[{"href":"https:\/\/induljelegyuton.hu\/index.php?rest_route=\/wp\/v2\/posts\/2597","targetHints":{"allow":["GET"]}}],"collection":[{"href":"https:\/\/induljelegyuton.hu\/index.php?rest_route=\/wp\/v2\/posts"}],"about":[{"href":"https:\/\/induljelegyuton.hu\/index.php?rest_route=\/wp\/v2\/types\/post"}],"author":[{"embeddable":true,"href":"https:\/\/induljelegyuton.hu\/index.php?rest_route=\/wp\/v2\/users\/1"}],"replies":[{"embeddable":true,"href":"https:\/\/induljelegyuton.hu\/index.php?rest_route=%2Fwp%2Fv2%2Fcomments&post=2597"}],"version-history":[{"count":8,"href":"https:\/\/induljelegyuton.hu\/index.php?rest_route=\/wp\/v2\/posts\/2597\/revisions"}],"predecessor-version":[{"id":2606,"href":"https:\/\/induljelegyuton.hu\/index.php?rest_route=\/wp\/v2\/posts\/2597\/revisions\/2606"}],"wp:attachment":[{"href":"https:\/\/induljelegyuton.hu\/index.php?rest_route=%2Fwp%2Fv2%2Fmedia&parent=2597"}],"wp:term":[{"taxonomy":"category","embeddable":true,"href":"https:\/\/induljelegyuton.hu\/index.php?rest_route=%2Fwp%2Fv2%2Fcategories&post=2597"},{"taxonomy":"post_tag","embeddable":true,"href":"https:\/\/induljelegyuton.hu\/index.php?rest_route=%2Fwp%2Fv2%2Ftags&post=2597"}],"curies":[{"name":"wp","href":"https:\/\/api.w.org\/{rel}","templated":true}]}}