{"id":2549,"date":"2015-02-02T22:07:22","date_gmt":"2015-02-02T21:07:22","guid":{"rendered":"http:\/\/induljelegyuton.hu\/?p=2549"},"modified":"2015-02-02T22:45:50","modified_gmt":"2015-02-02T21:45:50","slug":"huszonhet-honapja-uton-az-aranyember","status":"publish","type":"post","link":"https:\/\/induljelegyuton.hu\/?p=2549","title":{"rendered":"Huszonh\u00e9t h\u00f3napja \u00faton az Aranyember"},"content":{"rendered":"<div id=\"attachment_2556\" style=\"width: 310px\" class=\"wp-caption alignright\"><a href=\"http:\/\/induljelegyuton.hu\/wp-content\/uploads\/DSC_0967x.jpg\"><img loading=\"lazy\" decoding=\"async\" aria-describedby=\"caption-attachment-2556\" class=\"size-medium wp-image-2556\" alt=\"F\u00f6ld\u00f6n \u00e1ll\u00f3 griff, saj\u00e1t fark\u00e1ba harapva - Berel kurg\u00e1n, i. e. 4-3. sz\u00e1zad, Kazahszt\u00e1n\" src=\"http:\/\/induljelegyuton.hu\/wp-content\/uploads\/DSC_0967x-300x224.jpg\" width=\"300\" height=\"224\" srcset=\"https:\/\/induljelegyuton.hu\/wp-content\/uploads\/DSC_0967x-300x224.jpg 300w, https:\/\/induljelegyuton.hu\/wp-content\/uploads\/DSC_0967x-200x150.jpg 200w, https:\/\/induljelegyuton.hu\/wp-content\/uploads\/DSC_0967x.jpg 850w\" sizes=\"auto, (max-width: 300px) 100vw, 300px\" \/><\/a><p id=\"caption-attachment-2556\" class=\"wp-caption-text\">F\u00f6ld\u00f6n \u00e1ll\u00f3 griff, saj\u00e1t fark\u00e1ba harapva &#8211; Berel kurg\u00e1n, i. e. 4-3. sz\u00e1zad (Kazahszt\u00e1n)<\/p><\/div>\n<p><strong>Kazah-magyar kapcsolatok, Lovagkereszt \u00e9s a megd\u0151lt dogm\u00e1k<\/strong><\/p>\n<p>&nbsp;<\/p>\n<p>2012 szeptember\u00e9ben annak a rendk\u00edv\u00fcli esem\u00e9nynek a kapcs\u00e1n besz\u00e9lgettem Papp Attil\u00e1val, hogy n\u00e9gy elsz\u00e1nt ember \u2013 h\u00e1rom magyar \u00f6nfel\u00e1ldoz\u00f3 f\u00e9rfi \u00e9s egy vil\u00e1gszerte h\u00edres restaur\u00e1tor-tud\u00f3s \u2013 j\u00f3volt\u00e1b\u00f3l haz\u00e1nkban els\u0151k\u00e9nt volt l\u00e1that\u00f3 a szk\u00edta n\u00e9pek 2200-2800 \u00e9ves leletanyagainak anyagh\u0171 t\u00e1rgyrekonstrukci\u00f3ib\u00f3l \u00f6ssze\u00e1ll\u00edtott ki\u00e1ll\u00edt\u00e1s. Annak ellen\u00e9re, hogy \u00fatt\u00f6r\u0151-jelens\u00e9gr\u0151l volt sz\u00f3, \u00e9s 1,2 milli\u00f3 amerikai doll\u00e1rra becs\u00fclt\u00e9k az aranyt\u00e1rgyak \u00e9rt\u00e9k\u00e9t, nem kapott nagy nyilv\u00e1noss\u00e1got \u2013 a h\u00e1rom magyar f\u00e9rfi (Dr. Bencze Istv\u00e1n, Papp Attila \u00e9s Sz\u00e9les Attila) mag\u00e1ner\u0151b\u0151l \u00e9s csek\u00e9ly t\u00e1mogat\u00e1ssal hozta el nek\u00fcnk azt a t\u00e9nyfelt\u00e1r\u00f3 \u00e9s felvil\u00e1gos\u00edt\u00f3 t\u00e1rgy-anyagot, amely annak a bizony\u00edt\u00e9ka, hogy a sztyeppei lovas-nom\u00e1d civiliz\u00e1ci\u00f3k \u00f6r\u00f6ks\u00e9g\u00e9t visel\u0151 n\u00e9pek, melyek egyik legnyugatabbi k\u00e9pvisel\u0151i mi vagyunk, magas kult\u00far\u00e1t k\u00e9pviseltek, \u00e9s meghat\u00e1roz\u00f3 szerepet j\u00e1tszottak nem csak az eur\u00e1zsiai sztyepp\u00e9n, hanem az azon k\u00edv\u00fcli vil\u00e1g fejl\u0151d\u00e9s\u00e9ben is.<\/p>\n<p>A szk\u00edta n\u00e9pek nem \u201eak\u00e1rkik\u201d voltak. \u00daj\u00edt\u00e1saikat, v\u00edvm\u00e1nyaikat ma is haszn\u00e1lja a \u201emodern vil\u00e1g\u201d \u00e9s korabeli t\u00f6rt\u00e9net\u00edr\u00f3kt\u00f3l tudjuk, hogy p\u00e9ld\u00e1ul Dareiosz szk\u00edt\u00e1k ellen vezetett hadj\u00e1rata is teljes kudarccal v\u00e9gz\u0151d\u00f6tt\u2026<\/p>\n<p>A m\u00e1r eml\u00edtett professzor, Krym Altynbekov kimagasl\u00f3 szak\u00e9rtelm\u00e9nek \u00e9s tud\u00f3sokb\u00f3l, specialist\u00e1kb\u00f3l \u00e1ll\u00f3 csapata \u00fcgyess\u00e9g\u00e9nek k\u00f6sz\u00f6nhet\u0151en v\u00e1ltak tanulm\u00e1nyozhat\u00f3 \u2013 s alkalmank\u00e9nt bemutathat\u00f3 \u2013 leletekk\u00e9 a f\u00f6ld alatt t\u00f6bb ezer \u00e9ve pihen\u0151 szerves \u00e9s szervetlen anyag\u00fa t\u00e1rgyak, amelyek a szk\u00edta n\u00e9pek kimagasl\u00f3an magas sz\u00e9p\u00e9rz\u00e9k\u00e9r\u0151l \u00e9s f\u00e9mmegmunk\u00e1l\u00e1si tud\u00e1s\u00e1r\u00f3l tan\u00faskodnak.<\/p>\n<p><strong><strong>ngg_shortcode_0_placeholder<\/strong><\/strong><\/p>\n<div id=\"attachment_2553\" style=\"width: 310px\" class=\"wp-caption alignright\"><a href=\"http:\/\/induljelegyuton.hu\/wp-content\/uploads\/DSC_0958x.jpg\"><img loading=\"lazy\" decoding=\"async\" aria-describedby=\"caption-attachment-2553\" class=\"size-medium wp-image-2553\" alt=\"Az 1969-ben, Issyk falu (Kazahszt\u00e1n) mellett felt\u00e1rt \u201eAranyember\u201d teljes \u00e9letnagys\u00e1g\u00fa rekonstrukci\u00f3ja\" src=\"http:\/\/induljelegyuton.hu\/wp-content\/uploads\/DSC_0958x-300x200.jpg\" width=\"300\" height=\"200\" srcset=\"https:\/\/induljelegyuton.hu\/wp-content\/uploads\/DSC_0958x-300x200.jpg 300w, https:\/\/induljelegyuton.hu\/wp-content\/uploads\/DSC_0958x-224x150.jpg 224w, https:\/\/induljelegyuton.hu\/wp-content\/uploads\/DSC_0958x.jpg 850w\" sizes=\"auto, (max-width: 300px) 100vw, 300px\" \/><\/a><p id=\"caption-attachment-2553\" class=\"wp-caption-text\">Az 1969-ben, Issyk falu (Kazahszt\u00e1n) mellett felt\u00e1rt \u201eAranyember\u201d teljes \u00e9letnagys\u00e1g\u00fa rekonstrukci\u00f3ja<\/p><\/div>\n<p>H. Gy. <em>\u2013 A 2012-es megnyit\u00f3n is azt \u00e1ll\u00edtott\u00e1k a t\u00f6bbiek, hogy maga dolgozott a legt\u00f6bbet a ki\u00e1ll\u00edt\u00e1s l\u00e9trej\u00f6tt\u00e9n. \u00c9s most is mag\u00e1t tal\u00e1lom itt a k\u00e9t \u00e9ves ciklus utols\u00f3 bemutat\u00f3hely\u00e9n, a Magyarok H\u00e1z\u00e1ban.<\/em><\/p>\n<p>P. A. \u2013 Dehogy! Mindenki teszi a dolg\u00e1t az\u00f3ta is, ki-ki a szakter\u00fclet\u00e9n.<\/p>\n<p>H. Gy. <em>\u2013 Hol tart a ki\u00e1ll\u00edt\u00e1s \u00e9s hol tartanak \u00d6n\u00f6k? Eml\u00e9kszem, hogy eleinte nem tudtak rekl\u00e1mra k\u00f6lteni, nem kaptak nagy nyilv\u00e1noss\u00e1got. Most van-e rekl\u00e1mjuk?<\/em><\/p>\n<p>P. A. \u2013 Egyre t\u00f6bb olyan partnerrel dolgozunk, ahol m\u0171k\u00f6dik a helyi kommunik\u00e1ci\u00f3s csatorna: helyi TV, r\u00e1di\u00f3. A helyi partnerek ismerik ezeket, \u00e9s ki is haszn\u00e1lj\u00e1k. De az\u00e9rt a k\u00f6zt\u00e9v\u00e9be is beker\u00fclt\u00fcnk: egy riport k\u00e9sz\u00fclt Altynbekov professzorral. De ekkora inform\u00e1ci\u00f3d\u00f6mping mellett kevesen hallottak r\u00f3la\u2026<\/p>\n<p>Egy\u00e9bk\u00e9nt m\u00e1r az els\u0151, VAM Design-helysz\u00ednen is sz\u00e9pen megemelkedett a l\u00e1togatotts\u00e1g a v\u00e9g\u00e9re: 13\u00a0ezren l\u00e1tt\u00e1k 4 h\u00f3nap alatt. Ez igen sz\u00e9p eredm\u00e9ny m\u00e1s, nagy k\u00f6lts\u00e9gvet\u00e9s\u0171 produkci\u00f3kkal szemben. Ezt\u00e1n Debrecenbe ker\u00fclt a t\u00e1rlat, ahol egy profi csapat dolgozott vele. T\u00e9len, h\u00f3ban 42 nap alatt l\u00e1tt\u00e1k nyolcezren. Majd tavasszal a keszthelyi Festetics-kast\u00e9lyba ker\u00fclhett\u00fcnk be, azt\u00e1n Balatonszemesre egy szezonra, \u00fcd\u00fcl\u0151\u00f6vezetbe. Ki\u00e1ll\u00edt\u00e1sunk 2014 tavasz\u00e1n ker\u00fclt be els\u0151 alkalommal megyei hat\u00e1sk\u00f6r\u0171 m\u00fazeumba, a veszpr\u00e9mi Laczk\u00f3 Dezs\u0151 M\u00fazeumba, majd egy r\u00e9sze, a bereli lovastemetkez\u00e9s a tatai v\u00e1rm\u00fazeumba \u2013 kamara-ki\u00e1ll\u00edt\u00e1sk\u00e9nt. Ekkor kezdt\u00fcnk k\u00eds\u00e9rletezni azzal, hogyan lehet a t\u00e1rgyanyagot sz\u00e9tbontani \u00e9s kisebb helyen bemutatni. Most m\u00e1r rutint szerezt\u00fcnk ebben, \u00e9s \u00e1ll\u00edtom, hogy b\u00e1rhol Eur\u00f3p\u00e1ban, b\u00e1rmilyen helyen ig\u00e9nyesen tudjuk bemutatni az anyagot. Ezut\u00e1n, 2015. janu\u00e1r 22-\u00e9n B\u00e9k\u00e9scsab\u00e1n nyitj\u00e1k (m\u00e1r megnyitott\u00e1k \u2013 a szerz.) meg a szk\u00edta-ki\u00e1ll\u00edt\u00e1st \u2013 mint \u00a0a megyei m\u00fazeum Magyar Kult\u00fara Napja-produkci\u00f3j\u00e1t. B\u00e9k\u00e9scsab\u00e1n m\u00e1r \u2013 helyi leletekkel (Cs\u00e1rdasz\u00e1ll\u00e1s \u00e9s B\u00e9k\u00e9scsaba \u2013 Gazs\u00f3 tanya) &#8211; kieg\u00e9sz\u00edtve, a megyei m\u00fazeum \u00e9ves programj\u00e1nak r\u00e9szek\u00e9nt ker\u00fcl bemutat\u00e1sra.<\/p>\n<p>H. Gy. <em>\u2013 J\u00f3l eml\u00e9kszem, hogy az volt a c\u00e9l, hogy hat\u00e1rainkon k\u00edv\u00fcl folytat\u00f3dik az Emberek aranyban ki\u00e1ll\u00edt\u00e1s bemutat\u00e1sa \u2013 Budapest ut\u00e1n?<\/em><\/p>\n<p>P. A. \u2013 Val\u00f3ban, \u00fagy tervezt\u00fck, \u00e9s t\u00f6bb k\u00fclf\u00f6ldi helysz\u00edn lehet\u0151s\u00e9ge is felmer\u00fclt. \u2026\u00e9s a kazah f\u00e9l is \u00fagy akarta, hogy Eur\u00f3p\u00e1ban is k\u00f6rbevigy\u00fck. T\u00f6r\u00f6korsz\u00e1gi, angol \u00e9s skandin\u00e1v ter\u00fcletr\u0151l is van \u00e9rdekl\u0151d\u00e9s. Ezen k\u00edv\u00fcl hat\u00e1ron t\u00fali magyar ter\u00fcletekr\u0151l \u00e9s \u00fajabb hazai helysz\u00ednekt\u0151l is \u00e9rdekl\u0151dtek. Sz\u00e9pen terjed a h\u00edre, t\u00f6bb nyugat-eur\u00f3pai rendezv\u00e9nyszervez\u0151 is l\u00e1tta, s j\u00f3 visszajelz\u00e9seket kaptunk a bemutat\u00e1s ig\u00e9nyess\u00e9g\u00e9re. Kell a magyar\u00e1zat, kell a hangulat, kell a l\u00e1tv\u00e1ny, kell a \u201emese\u201d &#8211; mindezekre sz\u00fcks\u00e9ge van egy sikeres ki\u00e1ll\u00edt\u00e1snak.<\/p>\n<div id=\"attachment_2554\" style=\"width: 310px\" class=\"wp-caption alignleft\"><a href=\"http:\/\/induljelegyuton.hu\/wp-content\/uploads\/DSC_0960x.jpg\"><img loading=\"lazy\" decoding=\"async\" aria-describedby=\"caption-attachment-2554\" class=\"size-medium wp-image-2554\" alt=\"Aranyl\u00f3szersz\u00e1mokkal d\u00edsz\u00edtett fejedelmi l\u00f3 - Berel kurg\u00e1n, i. e. 4-3. sz\u00e1zad (Kazahszt\u00e1n)\" src=\"http:\/\/induljelegyuton.hu\/wp-content\/uploads\/DSC_0960x-300x200.jpg\" width=\"300\" height=\"200\" srcset=\"https:\/\/induljelegyuton.hu\/wp-content\/uploads\/DSC_0960x-300x200.jpg 300w, https:\/\/induljelegyuton.hu\/wp-content\/uploads\/DSC_0960x-224x150.jpg 224w, https:\/\/induljelegyuton.hu\/wp-content\/uploads\/DSC_0960x.jpg 850w\" sizes=\"auto, (max-width: 300px) 100vw, 300px\" \/><\/a><p id=\"caption-attachment-2554\" class=\"wp-caption-text\">Aranyl\u00f3szersz\u00e1mokkal d\u00edsz\u00edtett fejedelmi l\u00f3 &#8211; Berel kurg\u00e1n, i. e. 4-3. sz\u00e1zad (Kazahszt\u00e1n)<\/p><\/div>\n<p>M\u00e9g a k\u00f6zelj\u00f6v\u0151ben sz\u00e1mos ki\u00e1ll\u00edt\u00e1st tervez\u00fcnk tet\u0151 al\u00e1 hozni \u2013 ebben a min\u0151s\u00e9gben, de m\u00e9g t\u00f6bb dinamik\u00e1val, technik\u00e1val -, amelyek m\u00e1s k\u00f6zeli id\u0151szakokat mutatnak be, megmutatva egy korszak soksz\u00edn\u0171s\u00e9g\u00e9t, \u00e9s r\u00e1vil\u00e1g\u00edtva az \u00f6sszef\u00fcgg\u00e9sekre. P\u00e9ld\u00e1ul a szk\u00edt\u00e1k ut\u00e1ni szarmat\u00e1k kult\u00far\u00e1j\u00e1t, vagy a K\u00e1rp\u00e1t-medencei avarok\u00e9t. \u00d6tleteink, el\u0151k\u00e9sz\u00fcletek vannak \u2013 rem\u00e9lj\u00fck, hogy a m\u00e9lt\u00f3 ki\u00e1ll\u00edt\u00e1shoz \u00e9rkezik egy kis t\u0151ke is\u2026 Meg kell fognunk a fiatalokat, hogy az \u00e9lm\u00e9nyeken kereszt\u00fcl ism\u00e9t felfedezz\u00e9k a m\u00fazeumokat. A passzivit\u00e1st k\u00e9rd\u00e9sfelvet\u00e9ssel igyeksz\u00fcnk megt\u00f6rni, hogy gondolatokat \u00e9bressz\u00fcnk.<\/p>\n<p>P\u00e9ld\u00e1ul, gyakran hallom \u00fagy ezt a rokons\u00e1got, hogy: \u201emi a szk\u00edt\u00e1kt\u00f3l sz\u00e1rmazunk\u201d. Melyikt\u0151l? \u2013 k\u00e9rdezem \u00e9n. A dolog \u00fagy igaz, hogy minden olyan n\u00e9pnek, amelynek sztyeppei gy\u00f6ker\u0171, lovas nom\u00e1d kult\u00far\u00e1ja van, kultur\u00e1lis \u00f6r\u00f6ks\u00e9ge ebbe a szk\u00edta n\u00e9vvel f\u00e9mjelzett \u00f3kori civiliz\u00e1ci\u00f3ba vezethet\u0151 vissza. A szk\u00edta egy gy\u0171jt\u0151fogalom \u2013 n\u00e9pek sz\u00e1zait foglalja mag\u00e1ba. Mint p\u00e9ld\u00e1ul a hun is hasonl\u00f3 volt. S ebbe be is lehetett \u00e1m ker\u00fclni, mint ahogy Atilla, politikai \u00e9rtelemben \u201ehunn\u00e1 tette a n\u00e9peket\u201d, p\u00e9ld\u00e1ul a gepid\u00e1kat. Egym\u00e1s mellett \u00e9ltek, aff\u00e9le n\u00e9psz\u00f6vets\u00e9gben \u2013 elt\u00e9r\u0151 kult\u00far\u00e1val. A fiataloknak azzal a sz\u00e1mukra is \u00e9rtelmezhet\u0151 p\u00e9ld\u00e1val szoktam \u00e9lni, hogy a v\u00e1logatott szurkol\u00f3ik\u00e9nt ott \u00e1ll az \u00f6sszes drukker, \u00e1m ha nem v\u00e1logatott j\u00e1tszik, akkor szoktak egym\u00e1snak esni, hol \u00edgy, hol \u00fagy. Egy\u00fctt, m\u00e9gis k\u00fcl\u00f6n\u00e1ll\u00f3an.<\/p>\n<p>H. Gy. <em>\u2013 Kazahszt\u00e1nba gyakrabban j\u00e1rnak-e?<\/em><\/p>\n<p>P. A. \u2013 Gyakrabban nem, de nagyon \u00e9l\u00e9nk kapcsolatok alakultak ki az ottani szakmabeliekkel. Ahogy Krym professzor k\u00e9rte is t\u0151l\u00fcnk: hazai r\u00e9g\u00e9szekkel, szakemberekkel hoztuk \u0151t \u00f6ssze, akikkel egy m\u0171k\u00f6d\u0151, hat\u00e1rokon \u00e1t\u00edvel\u0151 szakmai p\u00e1rbesz\u00e9d alakult ki. Ennek k\u00f6sz\u00f6nhet\u0151en j\u00e1rhatott be t\u00f6bb kazah int\u00e9zm\u00e9nyt \u00e9s r\u00e9g\u00e9szeti helysz\u00ednt dr. T\u00fcrk Attila a P\u00e1zm\u00e1ny P\u00e9ter Katolikus Egyetem adjunktusa, ahol egyetemk\u00f6zi egyezm\u00e9nyek l\u00e9trehoz\u00e1s\u00e1n munk\u00e1lkodott \u00e9s a professzorn\u00e1l is j\u00e1rt m\u00e1r t\u00f6bb magyar szakember.<\/p>\n<div id=\"attachment_2560\" style=\"width: 310px\" class=\"wp-caption alignright\"><a href=\"http:\/\/induljelegyuton.hu\/wp-content\/uploads\/DSC_0966x.jpg\"><img loading=\"lazy\" decoding=\"async\" aria-describedby=\"caption-attachment-2560\" class=\"size-medium wp-image-2560\" alt=\"Szfinx \u2013 Berel kurg\u00e1n, i. e. 4-3. sz\u00e1zad (Kazahszt\u00e1n)\" src=\"http:\/\/induljelegyuton.hu\/wp-content\/uploads\/DSC_0966x-300x186.jpg\" width=\"300\" height=\"186\" srcset=\"https:\/\/induljelegyuton.hu\/wp-content\/uploads\/DSC_0966x-300x186.jpg 300w, https:\/\/induljelegyuton.hu\/wp-content\/uploads\/DSC_0966x-241x150.jpg 241w, https:\/\/induljelegyuton.hu\/wp-content\/uploads\/DSC_0966x.jpg 850w\" sizes=\"auto, (max-width: 300px) 100vw, 300px\" \/><\/a><p id=\"caption-attachment-2560\" class=\"wp-caption-text\">Szfinx \u2013 Berel kurg\u00e1n, i. e. 4-3. sz\u00e1zad (Kazahszt\u00e1n)<\/p><\/div>\n<p>Rem\u00e9lj\u00fck, hogy n\u00e9h\u00e1ny kell\u0151en felk\u00e9sz\u00fclt r\u00e9g\u00e9szhallgat\u00f3 \u00e9s restaur\u00e1tor kelhet \u00fatra nemsok\u00e1ra, hogy az Ostrov Krym laborat\u00f3riumban elsaj\u00e1t\u00edthassa az eml\u00edtett technol\u00f3gi\u00e1kat. Altynbekov professzor eg\u00e9szen nyitott tud\u00e1suk \u00e1tad\u00e1s\u00e1ra, magyar szakemberek \u201ekik\u00e9pz\u00e9s\u00e9re\u201d. A k\u00f6z\u00f6s ki\u00e1ll\u00edt\u00e1sunk r\u00e9v\u00e9n n\u00e1lunk is ismertt\u00e9 v\u00e1lt professzort 2014-ben a magyar \u00e1llam a Magyar \u00c9rdemrend Lovagkeresztj\u00e9vel t\u00fcntette ki kiv\u00e9teles munk\u00e1ss\u00e1g\u00e1\u00e9rt \u00e9s a magyar-kazah kapcsolatok \u00e1pol\u00e1s\u00e1\u00e9rt.<\/p>\n<p>H. Gy. <em>\u2013 Ez nagy lend\u00fcletet adhat a tov\u00e1bbi eredetkutat\u00e1snak.<\/em><\/p>\n<p>P. A. \u2013 A dolog m\u00e1r beindult. J\u00f3 p\u00e1r \u00e9ves k\u00f6z\u00f6s munk\u00e1nk sor\u00e1n sok kapu megny\u00edlt \u00e9s \u00f3ri\u00e1si eredm\u00e9nyk\u00e9nt elkezdett sz\u00f3t \u00e9rteni egym\u00e1ssal az \u00e9rdekl\u0151d\u0151i k\u00f6r \u00e9s a szakma. A kett\u0151 k\u00f6z\u00f6tt m\u00e1r r\u00e9g\u00f3ta nagy \u0171r t\u00e1tongott, amit k\u00f6nny\u0171 lett volna \u00e1thidalni, m\u00e9g sem tett\u00e9k hossz\u00fa \u00e9vtizedekig. Ez a folyamat most nagyon megl\u00f3dult. Sokan, sokf\u00e9lek\u00e9ppen munk\u00e1lkodnak m\u00e1r rajta, \u00e9s rem\u00e9lj\u00fck id\u0151vel m\u00e9g t\u00f6bben fognak.<\/p>\n<p>H. Gy. <em>\u2013 Tal\u00e1n dogm\u00e1k d\u0151lnek meg?<\/em><\/p>\n<p>P. A. \u2013 Mondhatjuk. P\u00e9ld\u00e1ul Julianus bar\u00e1t misszi\u00f3ja eddig csak \u00edr\u00e1sos forr\u00e1sk\u00e9nt volt kezelve, de a Magyar \u0150st\u00f6rt\u00e9neti T\u00e9macsoport oroszorsz\u00e1gi exped\u00edci\u00f3inak keret\u00e9n bel\u00fcl olyan leleteket tal\u00e1ltak, melyek a Julianus bar\u00e1t \u00e1ltal le\u00edrt \u201ekeleti magyarok\u201d r\u00e9g\u00e9szeti hagyat\u00e9k\u00e1t k\u00e9pezhetik. M\u00e9g pedig az Ur\u00e1lt\u00f3l keletre. Ez oda vezet, hogy nem eg\u00e9szen arra vonultunk a K\u00e1rp\u00e1t-medence fel\u00e9, ahogy el\u0151tte ismeretes volt. \u00c9s egy sor hasonl\u00f3 \u00fajdons\u00e1g ker\u00fcl el\u0151\u2026 A \u201edogm\u00e1k\u201d ott j\u00f6nnek l\u00e9tre, ahol a szeml\u00e9let v\u00e1lik dogmatikuss\u00e1, \u00e9s nem az \u00e1lland\u00f3 \u00f6nrev\u00edzi\u00f3t v\u00e9gz\u0151 \u201ekutat\u00f3i szellemis\u00e9g\u201d m\u0171k\u00f6dik. L\u00e1szl\u00f3 Gyula p\u00e9ld\u00e1ul m\u00e9g \u00e9let\u00e9ben pontos\u00edtotta meg\u00e1llap\u00edt\u00e1sait \u2013 mag\u00e1t c\u00e1folta meg, az \u00fajabb leletek alapj\u00e1n, \u00edzig-v\u00e9rig korrekt kutat\u00f3i szeml\u00e9lettel. P\u00e9lda\u00e9rt\u00e9k\u0171.<\/p>\n<p>R\u00e9g\u00f3ta fenn\u00e1ll\u00f3 probl\u00e9ma az, hogy az \u201ecivilek\u201d azt vetik a r\u00e9g\u00e9szek szem\u00e9re, hogy eldugj\u00e1k a leleteket, azokat \u00e1ltal\u00e1ban nem l\u00e1tja senki, a r\u00e9g\u00e9szek pedig minden rendelkez\u00e9s\u00fckre \u00e1ll\u00f3 eszk\u00f6zzel publik\u00e1lnak, s m\u00e9g sem jutnak el a k\u00f6z\u00f6ns\u00e9gig. Elbesz\u00e9lnek egym\u00e1s mellett sokszor \u00f6nhib\u00e1jukon k\u00edv\u00fcl. Az lehet a megold\u00e1s, hogy az \u00e9rdekl\u0151d\u0151k csoportja mell\u00e9rendelt viszonyban tal\u00e1lkozzon a \u201eszakma\u201d csoportj\u00e1val &#8211; a \u201etud\u00f3sok\u201d ne az elef\u00e1ntcsont-toronyb\u00f3l \u201ehall\u00f3zzanak le\u201d \u00e9s vissza. \u00c9s akkor megtal\u00e1lj\u00e1k a k\u00f6z\u00f6s hangot. S ez t\u00f6rt\u00e9nt meg 2014-ben: j\u00f3 volt ilyen tal\u00e1lkoz\u00e1sokon r\u00e9szt venni, \u00e9s \u00e9rezni, hogy mi is seg\u00edtett\u00fcnk ebben. Ez lassan a misszi\u00f3nkk\u00e1 v\u00e1lt: a p\u00e1rbesz\u00e9d megind\u00edt\u00e1sa. Ha ez m\u00e1r j\u00f3l zajlik, tal\u00e1n a m\u00e9dia is felfigyel r\u00e1, \u00e9s ez a nagy csend megt\u00f6rik. A felt\u00e1r\u00e1sok eredm\u00e9nye is lehet h\u00edr, \u00e9rt\u00e9kkel megt\u00f6rve a \u201ecelebd\u00f6mpinget\u201d.<\/p>\n<div id=\"attachment_2555\" style=\"width: 239px\" class=\"wp-caption alignleft\"><a href=\"http:\/\/induljelegyuton.hu\/wp-content\/uploads\/DSC_0963x.jpg\"><img loading=\"lazy\" decoding=\"async\" aria-describedby=\"caption-attachment-2555\" class=\"size-medium wp-image-2555\" alt=\"\u00c1ldozati \u00fcst - Krym Altynbekov rekonstrukci\u00f3ja az \u0151si nom\u00e1d m\u0171v\u00e9szet \u00e9s mitol\u00f3gia fennmaradt leleteinek seg\u00edts\u00e9g\u00e9vel\" src=\"http:\/\/induljelegyuton.hu\/wp-content\/uploads\/DSC_0963x-229x300.jpg\" width=\"229\" height=\"300\" srcset=\"https:\/\/induljelegyuton.hu\/wp-content\/uploads\/DSC_0963x-229x300.jpg 229w, https:\/\/induljelegyuton.hu\/wp-content\/uploads\/DSC_0963x-114x150.jpg 114w, https:\/\/induljelegyuton.hu\/wp-content\/uploads\/DSC_0963x.jpg 651w\" sizes=\"auto, (max-width: 229px) 100vw, 229px\" \/><\/a><p id=\"caption-attachment-2555\" class=\"wp-caption-text\">\u00c1ldozati \u00fcst &#8211; Krym Altynbekov rekonstrukci\u00f3ja az \u0151si nom\u00e1d m\u0171v\u00e9szet \u00e9s mitol\u00f3gia fennmaradt leleteinek seg\u00edts\u00e9g\u00e9vel<\/p><\/div>\n<p>Jelenleg kett\u0151, a szk\u00edta id\u0151szakra specializ\u00e1l\u00f3d\u00f3 r\u00e9g\u00e9sz seg\u00edti akt\u00edvan a ki\u00e1ll\u00edt\u00e1ssal megindult munk\u00e1t. Rengeteg adatot, h\u00e1tt\u00e9rinform\u00e1ci\u00f3t kaptunk t\u0151l\u00fck, \u00e1ltaluk. Seg\u00edts\u00e9g\u00fckkel rengeteget dolgoztunk azon, hogy ismertet\u0151 katal\u00f3gusunk olvasm\u00e1nyos \u00e9s k\u00f6z\u00e9rthet\u0151 legyen.<\/p>\n<p>Nyit\u00e1s t\u00f6rt\u00e9nt a szakma ter\u00fclet\u00e9n is. A VAM Design-os fot\u00f3jegyek bev\u00e9tel\u00e9b\u0151l j\u00f6tt a kezdem\u00e9nyez\u00e9s. Az \u00f6sszeggel egy \u00e1sat\u00e1s p\u00e1ly\u00e1zat\u00e1hoz k\u00edv\u00e1ntunk hozz\u00e1j\u00e1rulni, amely sikeres volt, amib\u0151l egy 200 s\u00edros avarkori felt\u00e1r\u00e1s, \u00e9s egy nagy terv-\u00e1sat\u00e1s kerekedett. Hasonl\u00f3an tudtunk seg\u00edteni az orosh\u00e1zi m\u00fazeumnak is, a Szentesi \u00fat \u2013 homokb\u00e1nya lel\u0151helyen l\u00e9v\u0151 k\u00e1liz telep leletment\u00e9s\u00e9n\u00e9l. L\u00e9trej\u00f6tt a Civil R\u00e9g\u00e9szeti Alap Egyes\u00fclet, \u00e9s Balatonszemes P\u00e1los kolostor\u00e1nak felt\u00e1r\u00e1s\u00e1t m\u00e1r el is kezdte a PPKE BTK R\u00e9g\u00e9szeti Tansz\u00e9ke az \u00f6nkorm\u00e1nyzattal kar\u00f6ltve civil forr\u00e1sokkal megseg\u00edtve, a mi szervez\u00e9s\u00fcnkkel.<\/p>\n<p>H. Gy. <em>&#8211; Altynbekov professzor hogyan \u00e9rt\u00e9keli a ki\u00e1ll\u00edt\u00e1s bej\u00e1rt \u00fatj\u00e1t?<\/em><\/p>\n<p>P. A. \u2013 El\u00e9gedett. Mi sem bizony\u00edtja ezt jobban, hogy k\u00e9t \u00e9v ut\u00e1n, t\u00f6bb mint k\u00e9t \u00e9vvel meghosszabb\u00edtotta az ezzel kapcsolatos, r\u00e1nk ruh\u00e1zott jogokat.<\/p>\n<p>H. Gy. <em>\u2013 \u00d6nfenntart\u00f3-e a ki\u00e1ll\u00edt\u00e1s? S b\u00edrj\u00e1k-e m\u00e9g anyagilag?<\/em><\/p>\n<p>P. A. \u2013 Most jutottunk el arra a szintre, hogy lassan \u201emeg\u00e1ll a saj\u00e1t l\u00e1b\u00e1n\u201d. Er\u0151n fel\u00fcli, hatalmas v\u00e1llal\u00e1s volt ez \u2013 elind\u00edtani, bevezetni ezt a t\u00f6rt\u00e9netet. De tudtuk el\u0151re, \u00e9s k\u00fcldet\u00e9sk\u00e9nt \u00e9lt\u00fck meg. Ez m\u00e1r szerelem, szent \u0151r\u00fclet.<\/p>\n<p align=\"right\">Hars\u00e1czki Gy\u00f6rgy<\/p>\n","protected":false},"excerpt":{"rendered":"<p>Kazah-magyar kapcsolatok, Lovagkereszt \u00e9s a megd\u0151lt dogm\u00e1k &nbsp; 2012 szeptember\u00e9ben annak a rendk\u00edv\u00fcli esem\u00e9nynek a kapcs\u00e1n besz\u00e9lgettem Papp Attil\u00e1val, hogy n\u00e9gy elsz\u00e1nt ember \u2013 h\u00e1rom magyar \u00f6nfel\u00e1ldoz\u00f3 f\u00e9rfi \u00e9s egy vil\u00e1gszerte h\u00edres restaur\u00e1tor-tud\u00f3s \u2013 j\u00f3volt\u00e1b\u00f3l haz\u00e1nkban els\u0151k\u00e9nt volt l\u00e1that\u00f3 a szk\u00edta n\u00e9pek 2200-2800 \u00e9ves leletanyagainak anyagh\u0171 t\u00e1rgyrekonstrukci\u00f3ib\u00f3l \u00f6ssze\u00e1ll\u00edtott ki\u00e1ll\u00edt\u00e1s. Annak \u2026 <a class=\"continue-reading-link\" href=\"https:\/\/induljelegyuton.hu\/?p=2549\"> Continue reading <span class=\"meta-nav\">&rarr; <\/span><\/a><\/p>\n","protected":false},"author":1,"featured_media":0,"comment_status":"open","ping_status":"open","sticky":false,"template":"","format":"standard","meta":{"ngg_post_thumbnail":0,"footnotes":""},"categories":[163,1],"tags":[1150,1144,1158,1151,1160,1166,1155,1146,1161,901,1159,1164,1145,1165,1149,1154,1156,1152,1163,1162,1147,1157,1148,135,1153,245],"class_list":["post-2549","post","type-post","status-publish","format-standard","hentry","category-aktualis","category-kukker","tag-1150","tag-aranyember","tag-avar","tag-bekescsaba","tag-bekescsaba-gazso-tanya","tag-civil-regeszeti-alap-egyesulet","tag-csardaszallas","tag-dr-bencze-istvan","tag-dr-turk-attila","tag-feltaras","tag-gepida","tag-julianus-barat","tag-kazahsztan","tag-keleti-magyarok","tag-krym-altynbekov","tag-laczko-dezso-muzeum","tag-lelet","tag-lovas-nomad","tag-magyar-erdemrend-lovagkeresztje","tag-ostrov-krym","tag-papp-attila","tag-szarmata","tag-szeles-attila","tag-szkita","tag-szkita-nepek","tag-vam-design-center"],"_links":{"self":[{"href":"https:\/\/induljelegyuton.hu\/index.php?rest_route=\/wp\/v2\/posts\/2549","targetHints":{"allow":["GET"]}}],"collection":[{"href":"https:\/\/induljelegyuton.hu\/index.php?rest_route=\/wp\/v2\/posts"}],"about":[{"href":"https:\/\/induljelegyuton.hu\/index.php?rest_route=\/wp\/v2\/types\/post"}],"author":[{"embeddable":true,"href":"https:\/\/induljelegyuton.hu\/index.php?rest_route=\/wp\/v2\/users\/1"}],"replies":[{"embeddable":true,"href":"https:\/\/induljelegyuton.hu\/index.php?rest_route=%2Fwp%2Fv2%2Fcomments&post=2549"}],"version-history":[{"count":9,"href":"https:\/\/induljelegyuton.hu\/index.php?rest_route=\/wp\/v2\/posts\/2549\/revisions"}],"predecessor-version":[{"id":2564,"href":"https:\/\/induljelegyuton.hu\/index.php?rest_route=\/wp\/v2\/posts\/2549\/revisions\/2564"}],"wp:attachment":[{"href":"https:\/\/induljelegyuton.hu\/index.php?rest_route=%2Fwp%2Fv2%2Fmedia&parent=2549"}],"wp:term":[{"taxonomy":"category","embeddable":true,"href":"https:\/\/induljelegyuton.hu\/index.php?rest_route=%2Fwp%2Fv2%2Fcategories&post=2549"},{"taxonomy":"post_tag","embeddable":true,"href":"https:\/\/induljelegyuton.hu\/index.php?rest_route=%2Fwp%2Fv2%2Ftags&post=2549"}],"curies":[{"name":"wp","href":"https:\/\/api.w.org\/{rel}","templated":true}]}}