{"id":2508,"date":"2014-12-30T13:34:52","date_gmt":"2014-12-30T12:34:52","guid":{"rendered":"http:\/\/induljelegyuton.hu\/?p=2508"},"modified":"2016-02-01T19:35:32","modified_gmt":"2016-02-01T18:35:32","slug":"barlangaszok-vadon-fedezekben-es-kotelen-3-resz","status":"publish","type":"post","link":"https:\/\/induljelegyuton.hu\/?p=2508","title":{"rendered":"Barlang\u00e1szok vadon, fedez\u00e9kben \u00e9s k\u00f6t\u00e9len\u2026 (3-4. r\u00e9sz)"},"content":{"rendered":"<div id=\"attachment_2513\" style=\"width: 310px\" class=\"wp-caption alignright\"><a href=\"http:\/\/induljelegyuton.hu\/wp-content\/uploads\/DSC_1007.jpg\"><img loading=\"lazy\" decoding=\"async\" aria-describedby=\"caption-attachment-2513\" class=\"size-medium wp-image-2513\" alt=\"L\u00e1thattuk azt is, hogy a jelenleg a k\u00f6vek k\u00f6z\u00f6tt b\u00f3kl\u00e1sz\u00f3 Alba nemr\u00e9g elsodorta a t\u00f6bb sz\u00e1z \u00e9ve lerakott hordal\u00e9kdombjait...\" src=\"http:\/\/induljelegyuton.hu\/wp-content\/uploads\/DSC_1007-300x200.jpg\" width=\"300\" height=\"200\" srcset=\"https:\/\/induljelegyuton.hu\/wp-content\/uploads\/DSC_1007-300x200.jpg 300w, https:\/\/induljelegyuton.hu\/wp-content\/uploads\/DSC_1007-224x150.jpg 224w, https:\/\/induljelegyuton.hu\/wp-content\/uploads\/DSC_1007.jpg 850w\" sizes=\"auto, (max-width: 300px) 100vw, 300px\" \/><\/a><p id=\"caption-attachment-2513\" class=\"wp-caption-text\">L\u00e1thattuk azt is, hogy a jelenleg a k\u00f6vek k\u00f6z\u00f6tt b\u00f3kl\u00e1sz\u00f3 Alba nemr\u00e9g elsodorta a t\u00f6bb sz\u00e1z \u00e9ve lerakott hordal\u00e9kdombjait&#8230;<\/p><\/div>\n<p><strong>Az Alba-v\u00f6lgy embert pr\u00f3b\u00e1l\u00f3 gy\u00f6ny\u00f6r\u0171s\u00e9gei<\/strong><\/p>\n<p>&nbsp;<\/p>\n<p>Az Alba-v\u00f6lgyn\u00e9l szerencs\u00e9re volt egy kis mell\u00e9k\u00fat is, amelyen sz\u00e1z m\u00e9terrel elt\u00e1volodhattunk a forgalmasabb orsz\u00e1g\u00fatt\u00f3l. \u00dagy, mint az orsz\u00e1g\u00fat, ez is \u00e1tfutott az Alba felett \u2013 ennek h\u00eddf\u0151j\u00e9n\u00e9l meg\u00e1llapodtunk aut\u00f3inkkal. Azonnal \u00e9szrevett\u00fck, hogy a t\u00faloldal sziklafal\u00e1n egy kis \u00e9r csurog le a mederbe, de \u00e9rdekes m\u00f3don sz\u00ednes cseppk\u0151k\u00e9reggel vonta be alant a k\u00f6veket, s ez karsztforr\u00e1sra utalt. Sajnos nem tal\u00e1ltuk meg a forr\u00e1s\u00e1t, de k\u00f6zben felkutattuk \u201erejtett\u201d s\u00e1torhelyeinket.<\/p>\n<p>Miut\u00e1n m\u00e1r igen meg\u00e9hezt\u00fcnk, n\u00e9h\u00e1nyan neki is l\u00e1ttunk k\u00e9sei eb\u00e9d\u00fcnknek, n\u00e9h\u00e1nyan pedig, akiknek valami m\u00e9g hi\u00e1nyzott valami a teljess\u00e9ghez, beaut\u00f3ztak a k\u00f6zeli kisv\u00e1rosba. Ahogy elmentek, r\u00f6gt\u00f6n a hely\u00fckre \u00e1llt egy olasz csal\u00e1d aut\u00f3ja, akik h\u00e1rom gyerekkel \u00e9s egy m\u00f3zeskos\u00e1rral lementek a patakpartra pancsolni. F\u0151tt is a fej\u00fcnk, hogy hov\u00e1 \u00e1llnak vissza bar\u00e1taink, de ne volt mit tenni.<\/p>\n<p><strong><strong>ngg_shortcode_0_placeholder<\/strong><\/strong><\/p>\n<p>Botladoz\u00f3 felfedez\u0151k<\/p>\n<p>Miut\u00e1n a bev\u00e1s\u00e1rl\u00f3k visszat\u00e9rtek \u00e9s megeb\u00e9deltek siker\u00fclt r\u00e1vennem Bal\u00e1zs bar\u00e1tomat, hogy haszn\u00e1ljuk ki m\u00e9g azt a k\u00e9t \u00f3r\u00e1t, ami a nappalb\u00f3l megmaradt: tegy\u00fcnk egy felder\u00edt\u0151 utat a v\u00f6lgybe. Gy\u00f6ny\u00f6r\u0171 k\u00e9s\u0151 d\u00e9lut\u00e1ni naps\u00fct\u00e9sben v\u00e1gtunk neki. A v\u00f6lgy nagy m\u00e9rete m\u00e1r a 40-50 m\u00e9ter sz\u00e9les feh\u00e9r sziklag\u00f6rgetegekkel telesz\u00f3rt medr\u00e9n is l\u00e1tszott, b\u00e1r a Rio Alba csendesen k\u00f3dorgott a g\u00f6rgetegek k\u00f6z\u00f6tt. \u00c1m n\u00e9h\u00e1ny sz\u00e1z m\u00e9ter m\u00falva azt is l\u00e1ttuk, ahogyan a jelenleg v\u00e9rszeg\u00e9ny v\u00edzfoly\u00e1s nemr\u00e9g elsodorta a sz\u00e1z \u00e9vekkel kor\u00e1bban lerakott hordal\u00e9k dombjait. (Egy h\u00f3nappal k\u00e9s\u0151bb, ism\u00e9t \u00f3ri\u00e1si \u00e1rv\u00edz \u00f6nt\u00f6tte el a k\u00f6rny\u00e9ket.) \u00d6sv\u00e9ny h\u00edj\u00e1n tal\u00e1lomra r\u00f3ttuk a bokapr\u00f3b\u00e1l\u00f3 k\u0151tengert. A r\u00f6vid\u00edt\u00e9s sem gyors\u00edtott a halad\u00e1sunkon, s h\u00e1romnegyed \u00f3r\u00e1ba telt, am\u00edg eljutottunk a v\u00f6lgy \u201ebej\u00e1rat\u00e1ig\u201d. 100-150 m\u00e9teres s\u00e1rga sziklafalak n\u00e9ztek le r\u00e1nk, a l\u00e1baikn\u00e1l t\u00f6rmel\u00e9kfoly\u00e1sokkal. Amikor egy v\u00e9szesen omlad\u00e9kony t\u00f6rmel\u00e9kr\u00e9zs\u0171n kikapaszkodtunk a patak mell\u0151l, l\u00e1thattuk, hogy oda-vissza az els\u0151 sz\u00e1m\u00fa patak\/foly\u00f3teraszon \u00e9rdemes k\u00f6zlekedni.<\/p>\n<div id=\"attachment_2514\" style=\"width: 310px\" class=\"wp-caption alignleft\"><a href=\"http:\/\/induljelegyuton.hu\/wp-content\/uploads\/DSC_1013.jpg\"><img loading=\"lazy\" decoding=\"async\" aria-describedby=\"caption-attachment-2514\" class=\"size-medium wp-image-2514\" alt=\"A patak medr\u00e9t mintha az \u00f6rd\u00f6g sz\u00e1ntotta volna f\u00f6l...\" src=\"http:\/\/induljelegyuton.hu\/wp-content\/uploads\/DSC_1013-300x200.jpg\" width=\"300\" height=\"200\" srcset=\"https:\/\/induljelegyuton.hu\/wp-content\/uploads\/DSC_1013-300x200.jpg 300w, https:\/\/induljelegyuton.hu\/wp-content\/uploads\/DSC_1013-224x150.jpg 224w, https:\/\/induljelegyuton.hu\/wp-content\/uploads\/DSC_1013.jpg 850w\" sizes=\"auto, (max-width: 300px) 100vw, 300px\" \/><\/a><p id=\"caption-attachment-2514\" class=\"wp-caption-text\">A patak medr\u00e9t mintha az \u00f6rd\u00f6g sz\u00e1ntotta volna f\u00f6l&#8230;<\/p><\/div>\n<p>Bel\u00e9pt\u00fcnk az \u00e1rny\u00e9kba. A v\u00f6lgy nem volt sz\u0171k ugyan, de a behullott g\u00f6rgetegek miatt nehezen volt j\u00e1rhat\u00f3: mintha felsz\u00e1ntott\u00e1k volna a medret. A gyors el\u0151rejut\u00e1sra nem mindig volt m\u00e1s alternat\u00edva. Nemsok\u00e1ra a jobb oldali sziklafalr\u00f3l hullott le egy kis patakocska, s nem sokkal arr\u00e9bb bal fel\u0151l. Felder\u00edt\u00e9sre sz\u00e1nt id\u0151nk v\u00e9szesen fogyott, \u00edgy egy nagyobb v\u00edzmedenc\u00e9n\u00e9l \u00e1lltunk meg \u00e9s n\u00e9zt\u00fcnk sz\u00e9t. Itt m\u00e1r t\u00fals\u00falyba ker\u00fclt a sz\u00e1lk\u0151zet \u2013 a Simon-patak v\u00f6lgy\u00e9hez hasonl\u00f3, l\u00e1tv\u00e1nyos k\u0151zetr\u00e9tegek k\u00eds\u00e9rt\u00e9k az Alb\u00e1t. \u00c9pp visszaindultunk, amikor pomp\u00e1s f\u00fcrd\u0151helyet felfedezt\u00fck fel: holnapra k\u00fcl\u00f6nb\u00f6z\u0151 magass\u00e1g\u00fa m\u00e9szk\u0151p\u00e1rk\u00e1nyokr\u00f3l ugr\u00e1lhatunk majd a m\u00e9ly v\u00edzbe!<\/p>\n<p>&nbsp;<\/p>\n<p>Aj\u00e1nlott utat j\u00e1rhatatlan\u00e9rt el ne hagyj..!<\/p>\n<p>Az \u00f6sv\u00e9ny m\u00e1r a l\u00e1bunkban volt, sokkal r\u00f6videbb id\u0151 alatt \u00e9rt\u00fcnk vissza a kavicsteraszon \u2013 az olaszok is f\u00fcrd\u0151ztek m\u00e9g. Sajnos csak az az egy nagyobb medence volt a k\u00f6zelben, \u00edgy borozva v\u00e1rtuk ki, am\u00edg mosolyogva ciao-t pusmogtak, \u00e9s elhajtottak. F\u00fcrd\u00e9s ut\u00e1n azt\u00e1n elb\u00fajtunk a kiserd\u0151ben \u00e9s eltett\u00fck magunkat holnapra. Bandi\u00e9k mikrobusza adta a b\u00e1zist.<\/p>\n<p>A k\u00f6vetkez\u0151 reggelen gyorsan s\u00e1trat bontottunk, s mik\u00f6zben kifesz\u00edtett\u00fck sz\u00e1radni, megmosakodtunk az Alb\u00e1ban, s j\u00f6tt a k\u00e1v\u00e9, a reggeli\u2026 Csod\u00e1latos volt k\u00e1v\u00e9s poh\u00e1rk\u00e1val a k\u00e9zben \u00fclni Bal\u00e1zs polifoamj\u00e1n, \u00e9s l\u00e1tni, hogy sz\u00e1radnak a tegnapi \u00e1tizzadt p\u00f3l\u00f3ink a z\u00f6ld vaskorl\u00e1ton\u2026 Most m\u00e1r nem is igyekezt\u00fcnk eld\u00f6nteni, hogy mit is akarunk a v\u00f6lgyben: t\u00far\u00e1zni vagy kanyoningozni. Mind\u00f6ssze ketten rendelkeztek neopr\u00e9n ruh\u00e1val, \u00e9s azt be is tett\u00e9k a h\u00e1tizs\u00e1kba, n\u00e9h\u00e1nyan pedig eleve f\u00fcrd\u0151ruh\u00e1t vett\u00fcnk fel.<\/p>\n<p>Tizenegy fel\u00e9 indultunk el. Bal\u00e1zzsal mindketten javasoltuk a t\u00f6bbieknek, hogy a kavicsteraszon az egyszer\u0171bb, de ez csak n\u00e9h\u00e1ny t\u00e1rsunk f\u00fcl\u00e9be jutott el. Egyik t\u00farat\u00e1rsn\u0151nk l\u00e1ba &#8211; ennek megfelel\u0151en &#8211; ki is bicsaklott. Mire a v\u00f6lgysz\u0171k\u00fclethez \u00e9rt\u00fcnk, m\u00e1r mindenki v\u00edzbe v\u00e1gyott. Izgatottan beljebb ugrabugr\u00e1ltunk, s az els\u0151, tegnap l\u00e1tott v\u00edzes\u00e9s al\u00e1 m\u00e1r be is \u00e1llt egyik bikinis t\u00farat\u00e1rsn\u0151nk. R\u00f6vid id\u0151 m\u00falva meg is \u00e9rkezt\u00fcnk a csoda-f\u00fcrd\u0151h\u00f6z, amire a t\u00f6bbiek figyelm\u00e9t is felh\u00edvtuk. S mi volt a v\u00e1lasz? Akkor f\u00fcr\u00f6dj\u00fcnk! Ez \u00e1m a nyaral\u00e1s! Ennek is el kellett j\u00f6nnie! \u2026hogy nem rohanunk.<\/p>\n<p>&nbsp;<\/p>\n<div id=\"attachment_2515\" style=\"width: 310px\" class=\"wp-caption alignright\"><a href=\"http:\/\/induljelegyuton.hu\/wp-content\/uploads\/DSC_1062.jpg\"><img loading=\"lazy\" decoding=\"async\" aria-describedby=\"caption-attachment-2515\" class=\"size-medium wp-image-2515\" alt=\"A v\u00edz ugyan hideg volt, de ki ne f\u00fcrdene itt..?!\" src=\"http:\/\/induljelegyuton.hu\/wp-content\/uploads\/DSC_1062-300x200.jpg\" width=\"300\" height=\"200\" srcset=\"https:\/\/induljelegyuton.hu\/wp-content\/uploads\/DSC_1062-300x200.jpg 300w, https:\/\/induljelegyuton.hu\/wp-content\/uploads\/DSC_1062-224x150.jpg 224w, https:\/\/induljelegyuton.hu\/wp-content\/uploads\/DSC_1062.jpg 850w\" sizes=\"auto, (max-width: 300px) 100vw, 300px\" \/><\/a><p id=\"caption-attachment-2515\" class=\"wp-caption-text\">A v\u00edz ugyan hideg volt, de ki ne f\u00fcrdene itt..?!<\/p><\/div>\n<p>A karsztv\u00edz endorfin-tartalma\u2026<\/p>\n<p>Mindenki v\u00e9rm\u00e9rs\u00e9klet\u00e9nek megfelel\u0151en szabadult meg ruh\u00e1it\u00f3l, s volt, akin ugyanannyi textil maradt. Az els\u0151 mer\u00edtkez\u00e9s t\u00f6bbnyire kiab\u00e1l\u00f3s volt, de azt\u00e1n felszabadult az endorfin..! Negyven perc alatt volt ugr\u00e1l\u00e1s, fot\u00f3z\u00e1s, \u00faszk\u00e1l\u00e1s, v\u00edzes\u00e9s-d\u00f6g\u00f6ny\u00f6z\u0151, p\u00f3zol\u00e1s \u2013 sz\u00edv\u00fcnkig-csontunkig hatolt az Alba. A m\u00e1r t\u00e9nyleges szikl\u00e1k k\u00f6z\u00e9 szor\u00edtott patak nemsok\u00e1ra egy kerekded v\u00f6lgy\u00f6bl\u00f6s\u00f6d\u00e9sbe vezetett, amelynek visszahajl\u00f3 falainak t\u00f6v\u00e9ben \u00e1rny\u00e9kot is kaptunk.<\/p>\n<p>Az Alba el\u00e9nk g\u00f6rd\u00edtette els\u0151 akad\u00e1ly\u00e1t: egy beny\u00fal\u00f3 sziklagerinc n\u00e9h\u00e1ny m\u00e9terre sz\u0171k\u00edtette a v\u00f6lgyet, s a szorost z\u00f6ldesk\u00e9k viz\u0171 t\u00f3 t\u00f6lt\u00f6tte ki. Pomp\u00e1s l\u00e1tv\u00e1ny volt, no de \u00faszva (b\u00e1rmilyen sz\u00e9p is lett volna) nem vihett\u00fcnk \u00e1t bakancsot, f\u00e9nyk\u00e9pez\u0151g\u00e9pet..! Szerencs\u00e9re \u00e9szrevett\u00fck, hogy a szikla n\u00e9mi \u00fcgyess\u00e9ggel \u00e1tm\u00e1szhat\u00f3. Megbicsaklott t\u00farat\u00e1rsn\u0151nk itt kisz\u00e1llt, mivel l\u00e1ba bedagadt, \u00edgy h\u00e1rman \u00e1tm\u00e1sztunk, n\u00e9gyen \u00e1t\u00faszt\u00e1k az akad\u00e1lyt. Fentr\u0151l volt csak igaz\u00e1n pomp\u00e1s a l\u00e1tv\u00e1ny!<\/p>\n<p>Az Alba k\u00f6vetkez\u0151 szakasza sz\u00e9p p\u00e9ld\u00e1ja volt az aszimmetrikus v\u00f6lgyeknek, s ezt a 30-35 fokos sz\u00f6gben kibillentett m\u00e9szk\u0151r\u00e9tegeknek k\u00f6sz\u00f6nhette: m\u00e1sz\u00e1sunk ut\u00e1n sima r\u00e9teglapokon \u00f3vatoskodtunk lefel\u00e9. M\u00e1r l\u00e1ttuk, hogy m\u00e9ly\u00fcl a v\u00f6lgy, \u00e9s minden k\u0151fel\u00fcletet (hordal\u00e9k alig volt) a k\u0151zet szab\u00e1lyos s\u00e1vjai dekor\u00e1ltak. A k\u00f6vetkez\u0151 akad\u00e1ly m\u00e9g szebb volt. A kitett terepl\u00e9pcs\u0151r\u0151l ism\u00e9t egy \u201emegszokott sz\u00edn\u0171\u201d z\u00f6ldesk\u00e9k tavacsk\u00e1ba zubogott a v\u00edz. Viszont nem lehetett megm\u00e1szni \u2013 m\u00e9g \u00fasz\u00e1ssal sem. K\u00e9t kanyoningosunk itt virgonckodott igaz\u00e1n..! Hol az egyik, hol a m\u00e1sik ugrott a v\u00edzes\u00e9s medenc\u00e9j\u00e9be. \u2013 Jobbra kell felm\u00e1sznotok a r\u00e9zs\u0171re! \u2013 magyar\u00e1zta Istv\u00e1n, aki ezut\u00e1n el\u00e9nk is j\u00f6tt.<\/p>\n<p>M\u00e1r az oldalba sem volt egyszer\u0171 felkapaszkodni, mert a ferde r\u00e9teglapokon m\u00e9g a f\u0171 sem \u201e\u00e1llt\u201d biztosan.\u00a0 Egym\u00e1s ut\u00e1n imbolyogtunk a mozg\u00f3 t\u00f6rmel\u00e9ken, s k\u00f6zben gurultak a k\u00f6vek az el\u0151bbi medenc\u00e9be. Kapaszkod\u00f3k\u00f6telet kellett bek\u00f6tn\u00fcnk a felm\u00e1sz\u00e1sn\u00e1l, mert ha b\u00e1rmelyik\u00fcnk megcs\u00faszik, \u00f6sszever\u0151dve zuhant volna a v\u00edzes\u00e9sbe! No, de a felkapaszkod\u00e1s ut\u00e1n ism\u00e9t le kellett jutni a mederbe! Mintha ferde asztallapra sz\u00f3rt kavicson ereszkedt\u00fcnk volna al\u00e1.<\/p>\n<p>&nbsp;<\/p>\n<div id=\"attachment_2516\" style=\"width: 310px\" class=\"wp-caption alignleft\"><a href=\"http:\/\/induljelegyuton.hu\/wp-content\/uploads\/DSC_1119.jpg\"><img loading=\"lazy\" decoding=\"async\" aria-describedby=\"caption-attachment-2516\" class=\"size-medium wp-image-2516\" alt=\"H\u00e1rman \u00e1tm\u00e1sztunk, n\u00e9gyen \u00e1t\u00faszt\u00e1k a csod\u00e1latos akad\u00e1lyt...\" src=\"http:\/\/induljelegyuton.hu\/wp-content\/uploads\/DSC_1119-300x200.jpg\" width=\"300\" height=\"200\" srcset=\"https:\/\/induljelegyuton.hu\/wp-content\/uploads\/DSC_1119-300x200.jpg 300w, https:\/\/induljelegyuton.hu\/wp-content\/uploads\/DSC_1119-224x150.jpg 224w, https:\/\/induljelegyuton.hu\/wp-content\/uploads\/DSC_1119.jpg 850w\" sizes=\"auto, (max-width: 300px) 100vw, 300px\" \/><\/a><p id=\"caption-attachment-2516\" class=\"wp-caption-text\">H\u00e1rman \u00e1tm\u00e1sztunk, n\u00e9gyen \u00e1t\u00faszt\u00e1k a csod\u00e1latos akad\u00e1lyt&#8230;<\/p><\/div>\n<p>Ez m\u00e1r kanyoning \u2013 a la barlang\u00e1sz<\/p>\n<p>Ezut\u00e1n m\u00e1r a meder k\u00f6zep\u00e9b\u0151l is r\u00e9teglemezek \u00e1lltak ki, s a patak ezeken bukott \u00e1t. A hasad\u00e9kk\u00e1 sz\u0171k\u00fclt szurdok jobb fal\u00e1r\u00f3l egy patak permetezett le \u2013 j\u00f3 15 m\u00e9ter magass\u00e1gb\u00f3l. M\u00e9g \u00e9n is a v\u00edzpermet al\u00e1 futottam magamat leh\u0171teni, h\u00e1t m\u00e9g bikinis \u201ekoll\u00e9gan\u0151nk\u201d, aki belemer\u00fclt a v\u00edzes\u00e9s alatti t\u00f3ba. A k\u00f6vetkez\u0151 el\u00e1rasztott mederr\u00e9sz kiker\u00fcl\u00e9s\u00e9hez egy n\u00e9gy m\u00e9terrel feljebb fut\u00f3 sziklaperemre kellett felkapaszkodni. Az egyetlen erre alkalmas sziklafal meglehet\u0151sen lejtett kifel\u00e9, de a v\u00edzben \u201efel\u00fasz\u00f3\u201d Istv\u00e1n k\u00f6t\u00e9llel felh\u00fazta a m\u00e1sz\u00f3k felszerel\u00e9s\u00e9t, s \u00edgy k\u00f6nnyebben teljes\u00edtett\u00fck a feladatot.<\/p>\n<p>Az utols\u00f3 szakaszhoz \u00e9rt\u00fcnk. A f\u00fcgg\u0151leges sziklafalak alatt h\u00faz\u00f3d\u00f3 medret kavics bor\u00edtotta, s a sziklafal k\u00e9t r\u00e9tege k\u00f6z\u00fcl &#8211; mintha csak nagy s\u00faly pr\u00e9selte volna ki -, forr\u00e1s bugyogott el\u0151. A \u201ebugyor\u201d pedig zs\u00e1kutc\u00e1ba, egy 6-7 m\u00e9teres v\u00edzes\u00e9sbe szaladt bele. T\u00e1volabbr\u00f3l m\u00e1r l\u00e1tszott az azt megel\u0151z\u0151 zubog\u00f3 habja. Annyi sz\u00e9pet l\u00e1ttunk m\u00e1r ma, hogy nem is b\u00e1ntuk, hogy nem mehet\u00fcnk tov\u00e1bb. Mindegyik\u00fcnk \u00e1tszellem\u00fclt arccal forgatta ide-oda a fej\u00e9t \u2013 minden h\u00e9tk\u00f6znapi gondt\u00f3l f\u00e9ny\u00e9vekre voltunk.<\/p>\n<p>Majd elindultunk visszafel\u00e9. A sz\u00e1razf\u00f6ldiek eredm\u00e9nyesen visszaereszkedtek, a \u201ev\u00edzbar\u00e1tok\u201d g\u00e1zoltak \u00e9s mer\u00fcltek. Ekkor gondoltam \u00fagy, hogy szand\u00e1lra v\u00e1ltok, mert komolyabb m\u00e1sz\u00e1s m\u00e1r nem v\u00e1rhat\u00f3 \u2013 \u00e9lvezem a vizes tapicskol\u00e1st. Visszafel\u00e9 is kiker\u00fclt\u00fck az \u201eugr\u00e1l\u00f3s\u201d zuhatagot, majd az el\u00e1rasztott szoroshoz k\u00f6zel\u00edtett\u00fcnk. K\u00f6zben vett\u00fcnk \u00e9szre egy emberi test nagys\u00e1g\u00fa k\u0151- \u00e9s f\u00f6ldoml\u00e1st a parton. Egy \u00f3r\u00e1n bel\u00fcl omlott le ut\u00e1nunk \u2013 pont az \u00fatvonalra.<\/p>\n<p>&nbsp;<\/p>\n<div id=\"attachment_2519\" style=\"width: 210px\" class=\"wp-caption alignright\"><a href=\"http:\/\/induljelegyuton.hu\/wp-content\/uploads\/DSC_1182.jpg\"><img loading=\"lazy\" decoding=\"async\" aria-describedby=\"caption-attachment-2519\" class=\"size-medium wp-image-2519\" alt=\"A \u201ebugyor\u201d pedig zs\u00e1kutc\u00e1ba, egy 6-7 m\u00e9teres v\u00edzes\u00e9sbe szaladt bele...\" src=\"http:\/\/induljelegyuton.hu\/wp-content\/uploads\/DSC_1182-200x300.jpg\" width=\"200\" height=\"300\" srcset=\"https:\/\/induljelegyuton.hu\/wp-content\/uploads\/DSC_1182-200x300.jpg 200w, https:\/\/induljelegyuton.hu\/wp-content\/uploads\/DSC_1182-100x150.jpg 100w, https:\/\/induljelegyuton.hu\/wp-content\/uploads\/DSC_1182.jpg 567w\" sizes=\"auto, (max-width: 200px) 100vw, 200px\" \/><\/a><p id=\"caption-attachment-2519\" class=\"wp-caption-text\">A \u201ebugyor\u201d pedig zs\u00e1kutc\u00e1ba, egy 6-7 m\u00e9teres v\u00edzes\u00e9sbe szaladt bele&#8230;<\/p><\/div>\n<p>\u201eF\u00fcrd\u0151szob\u00e1ra\u201d v\u00e1rva\u2026<\/p>\n<p>Nekem csak ekkor der\u00fclt ki a t\u00f3n\u00e1l, hogy nem lehet a fej felett k\u00e9zben \u00e1tjutni a sz\u00e1raz holmival, mert ott \u00faszni kell. Ez\u00e9rt ism\u00e9t a szikl\u00e1t kellett v\u00e1lasztanom, de ott, ugye, lefel\u00e9 nehezebb, szand\u00e1lban pedig\u2026 Szerencs\u00e9re Bandi beseg\u00edtett k\u00f6t\u00e9llel, \u00edgy a balesetet elker\u00fclve l\u00e1thattuk ism\u00e9t v\u00e1rakoz\u00f3 bar\u00e1tn\u0151nket, s a hossz\u00fa pihen\u0151ben mindenki sz\u00e1raz terephez igaz\u00edtotta a ruh\u00e1j\u00e1t, \u00e9s bedobott egy kis eb\u00e9d-p\u00f3tl\u00f3t. Az \u00e9lm\u00e9nyekt\u0151l b\u00f3dultan s\u00e9t\u00e1ltunk \u00e1t f\u00fcrd\u0151hely\u00fcnk\u00f6n, \u00e9s a m\u00e1r h\u00e1romszor bej\u00e1rt vad \u00f6sv\u00e9ny omlad\u00e9kain. A vacsor\u00e1t b\u0151s\u00e9gesen megszolg\u00e1ltuk, \u00e9s m\u00e1r tervezgett\u00fck a finom eg\u00e9szs\u00e9g\u00fcgyi f\u00fcrd\u0151z\u00e9st a \u201epriv\u00e1t\u201d medenc\u00e9nkben, de az olaszok m\u00e1r megint ott voltak\u2026 Ki hitte volna, hogy az olaszok nevesincs v\u00f6lgyek patakjaihoz j\u00e1rnak vak\u00e1ci\u00f3zni!?<\/p>\n<p>Lerogytunk a kocsik mell\u00e9 \u00e9s megter\u00edtett\u00fcnk az aszfalton. Volt azon minden j\u00f3 \u2013 k\u00e1v\u00e9, s\u00f6r, bor, hogy csak az elej\u00e9t eml\u00edtsem. Kellemes hever\u00e9sz\u00e9s\u00fcnket csak az zavarta meg kiss\u00e9, hogy t\u00e1voztak a m\u00f3zeskosaras olaszok, \u00edgy f\u00fcrdeni kellett menni\u2026 Utols\u00f3nak mentem \u2013 a nap utols\u00f3 odavet\u0151d\u0151 sugarain\u00e1l. \u00d6sszeszor\u00edtott fogakkal beereszkedtem nyakig a hidegbe, majd egy f\u00e9l perc m\u00falva megszoktam, \u00e9s olyan csod\u00e1latos nyugalom sz\u00e1llt meg, hogy nem volt kedvem abbahagyni a f\u00fcrd\u00e9st\u2026<\/p>\n<p>A nap v\u00e9g\u00e9n elhat\u00e1roztuk, hogy m\u00e1snap megpr\u00f3b\u00e1ljuk felkutatni a legal\u00e1bb 12 km hossz\u00fa (t\u00e9rk\u00e9pr\u0151l leolvasva) Val Alba fentebbi r\u00e9szeit: azokat, ahol kanyoningozni szoktak. (Nem mintha fel lett\u00fcnk volna r\u00e1 k\u00e9sz\u00fclve\u2026)<\/p>\n<p>&nbsp;<\/p>\n<p>Ha \u00fatban van a v\u00edzvezet\u00e9k\u2026<\/p>\n<p>A m\u00e1snap reggel is csod\u00e1latosan kezd\u0151d\u00f6tt a term\u00e9szet vad \u00f6l\u00e9n, simogat\u00f3 napf\u00e9nyben, majd \u2013 h\u00e1tizs\u00e1kjainkban n\u00e9mi kapaszkod\u00f3k\u00f6t\u00e9llel \u2013 benyomultunk a k\u00e9t aut\u00f3ba, \u00e9s k\u00f6zeli Aupa-foly\u00f3 v\u00f6lgy\u00e9b\u0151l a hegyoldalban fekv\u0151 Pradis falucska f\u00f6l\u00e9 hajtottunk. Szerencs\u00e9re j\u00f3 min\u0151s\u00e9g\u0171, \u00e1m keskeny utak vezettek a gerincen 700 m\u00e9ter magass\u00e1gban fekv\u0151 kis meg\u00e1ll\u00f3helyhez. Az olaszok sem angyalok \u2013 \u00fagy oda\u00e1lltak az info-t\u00e1bl\u00e1hoz, hogy az idegen aut\u00f3ra fek\u00fcdve tudtuk csak tanulm\u00e1nyozni. Elindultunk a gerincen vezet\u0151 erd\u00e9szeti \u00faton, majd tal\u00e1ltunk egy \u00f6sv\u00e9nyt lefel\u00e9 az Alba fel\u0151li oldalon. Itt is lefot\u00f3ztunk egy \u201evigy\u00e1zat hirtelen \u00e1rhull\u00e1m!\u201d-t\u00e1bl\u00e1t.<\/p>\n<div id=\"attachment_2521\" style=\"width: 210px\" class=\"wp-caption alignleft\"><a href=\"http:\/\/induljelegyuton.hu\/wp-content\/uploads\/DSC_1242.jpg\"><img loading=\"lazy\" decoding=\"async\" aria-describedby=\"caption-attachment-2521\" class=\"size-medium wp-image-2521\" alt=\"\u201eVigy\u00e1zat hirtelen \u00e1rhull\u00e1m!\u201d-t\u00e1bla. Ez j\u00f3 kis szurdokot jelent!\" src=\"http:\/\/induljelegyuton.hu\/wp-content\/uploads\/DSC_1242-200x300.jpg\" width=\"200\" height=\"300\" srcset=\"https:\/\/induljelegyuton.hu\/wp-content\/uploads\/DSC_1242-200x300.jpg 200w, https:\/\/induljelegyuton.hu\/wp-content\/uploads\/DSC_1242-100x150.jpg 100w, https:\/\/induljelegyuton.hu\/wp-content\/uploads\/DSC_1242.jpg 567w\" sizes=\"auto, (max-width: 200px) 100vw, 200px\" \/><\/a><p id=\"caption-attachment-2521\" class=\"wp-caption-text\">\u201eVigy\u00e1zat hirtelen \u00e1rhull\u00e1m!\u201d-t\u00e1bla. Ez j\u00f3 kis szurdokot jelent!<\/p><\/div>\n<p>Izgatottan ereszkedt\u00fcnk egyre lejjebb, s 30-40 m\u00e9terrel az Alba felett egy szintben fut\u00f3 j\u00f3l j\u00e1rhat\u00f3 \u00f6sv\u00e9nyt tal\u00e1ltunk \u2013 dr\u00f3tkorl\u00e1ttal. Annak meger\u0151s\u00edt\u00e9s\u00e9t v\u00e9lt\u00fcnk benne, hogy j\u00f3 helyen j\u00e1runk. Elindultunk rajta az egyik ir\u00e1nyba, majd nagyon csod\u00e1lkoztunk, amikor kider\u00fclt, hogy az \u00f6sv\u00e9ny betonlapokon fut. H\u00e1t m\u00e9g akkor, amikor az egyik t\u00f6r\u00f6tt betonlap alatt m\u00e9ly \u00e1raml\u00f3 vizet pillantottunk meg! Igen, karsztforr\u00e1sokb\u00f3l t\u00e1pl\u00e1lkoz\u00f3 v\u00edzvezet\u00e9kre akadtunk r\u00e1, amely a gravit\u00e1ci\u00f3 seg\u00edts\u00e9g\u00e9vel jut c\u00e9lba. Sajnos se \u00f6sv\u00e9ny, se l\u00e9pcs\u0151 nem vezetett lejjebb \u2013 l\u00e1thattunk egy olyan szakaszt, ahol kiomlott a hegyoldal a v\u00edzvezet\u00e9k al\u00f3l\u2026 A m\u00e1sik ir\u00e1nyba gyalogolva egyszer csak egy barlang s\u00f6t\u00e9tlett el\u0151tt\u00fcnk. &#8211; H\u00fa, de \u00e9rdekes, b\u00fajjunk csak be! \u2013 \u00e9l\u00e9nk\u00fclt\u00fcnk f\u00f6l. De a barlang nem volt m\u00e1s, mint a v\u00edzvezet\u00e9k k\u0151be f\u00fart folytat\u00e1sa! A 2,5 m\u00e9ter magas j\u00e1rat alj\u00e1n ott surrogott egy kispatak. N\u00e9h\u00e1nyan oda-vissza v\u00e9gigj\u00e1rt\u00e1k a kb. 30 m\u00e9teres alagutat \u2013 terpeszben -, de a szurdokba nem jutottunk le \u2013 a majdnem f\u00fcgg\u0151leges oml\u00e9kony oldalon nem mert\u00fcnk nekiv\u00e1gni.<\/p>\n<p>&nbsp;<\/p>\n<h2><\/h2>\n<h2>Barlang\u00e1szok vadon, fedez\u00e9kben \u00e9s k\u00f6t\u00e9len\u2026 (4. r\u00e9sz)<\/h2>\n<p><strong>A b\u00facs\u00faszurdok \u00e9s a tengerpart \u201ecsod\u00e1i\u201d<\/strong><\/p>\n<p>&nbsp;<\/p>\n<div id=\"attachment_2569\" style=\"width: 310px\" class=\"wp-caption alignright\"><a href=\"http:\/\/induljelegyuton.hu\/wp-content\/uploads\/DSC_1251.jpg\"><img loading=\"lazy\" decoding=\"async\" aria-describedby=\"caption-attachment-2569\" class=\"size-medium wp-image-2569\" alt=\"Egy kis patakocska v\u00edzes\u00e9sein\u00e9l \u00e9rt\u00fcnk le az Alb\u00e1hoz...\" src=\"http:\/\/induljelegyuton.hu\/wp-content\/uploads\/DSC_1251-300x200.jpg\" width=\"300\" height=\"200\" srcset=\"https:\/\/induljelegyuton.hu\/wp-content\/uploads\/DSC_1251-300x200.jpg 300w, https:\/\/induljelegyuton.hu\/wp-content\/uploads\/DSC_1251-224x150.jpg 224w, https:\/\/induljelegyuton.hu\/wp-content\/uploads\/DSC_1251.jpg 850w\" sizes=\"auto, (max-width: 300px) 100vw, 300px\" \/><\/a><p id=\"caption-attachment-2569\" class=\"wp-caption-text\">Egy kis patakocska v\u00edzes\u00e9sein\u00e9l \u00e9rt\u00fcnk le az Alb\u00e1hoz&#8230;<\/p><\/div>\n<p>Mivel el\u0151z\u0151leg egy v\u00edzvezet\u00e9kbe \u201ebotlottunk\u201d a szurdokba menet, \u00e9s nem siker\u00fclt le\u00e9rn\u00fcnk, vissza kellett kapaszkodnunk a gerincre. M\u00e1r nem kerest\u00fcnk \u00f6sv\u00e9nyt: egy finoman ereszked\u0151 erd\u00e9szeti utat v\u00e1lasztottunk, amelyr\u0151l egy nyilad\u00e9kban m\u00e1r fel is fedezt\u00fcnk alant egy kis t\u00fcrkiz-z\u00f6ld foltot. Gyorsan kider\u00fclt, hogy az egy apr\u00f3cska v\u00edzt\u00e1roz\u00f3.<\/p>\n<p>&nbsp;<\/p>\n<p>Ha nem megy lefel\u00e9, menj\u00fcnk f\u00f6lfel\u00e9\u2026<\/p>\n<p>Egy kis patakocska v\u00edzes\u00e9sein\u00e9l \u00e9rt\u00fcnk le az Alb\u00e1hoz, egy kiss\u00e9 felt\u00fart ter\u00fcletre: a jobb\u00e1ra leeresztett t\u00e1roz\u00f3 r\u00f6vid g\u00e1tj\u00e1n t\u00fal egy h\u00e1z \u00e1llt. Lassan kider\u00fclt, hogy patakunk nem siet seg\u00edts\u00e9g\u00fcnkre az \u00e1tjut\u00e1sban, hogy a g\u00e1tat szem\u00fcgyre vehess\u00fck&#8230; Azt\u00e1n a g\u00e1tr\u00f3l l\u00e1that\u00f3v\u00e1 v\u00e1lt a szurdok tov\u00e1bbi szakasza, de sz\u0171knek, t\u00fal vizesnek \u00e9s vesz\u00e9lyesnek tal\u00e1ltuk. Istv\u00e1n lem\u00e1szott a mederbe, n\u00e9h\u00e1nyunk pedig a h\u00e1zn\u00e1l szeretett volna t\u00f6bbet megtudni a kanyoning-lehet\u0151s\u00e9gekr\u0151l, de dolguk v\u00e9gezetlen\u00fcl t\u00e9rtek vissza, mert a h\u00e1ziak h\u00e1zon k\u00edv\u00fcl voltak. \u201eAkkor bizony n\u00e9zz\u00fcnk sz\u00e9t felfel\u00e9!\u201d \u2013 mutatott Bandi foly\u00e1sir\u00e1nnyal szembe, b\u00e1r \u00e9n nem sokat v\u00e1rtam a fentebbi szakaszt\u00f3l. T\u00e9vedtem\u2026<\/p>\n<p>F\u00f6lfel\u00e9 menet 150 m\u00e9ter m\u00falva egy mesters\u00e9ges m\u0171t\u00e1rgy \u00e1llta utunkat. M\u00e1sk\u00e9pp nem ment: nekil\u00e1ttunk az \u00e1tg\u00e1zol\u00e1snak. V\u00edzi-cip\u0151seink gyorsan r\u00f6gz\u00edtett\u00e9k kapaszkod\u00f3k\u00f6tel\u00fcnket a v\u00edzi l\u00e9pcs\u0151 tetej\u00e9n\u00e9l, \u00edgy nemsok\u00e1ra mindegyik\u00fcnk fent \u00e1llt. Ezek ut\u00e1n a v\u00f6lgy ism\u00e9t \u00f6sszesz\u0171k\u00fclt \u00e9s m\u00e9terr\u0151l-m\u00e9terre szebb\u00e9 v\u00e1lt. A nap is kis\u00fct\u00f6tt, mi pedig elkezdt\u00fck ugrabugr\u00e1nkat az Alba v\u00f6lgy\u00e9nek fels\u0151 szakasz\u00e1ban. Csak \u00e9n ragaszkodtam a bakancsomhoz \u201eutols\u00f3 leheletemig\u201d, \u00edgy j\u00f3csk\u00e1n lemaradtam. Szand\u00e1lomat csak v\u00e9gs\u0151 esetben akartam felvenni, mert az egyik talpa m\u00e1r f\u00e9lig lev\u00e1lt.<\/p>\n<p>&nbsp;<\/p>\n<p>A m\u0171t\u00e1rgyt\u00f3l a v\u00edzes\u00e9sig<\/p>\n<p>A f\u00fcgg\u0151leges sziklafalak tetej\u00e9n erd\u0151 s\u00f6t\u00e9tlett, s mintha a v\u00edz is t\u00f6bb lett volna. Vadabbnak, frissebbnek t\u0171nt ez a szurdok \u2013 lassabban haladtunk, mint a lenti szakaszon. A harmadik patthelyzetben azt\u00e1n felvettem a szand\u00e1lomat, de n\u00e9ha m\u00e9g a g\u00e1zol\u00e1sn\u00e1l is figyelni kellett nehogy t\u00fal m\u00e9ly medenc\u00e9be l\u00e9pjek.<\/p>\n<div id=\"attachment_2571\" style=\"width: 310px\" class=\"wp-caption alignleft\"><a href=\"http:\/\/induljelegyuton.hu\/wp-content\/uploads\/DSC_1279.jpg\"><img loading=\"lazy\" decoding=\"async\" aria-describedby=\"caption-attachment-2571\" class=\"size-medium wp-image-2571\" alt=\"...a v\u00f6lgy pedig n\u00e9gyszer is ir\u00e1nyt v\u00e1ltott\" src=\"http:\/\/induljelegyuton.hu\/wp-content\/uploads\/DSC_1279-300x200.jpg\" width=\"300\" height=\"200\" srcset=\"https:\/\/induljelegyuton.hu\/wp-content\/uploads\/DSC_1279-300x200.jpg 300w, https:\/\/induljelegyuton.hu\/wp-content\/uploads\/DSC_1279-224x150.jpg 224w, https:\/\/induljelegyuton.hu\/wp-content\/uploads\/DSC_1279.jpg 850w\" sizes=\"auto, (max-width: 300px) 100vw, 300px\" \/><\/a><p id=\"caption-attachment-2571\" class=\"wp-caption-text\">&#8230;a v\u00f6lgy pedig n\u00e9gyszer is ir\u00e1nyt v\u00e1ltott<\/p><\/div>\n<p>A v\u00f6lgy k\u0151zete itt n\u00e9lk\u00fcl\u00f6zte a kor\u00e1bban tapasztalt l\u00e1tv\u00e1nyos r\u00e9tegzetts\u00e9get. A patak egym\u00e1s ut\u00e1n vetette le mag\u00e1t egy-m\u00e1sf\u00e9l m\u00e9teres z\u00fag\u00f3kon, a v\u00f6lgy pedig n\u00e9gyszer is ir\u00e1nyt v\u00e1ltott. A v\u00f6lgyszakasz felett egy kiprepar\u00e1l\u00f3dott 40 m\u00e9teres sziklatorony \u00e1llt \u2013 n\u00e9h\u00e1ny sz\u00e1l feny\u0151vel. Nek\u00fcnk megm\u00e1szhatatlannak t\u0171nt.<\/p>\n<p>B\u00e1r az Alb\u00e1t k\u00f6zrefog\u00f3 sziklafalak 10-12 m\u00e9terre alacsonyodtak, a kim\u00e1sz\u00e1st nem forgattuk a fej\u00fcnkben. M\u00e1r az\u00e9rt sem, mert az el\u0151z\u0151 nap les\u00e1ntult t\u00farat\u00e1rsn\u0151nk \u201ea m\u0171t\u00e1rgyn\u00e1l\u201d v\u00e1rt benn\u00fcnket vissza. A bej\u00e1rt 200 m\u00e9teres szakasz fels\u0151 v\u00e9ge szint\u00e9n egy v\u00edzes\u00e9sbe f\u00falt, amit m\u00e9ly t\u00f3val \u00e9s visszahajl\u00f3 szikl\u00e1kkal kombin\u00e1lt a term\u00e9szet. Csak annyira m\u00e1sztunk fel az oldalba, hogy utunk v\u00e9g\u00e9nek ok\u00e1t jobban megn\u00e9zz\u00fck \u2013 onnan a sziklaszirt is nagyon l\u00e1tv\u00e1nyos volt.<\/p>\n<div id=\"attachment_2572\" style=\"width: 210px\" class=\"wp-caption alignright\"><a href=\"http:\/\/induljelegyuton.hu\/wp-content\/uploads\/DSC_1319.jpg\"><img loading=\"lazy\" decoding=\"async\" aria-describedby=\"caption-attachment-2572\" class=\"size-medium wp-image-2572 \" alt=\" Vadabbnak, frissebbnek t\u0171nt ez a szurdok \u2013 lassabban haladtunk, mint a lenti szakaszon\" src=\"http:\/\/induljelegyuton.hu\/wp-content\/uploads\/DSC_1319-200x300.jpg\" width=\"200\" height=\"300\" srcset=\"https:\/\/induljelegyuton.hu\/wp-content\/uploads\/DSC_1319-200x300.jpg 200w, https:\/\/induljelegyuton.hu\/wp-content\/uploads\/DSC_1319-100x150.jpg 100w, https:\/\/induljelegyuton.hu\/wp-content\/uploads\/DSC_1319.jpg 567w\" sizes=\"auto, (max-width: 200px) 100vw, 200px\" \/><\/a><p id=\"caption-attachment-2572\" class=\"wp-caption-text\">Vadabbnak, frissebbnek t\u0171nt ez a szurdok \u2013 lassabban haladtunk, mint a lenti szakaszon<\/p><\/div>\n<p>Alighogy elkezdtem a visszaaraszol\u00e1st a hideg v\u00edzben, az eml\u00edtett szand\u00e1ltalp m\u00e1ris elkezdett k\u00fcl\u00f6n utakon j\u00e1rni\u2026 Mire vissza\u00e9rt\u00fcnk a \u201ebej\u00e1rathoz\u201d, m\u00e1r megint elk\u00f6sz\u00f6nt a nap, s egy kis szemerk\u00e9l\u00e9s is leh\u0171t\u00f6tte a ked\u00e9lyeket. Kis id\u0151 m\u00falva m\u00e1r a kis v\u00edzt\u00e1roz\u00f3n\u00e1l vett\u00fcnk vizet palackjainkba, amikor a t\u00f3parton felt\u0171nt egy n\u00e9gyker\u00e9k meghajt\u00e1s\u00fa kis terepj\u00e1r\u00f3. \u00c9ppen besz\u00e1llt k\u00e9t olasz (l\u00e1tszik az!) fiatalember, \u00e9s nekil\u00f3dultak a kis v\u00edzes\u00e9s el\u0151tt elhalad\u00f3, meredek, laza \u00e1llag\u00fa k\u00f6ves \u00fatnak. A palackom \u00e9ppen f\u00e9lig telt meg v\u00edzzel, nem akar\u00f3dzott elmennem onnan, a kerekek viszont el\u0151ttem p\u00f6r\u00f6gtek ki a t\u00f6rmel\u00e9ken, \u00e9n pedig s\u00fcv\u00edt\u0151 \u00f6kl\u00f6mnyi k\u00f6vek z\u00e1por\u00e1ban tal\u00e1ltam magam. A f\u00f6ldre lapulva \u00e9letben maradtam\u2026<\/p>\n<p>&nbsp;<\/p>\n<p>Zivatar \u2013 a bor b\u00f6jtje<\/p>\n<p>Lassan felkaptattunk a gerincre azt\u00e1n sz\u00e9pen lecsorogtunk Pradison \u00e1t az Aupa-foly\u00f3cska v\u00f6lgy\u00e9be, majd \u00e1t az Alba torkolat\u00e1hoz. Viharfelh\u0151k gy\u00fclekeztek, \u00edgy gyorsan csatlakoztam azokhoz, akik elhajtottak bev\u00e1s\u00e1rolni. Meg kellett \u00e1llap\u00edtanom, hogy erre nincs szand\u00e1l! Csak papucs. Sajnos ezt monfalcone-i \u00e9s trieszti kir\u00e1ndul\u00e1sunk is bizony\u00edtotta.<\/p>\n<p>Legal\u00e1bb j\u00f3 vacsor\u00e1t csaptunk t\u00e1borunkban, \u201ea z\u00f6ld korl\u00e1t mellett\u201d. A dobozos borra ker\u00fclt volna a sor, amikor a r\u00e9g\u00f3ta mag\u00e1ban fortyog\u00f3 \u00e9g rettent\u0151 m\u00f3don leszakadt. Alig tudtunk beugrani az aut\u00f3ba \u2013 r\u00e1ad\u00e1sul a bor a m\u00e1sik aut\u00f3ba ker\u00fclt\u2026 A m\u00e9g jeget is produk\u00e1l\u00f3 zivatar v\u00e9g\u00fcl gy\u00f6ny\u00f6r\u0171 kett\u0151s sziv\u00e1rv\u00e1nnyal k\u00e9rt eln\u00e9z\u00e9st t\u0151l\u00fcnk. A sz\u00fcrk\u00fcleti f\u00e9nyviszonyok ism\u00e9t k\u00e9s\u0151 d\u00e9lut\u00e1niv\u00e1 v\u00e1ltoztak, s a patak sem lett sem hidegebb. Mi is egyszer\u0171s\u00edtett\u00fcnk szok\u00e1sainkon, s a h\u00edd al\u00e1, takar\u00e1sban \u00e1ll\u00edtottuk fel s\u00e1trunkat.<\/p>\n<p>Elj\u00f6tt a hegyekt\u0151l val\u00f3 b\u00facs\u00fa reggele. N\u00e9h\u00e1ny s\u00e1trunk m\u00e9g kint sz\u00e1radt az \u00e1gakon, amikor meg\u00e1llt egy pickup aut\u00f3 a bek\u00f6t\u0151\u00fat v\u00e9g\u00e9ben, \u00e9s abb\u00f3l kisz\u00e1llva egyen-p\u00f3l\u00f3s f\u00e9rfiak mas\u00edroztak fel aut\u00f3inkhoz. Term\u00e9szetv\u00e9delmi \u0151r\u00f6k?! Nyelt\u00fcnk egy nagyot, de mikor hozz\u00e1nk \u00e9rtek, r\u00e1nk se heder\u00edtettek\u2026 Elektromos szakemberek lehettek vezet\u00e9kn\u00e9z\u0151ben.<\/p>\n<p>&nbsp;<\/p>\n<div id=\"attachment_3119\" style=\"width: 310px\" class=\"wp-caption alignleft\"><a href=\"http:\/\/induljelegyuton.hu\/wp-content\/uploads\/DSC_1233e.jpg\"><img loading=\"lazy\" decoding=\"async\" aria-describedby=\"caption-attachment-3119\" class=\"size-medium wp-image-3119\" alt=\"Rusztikus f\u00fcrd\u0151szob\u00e1nk...\" src=\"http:\/\/induljelegyuton.hu\/wp-content\/uploads\/DSC_1233e-300x201.jpg\" width=\"300\" height=\"201\" srcset=\"https:\/\/induljelegyuton.hu\/wp-content\/uploads\/DSC_1233e-300x201.jpg 300w, https:\/\/induljelegyuton.hu\/wp-content\/uploads\/DSC_1233e-223x150.jpg 223w, https:\/\/induljelegyuton.hu\/wp-content\/uploads\/DSC_1233e.jpg 850w\" sizes=\"auto, (max-width: 300px) 100vw, 300px\" \/><\/a><p id=\"caption-attachment-3119\" class=\"wp-caption-text\">Rusztikus f\u00fcrd\u0151szob\u00e1nk&#8230;<\/p><\/div>\n<p>Vigy\u00e1zat: GPS!!!<\/p>\n<p>F\u00e9l \u00f3r\u00e1val k\u00e9s\u0151bb m\u00e1r mi is a Fella-foly\u00f3 v\u00f6lgy\u00e9ben s\u00fcv\u00edtett\u00fcnk d\u00e9l fel\u00e9. \u00c9n egyenesen \u00e9lveztem, hogy \u00fclve annyi minden suhan el a szemem el\u0151tt: egyre t\u00f6bb gy\u00fcm\u00f6lcs\u00f6s, gabonat\u00e1bla, tany\u00e1k, templomok\u2026 B\u00e1r besz\u00e9lt\u00fcnk r\u00f3la, \u201e\u00fagy siker\u00fclt\u201d, hogy m\u00e9g sem Bal\u00e1zs ment el\u0151l, b\u00e1r neki volt t\u00f6bb tapasztalata a t\u00e1j\u00e9koz\u00f3d\u00e1sban k\u00fclf\u00f6ld\u00f6n. Udine egy kiss\u00e9 lelass\u00edtott benn\u00fcnket, de legal\u00e1bb l\u00e1thattam n\u00e9h\u00e1ny r\u00e9gi v\u00e1rosfal r\u00e9szletet. \u00dagy hogy, ha Udin\u00e9be vet majd a sors\u2026 Ezut\u00e1n elt\u0171ntek a hegyek, s a P\u00f3 mell\u00e9kfoly\u00f3inak s\u00edks\u00e1ga k\u00f6vetkezett.<\/p>\n<p>&#8211; De mi\u00e9rt mennek arra, hiszen az jelent\u0151s ker\u00fcl\u0151, l\u00e1ttuk a t\u00e9rk\u00e9pen! \u2013 h\u00f6rd\u00fclt\u00fcnk fel az el\u0151tt\u00fcnk halad\u00f3 t\u00e1rsaink aut\u00f3j\u00e1t l\u00e1tva. GPS! H\u00e1t igen: hi\u00e1ba villogtunk, integett\u00fcnk kifel\u00e9 az ablakon, \u00e9s pr\u00f3b\u00e1ltuk h\u00edvni \u0151ket (sof\u0151r\u00fcnk nem akart dud\u00e1lni), tartott\u00e1k a rossz ir\u00e1nyt. T\u00fcntet\u0151leg meg\u00e1lltunk, \u00e9s mire \u00fajra egy\u00fctt aut\u00f3ztunk, j\u00f3 f\u00e9l \u00f3ra k\u00e9s\u00e9st zsebelt\u00fcnk be. Nemsok\u00e1ra ism\u00e9t mi voltunk h\u00e1tul. Sagradon\u00e1l, ahol keresztezt\u00fck az Isonz\u00f3t Bandi\u00e9k \u2013 a v\u00f6lgy helyett &#8211; egyszer csak nekiugrattak a domboknak. J\u00f3 p\u00e1r kilom\u00e9teren \u00e1t rem\u00e9nykedt\u00fcnk, hogy \u0151k tudj\u00e1k j\u00f3l az utat: Doberd\u00f3 k\u00f6rny\u00e9k\u00e9n j\u00e1rtunk, s az \u00fat sz\u00e9l\u00e9n k\u00e9t h\u00e1bor\u00fas eml\u00e9km\u0171vet is megpillantottunk. &#8211; Tal\u00e1n Bandit is \u00e9rdekli a h\u00edrhedt hadsz\u00ednt\u00e9r? \u2013 tal\u00e1lgattuk. Azt\u00e1n Doberdo Del Lago falu j\u00f6tt, \u00e9s ott sem \u00e1lltunk meg &#8211; keskeny orsz\u00e1g\u00faton gurultunk a tenger fel\u00e9. Vezet\u0151ink eg\u00e9szen v\u00e9letlen\u00fcl ker\u00fcltek errefel\u00e9\u2026<\/p>\n<p>&nbsp;<\/p>\n<p>Ingyenstrand sz\u00e9ps\u00e9ghib\u00e1kkal<\/p>\n<p>Ahol azonban r\u00e1kanyarodtunk a tengerparti \u00fatra, egy k\u00fcl\u00f6n\u00f6s eml\u00e9km\u0171re figyeltem f\u00f6l: az aut\u00f3\u00fat feletti szikl\u00e1n k\u00e9t farkas vicsorgott. H\u00e1t persze! Az olasz ter\u00fcletek hat\u00e1ra volt errefel\u00e9\u2026 A terv\u00fcnk egy kellemes, ingyenes strandol\u00e1s volt az Adriai-tengerben, hogy lemossuk a hegyek por\u00e1t: Bandi\u00e9k otthon m\u00e1r GoogleEarth-szel kin\u00e9zt\u00e9k a helyet. A kempingekkel, nyaral\u00f3kkal \u00e9s sz\u00e1mos kanyarral kid\u00edsz\u00edtett \u00faton nagy nehezen el\u00e9rt\u00fck a kin\u00e9zett parkol\u00f3t. Ahogy kisz\u00e1lltunk az aut\u00f3kb\u00f3l, a h\u0151s\u00e9g szinte kup\u00e1n csapott benn\u00fcnket. Tulajdonk\u00e9ppen itt pillantottuk meg el\u0151sz\u00f6r az Adri\u00e1t &#8211; 40-50 m\u00e9terrel voltunk a tengerszint felett. Jobbra, Monfalcone fel\u00e9 a Doberd\u00f3i dombvid\u00e9k utols\u00f3 sziklalet\u00f6r\u00e9sein Monfalcone v\u00e1rkast\u00e9ly\u00e1t, a castello di Dunio-t l\u00e1thattuk, a baloldalon egy vil\u00e1g\u00edt\u00f3torony-f\u00e9le vaskos henger \u00e1llt.<\/p>\n<div id=\"attachment_2574\" style=\"width: 310px\" class=\"wp-caption alignright\"><a href=\"http:\/\/induljelegyuton.hu\/wp-content\/uploads\/DSC_1346.jpg\"><img loading=\"lazy\" decoding=\"async\" aria-describedby=\"caption-attachment-2574\" class=\"size-medium wp-image-2574\" alt=\"Ahogy kisz\u00e1lltunk az aut\u00f3kb\u00f3l, a h\u0151s\u00e9g szinte kup\u00e1n csapott benn\u00fcnket. Tulajdonk\u00e9ppen itt pillantottuk meg el\u0151sz\u00f6r az Adri\u00e1t \u2013 40-50 m\u00e9terrel voltunk a tengerszint felett\" src=\"http:\/\/induljelegyuton.hu\/wp-content\/uploads\/DSC_1346-300x200.jpg\" width=\"300\" height=\"200\" srcset=\"https:\/\/induljelegyuton.hu\/wp-content\/uploads\/DSC_1346-300x200.jpg 300w, https:\/\/induljelegyuton.hu\/wp-content\/uploads\/DSC_1346-224x150.jpg 224w, https:\/\/induljelegyuton.hu\/wp-content\/uploads\/DSC_1346.jpg 850w\" sizes=\"auto, (max-width: 300px) 100vw, 300px\" \/><\/a><p id=\"caption-attachment-2574\" class=\"wp-caption-text\">Ahogy kisz\u00e1lltunk az aut\u00f3kb\u00f3l, a h\u0151s\u00e9g szinte kup\u00e1n csapott benn\u00fcnket. Tulajdonk\u00e9ppen itt pillantottuk meg el\u0151sz\u00f6r az Adri\u00e1t \u2013 40-50 m\u00e9terrel voltunk a tengerszint felett<\/p><\/div>\n<p>\u00d6sszek\u00e9sz\u00edtett\u00fck a \u201efelszerel\u00e9st\u201d \u00e9s elindultunk lefel\u00e9 a meredek \u00f6sv\u00e9nyen, amelynek legfels\u0151 szakasz\u00e1n alkalmi l\u00e9gyottok porba taposott tan\u00fai hevertek szanasz\u00e9t. Ilyen a Goggle-on nem volt! Szerencs\u00e9re akadt \u00e1rny\u00e9k, s lentebb pedig l\u00e9pcs\u0151k k\u00f6nny\u00edtett\u00e9k meg a lejut\u00e1st. Egy b\u0171zl\u0151 szem\u00e9tt\u00e1rol\u00f3hoz \u00e9rt\u00fcnk. Kezdett rossz \u00e9rz\u00e9sem lenni az ingyen f\u00fcrd\u0151z\u00e9ssel kapcsolatban\u2026 Az erd\u0151s magas part t\u00f6v\u00e9ben \u00f6sv\u00e9ny vezetett v\u00e9gig lombok alatt, \u00e1m a keskeny part napsz\u00edtta k\u00f6vein minden\u00fctt hever\u00e9sztek. T\u00f6bbnyire szabad st\u00edlusban \u2013 ruh\u00e1tlanul. V\u00e9gre tal\u00e1ltunk n\u00e9h\u00e1ny szikl\u00e1t, amelyre lepakolhattunk \u00e9s becsobbantunk \u2013 a naturist\u00e1k finoman rosszall\u00f3 pillant\u00e1s\u00e1t\u00f3l k\u00eds\u00e9rve. A tenger nagyon kellemes h\u0151m\u00e9rs\u00e9klet\u0171 volt. \u00c9n sajnos csak ezt az egy pozit\u00edvumot tudtam r\u00f3la elmondani. Szerencs\u00e9re a szomsz\u00e9dban \u201emeg\u00fcr\u00fclt\u201d egy kis \u00e1rny\u00e9k-kalyiba, amit elfoglaltunk \u2013 sajnos viszont ekkor hagytunk el egy f\u00e9nyk\u00e9pez\u0151g\u00e9pet.<\/p>\n<p>Lassan felt\u0171nt, hogy a part napoz\u00f3i els\u0151sorban f\u00e9rfiak, s ez zavarta n\u00e9h\u00e1nyunkat, Bandi\u00e9k viszont sok\u00e1ig lubickoltak, majd k\u00e9k kagyl\u00f3t is szedtek vacsor\u00e1ra. Nekem k\u00e9t r\u00f6vid f\u00fcrd\u00e9s el\u00e9g is volt, mert haszn\u00e1lhat\u00f3 szand\u00e1l h\u00edj\u00e1n nem akartam tengeris\u00fcnbe l\u00e9pni &#8211; s az nem volt alaptalan -, t\u00f6rzsvend\u00e9gek miatt pedig s\u00e9t\u00e1lni sem volt sz\u00f3rakoztat\u00f3, alig v\u00e1rtam m\u00e1r, hogy ott hagyjuk azt az ig\u00e9nytelen helyet.<\/p>\n<p>&nbsp;<\/p>\n<div id=\"attachment_2575\" style=\"width: 310px\" class=\"wp-caption alignright\"><a href=\"http:\/\/induljelegyuton.hu\/wp-content\/uploads\/DSC_1355.jpg\"><img loading=\"lazy\" decoding=\"async\" aria-describedby=\"caption-attachment-2575\" class=\"size-medium wp-image-2575\" alt=\"Kis \u00e1rny\u00e9kvet\u0151nk alatt a v\u00edzparton...\" src=\"http:\/\/induljelegyuton.hu\/wp-content\/uploads\/DSC_1355-300x200.jpg\" width=\"300\" height=\"200\" srcset=\"https:\/\/induljelegyuton.hu\/wp-content\/uploads\/DSC_1355-300x200.jpg 300w, https:\/\/induljelegyuton.hu\/wp-content\/uploads\/DSC_1355-224x150.jpg 224w, https:\/\/induljelegyuton.hu\/wp-content\/uploads\/DSC_1355.jpg 850w\" sizes=\"auto, (max-width: 300px) 100vw, 300px\" \/><\/a><p id=\"caption-attachment-2575\" class=\"wp-caption-text\">Kis \u00e1rny\u00e9kvet\u0151nk alatt a v\u00edzparton&#8230;<\/p><\/div>\n<p>S\u00e1torver\u00e9s a kanap\u00e9 el\u0151tt\u2026<\/p>\n<p>Mire f\u00f6lcaplattunk a parkol\u00f3ba, m\u00e1r le is izzadtunk. Legal\u00e1bb szebb lett a kil\u00e1t\u00e1s a k\u00f6zeli \u00f6b\u00f6l els\u0151 oszt\u00e1ly\u00fa strandj\u00e1ra\u2026 &#8211; Azok a pontok ott lent, osztrigatelepek? \u2013 f\u00fcrk\u00e9szt\u00fck a v\u00edzfelsz\u00edn p\u00f6ttysorait. Azok voltak.<\/p>\n<p>Az eldugott t\u00e1borhely keres\u00e9se viszont komoly feladat el\u00e9 \u00e1ll\u00edtott benn\u00fcnket. Ilyen zs\u00fafolt helyen gyalogosan sem k\u00f6nny\u0171 megegyezni egy t\u00e1borhelyben, h\u00e1t m\u00e9g k\u00e9t aut\u00f3val! N\u00e9zt\u00fck az erd\u0151be fut\u00f3 utakat, de nem volt hozz\u00e1juk b\u00e1tors\u00e1gunk. \u00c9n az Isonz\u00f3 sz\u00e9les, sz\u00e1raz, k\u00f6ves medr\u00e9t javasoltam, \u00e1m a csapat v\u00e9g\u00fcl kiegyezett egy kis placcal, a doberd\u00f3i dombokon, amelyet mind\u00f6ssze egy bokors\u00e1v takart el az aut\u00f3\u00fatt\u00f3l. Minden bajom volt a helyt\u0151l: a zaj volt a legkevesebb, amit elviseltem volna, de a lef\u00fclel\u00e9s vesz\u00e9lye \u00e9s a k\u00f6zeli f\u00e1k alatt elsz\u00f3rt pap\u00edrzsebkend\u0151k \u201elenyelhetetlenek\u201d voltak. A t\u00f6bbiek ellenben gyorsan megbar\u00e1tkoztak a hellyel. Az bokros els\u0151 fordul\u00f3j\u00e1ban egy j\u00f3kora, m\u0171b\u0151r kanap\u00e9 megroppant teteme b\u00fajt meg. (Az olaszok sem angyalok.) Sz\u00e9tn\u00e9zt\u00fcnk a csersz\u00f6m\u00f6rc\u00e9sben, de el\u00e9gedetlen\u00fcl t\u00e9rt\u00fcnk vissza a kocsikhoz vacsor\u00e1zni, \u00e9s zuhanyz\u00f3t \u201e\u00e9p\u00edteni\u201d. Ez ut\u00f3bbihoz nagy k\u00f6veket hordtunk a tiszta \u201epadl\u00f3hoz\u201d a kin\u00e9zett \u00e1gas-fa al\u00e1, azt\u00e1n k\u00f6t\u00e9llel felh\u00faztuk a teli hord\u00f3t. S\u00f6t\u00e9ted\u00e9sig mindenki lezuhanyozhatott a langyos v\u00edzben.<\/p>\n<p>&#8211; Szerintem j\u00f3 lesz a kanap\u00e9 el\u00e9\u2026 &#8211; d\u00f6nt\u00f6ttem a s\u00e1torhelyr\u0151l, s ezen j\u00f3t r\u00f6h\u00f6gt\u00fcnk. Bandi\u00e9k k\u00f6zben m\u00e1r nekil\u00e1ttak a kagyl\u00f3leveshez, ami a kagyl\u00f3 tiszt\u00edt\u00e1s\u00e1val kezd\u0151d\u00f6tt, s legal\u00e1bb k\u00e9t \u00f3r\u00e1ba telt. Mi \u00fagy k\u00f6vett\u00fck az esem\u00e9nyeket, mint a \u201eF\u0151z\u0151cske de okosan\u201d-ban a sz\u0151ke m\u0171sorvezet\u0151n\u0151 a 80-as \u00e9vekben, aki a sorozat v\u00e9g\u00e9re eg\u00e9szen kikerekedett\u2026 Bandi\u00e9k levese kicsit olyan lett, mint a mesebeli k\u0151leves, mert el\u00e9g finom volt, csak az a kev\u00e9s kagyl\u00f3 volt benne zavar\u00f3.<\/p>\n<p align=\"right\">(folytatjuk)<\/p>\n<p align=\"right\">Hars\u00e1czki Gy\u00f6rgy<\/p>\n","protected":false},"excerpt":{"rendered":"<p>Az Alba-v\u00f6lgy embert pr\u00f3b\u00e1l\u00f3 gy\u00f6ny\u00f6r\u0171s\u00e9gei &nbsp; Az Alba-v\u00f6lgyn\u00e9l szerencs\u00e9re volt egy kis mell\u00e9k\u00fat is, amelyen sz\u00e1z m\u00e9terrel elt\u00e1volodhattunk a forgalmasabb orsz\u00e1g\u00fatt\u00f3l. \u00dagy, mint az orsz\u00e1g\u00fat, ez is \u00e1tfutott az Alba felett \u2013 ennek h\u00eddf\u0151j\u00e9n\u00e9l meg\u00e1llapodtunk aut\u00f3inkkal. Azonnal \u00e9szrevett\u00fck, hogy a t\u00faloldal sziklafal\u00e1n egy kis \u00e9r csurog le a mederbe, de \u2026 <a class=\"continue-reading-link\" href=\"https:\/\/induljelegyuton.hu\/?p=2508\"> Continue reading <span class=\"meta-nav\">&rarr; <\/span><\/a><\/p>\n","protected":false},"author":1,"featured_media":0,"comment_status":"open","ping_status":"open","sticky":false,"template":"","format":"standard","meta":{"ngg_post_thumbnail":0,"footnotes":""},"categories":[21,27],"tags":[520,1135,1094,1095,1134,1131,1132,545,1133],"class_list":["post-2508","post","type-post","status-publish","format-standard","hentry","category-bakancsolas","category-europa-nagyvilag","tag-520","tag-alpi-giulie","tag-anubisz-barlangkutato-egyesulet","tag-barlangasz","tag-kanyoning","tag-karsztforras","tag-olasz-alpok","tag-olaszorszag","tag-val-alba"],"_links":{"self":[{"href":"https:\/\/induljelegyuton.hu\/index.php?rest_route=\/wp\/v2\/posts\/2508","targetHints":{"allow":["GET"]}}],"collection":[{"href":"https:\/\/induljelegyuton.hu\/index.php?rest_route=\/wp\/v2\/posts"}],"about":[{"href":"https:\/\/induljelegyuton.hu\/index.php?rest_route=\/wp\/v2\/types\/post"}],"author":[{"embeddable":true,"href":"https:\/\/induljelegyuton.hu\/index.php?rest_route=\/wp\/v2\/users\/1"}],"replies":[{"embeddable":true,"href":"https:\/\/induljelegyuton.hu\/index.php?rest_route=%2Fwp%2Fv2%2Fcomments&post=2508"}],"version-history":[{"count":19,"href":"https:\/\/induljelegyuton.hu\/index.php?rest_route=\/wp\/v2\/posts\/2508\/revisions"}],"predecessor-version":[{"id":3120,"href":"https:\/\/induljelegyuton.hu\/index.php?rest_route=\/wp\/v2\/posts\/2508\/revisions\/3120"}],"wp:attachment":[{"href":"https:\/\/induljelegyuton.hu\/index.php?rest_route=%2Fwp%2Fv2%2Fmedia&parent=2508"}],"wp:term":[{"taxonomy":"category","embeddable":true,"href":"https:\/\/induljelegyuton.hu\/index.php?rest_route=%2Fwp%2Fv2%2Fcategories&post=2508"},{"taxonomy":"post_tag","embeddable":true,"href":"https:\/\/induljelegyuton.hu\/index.php?rest_route=%2Fwp%2Fv2%2Ftags&post=2508"}],"curies":[{"name":"wp","href":"https:\/\/api.w.org\/{rel}","templated":true}]}}