{"id":234,"date":"2013-07-13T13:41:54","date_gmt":"2013-07-13T11:41:54","guid":{"rendered":"http:\/\/induljelegyuton.hu\/?p=234"},"modified":"2013-10-21T14:44:46","modified_gmt":"2013-10-21T12:44:46","slug":"megettuk-az-alacsony-tatrat-3-resz","status":"publish","type":"post","link":"https:\/\/induljelegyuton.hu\/?p=234","title":{"rendered":"Megett\u00fck az Alacsony-T\u00e1tr\u00e1t! (3. r\u00e9sz)"},"content":{"rendered":"<p><strong>El\u0151havaz\u00e1s-opci\u00f3val kem\u00e9nyebb&#8230;<\/strong><\/p>\n<p>&nbsp;<\/p>\n<p>A t\u00f6bbiek kint f\u0151ztek, h\u00e1t bekapcsol\u00f3dtam \u00e9s \u00e9n is j\u00f3llakva mentem be ism\u00e9t. S\u00f6r, k\u00e1v\u00e9, tea\u2026 Egy sz\u00f3, mint sz\u00e1z: egy kicsit k\u00e9nyeztett\u00fck magunkat. Hab\u00e1r a kinti WC kallanty\u00faj\u00e1t k\u00edv\u00fclr\u0151l r\u00e1m ford\u00edtotta valaki (szerencse, hogy ki tudtam j\u00f6nni), egy\u00fctt m\u00e1sztunk fel a Chopok \u201ehelyben felapr\u00f3z\u00f3dott\u201d gr\u00e1nit-\u00e9p\u00edt\u0151kock\u00e1ira.<\/p>\n<p><strong>ngg_shortcode_0_placeholder<\/strong><\/p>\n<p>Hangy\u00e1k a kockacukrok k\u00f6z\u00f6tt\u2026<\/p>\n<p>Egy n\u00e9gy f\u0151s kis csal\u00e1d miatt negyed\u00f3r\u00e1ig nem tudtunk cs\u00facsk\u00e9pet k\u00e9sz\u00edteni \u2013 kimer\u00edtett\u00e9k csoportk\u00e9peikre az \u00f6sszes kombin\u00e1ci\u00f3s lehet\u0151s\u00e9get. Nyugat fel\u00e9 a Pol\u2019an\u00e1ig l\u00e1ttunk a felh\u0151kt\u0151l, de keleti ir\u00e1nyba nem csak a k\u00f6zeli Gy\u00f6mb\u00e9rig (Dumbier, 2043 m), de azon t\u00fal is, a hegys\u00e9g keleti, vad fel\u00e9t.<\/p>\n<div id=\"attachment_238\" style=\"width: 310px\" class=\"wp-caption alignright\"><a href=\"http:\/\/induljelegyuton.hu\/wp-content\/uploads\/DSC_1005cikkeleje.jpg\"><img loading=\"lazy\" decoding=\"async\" aria-describedby=\"caption-attachment-238\" class=\"size-medium wp-image-238\" alt=\"Felm\u00e1sztunk a Chopok \u201ehelyben felapr\u00f3z\u00f3dott\u201d gr\u00e1nit-\u00e9p\u00edt\u0151kock\u00e1ira\" src=\"http:\/\/induljelegyuton.hu\/wp-content\/uploads\/DSC_1005cikkeleje-300x200.jpg\" width=\"300\" height=\"200\" srcset=\"https:\/\/induljelegyuton.hu\/wp-content\/uploads\/DSC_1005cikkeleje-300x200.jpg 300w, https:\/\/induljelegyuton.hu\/wp-content\/uploads\/DSC_1005cikkeleje-224x150.jpg 224w, https:\/\/induljelegyuton.hu\/wp-content\/uploads\/DSC_1005cikkeleje.jpg 850w\" sizes=\"auto, (max-width: 300px) 100vw, 300px\" \/><\/a><p id=\"caption-attachment-238\" class=\"wp-caption-text\">Felm\u00e1sztunk a Chopok \u201ehelyben felapr\u00f3z\u00f3dott\u201d gr\u00e1nit-\u00e9p\u00edt\u0151kock\u00e1ira<\/p><\/div>\n<p>L\u00e1ttuk, hogy ir\u00e1nyt nem v\u00e9thet\u00fcnk, \u00edgy h\u00e1rman \u00e9lvezt\u00fck a szabad m\u00e1sz\u00e1st a k\u0151t\u00f6mb\u00f6k\u00f6n lefel\u00e9, mint hangy\u00e1k a kockacukrok k\u00f6z\u00f6tt. \u00dcgyeskedt\u00fcnk, m\u00e1s izmokat is megmozgattunk\u2026 Azt\u00e1n leereszkedt\u00fcnk a k\u00e9nyelmetlen havas, f\u00fcves lejt\u0151n a \u201emakad\u00e1m\u201d \u00fatra a t\u00f6bbiek ut\u00e1n, \u00e9s ernyedt izmokkal s\u00e9t\u00e1ltunk egyre lentebb. Az \u00e9l\u00e9nk k\u00e9k lipt\u00f3szentmikl\u00f3si v\u00edzt\u00e1roz\u00f3 penge\u00e9lesen l\u00e1tszott a V\u00e1g v\u00f6lgy\u00e9ben. A gerinc d\u00e9li, lank\u00e1sabb oldal\u00e1n tapostuk a k\u00f6vet, alattunk nagyobb kisz\u00e1radt erd\u0151foltokat l\u00e1ttunk \u2013 nem tudtuk mire v\u00e9lni\u2026 A Konske-cs\u00facs (1875 m) is felett\u00fcnk volt, vissza is kellett m\u00e1sznunk a Demanovsk\u00e9-nyeregbe (1756 m), ahol v\u00e9gre a Gy\u00f6mb\u00e9r nev\u00e9t olvashattuk a t\u00e1bl\u00e1n. Egy kicsit pihent\u00fcnk, majd a hegys\u00e9g legmagasabb cs\u00facsa el\u0151tt emelked\u0151 Krupov\u00e1 hol\u2019a oldal\u00e1b\u00f3l egy helyen len\u00e9zt\u00fcnk az \u00e9szaki oldalra: k\u00f6zel 500 m\u00e9teres fallal n\u00e9z ide a Gy\u00f6mb\u00e9r t\u00f6mbje.<\/p>\n<p>&nbsp;<\/p>\n<div id=\"attachment_239\" style=\"width: 310px\" class=\"wp-caption alignleft\"><a href=\"http:\/\/induljelegyuton.hu\/wp-content\/uploads\/DSC_1018.jpg\"><img loading=\"lazy\" decoding=\"async\" aria-describedby=\"caption-attachment-239\" class=\"size-medium wp-image-239\" alt=\"A Chopokr\u00f3l a lipt\u00f3szentmikl\u00f3si v\u00edzt\u00e1roz\u00f3 is \u00e9lesen l\u00e1tszott\" src=\"http:\/\/induljelegyuton.hu\/wp-content\/uploads\/DSC_1018-300x200.jpg\" width=\"300\" height=\"200\" srcset=\"https:\/\/induljelegyuton.hu\/wp-content\/uploads\/DSC_1018-300x200.jpg 300w, https:\/\/induljelegyuton.hu\/wp-content\/uploads\/DSC_1018-224x150.jpg 224w, https:\/\/induljelegyuton.hu\/wp-content\/uploads\/DSC_1018.jpg 850w\" sizes=\"auto, (max-width: 300px) 100vw, 300px\" \/><\/a><p id=\"caption-attachment-239\" class=\"wp-caption-text\">A Chopokr\u00f3l a lipt\u00f3szentmikl\u00f3si v\u00edzt\u00e1roz\u00f3 is \u00e9lesen l\u00e1tszott<\/p><\/div>\n<p>Ver\u0151f\u00e9nyes b\u00facs\u00fa a gerinct\u0151l<\/p>\n<p>T\u00far\u00e1nk utols\u00f3 \u201emostmutasdmeg\u201d szakasza k\u00f6vetkezett, ami \u2013 szok\u00e1s szerint \u2013 r\u00e9test\u00e9sztak\u00e9nt ny\u00falt meg: nem volt v\u00e9ge az alattomosan emelked\u0151 \u00fatnak, a cs\u00facsot sem l\u00e1ttuk, de mindenki szeretett volna k\u00f6z\u00fcl\u00fcnk az els\u0151k k\u00f6z\u00f6tt fel\u00e9rni. De csak elj\u00f6tt a kett\u0151s keresztes hegytet\u0151. (Ha a szimb\u00f3lumot n\u00e9zz\u00fck, ak\u00e1r benn\u00fcnket is \u00fcdv\u00f6z\u00f6lhet.)<\/p>\n<p>Csuromvizes p\u00f3l\u00f3mat most m\u00e1r nem vehettem le, mert nem volt v\u00e1lt\u00e1s. A legszebb id\u0151ben \u00e9rt\u00fcnk ide: a Nap v\u00e9gigv\u00e1gott sugaraival az eg\u00e9sz gerincen, amin a ver\u0151f\u00e9ny miatt alig l\u00e1ttunk t\u00e1volabb a Chopokn\u00e1l. Az oldalgerinceket pedig sz\u00e9pen kirajzolta. A hegy lejt\u0151j\u00e9n r\u00e9gen akt\u00edvan b\u00e1ny\u00e1sztak aranyat, vasat \u00e9s az antimonitot, s ennek sokfel\u00e9 l\u00e1that\u00f3 nyomai vannak.<\/p>\n<p>J\u00f3zsi ugyan felr\u00fagta rohant\u00e1ban az \u00f6nkiold\u00f3ra \u00e1ll\u00edtott g\u00e9pet, de m\u00e1sodj\u00e1ra elk\u00e9sz\u00fclt a csoportk\u00e9p. Felszabadultnak \u00e9rezt\u00fck magunkat, tudtuk, hogy az alattunk l\u00e9v\u0151 turistah\u00e1z nem lesz dugig, mivel vas\u00e1rnap volt \u2013 ehet\u00fcnk kedv\u00fcnkre, le is fogunk tudni mosdani. V\u00e1gyunk \u201et\u00e1rgy\u00e1t\u201d m\u00e1r ki is sz\u00fartuk fentr\u0151l, \u00edgy toronyir\u00e1nt k\u00edv\u00e1ntuk megk\u00f6zel\u00edteni.<\/p>\n<div id=\"attachment_240\" style=\"width: 310px\" class=\"wp-caption alignright\"><a href=\"http:\/\/induljelegyuton.hu\/wp-content\/uploads\/DSC_1031.jpg\"><img loading=\"lazy\" decoding=\"async\" aria-describedby=\"caption-attachment-240\" class=\"size-medium wp-image-240\" alt=\"Kil\u00e1t\u00e1s a Gy\u00f6mb\u00e9rr\u0151l \u00e9szak fel\u00e9\" src=\"http:\/\/induljelegyuton.hu\/wp-content\/uploads\/DSC_1031-300x200.jpg\" width=\"300\" height=\"200\" srcset=\"https:\/\/induljelegyuton.hu\/wp-content\/uploads\/DSC_1031-300x200.jpg 300w, https:\/\/induljelegyuton.hu\/wp-content\/uploads\/DSC_1031-224x150.jpg 224w, https:\/\/induljelegyuton.hu\/wp-content\/uploads\/DSC_1031.jpg 850w\" sizes=\"auto, (max-width: 300px) 100vw, 300px\" \/><\/a><p id=\"caption-attachment-240\" class=\"wp-caption-text\">Kil\u00e1t\u00e1s a Gy\u00f6mb\u00e9rr\u0151l \u00e9szak fel\u00e9<\/p><\/div>\n<p>B\u00e1r \u00fat sem vitt oda, Andr\u00e1s \u00e9s Karesz felkerest\u00e9k az egyetlen, m\u00e9g nem \u201em\u00e1szott\u201d k\u00e9tezrest, a Stiavnic\u00e1t (2025 m) &#8211; ami ak\u00e1r Selmec is lehet, ha j\u00f3l gondolom.<\/p>\n<p>&nbsp;<\/p>\n<p>A h\u00e1z, ami v\u00e1rt benn\u00fcnket<\/p>\n<p>Mi, a marad\u00e9k megkezdt\u00fck a lesz\u00e1ll\u00e1st \u2013 a vadcsap\u00e1sokon. Lent mindannyian h\u00e1tulr\u00f3l ker\u00fclt\u00fck meg a v\u00edztisztas\u00e1g miatt v\u00e9dett mocsaras ter\u00fclet tilt\u00f3t\u00e1bl\u00e1j\u00e1t, de annyi baj legyen. A Stef\u00e1nik gener\u00e1lisr\u00f3l elnevezett mened\u00e9kh\u00e1z egy katonai szellemben megalkotott hegyi hotelre eml\u00e9keztetett, k\u00f6rnyezete kihalt volt. 1740 m\u00e9teren \u00e1lltunk. S\u00f6t\u00e9t labirintusba l\u00e9pt\u00fcnk be, de n\u00e9mi szerencs\u00e9vel siker\u00fclt eljutnunk az \u00e9tkezde apr\u00f3 ajtaj\u00e1hoz, ami a pihen\u00e9s \u00e9s a laz\u00edt\u00e1s t\u00e1rh\u00e1z\u00e1ra ny\u00edlt.<\/p>\n<div id=\"attachment_241\" style=\"width: 310px\" class=\"wp-caption alignright\"><a href=\"http:\/\/induljelegyuton.hu\/wp-content\/uploads\/DSC_1040.jpg\"><img loading=\"lazy\" decoding=\"async\" aria-describedby=\"caption-attachment-241\" class=\"size-medium wp-image-241\" alt=\"Innen egyszer\u0171en &quot;lev\u00e1gtunk&quot; a Stef\u00e1nik-mened\u00e9kh\u00e1zhoz\" src=\"http:\/\/induljelegyuton.hu\/wp-content\/uploads\/DSC_1040-300x200.jpg\" width=\"300\" height=\"200\" srcset=\"https:\/\/induljelegyuton.hu\/wp-content\/uploads\/DSC_1040-300x200.jpg 300w, https:\/\/induljelegyuton.hu\/wp-content\/uploads\/DSC_1040-224x150.jpg 224w, https:\/\/induljelegyuton.hu\/wp-content\/uploads\/DSC_1040.jpg 850w\" sizes=\"auto, (max-width: 300px) 100vw, 300px\" \/><\/a><p id=\"caption-attachment-241\" class=\"wp-caption-text\">Innen egyszer\u0171en &#8222;lev\u00e1gtunk&#8221; a Stef\u00e1nik-mened\u00e9kh\u00e1zhoz<\/p><\/div>\n<p>Letelepedt\u00fcnk: a bakancsot levett\u00fck, a pad al\u00e1 toltuk, a kab\u00e1tokat, fels\u0151ket pedig a praktikus kab\u00e1tsz\u00e1r\u00edt\u00f3ra tehett\u00fck, k\u00f6zel a kandall\u00f3hoz. A hatalmas h\u00e1z szak\u00e1csa, gondnoka, \u201ecsaposa\u201d \u2013 egysz\u00f3val mindenese \u2013 egyetlen egy nagyon szorgosan dolgoz\u00f3 fiatalember volt, aki emellett m\u00e9g rakott a t\u0171zre, \u00e9s egy ideges pillant\u00e1sa sem volt. Rajtunk k\u00edv\u00fcl m\u00e9g k\u00e9t asztaln\u00e1l \u00fcltek &#8211; \u00e9s rendeltek -, ez\u00e9rt m\u00e9g csak s\u00f6reinket szorongattuk, amikor Karesz\u00e9k visszaj\u00f6ttek a Stiavnic\u00e1r\u00f3l. \u00c1m bel\u00e1ttuk, hogy jobb helyen nem is lehetn\u00e9nk, \u00e9s k\u00e9s\u0151bb harapnival\u00f3t is rendelt\u00fcnk. Fizet\u00e9skor viszont a \u201egondnok\u201d angolul \u00e9rdekl\u0151d\u00f6tt, hogy mit akarunk reggelire. Eleinte nem \u00e9rtett\u00fck, mi\u00e9rt kellene itt reggelizn\u00fcnk, de azt\u00e1n kider\u00fclt, hogy az is j\u00e1r a sz\u00e1ll\u00e1shoz! Magyarul is ki volt nyomtatva a men\u00fc \u2013 s\u0151t legal\u00e1bb m\u00e9g nyolc nyelven.<\/p>\n<p>&nbsp;<\/p>\n<p>Reggeli v\u00e1lt\u00f3papucsban<\/p>\n<p>Amikor azt\u00e1n j\u00f3llakottan jelezt\u00fck, hogy szeretn\u00e9nk elfoglalni a sz\u00e1ll\u00e1st, gondnokunk bevezetett egy \u00e1llott szag\u00fa kis szob\u00e1ba, amelyben papucsok \u00e9s v\u00e1lt\u00f3cip\u0151k vesztegeltek a polcokon. Igen, mindenkinek v\u00e1lasztani kellett egyet, \u00e9s felment\u00fcnk az egyik 12 \u00e1gyas szob\u00e1ba. Mi hatan voltunk \u2013 micsoda hod\u00e1ly! Nem sokat \u00f3ckodtunk, ki menjen zuhanyozni: a szomsz\u00e9dok sem zavartak benn\u00fcnket a k\u00e9t szem\u00e9lyes zuhanyz\u00f3ban. K\u00f6zben \u2013 csakaz\u00e9rtis! \u2013 t\u00f6bben is rottyantottunk egy-egy konzervkaj\u00e1t a padl\u00f3n, hogy kerek legyen a t\u00f6rt\u00e9net. Lefekv\u00e9s el\u0151tt boroztunk, \u00e9s b\u00f6kd\u00f6st\u00fck egy kicsit a t\u00e9rk\u00e9pet.<\/p>\n<div id=\"attachment_242\" style=\"width: 210px\" class=\"wp-caption alignright\"><a href=\"http:\/\/induljelegyuton.hu\/wp-content\/uploads\/DSC_1047.jpg\"><img loading=\"lazy\" decoding=\"async\" aria-describedby=\"caption-attachment-242\" class=\"size-medium wp-image-242\" alt=\"A reggeli benne volt az \u00e1rban\" src=\"http:\/\/induljelegyuton.hu\/wp-content\/uploads\/DSC_1047-200x300.jpg\" width=\"200\" height=\"300\" srcset=\"https:\/\/induljelegyuton.hu\/wp-content\/uploads\/DSC_1047-200x300.jpg 200w, https:\/\/induljelegyuton.hu\/wp-content\/uploads\/DSC_1047-100x150.jpg 100w, https:\/\/induljelegyuton.hu\/wp-content\/uploads\/DSC_1047.jpg 567w\" sizes=\"auto, (max-width: 200px) 100vw, 200px\" \/><\/a><p id=\"caption-attachment-242\" class=\"wp-caption-text\">A reggeli benne volt az \u00e1rban<\/p><\/div>\n<p>H\u00e9tkor kelt\u00fcnk. T\u00far\u00e1nk z\u00e1r\u00f3pontj\u00e1n, az \u00d6rd\u00f6glakodalma-h\u00e1g\u00f3n d\u00e9lt\u00e1jban volt busz Beszterceb\u00e1nya fel\u00e9, \u00e9s nem tudtuk, milyen neh\u00e9z lesz a terep: t\u00f6bb, mint h\u00e1rom \u00f3r\u00e1t hagytunk r\u00e1. Az ablakot kinyitva is csak a h\u0151m\u00e9rs\u00e9kletet tudtuk meg: parttalan sz\u00fcrkes\u00e9get l\u00e1ttunk. S\u00f6t\u00e9t van, vagy csak k\u00f6d? \u2013 nem tudtuk. A r\u00e1ntott\u00e1k, virslik viszont azonnal, melegen \u00e9rkeztek asztalunkra. M\u00edg a \u201ehallban\u201d a t\u00f6bbiekre v\u00e1rtunk, k\u00e9t, f\u00e1b\u00f3l faragott t\u00e1bl\u00e1t l\u00e1thattuk k\u00e9t list\u00e1val. Az els\u0151 azt mutatta, hogy kik voltak a h\u00e1z gondnokai 1928-t\u00f3l, a m\u00e1sik pedig azt, hogy a h\u00e1z \u00e9p\u00edt\u00e9s\u00e9hez ki hozta fel a legt\u00f6bb anyagot a h\u00e1t\u00e1n. Fabricius Igor neve szerelt az els\u0151 lista legv\u00e9g\u00e9n (1991-t\u0151l), \u00e9s szint\u00e9n ez a n\u00e9v volt l\u00e1that\u00f3 a m\u00e1sodik lista \u00e9l\u00e9n (173\u00a0291 kg)\u2026 Tal\u00e1n szoktak itt sherpa-versenyeket is rendezni.<\/p>\n<p>&nbsp;<\/p>\n<p>Es\u0151, sz\u00e9l, goly\u00f3sz\u00f3r\u00f3<\/p>\n<p>Kil\u00e9pve a Stefanikb\u00f3l, szemerk\u00e9l\u0151 es\u0151 v\u00e1gott az arcunkba. N\u00e9h\u00e1ny m\u00e9ter ut\u00e1n egy megh\u00f6kkent\u0151, goly\u00f3sz\u00f3r\u00f3val megkoron\u00e1zott eml\u00e9km\u0171h\u00f6z \u00e9rt\u00fcnk. A szlov\u00e1k partiz\u00e1nh\u00e1bor\u00fa eml\u00e9k\u00e9re \u00e1ll\u00edtott\u00e1k. A h\u00e1z n\u00e9vad\u00f3ja, Milan Rastislav Stef\u00e1nik (1880-1919) szlov\u00e1k hazafi els\u0151sorban sokoldal\u00fa tud\u00f3s volt, aki csakhamar a francia ter\u00fcleten is elismer\u00e9st szerzett: p\u00e9ld\u00e1ul a Mont Blanc Obszervat\u00f3rium t\u00e1rsigazgat\u00f3j\u00e1nak is kinevezt\u00e9k. 1915-t\u0151l a Monarchia ellen harcolt &#8211; pil\u00f3tak\u00e9nt. Masarykkal \u00e9s Benessel egy\u00fctt \u201ek\u00fczd\u00f6tt\u201d a csehszlov\u00e1k mozgalmakban \u2013 a magyarok ellen\u00e9ben.<\/p>\n<p>\u00c9n lelkileg, de f\u0151leg fizikailag egy ereszked\u00e9sre voltam felk\u00e9sz\u00fclve. Az eml\u00e9km\u0171vet elhagyva azonban egy komoly hegymenet k\u00f6vetkezett. A fogamat csikorgattam\u2026 K\u00f6zben a sz\u00e9l is feler\u0151s\u00f6d\u00f6tt, \u00e9s csakhamar ism\u00e9t f\u00fcr\u00f6dtem az izzads\u00e1gban. Nagyon igyekezt\u00fcnk, nehogy k\u00e9ss\u00fcnk, ezt el\u00e9g rosszul viseltem. A k\u00f6dben nem l\u00e1ttunk messzire, legfeljebb a t\u00f6rpe, illetve alacsony fenyvest magunk k\u00f6r\u00fcl. A t\u00fara ink\u00e1bb egy hull\u00e1mos gerinct\u00far\u00e1nak t\u0171nt, alig akart ereszkedni. Persze, hiszen az \u00d6rd\u00f6glakodalma-h\u00e1g\u00f3ra, 1238 m\u00e9terre felj\u00f6n a k\u00f6z\u00fat!<\/p>\n<div id=\"attachment_243\" style=\"width: 310px\" class=\"wp-caption alignleft\"><a href=\"http:\/\/induljelegyuton.hu\/wp-content\/uploads\/DSC_1060.jpg\"><img loading=\"lazy\" decoding=\"async\" aria-describedby=\"caption-attachment-243\" class=\"size-medium wp-image-243\" alt=\"Mind\u00f6ssze 500 m\u00e9tert ereszkedt\u00fcnk az \u00d6rd\u00f6glakodalma-h\u00e1g\u00f3ba - a zord id\u0151ben \" src=\"http:\/\/induljelegyuton.hu\/wp-content\/uploads\/DSC_1060-300x200.jpg\" width=\"300\" height=\"200\" srcset=\"https:\/\/induljelegyuton.hu\/wp-content\/uploads\/DSC_1060-300x200.jpg 300w, https:\/\/induljelegyuton.hu\/wp-content\/uploads\/DSC_1060-224x150.jpg 224w, https:\/\/induljelegyuton.hu\/wp-content\/uploads\/DSC_1060.jpg 850w\" sizes=\"auto, (max-width: 300px) 100vw, 300px\" \/><\/a><p id=\"caption-attachment-243\" class=\"wp-caption-text\">Mind\u00f6ssze 500 m\u00e9tert ereszkedt\u00fcnk az \u00d6rd\u00f6glakodalma-h\u00e1g\u00f3ba &#8211; a zord id\u0151ben<\/p><\/div>\n<p>&nbsp;<\/p>\n<p>A szenderg\u0151 h\u00e1g\u00f3\u2026<\/p>\n<p>Csak a v\u00e9g\u00e9n \u00e9rezt\u00fcnk hat\u00e1rozott magass\u00e1gcs\u00f6kken\u00e9st. K\u00eds\u00e9rteties, kisz\u00e1radt feny\u0151k alatt, v\u00f6r\u00f6sbe fordul\u00f3 level\u0171 \u00e1fony\u00e1sok k\u00f6z\u00f6tt siett\u00fcnk egyre lejjebb. V\u00e9gre f\u00e9nyk\u00e9pezni is lehetett! \u00c9ppen utol\u00e9rt\u00fck a t\u00f6bbieket, amikor jobb k\u00e9z fel\u0151l fel-felszakadozott a k\u00f6dfal \u2013 megl\u00e1ttuk a szembel\u00e9v\u0151 hegyoldalt. Az \u00fat ebbe a v\u00f6lgybe ir\u00e1ny\u00edtott benn\u00fcnket. Azt\u00e1n megl\u00e1ttunk n\u00e9h\u00e1ny turista-f\u00e9le \u00e9p\u00fcletet, \u00e9s egy s\u00edfelvon\u00f3 alatt is els\u00e9t\u00e1ltunk. Nagyon elhagyatott helyre \u00e9rt\u00fcnk: n\u00e9ptelen turistasz\u00e1ll\u00f3, s\u00fcket, lez\u00e1rt nyaral\u00f3k szomorkodtak el\u00e1zva. Ami \u00e9lt volna, az m\u00e1r a telet v\u00e1rta. Vagy m\u00e9g a naps\u00fct\u00e9st. Egy-egy vend\u00e9gl\u00e1t\u00f3s sz\u00edvta cigij\u00e9t a h\u00e1ts\u00f3 ajt\u00f3n\u00e1l.<\/p>\n<p>Az \u00d6rd\u00f6glakodalma aut\u00f3spihen\u0151t z\u00e1rva tal\u00e1ltuk, \u00edgy a mellette \u00e1ll\u00f3 kis pavilonhoz pakoltuk le zs\u00e1kjainkat. Ellen\u0151rizt\u00fck, megvan-e a buszmeg\u00e1ll\u00f3, azt\u00e1n elhat\u00e1roztam, hogy a marad\u00e9k h\u00e1romnegyed \u00f3r\u00e1ban mindenk\u00e9ppen iszom egy k\u00e1v\u00e9t. Mire a legk\u00f6zelebbi, sz\u00f3ba j\u00f6het\u0151 \u00e9p\u00fclethez \u00e9rtem (be kellett csengetni), m\u00e1r csak egy t\u00farat\u00e1rsam volt a h\u00e1tam m\u00f6g\u00f6tt. A kis hotel k\u00edv\u00fclr\u0151l teljesen lakatlannak t\u0171nt, de egy h\u00f6lgy ajt\u00f3t nyitott. Az ifj\u00fa sz\u0151kes\u00e9g kiszolg\u00e1lt benn\u00fcnket, de kedvess\u00e9gr\u0151l nem tudunk besz\u00e1molni. M\u00e9g szerencse, hogy \u00e1t is tudtunk \u00f6lt\u00f6zni!<\/p>\n<p>&nbsp;<\/p>\n<div id=\"attachment_237\" style=\"width: 310px\" class=\"wp-caption alignright\"><a href=\"http:\/\/induljelegyuton.hu\/wp-content\/uploads\/DSC_0006cikkvege.jpg\"><img loading=\"lazy\" decoding=\"async\" aria-describedby=\"caption-attachment-237\" class=\"size-medium wp-image-237\" alt=\"Mire le\u00e9rt\u00fcnk a h\u00e1g\u00f3ba, el is \u00e1llt az es\u0151...\" src=\"http:\/\/induljelegyuton.hu\/wp-content\/uploads\/DSC_0006cikkvege-300x200.jpg\" width=\"300\" height=\"200\" srcset=\"https:\/\/induljelegyuton.hu\/wp-content\/uploads\/DSC_0006cikkvege-300x200.jpg 300w, https:\/\/induljelegyuton.hu\/wp-content\/uploads\/DSC_0006cikkvege-224x150.jpg 224w, https:\/\/induljelegyuton.hu\/wp-content\/uploads\/DSC_0006cikkvege.jpg 850w\" sizes=\"auto, (max-width: 300px) 100vw, 300px\" \/><\/a><p id=\"caption-attachment-237\" class=\"wp-caption-text\">Mire le\u00e9rt\u00fcnk a h\u00e1g\u00f3ba, el is \u00e1llt az es\u0151&#8230;<\/p><\/div>\n<p>Utaz\u00e1s a h\u0171t\u0151n<\/p>\n<p>T\u00e1rsainkhoz visszat\u00e9rve \u00e9ppen kinyitott az \u00d6rd\u00f6glakodalma (Certovica) aut\u00f3spihen\u0151, de mi m\u00e1r nem gazdag\u00edtottuk. A busz viszont k\u00e9t alkalmazottal \u2013 vagy sof\u0151rrel \u2013, \u00e9s nagy utaz\u00f3k\u00f6z\u00f6ns\u00e9ggel befutott. M\u00e1r lassan el is felejtettem, hogy a h\u00e1tizs\u00e1kok\u00e9rt poggy\u00e1szjegyet kell fizetni \u2013 azok bepakol\u00e1s\u00e1ra volt ott a seg\u00e9dkoll\u00e9ga. Az utaz\u00e1s nem volt rossz, kis id\u0151 m\u00falva fel tudtam \u00fclni a h\u0171t\u0151re. Bel\u00e1thattam egy kicsit Brezn\u00f3b\u00e1nya egy h\u00e9tf\u0151j\u00e9be, majd pedig egy garami v\u00edzit\u00far\u00e1mat id\u00e9ztem fel magamban a foly\u00f3t k\u00eds\u00e9r\u0151 falvakat figyelve.<\/p>\n<p>Beszterceb\u00e1ny\u00e1n viszontl\u00e1thattuk G\u00e1bort, aki k\u00f6zben hazautazott: most elhozta a kocsikulcsot a Donovalyban vesztegl\u0151 egyik aut\u00f3hoz. Azzal ketten felutaztak busszal a s\u00edparadicsomba a k\u00e9t kocsi\u00e9rt, mi pedig addig k\u00e9nyelmesen hever\u00e9szhett\u00fcnk a v\u00e1ros egyik parkj\u00e1ban \u2013 a Szlov\u00e1k Nemzeti Felkel\u00e9s csillagrombol\u00f3 nagys\u00e1g\u00fa \u00e9s form\u00e1j\u00fa eml\u00e9k\u00e9n\u00e9l.<\/p>\n<p>Ez a h\u00f3val nehez\u00edtett \u0151szi kir\u00e1ndul\u00e1s j\u00f3 mulats\u00e1g, f\u00e9rfimunka volt! (Ann\u00e1l is ink\u00e1bb, mert k\u00e9t \u00e9vszak l\u00e1tv\u00e1nyvil\u00e1g\u00e1t egyes\u00edtette\u2026) \u00c9rdemes edz\u00e9sben maradni, hogy egy ilyen j\u00f3 m\u00f3k\u00e1ra mindig b\u00e1tran v\u00e1llalkozhassunk, \u00e9s ne a fogunkat csikorgassuk..!<\/p>\n<p style=\"text-align: right;\">\u00a0Hars\u00e1czki Gy\u00f6rgy (2012)<\/p>\n","protected":false},"excerpt":{"rendered":"<p>El\u0151havaz\u00e1s-opci\u00f3val kem\u00e9nyebb&#8230; &nbsp; A t\u00f6bbiek kint f\u0151ztek, h\u00e1t bekapcsol\u00f3dtam \u00e9s \u00e9n is j\u00f3llakva mentem be ism\u00e9t. S\u00f6r, k\u00e1v\u00e9, tea\u2026 Egy sz\u00f3, mint sz\u00e1z: egy kicsit k\u00e9nyeztett\u00fck magunkat. Hab\u00e1r a kinti WC kallanty\u00faj\u00e1t k\u00edv\u00fclr\u0151l r\u00e1m ford\u00edtotta valaki (szerencse, hogy ki tudtam j\u00f6nni), egy\u00fctt m\u00e1sztunk fel a Chopok \u201ehelyben felapr\u00f3z\u00f3dott\u201d gr\u00e1nit-\u00e9p\u00edt\u0151kock\u00e1ira. Hangy\u00e1k \u2026 <a class=\"continue-reading-link\" href=\"https:\/\/induljelegyuton.hu\/?p=234\"> Continue reading <span class=\"meta-nav\">&rarr; <\/span><\/a><\/p>\n","protected":false},"author":1,"featured_media":0,"comment_status":"open","ping_status":"open","sticky":false,"template":"","format":"standard","meta":{"ngg_post_thumbnail":0,"footnotes":""},"categories":[21,25],"tags":[104],"class_list":["post-234","post","type-post","status-publish","format-standard","hentry","category-bakancsolas","category-mezsgye","tag-104"],"_links":{"self":[{"href":"https:\/\/induljelegyuton.hu\/index.php?rest_route=\/wp\/v2\/posts\/234","targetHints":{"allow":["GET"]}}],"collection":[{"href":"https:\/\/induljelegyuton.hu\/index.php?rest_route=\/wp\/v2\/posts"}],"about":[{"href":"https:\/\/induljelegyuton.hu\/index.php?rest_route=\/wp\/v2\/types\/post"}],"author":[{"embeddable":true,"href":"https:\/\/induljelegyuton.hu\/index.php?rest_route=\/wp\/v2\/users\/1"}],"replies":[{"embeddable":true,"href":"https:\/\/induljelegyuton.hu\/index.php?rest_route=%2Fwp%2Fv2%2Fcomments&post=234"}],"version-history":[{"count":10,"href":"https:\/\/induljelegyuton.hu\/index.php?rest_route=\/wp\/v2\/posts\/234\/revisions"}],"predecessor-version":[{"id":236,"href":"https:\/\/induljelegyuton.hu\/index.php?rest_route=\/wp\/v2\/posts\/234\/revisions\/236"}],"wp:attachment":[{"href":"https:\/\/induljelegyuton.hu\/index.php?rest_route=%2Fwp%2Fv2%2Fmedia&parent=234"}],"wp:term":[{"taxonomy":"category","embeddable":true,"href":"https:\/\/induljelegyuton.hu\/index.php?rest_route=%2Fwp%2Fv2%2Fcategories&post=234"},{"taxonomy":"post_tag","embeddable":true,"href":"https:\/\/induljelegyuton.hu\/index.php?rest_route=%2Fwp%2Fv2%2Ftags&post=234"}],"curies":[{"name":"wp","href":"https:\/\/api.w.org\/{rel}","templated":true}]}}