{"id":2267,"date":"2014-10-26T22:08:55","date_gmt":"2014-10-26T21:08:55","guid":{"rendered":"http:\/\/induljelegyuton.hu\/?p=2267"},"modified":"2014-10-27T22:25:22","modified_gmt":"2014-10-27T21:25:22","slug":"zenta-ahol-kozel-az-ember-kozel-a-tisza-1-resz","status":"publish","type":"post","link":"https:\/\/induljelegyuton.hu\/?p=2267","title":{"rendered":"Zenta \u2013 ahol k\u00f6zel az ember, k\u00f6zel a Tisza (1. r\u00e9sz)"},"content":{"rendered":"<p><strong>Neked \u00f3r\u00e1d, nekem id\u0151m van\u2026<\/strong><\/p>\n<p><strong>Az ismerked\u00e9s &#8211;\u00a0\u201ehivatalosan\u201d<\/strong><\/p>\n<h2><\/h2>\n<p>Erd\u00e9ly, Felvid\u00e9k, K\u00e1rp\u00e1talja mellett \u00e1ltal\u00e1ban nem szoktuk kihagyni a sorb\u00f3l a D\u00e9lvid\u00e9ket \u2013 vagy a Vajdas\u00e1got \u2013 sem, viszont \u2013 mi magyarok &#8211; sokkal ritk\u00e1bban l\u00e1togatunk el arrafel\u00e9, mint a t\u00f6bbi magyarlakta orsz\u00e1gr\u00e9szbe. Nem vit\u00e1s, hogy a hegy-v\u00f6lgyes ter\u00fcleteken sokkal t\u00f6bb a \u2013 f\u0151leg term\u00e9szeti &#8211; l\u00e1tnival\u00f3, a r\u00e9gi t\u00f6rt\u00e9nelmi eml\u00e9k. F\u0151v\u00e1rosunk is mesze esik D\u00e9lvid\u00e9kt\u0151l, \u00e9s az sem tagadhat\u00f3, hogy a Szerbi\u00e1hoz csatolt Vajdas\u00e1gban nyugtalan\u00edt\u00f3an sokszor hallunk magyarokat \u00e9r\u0151 t\u00e1mad\u00e1sokr\u00f3l. \u00c1m egy-egy rossz h\u00edr nem t\u00e1ntor\u00edthat el benn\u00fcnket egy eg\u00e9sz orsz\u00e1gt\u00f3l, s az id\u00e9n maga a szerb parlament \u00edt\u00e9lte el a magyarok ellen 1944-45-ben elk\u00f6vetett borzaszt\u00f3 tetteket! Nagyon sokat kellett v\u00e1rni erre &#8211; m\u00e9gis megt\u00f6rt\u00e9nt.<\/p>\n<p>&nbsp;<\/p>\n<div id=\"attachment_2293\" style=\"width: 310px\" class=\"wp-caption alignright\"><a href=\"http:\/\/induljelegyuton.hu\/wp-content\/uploads\/DSC_0138.jpg\"><img loading=\"lazy\" decoding=\"async\" aria-describedby=\"caption-attachment-2293\" class=\"size-medium wp-image-2293\" alt=\"A zentai V\u00e1rosh\u00e1za\" src=\"http:\/\/induljelegyuton.hu\/wp-content\/uploads\/DSC_0138-300x200.jpg\" width=\"300\" height=\"200\" srcset=\"https:\/\/induljelegyuton.hu\/wp-content\/uploads\/DSC_0138-300x200.jpg 300w, https:\/\/induljelegyuton.hu\/wp-content\/uploads\/DSC_0138-224x150.jpg 224w, https:\/\/induljelegyuton.hu\/wp-content\/uploads\/DSC_0138.jpg 850w\" sizes=\"auto, (max-width: 300px) 100vw, 300px\" \/><\/a><p id=\"caption-attachment-2293\" class=\"wp-caption-text\">A zentai V\u00e1rosh\u00e1za<\/p><\/div>\n<p>A vajdas\u00e1gi \u201er\u00e9v\u00e9sz\u201d<\/p>\n<p>Laci pontosan a zentai V\u00e1rosh\u00e1za el\u0151tt tett ki benn\u00fcnket. \u2013 Ha visszafel\u00e9 utaztok, h\u00edvjatok, \u00e9s egyeztet\u00fcnk! \u00c9rezz\u00e9tek j\u00f3l magatokat! \u2013 b\u00facs\u00fazott hanyag eleganci\u00e1val \u00f6lt\u00f6z\u00f6tt alkalmi sof\u0151r\u00fcnk.<\/p>\n<p>\u0150 Szegeden toppant el\u00e9nk a buszp\u00e1lyaudvaron, azzal, hogy ha Zent\u00e1ra megy\u00fcnk, el tud vinni benn\u00fcnket. Gyorsan belement\u00fcnk, hiszen csak j\u00f3l j\u00f6n egy \u201eidegenvezet\u0151\u201d! Az aut\u00f3 megtelt, \u00e9s gyorsan kikavarodtunk a nagyv\u00e1rosb\u00f3l. A kishat\u00e1r-\u00e1tkel\u0151n\u00e9l ugyan kicsit \u201efeltartottak\u201d benn\u00fcnket, de azt\u00e1n csak hagytuk magunk m\u00f6g\u00f6tt a falvakat \u2013 az egyre nagyobb forr\u00f3s\u00e1gban. M\u00e9g egy rozoga sz\u00e9lmalom is felt\u0171nt. \u2013 T\u00fal van reag\u00e1lva ez a magyarver\u00e9s\u2026 &#8211; \u00e1ll\u00edtotta minden vajdas\u00e1gi az aut\u00f3ban. \u2013 Egy\u00e9bk\u00e9nt itt sem megy semmi, az a kev\u00e9s \u00fczemet is becs\u0151d\u00f6ltett\u00e9k, ami volt. A h\u00edres cs\u00f3kai szal\u00e1migy\u00e1r is bez\u00e1rt\u2026 &#8211; foglalt\u00e1k \u00f6ssze a kocsiban a 21. sz\u00e1zad \u201ekedvez\u0151\u201d fordulatait. Viszont udvarh\u00e1zakr\u00f3l, kast\u00e9lyokr\u00f3l nem tudtak\u2026<\/p>\n<p>&nbsp;<\/p>\n<p>\u00c1ll a leveg\u0151 \u2013 megy a munka<\/p>\n<p>Hirtelen magunkra maradtunk a robosztus V\u00e1rosh\u00e1za \u00e1rny\u00e9k\u00e1ban, a szinte n\u00e9ptelen f\u0151t\u00e9ren, amelybe csak a sz\u00f6k\u0151k\u00fat csobog\u00e1sa vitt \u00e9letet. Most der\u00fcl ki, hogy siker\u00fclt-e tisztess\u00e9gesen el\u0151re bejelentkezn\u00fcnk az idegenforgalmi iroda dolgoz\u00f3inak! \u2013 l\u00e9pt\u00fcnk be az ajt\u00f3n. Egy fiatal h\u00f6lgy, Gere Emese fogadott benn\u00fcnket, s miut\u00e1n az \u00edr\u00e1s \u2013 mint e-mail &#8211; elsz\u00e1llt, a sz\u00f3 \u2013 mint telefonbesz\u00e9lget\u00e9s &#8211; megmaradt: sz\u00e1m\u00edtottak r\u00e1nk. A leveg\u0151s helys\u00e9gben sz\u00e1mos turisztikai kiadv\u00e1ny sorakozott rendben a polcokon, az egy hete lezajlott zentai Tiszavir\u00e1g Fesztiv\u00e1lt, &#8211; \u00e9s persze a Tisz\u00e1t &#8211; egy m\u00e9teres, mosolyg\u00f3 k\u00e9r\u00e9szb\u00e1b id\u00e9zte. M\u00edg besz\u00e9lgett\u00fcnk, megjelent Laskovity Korn\u00e9l is, a zentai idegenforgalmi szervezet igazgat\u00f3ja, akivel megbesz\u00e9lt\u00fcnk egy d\u00e9lut\u00e1ni interj\u00fat.<\/p>\n<div id=\"attachment_2294\" style=\"width: 310px\" class=\"wp-caption alignright\"><a href=\"http:\/\/induljelegyuton.hu\/wp-content\/uploads\/DSC_0147.jpg\"><img loading=\"lazy\" decoding=\"async\" aria-describedby=\"caption-attachment-2294\" class=\"size-medium wp-image-2294\" alt=\"Az \u00e9letment\u0151 csevap...\" src=\"http:\/\/induljelegyuton.hu\/wp-content\/uploads\/DSC_0147-300x200.jpg\" width=\"300\" height=\"200\" srcset=\"https:\/\/induljelegyuton.hu\/wp-content\/uploads\/DSC_0147-300x200.jpg 300w, https:\/\/induljelegyuton.hu\/wp-content\/uploads\/DSC_0147-224x150.jpg 224w, https:\/\/induljelegyuton.hu\/wp-content\/uploads\/DSC_0147.jpg 850w\" sizes=\"auto, (max-width: 300px) 100vw, 300px\" \/><\/a><p id=\"caption-attachment-2294\" class=\"wp-caption-text\">Az \u00e9letment\u0151 csevap&#8230;<\/p><\/div>\n<p>A gyomrunk korgott, \u00e9s csomagjainkt\u00f3l is szerett\u00fcnk volna megszabadulni, \u00edgy a koll\u00e9gan\u0151mmel elsiett\u00fcnk a k\u00f6zeli Royal Hotelhez, amely a h\u00faszezer f\u0151 lakos\u00fa Zenta egyetlen \u2013 meg kell hagyni: reprezentat\u00edv &#8211; sz\u00e1llod\u00e1ja. A szecesszi\u00f3s \u00e9p\u00fcletet az a Magyar Ede \u00e9p\u00edt\u00e9sz tervezte, akinek Szegeden is sok sz\u00e9p szecesszi\u00f3s \u00e9p\u00fclet k\u00f6t\u0151dik a nev\u00e9hez. Az 1911-ben fel\u00e9p\u00fclt sz\u00e1lloda k\u00edv\u00fcl \u00e9s bel\u00fcl sok \u00e1t\u00e9p\u00edt\u00e9st szenvedett el, elvesztve eredeti arculat\u00e1t, de micsoda szerencse! &#8211; nemr\u00e9g r\u00e9szben az eredeti tervek alapj\u00e1n fel\u00faj\u00edtott\u00e1k. A bels\u0151 tej\u00fcveg ablakok finom tiszavir\u00e1g-mot\u00edvumait \u00e9s a hall \u201e\u00f3ri\u00e1s falik\u00e9r\u00e9sz\u00e9t\u201d \u00e9n \u00f6sszekapcsoltam a v\u00e1roska \u00f6ntudatra \u00e9bred\u00e9s\u00e9vel\u2026<\/p>\n<p>Itt a \u201eturista oszt\u00e1lyt\u201d \u00e9jszakai sz\u00e1ll\u00e1snak h\u00edvj\u00e1k, az apr\u00f3 szob\u00e1k pedig a m\u00e9g fel nem \u00faj\u00edtott r\u00e9szben tal\u00e1lhat\u00f3ak. Nek\u00fcnk el\u00e9g volt a hotel ill\u00fazi\u00f3ja \u2013 mi is a f\u0151l\u00e9pcs\u0151n k\u00f6zlekedt\u00fcnk.<\/p>\n<p><strong><strong>ngg_shortcode_0_placeholder<\/strong><\/strong><\/p>\n<p>Gyomornak t\u0171zolt\u00e1sa\u2026<\/p>\n<p>F\u00e9l \u00f3r\u00e1val k\u00e9s\u0151bb m\u00e1r a Papuli nev\u0171 vend\u00e9gl\u0151 fel\u00e9 siett\u00fcnk elverni az \u00e9hs\u00e9g\u00fcnket. Az irod\u00e1ban kapott v\u00e1rost\u00e9rk\u00e9ppel a kez\u00fcnkben az \u00e1rnyas Posta utc\u00e1n indultunk kifel\u00e9. Az er\u0151s naps\u00fct\u00e9s miatt s\u00falyos \u00e1rny\u00e9kok vet\u0151dtek a b\u0171b\u00e1jos m\u00e9zeskal\u00e1cs-szecesszi\u00f3s st\u00edlus\u00fa t\u0171zolt\u00f3laktanya \u00e9p\u00fcleteire. Nemsok\u00e1ra le\u00fclt\u00fcnk az \u00e1rnyas kerthelys\u00e9gben, \u00e9s k\u00e9rt\u00fck az \u00e9tlapot &#8211; nem is v\u00e1laszthattunk m\u00e1st, mint csevapcsics\u00e1t, a kis\u00fct\u00f6tt f\u0171szeres b\u00e1r\u00e1ny dar\u00e1lth\u00fas-hurk\u00e1csk\u00e1kat, amit feh\u00e9r hagym\u00e1val \u00e9s has\u00e1bburgony\u00e1val t\u00e1lalnak errefel\u00e9. A paradicsomsal\u00e1t\u00e1val pedig az eredeti \u00e9tel hi\u00e1nyoss\u00e1g\u00e1t p\u00f3toltuk.\u00a0 A j\u00f3 s\u00f6rt a Jelen pivo jelenti, ami az egykori Jugoszl\u00e1vi\u00e1ban fogalom volt. A ponyva alatt pihenve nagyon \u00f6r\u00fclt\u00fcnk, hogy ide, a D\u00e9lvid\u00e9kre is eljutottunk v\u00e9gre. Kellemes \u00e9rz\u00e9sekkel b\u00facs\u00faztunk a kedves \u00e9s k\u00f6zvetlen pinc\u00e9rekt\u0151l.<\/p>\n<p>&nbsp;<\/p>\n<div id=\"attachment_2296\" style=\"width: 210px\" class=\"wp-caption alignright\"><a href=\"http:\/\/induljelegyuton.hu\/wp-content\/uploads\/DSC_0197.jpg\"><img loading=\"lazy\" decoding=\"async\" aria-describedby=\"caption-attachment-2296\" class=\"size-medium wp-image-2296\" alt=\"A kis k\u00e9r\u00e9szke\" src=\"http:\/\/induljelegyuton.hu\/wp-content\/uploads\/DSC_0197-200x300.jpg\" width=\"200\" height=\"300\" srcset=\"https:\/\/induljelegyuton.hu\/wp-content\/uploads\/DSC_0197-200x300.jpg 200w, https:\/\/induljelegyuton.hu\/wp-content\/uploads\/DSC_0197-100x150.jpg 100w, https:\/\/induljelegyuton.hu\/wp-content\/uploads\/DSC_0197.jpg 567w\" sizes=\"auto, (max-width: 200px) 100vw, 200px\" \/><\/a><p id=\"caption-attachment-2296\" class=\"wp-caption-text\">A kis k\u00e9r\u00e9szke<\/p><\/div>\n<p>\u00c9bred\u0151 turizmus<\/p>\n<p>&#8211; A vajdas\u00e1gi v\u00e1rosokban j\u00f3form\u00e1n csak n\u00e9h\u00e1ny \u00e9ve foglalkoznak turizmussal. \u2013 kezdte a besz\u00e9lget\u00e9st Laskovity Korn\u00e9l, amit Zenta idegenforgalm\u00e1r\u00f3l kezdem\u00e9nyezt\u00fcnk. &#8211; Jugoszl\u00e1via ugyan kedvelt \u00fati c\u00e9l volt, de az a hegyvid\u00e9kre \u00e9s a horv\u00e1t tengerpartra vonatkozott, a Vajdas\u00e1gnak maradt a \u201emunka\u201d, az orsz\u00e1g ell\u00e1t\u00e1sa. Az idegenforgalmi ki\u00e1ll\u00edt\u00e1sokon mindenki meglepet\u00e9ssel fogadta Zenta v\u00e1ros bemutatkoz\u00e1s\u00e1t, \u00e1m \u00e9ppen ez a nagy ismeretlens\u00e9g v\u00e1lhat a jav\u00e1ra: az utaz\u00f3k a turizmus ismert r\u00e9gi\u00f3i ut\u00e1n, rem\u00e9lhet\u0151leg sort ker\u00edtenek az \u00faj ter\u00fcletekre.<\/p>\n<p>&#8211; Meg is meglepett benn\u00fcnket, milyen takaros irod\u00e1juk van.<\/p>\n<p>&#8211; Nagy h\u00e1tr\u00e1nyunk viszont, hogy nincs a magyarorsz\u00e1gihoz hasonl\u00f3an ki\u00e9p\u00edtett tourinform h\u00e1l\u00f3zat. N\u00e1lunk az \u00f6nkorm\u00e1nyzatok k\u00fcl\u00f6n-k\u00fcl\u00f6n hoznak l\u00e9tre helyi idegenforgalmi szervezeteket, \u00e9s ezek sajnos nincsenek m\u00e9g r\u00e1szor\u00edtva a k\u00f6z\u00f6s munk\u00e1ra. Egy telep\u00fcl\u00e9snek elszigetelten pedig gyakran nincs lehet\u0151s\u00e9ge 1-2 napos program kialak\u00edt\u00e1s\u00e1ra, \u00edgy kev\u00e9s turist\u00e1t tud megsz\u00f3l\u00edtani. A k\u00f6zeli Ad\u00e1val is kellene egy\u00fctt dolgozni, b\u00e1r Zenta k\u00f6zs\u00e9ghez Tornyos, Kevi, Fels\u0151hegy \u00e9s Bogaras falvak tartoznak.<\/p>\n<p>&nbsp;<\/p>\n<div id=\"attachment_2297\" style=\"width: 310px\" class=\"wp-caption alignright\"><a href=\"http:\/\/induljelegyuton.hu\/wp-content\/uploads\/DSC_0159.jpg\"><img loading=\"lazy\" decoding=\"async\" aria-describedby=\"caption-attachment-2297\" class=\"size-medium wp-image-2297\" alt=\"A zentai csata szer\u00e9ny eml\u00e9km\u0171ve - az els\u0151 eml\u00e9km\u0171 oszlopdarabj\u00e1val\" src=\"http:\/\/induljelegyuton.hu\/wp-content\/uploads\/DSC_0159-300x200.jpg\" width=\"300\" height=\"200\" srcset=\"https:\/\/induljelegyuton.hu\/wp-content\/uploads\/DSC_0159-300x200.jpg 300w, https:\/\/induljelegyuton.hu\/wp-content\/uploads\/DSC_0159-224x150.jpg 224w, https:\/\/induljelegyuton.hu\/wp-content\/uploads\/DSC_0159.jpg 850w\" sizes=\"auto, (max-width: 300px) 100vw, 300px\" \/><\/a><p id=\"caption-attachment-2297\" class=\"wp-caption-text\">A zentai csata szer\u00e9ny eml\u00e9km\u0171ve &#8211; az els\u0151 eml\u00e9km\u0171 oszlopdarabj\u00e1val<\/p><\/div>\n<p>Els\u0151 helyen: a csata<\/p>\n<p>&#8211; \u00d6n szerint mire \u00e9p\u00edtheti Zenta az idegenforgalm\u00e1t?<\/p>\n<p>&#8211; Egy\u00e9rtelm\u0171en a Zentai csat\u00e1ra. Ez a kev\u00e9ss\u00e9 ismert \u00f6sszecsap\u00e1s eur\u00f3pai jelent\u0151s\u00e9g\u0171 volt: 1697. szeptember 11-\u00e9n a Savoyai Jen\u0151 vezette kereszt\u00e9ny sereg f\u00f6l\u00e9nyesen megverte II. Musztafa szult\u00e1n a Tisz\u00e1n f\u00e9lig \u00e1tkel\u0151 sereg\u00e9t, s ezzel v\u00e9g\u00e9rv\u00e9nyesen kiszorultak a t\u00f6r\u00f6k\u00f6k Magyarorsz\u00e1g ter\u00fclet\u00e9r\u0151l. Hogy mi mi\u00e9rt nem tartottuk eddig sz\u00e1mon? Val\u00f3sz\u00edn\u0171leg az\u00e9rt, mert idegen hatalmak \u00fctk\u00f6ztek meg itt: kereszt\u00e9nyek \u00e9s t\u00f6r\u00f6k\u00f6k, s akkoriban Zenta szinte nem is l\u00e9tezett. N\u00e1lunk is csak a rendszerv\u00e1ltoz\u00e1s ut\u00e1n \u00fcnnepelj\u00fck ism\u00e9t. Erre \u00fagy tett\u00fck meg az els\u0151 l\u00e9p\u00e9seket, hogy a v\u00e1ros napj\u00e1v\u00e1 ki\u00e1ltottuk ki szeptember 11-\u00e9t, (l\u00e1m, amikor Amerika gy\u00e1szol, a zentaiak \u00fcnnepelnek) \u00e9s kialak\u00edtottuk a Zentai csata Eml\u00e9kkil\u00e1t\u00f3t.<\/p>\n<p>A csata jelenlegi eml\u00e9km\u0171ve meglehet\u0151sen szer\u00e9ny. Viszont tudni illik, hogy valahol m\u00e1shol Magyarorsz\u00e1g legszebb lovas szobra \u0151rzi a csata eml\u00e9k\u00e9t. Ez pedig nem m\u00e1s, mint Savoyai Jen\u0151 szobra, a Budav\u00e1ri palota el\u0151tt! R\u00f3na J\u00f3zsef alkot\u00e1sa ugyanis Zenta v\u00e1ros megrendel\u00e9s\u00e9re k\u00e9sz\u00fclt, de csak a k\u00f6lts\u00e9gek fel\u00e9t tudt\u00e1k el\u0151teremteni. Ferencz J\u00f3zsef vette meg v\u00e9g\u00fcl, \u00e9s \u00e1ll\u00edttatta 1899-ben mai hely\u00e9re. A Savolyai szobornak \u201etesztszobor\u201d szerepet sz\u00e1ntak, de az oda tervezett Ferenc J\u00f3zsef lovas szobor nem k\u00e9sz\u00fclt el soha. Az alapzat k\u00e9t oldal\u00e1n l\u00e1that\u00f3 k\u00e9t bronz relief a s\u00e1ncok bev\u00e9tel\u00e9t \u00e9s a lovasrohamot \u00e1br\u00e1zolja.<\/p>\n<p>Ak\u00e1r a Savoyai-nosztalgi\u00e1ra is lehetne \u00e9p\u00edteni: Savoyainak sz\u00e1mos kast\u00e9lya volt Magyarorsz\u00e1g d\u00e9li r\u00e9sz\u00e9n, Zomboron pedig, a v\u00e1rosh\u00e1z\u00e1n Eisenhut Ferenc 4&#215;7 m\u00e9teres olajfestm\u00e9nye l\u00e1that\u00f3 a Zentai csat\u00e1r\u00f3l (1896).<\/p>\n<p>A Tisza is egy kiakn\u00e1zatlan lehet\u0151s\u00e9g. Szinte nincs haj\u00f3forgalma \u2013 kifejezetten j\u00f3l j\u00f6nne a v\u00edzi turizmusnak, hogy a Tisza szinte \u201ebent van\u201d a v\u00e1rosban, a part magas, \u00e9s a parti s\u00e9t\u00e1ny \u00e1rnyas.<\/p>\n<p>&nbsp;<\/p>\n<div id=\"attachment_2295\" style=\"width: 310px\" class=\"wp-caption alignright\"><a href=\"http:\/\/induljelegyuton.hu\/wp-content\/uploads\/DSC_0164.jpg\"><img loading=\"lazy\" decoding=\"async\" aria-describedby=\"caption-attachment-2295\" class=\"size-medium wp-image-2295\" alt=\"A s\u00e9t\u00e1ny d\u00e9li v\u00e9g\u00e9n\" src=\"http:\/\/induljelegyuton.hu\/wp-content\/uploads\/DSC_0164-300x178.jpg\" width=\"300\" height=\"178\" srcset=\"https:\/\/induljelegyuton.hu\/wp-content\/uploads\/DSC_0164-300x178.jpg 300w, https:\/\/induljelegyuton.hu\/wp-content\/uploads\/DSC_0164.jpg 850w\" sizes=\"auto, (max-width: 300px) 100vw, 300px\" \/><\/a><p id=\"caption-attachment-2295\" class=\"wp-caption-text\">A s\u00e9t\u00e1ny d\u00e9li v\u00e9g\u00e9n<\/p><\/div>\n<p>Sikeres kezdetek<\/p>\n<p>&#8211; \u00c9s gondolkodnak-e \u201egasztro-turizmusban\u201d? Mi p\u00e9ld\u00e1ul legink\u00e1bb itt sz\u00e1m\u00edtunk helyi \u00edzekre a r\u00e9gi Magyarorsz\u00e1g ter\u00fclet\u00e9n. Csevapcsics\u00e1ra, az igazi zentai hal\u00e1szl\u00e9re, amit\u00a0 a Tisza viz\u00e9b\u0151l k\u00e9sz\u00edtenek\u2026<\/p>\n<p>&#8211; Igen, a hal\u00e1szl\u00e9! \u2013 mosolygott Korn\u00e9l. Az id\u00e9n \u2013 \u00e9ppen egy hete &#8211; 2013. j\u00fanius 14-15-\u00e9n rendezt\u00fck meg az els\u0151\u00a0 Tiszavir\u00e1g Fesztiv\u00e1lt, amellyel egyfel\u0151l az emberek figyelm\u00e9t sz\u00e1nd\u00e9kozzuk a foly\u00f3ra felh\u00edvni, m\u00e1sfel\u0151l hagyom\u00e1nyokat szeretn\u00e9nk fel\u00e9leszteni \u00e9s teremteni. \u00cdgy ki sem maradhatott volna a hal\u00e1szl\u00e9-f\u0151z\u0151 \u201efesztiv\u00e1l\u201d, amellyel a k\u00f6z\u00f6s, szabadban t\u00f6rt\u00e9n\u0151 f\u0151z\u00e9s szok\u00e1s\u00e1t k\u00edv\u00e1ntuk visszahozni a k\u00f6ztudatba. A hagyom\u00e1nyok ter\u00fclet\u00e9n egy\u00e9bk\u00e9nt nemzetk\u00f6zi birkany\u00edr\u00f3 versenynek \u00e9s arat\u00f3versenynek is otthont adunk. A fesztiv\u00e1l k\u00e9t napj\u00e1n t\u00f6bb mint 10 ezer ember l\u00e1togatott ki a s\u00e9t\u00e1nyra, ahol k\u00e9zm\u0171ves v\u00e1s\u00e1r \u00e9s zenekarok sz\u00f3rakoztatt\u00e1k a l\u00e1togat\u00f3kat, messzi orsz\u00e1gok fiataljai mutatt\u00e1k be kult\u00far\u00e1jukat, de volt retro-horg\u00e1szat is, majd f\u00e1kly\u00e1s, haj\u00f3s felvonul\u00e1ssal z\u00e1rtuk a rendezv\u00e9nyt. Az addig s\u00f6t\u00e9t partot \u00f3ri\u00e1si lampionokkal vil\u00e1g\u00edtottuk ki. Eg\u00e9szen leny\u0171g\u00f6zte az embereket.<\/p>\n<p align=\"right\">(folytatjuk)<\/p>\n<h1 style=\"text-align: left;\" align=\"right\">Zenta \u2013 ahol k\u00f6zel az ember, k\u00f6zel a Tisza (2. r\u00e9sz)<\/h1>\n<p><strong>Egy eml\u00e9km\u0171r\u0151l \u00e9s egy laktany\u00e1r\u00f3l&#8230;<\/strong><\/p>\n<p>&nbsp;<\/p>\n<p>Miut\u00e1n befejezt\u00fck a besz\u00e9lget\u00e9st Laskovity Korn\u00e9llal a turisztikai szervezet irod\u00e1j\u00e1ban Zenta idegenforgalmi adotts\u00e1gair\u00f3l, s\u00e9t\u00e1lni indultunk az Alv\u00e9g \u00e9s a Tisza part csal\u00e1di h\u00e1zas v\u00e1rosr\u00e9sz\u00e9be. Let\u00e9rve a Posta utc\u00e1r\u00f3l el\u0151sz\u00f6r az 1957-ben lebontott Nagy zsinag\u00f3ga hely\u00e9t jel\u00f6l\u0151 eml\u00e9kt\u00e1bl\u00e1t pillantottuk meg, majd az utca t\u00fals\u00f3 oldal\u00e1n egy szecesszi\u00f3s d\u00edsz\u00edt\u00e9s\u0171 lak\u00f3\u00e9p\u00fcletet vett\u00fcnk \u00e9szre. Az eml\u00edtett v\u00e1rosr\u00e9szeken kis telkek osztoznak a keskeny utc\u00e1csk\u00e1k k\u00f6z\u00f6tt, amelyek tiszt\u00e1k, nem ritk\u00e1n alacsony f\u00e1k borulnak f\u00f6l\u00e9j\u00fck, s a j\u00e1rd\u00e1k \u00e9s az utca k\u00f6z\u00f6tt vir\u00e1goskertek, f\u00fcves s\u00e1vok teszik m\u00e9g bar\u00e1ts\u00e1gosabb\u00e1 azokat. Egy napsugaras oromzat\u00fa n\u00e9pi lak\u00f3h\u00e1zat is lencsev\u00e9gre kaptam, s b\u00e1r a homlokzat nem volt r\u00e9gi, m\u00e9gis ezt, a Szeged k\u00f6rny\u00e9k\u00e9n ismert, hagyom\u00e1nyos mot\u00edvumot hordozta. A Karadordeva utca egyik elhagyatott, vakolathi\u00e1nyos lak\u00f3h\u00e1z\u00e1n szint\u00e9n szecesszi\u00f3s mot\u00edvumokat v\u00e9ltem felfedezni.<\/p>\n<p>Nemsok\u00e1ra ki\u00e9rt\u00fcnk a Tisza-partra, ahol a szocialista kockah\u00e1zak \u201e\u00e1rny\u00e9k\u00e1ban\u201d l\u00e1thattuk a \u201enagy\u201d csata kis eml\u00e9km\u0171v\u00e9t, amely m\u00f6g\u00f6tt a parti s\u00e9t\u00e1ny l\u00e1tszott. Azon t\u00fal a part magas f\u00e1i hajladoztak teljesen elrejtve az alant ring\u00f3 Tisz\u00e1t.<\/p>\n<p>&nbsp;<\/p>\n<div id=\"attachment_2306\" style=\"width: 310px\" class=\"wp-caption alignright\"><a href=\"http:\/\/induljelegyuton.hu\/wp-content\/uploads\/eugen_sziget_Zentai_csata_helyszin.jpg\"><img loading=\"lazy\" decoding=\"async\" aria-describedby=\"caption-attachment-2306\" class=\"size-medium wp-image-2306\" alt=\"Az Eugen-sziget (Korabeli lap fot\u00f3ja 1895 k\u00f6r\u00fcl - internet)\" src=\"http:\/\/induljelegyuton.hu\/wp-content\/uploads\/eugen_sziget_Zentai_csata_helyszin-300x190.jpg\" width=\"300\" height=\"190\" srcset=\"https:\/\/induljelegyuton.hu\/wp-content\/uploads\/eugen_sziget_Zentai_csata_helyszin-300x190.jpg 300w, https:\/\/induljelegyuton.hu\/wp-content\/uploads\/eugen_sziget_Zentai_csata_helyszin-235x150.jpg 235w, https:\/\/induljelegyuton.hu\/wp-content\/uploads\/eugen_sziget_Zentai_csata_helyszin.jpg 770w\" sizes=\"auto, (max-width: 300px) 100vw, 300px\" \/><\/a><p id=\"caption-attachment-2306\" class=\"wp-caption-text\">Az Eugen-sziget (Korabeli lap fot\u00f3ja 1895 k\u00f6r\u00fcl &#8211; internet)<\/p><\/div>\n<p>Helysz\u00ednek, t\u00f6r\u00f6k\u00f6k, jegeny\u00e9k<\/p>\n<p>Tudni kell, hogy a csata nem itt, hanem a foly\u00f3 ment\u00e9n j\u00f3val lentebb zajlott le. 1895-ben Ferenc J\u00f3zsef egy hadgyakorlat kapcs\u00e1n k\u00e9sz\u00fclt Zent\u00e1ra l\u00e1togatni. A v\u00e1ros el\u00f6lj\u00e1r\u00f3i ez alkalomb\u00f3l \u2013 hogy a kir\u00e1ly kedv\u00e9be (is) j\u00e1rjanak \u2013 egy eml\u00e9km\u0171vet \u00e1ll\u00edtottak Savoyai Jen\u0151 (Eug\u00e9n) \u00e9s a csata eml\u00e9k\u00e9re. Az Eug\u00e9nre keresztelt, eredetileg Porond, (vagy Porongy) nev\u0171 szigetr\u0151l az a legenda j\u00e1rta, hogy az elesett t\u00f6r\u00f6k\u00f6k holttesteib\u0151l keletkezett, amit a Tisza beiszapolt. A sziget (k\u00e9s\u0151bb f\u00e9lsziget) k\u00f6zep\u00e9n, nyolc ny\u00e1rfa al\u00e1 \u00e1ll\u00edtott\u00e1k a hadvez\u00e9r eml\u00e9koszlop\u00e1t, amelyre egy vasv\u00e9rtes katona ker\u00fclt. (Az 1895-\u00f6s Vas\u00e1rnapi \u00dajs\u00e1g k\u00f6zlem\u00e9ny\u00e9r\u0151l a jerev\u00e1ni r\u00e1di\u00f3 jut eszembe, mivel a nyolc ny\u00e1rfa helyett m\u00e1ris 68 jegenyef\u00e1r\u00f3l \u00edrtak.)<\/p>\n<p>Ezut\u00e1n sok \u00e9ven \u00e1t itt \u00fcnnepelte a v\u00e1ros a h\u00edres \u00fctk\u00f6zetet, de a sebt\u00e9ben k\u00e9sz\u00edtett eml\u00e9km\u0171 gyorsan t\u00f6nkrement, ez\u00e9rt 1942-ben a jelenlegi helysz\u00ednre \u201etelep\u00edtett\u00e9k\u201d. A Jugoszl\u00e1v Kir\u00e1lys\u00e1g idej\u00e9ben m\u00e9g megeml\u00e9kezhettek a magyarok, de Tito Jugoszl\u00e1vi\u00e1j\u00e1ban m\u00e1r nem: el is feledt\u00e9k\u2026<\/p>\n<p>A csata felt\u00e9telezett helysz\u00edn\u00e9re sajnos \u2013 a II. vil\u00e1gh\u00e1bor\u00fat k\u00f6vet\u0151 id\u0151szaknak megfelel\u0151en \u2013 \u00fczemeket, kik\u00f6t\u0151t \u00e9p\u00edtettek, \u00edgy azt napjainkban sem egyszer\u0171 azt felt\u00e1rni. Ennek ellen\u00e9re a Vajdas\u00e1gi V\u00edzalatti Kutat\u00f3k egyes\u00fclete p\u00e1r \u00e9ve kutatni kezdte a medret, \u00e9s sarkanty\u00fakat, \u00e1gy\u00fagoly\u00f3kat, k\u00e9zi l\u0151fegyver-goly\u00f3kat hoztak fel a v\u00edz al\u00f3l. A leleteket a zentai m\u00fazeumnak aj\u00e1nlj\u00e1k fel \u2013 sajnos a kor\u00e1bban el\u0151ker\u00fclt t\u00e1rgyakat B\u00e9csbe \u00e9s Budapestre sz\u00e1ll\u00edtott\u00e1k. De Ferenc J\u00f3zsef 1895-\u00f6s l\u00e1togat\u00e1sa nem csak egy eml\u00e9km\u0171re \u201eihlette\u201d Zenta polg\u00e1rait: ki\u00e9p\u00edtett\u00e9k az elektromos k\u00f6zvil\u00e1g\u00edt\u00e1st \u2013 a D\u00e9lvid\u00e9ken itt el\u0151sz\u00f6r! \u2013 \u00e9s aszfaltos j\u00e1rd\u00e1kat alak\u00edtottak ki.<\/p>\n<p><strong><strong>ngg_shortcode_1_placeholder<\/strong><\/strong><\/p>\n<p>Ma m\u00e1r csak a partr\u00f3l ugr\u00e1lnak\u2026<\/p>\n<p>A magasan \u00e1ll\u00f3 Tisz\u00e1n szedett-vedett cs\u00f3nakkik\u00f6t\u0151 m\u00f3l\u00f3k \u00fasztak, a k\u00f6zelinek t\u0171n\u0151 t\u00falpart ny\u00e1rfaerdeje le is z\u00e1rta a horizontot. A Tisza-parton a helyiek s\u00e9t\u00e1lnak \u00e9s besz\u00e9lgetnek, nem turist\u00e1k. Egy hatalmas k\u00e9k usz\u00e1lyon \u2013 j\u00f3 p\u00e1r \u00e9vtizede a zentai part v\u00e9djegyek\u00e9nt \u2013 egy maroknyi ember \u00fcld\u00f6g\u00e9l asztalokn\u00e1l, a ponyva alatt. \u201eBel\u00e9p\u00e9s csak tagoknak!\u201d \u2013 az ember felk\u00edv\u00e1nkozna, f\u0151leg, ha s\u00f6r\u00f6zni \u00e9s f\u00fcr\u00f6dni is lehetne. Nem is biztos, hogy mag\u00e1nk\u00e9zben van. \u2013 hangzott el az irod\u00e1ban. K\u00e9t tucat cs\u00f3nak sorakozott a haj\u00f3test mellett &#8211; a partr\u00f3l egy flegma macska s\u00e9t\u00e1lt \u00e1t a rozoga r\u00e1mp\u00e1n a fed\u00e9lzetre.<\/p>\n<div id=\"attachment_2308\" style=\"width: 310px\" class=\"wp-caption alignright\"><a href=\"http:\/\/induljelegyuton.hu\/wp-content\/uploads\/DSC_0179.jpg\"><img loading=\"lazy\" decoding=\"async\" aria-describedby=\"caption-attachment-2308\" class=\"size-medium wp-image-2308\" alt=\"V\u00edzbe ugr\u00e1l\u00f3k a Tisza-parton\" src=\"http:\/\/induljelegyuton.hu\/wp-content\/uploads\/DSC_0179-300x192.jpg\" width=\"300\" height=\"192\" srcset=\"https:\/\/induljelegyuton.hu\/wp-content\/uploads\/DSC_0179-300x192.jpg 300w, https:\/\/induljelegyuton.hu\/wp-content\/uploads\/DSC_0179-234x150.jpg 234w, https:\/\/induljelegyuton.hu\/wp-content\/uploads\/DSC_0179.jpg 850w\" sizes=\"auto, (max-width: 300px) 100vw, 300px\" \/><\/a><p id=\"caption-attachment-2308\" class=\"wp-caption-text\">V\u00edzbe ugr\u00e1l\u00f3k a Tisza-parton<\/p><\/div>\n<p>A k\u00f6zpont fel\u00e9 tartva elhaladtunk a Zenta k\u00e9p\u00e9t \u2013 sajn\u00e1latosan \u2013 meghat\u00e1roz\u00f3, f\u00e9lig lebontott malom t\u00f6v\u00e9ben, amelynek m\u00e1r csak a hatalmas gabonasil\u00f3it haszn\u00e1lj\u00e1k t\u00e1rol\u00e1sra. Valamikor nem v\u00e9letlen\u00fcl \u00e9p\u00edtett\u00e9k a Tisza mell\u00e9: usz\u00e1lyokba rakodt\u00e1k a b\u00faz\u00e1t.<\/p>\n<p>Estefel\u00e9 is nagy \u00e9lm\u00e9ny a parton s\u00e9t\u00e1lni \u2013 a foly\u00f3 t\u00fckr\u00e9nek reflexeit nem rontja el a k\u00f6zvil\u00e1g\u00edt\u00e1s s\u00e1rga f\u00e9nye\u2026 Kuty\u00e1kat \u00fasztattak egy-egy fa\u00e1gat bedobva, egy \u00fasz\u00f3 m\u00f3l\u00f3r\u00f3l nekifutva ugr\u00e1ltak a v\u00edzbe a tizen\u00e9vesek a h\u00edd szigor\u00fa traverzeivel a h\u00e1tt\u00e9rben. Valamikor sikk volt a h\u00eddr\u00f3l ugr\u00e1l\u00e1s, de most m\u00e1r tiltj\u00e1k &#8211; csak az \u00f6ngyilkosok ugranak. V\u00e9gezet\u00fcl a robosztus V\u00e1rosh\u00e1za el\u0151tt feledkezt\u00fcnk bele az \u00faj, sz\u00e1m\u00edt\u00f3g\u00e9p-vez\u00e9rl\u00e9s\u0171 (ilyen van m\u00e1r minden v\u00e1rosban) sz\u00f6k\u0151k\u00fat j\u00e1t\u00e9k\u00e1ba. Iskol\u00e1scsoportok tapicskoltak benne \u00f3r\u00e1kon \u00e1t &#8211; a r\u00e9gi nem volt ilyen sz\u00f3rakoztat\u00f3, de st\u00edlus\u00e1ban jobban illett a v\u00e1rosk\u00e9pbe.<\/p>\n<p>&nbsp;<\/p>\n<p>H\u00e9tk\u00f6znap reggel &#8211; naperny\u0151 alatt<\/p>\n<p>A nagy melegben nehezen aludtunk el \u201e\u00e9jszakai sz\u00e1ll\u00e1sunkon\u201d, \u00edgy m\u00e1snap k\u00e9s\u0151n \u00e9bredt\u00fcnk. A reggelit k\u00e1v\u00e9z\u00e1st is elhalasztva siett\u00fcnk be az irod\u00e1ba kilenckor, a m\u00e1r k\u00e9t \u00f3r\u00e1ja dolgoz\u00f3 Emes\u00e9hez, aki mindenkivel id\u0151pontot egyeztetett, hogy interj\u00faink egy napba belef\u00e9rjenek: kora d\u00e9lut\u00e1n Zenta t\u00f6rt\u00e9n\u00e9sz\u00e9vel, Tari L\u00e1szl\u00f3val besz\u00e9lget\u00fcnk, \u00f6t \u00f3rakor az Eml\u00e9k-kil\u00e1t\u00f3ban lesz jelen\u00e9s\u00fcnk, majd h\u00e9t k\u00f6r\u00fcl \u00e9rkez\u00fcnk meg a R\u00e9gi Mesters\u00e9gek H\u00e1z\u00e1ba, Pecze \u00c1rp\u00e1d hatalmas gy\u0171jtem\u00e9ny\u00e9hez.<\/p>\n<div id=\"attachment_2298\" style=\"width: 310px\" class=\"wp-caption alignright\"><a href=\"http:\/\/induljelegyuton.hu\/wp-content\/uploads\/DSC_0217.jpg\"><img loading=\"lazy\" decoding=\"async\" aria-describedby=\"caption-attachment-2298\" class=\"size-medium wp-image-2298\" alt=\"Piaci csend\u00e9let Zent\u00e1n\" src=\"http:\/\/induljelegyuton.hu\/wp-content\/uploads\/DSC_0217-300x200.jpg\" width=\"300\" height=\"200\" srcset=\"https:\/\/induljelegyuton.hu\/wp-content\/uploads\/DSC_0217-300x200.jpg 300w, https:\/\/induljelegyuton.hu\/wp-content\/uploads\/DSC_0217-224x150.jpg 224w, https:\/\/induljelegyuton.hu\/wp-content\/uploads\/DSC_0217.jpg 850w\" sizes=\"auto, (max-width: 300px) 100vw, 300px\" \/><\/a><p id=\"caption-attachment-2298\" class=\"wp-caption-text\">Piaci csend\u00e9let Zent\u00e1n<\/p><\/div>\n<p>Kil\u00e9pve az irod\u00e1b\u00f3l, n\u00e9h\u00e1ny l\u00e9p\u00e9s ut\u00e1n m\u00e1r le is z\u00f6ttyent\u00fcnk a naperny\u0151s k\u00e1v\u00e9z\u00f3 egyik asztal\u00e1hoz, ahol nem a csak kiv\u00e1lts\u00e1gosok k\u00e9rik ki k\u00e9sei k\u00e1v\u00e9jukat, vagy korai s\u00f6r\u00fcket. K\u00f6zben \u2013 tal\u00e1n \u2013 meg\u00e9rezt\u00fck azt, hogy mennyiben m\u00e1s, lass\u00fabb \u00e9s emberibb erre a \u201eh\u00e9tk\u00f6znapi \u00e9let\u201d. N\u00e9h\u00e1ny aut\u00f3, \u00e9s motor ker\u00fclte a F\u0151 t\u00e9r parkj\u00e1t, dolgukat t\u00e9v\u0151 ker\u00e9kp\u00e1rosok suhantak el, bev\u00e1s\u00e1rol\u00f3 h\u00e1ziasszonyok sz\u00f3l\u00edtott\u00e1k meg egym\u00e1st az utc\u00e1n. \u00c9s minden\u00fctt z\u00f6ld \u00e9s z\u00f6ld\u2026<\/p>\n<p>&nbsp;<\/p>\n<p>H\u00fasos burek zsivajjal<\/p>\n<p>Az \u201eeleven piac\u201d \u00e9lm\u00e9nye ut\u00e1n s\u00e9t\u00e1ltunk el a posta mellett az egyre s\u0171r\u0171s\u00f6d\u0151 j\u00e1r\u00f3kel\u0151k k\u00f6zepette a V\u00e1rosh\u00e1za m\u00f6g\u00f6tti ter\u00fcletre. N\u00e1lunk m\u00e1r nem l\u00e1tni, de itt m\u00e9g kiteszik a nemr\u00e9g elhunytak f\u00e9nyk\u00e9pes gy\u00e1szjelent\u00e9s\u00e9t a piacn\u00e1l \u2013 ahol a legt\u00f6bben megfordulnak &#8211; egy t\u00e1bl\u00e1ra. Az piac els\u0151 \u201eszektora\u201d a h\u00e1ztart\u00e1si eszk\u00f6z\u00f6k\u00e9 (beljebb a kistermel\u0151k term\u00e9nyei\u00e9), de itt sz\u00e1m\u00edtottam valami burek-b\u00fcf\u00e9re is. Persze, hogy volt! Joghurttal egyetemben \u00e1rulj\u00e1k minden\u00fctt \u2013, \u00e9s a pap\u00edrban kiadott h\u00fasos burek gyorsan elfogyott egy szabad asztalon \u00fclve.<\/p>\n<p>Az \u201eigazi\u201d piac a f\u00e1k \u00e1rnyai alatt sorakoz\u00f3, b\u00e1dog \u00e9s m\u0171anyag tet\u0151s betonasztalokon bonyol\u00f3dott, de l\u00e1ttuk, hogy tet\u0151 n\u00e9lk\u00fcl sem \u00e9gett volna meg senki. Vonzott benn\u00fcnket ez a fojtott zsivaj\u00fa sz\u00ednes forgatag. S\u00e1rga csereszny\u00e9t, s\u00e1rga krumplit, v\u00edzi liliomot, cukkinit, ubork\u00e1t, szuperpiros paradicsomot, \u00e9s tarka vir\u00e1gokat \u2013 ami a kiskertekben megterem, \u00a0azt l\u00e1ttam \u00e9n\u2026 N\u00e1lunk ez is kivesz\u0151ben, mert az emberek falun is teljesen elszoktak a kert\u00e9szked\u00e9st\u0151l.<\/p>\n<div id=\"attachment_2299\" style=\"width: 310px\" class=\"wp-caption alignright\"><a href=\"http:\/\/induljelegyuton.hu\/wp-content\/uploads\/DSC_0228.jpg\"><img loading=\"lazy\" decoding=\"async\" aria-describedby=\"caption-attachment-2299\" class=\"size-medium wp-image-2299\" alt=\"Lajta B\u00e9la zentai T\u0171zolt\u00f3laktany\u00e1ja\" src=\"http:\/\/induljelegyuton.hu\/wp-content\/uploads\/DSC_0228-300x200.jpg\" width=\"300\" height=\"200\" srcset=\"https:\/\/induljelegyuton.hu\/wp-content\/uploads\/DSC_0228-300x200.jpg 300w, https:\/\/induljelegyuton.hu\/wp-content\/uploads\/DSC_0228-224x150.jpg 224w, https:\/\/induljelegyuton.hu\/wp-content\/uploads\/DSC_0228.jpg 850w\" sizes=\"auto, (max-width: 300px) 100vw, 300px\" \/><\/a><p id=\"caption-attachment-2299\" class=\"wp-caption-text\">Lajta B\u00e9la zentai T\u0171zolt\u00f3laktany\u00e1ja<\/p><\/div>\n<p>\u201eNeked \u00f3r\u00e1d, nekem id\u0151m van.\u201d \u2013 jutott eszembe Korn\u00e9l tegnapi t\u00f6rt\u00e9nete. Ezt az egyik bar\u00e1tja mondta, amikor Korn\u00e9l megk\u00e9rdezte t\u0151le, hogy \u0151 mi\u00e9rt nem tart a t\u00f6bbi falubelivel, \u00e9s k\u00f6lt\u00f6zik v\u00e1rosba. \u00c9s t\u00e9nyleg: val\u00f3ban fel kell venni a keszty\u0171t, a rohamtemp\u00f3t, amit az egyre \u201efogyaszt\u00f3ibb\u201d t\u00e1rsadalom dikt\u00e1l? Lehet, hogy nem?<\/p>\n<p>Sajnos Zenta v\u00e1ros \u00e9s a k\u00f6zs\u00e9g n\u00e9pess\u00e9g\u00e9ben lass\u00fa fogy\u00e1s tapasztalhat\u00f3. A v\u00e1rosb\u00f3l \u00e9s a falvakb\u00f3l nagyobb v\u00e1rosokba igyekeznek az emberek, k\u00f6nnyebb meg\u00e9lhet\u00e9st rem\u00e9lve. \u2013 A v\u00e1ros n\u00e9pess\u00e9ge 2002-ben 20\u00a0302, 2011-ben 18\u00a0704 f\u0151 volt.<\/p>\n<p>&nbsp;<\/p>\n<p>T\u0171zolt\u00f3s\u00e1g \u2013 magyarosan<\/p>\n<p>N\u00e9h\u00e1ny h\u00e1zzal od\u00e9bb m\u00e1r nyitva tal\u00e1ltuk az 1904-ben fel\u00e9p\u00fclt, szecesszi\u00f3s T\u0171zolt\u00f3laktanya kapuj\u00e1t. (K\u00e9s\u0151bb kider\u00fclt, hogy Emese jelezte \u00e9rkez\u00e9s\u00fcnket.) Ez volt a harminc\u00e9ves Lajta B\u00e9la \u00e9p\u00edt\u00e9sz els\u0151 k\u00f6z\u00e9p\u00fclete, \u00e9s felavat\u00e1sakor \u00e1ltal\u00e1nos tetsz\u00e9st aratott. Tudni illik, hogy a t\u0171zolt\u00f3egyletek \u2013 \u00e1ltal\u00e1nosan \u2013 fontos szerepet t\u00f6lt\u00f6ttek be a telep\u00fcl\u00e9sek t\u00e1rsadalmi \u00e9let\u00e9ben \u2013 \u00edgy a zentai is. Ez is kin\u0151tte el\u0151z\u0151 laktany\u00e1j\u00e1t, ami egy\u00e9bk\u00e9nt a felszerel\u00e9sek karbantart\u00e1s\u00e1t sem tette lehet\u0151v\u00e9. A praktikusan, szolidan, \u00e9s m\u0171v\u00e9szi szempontb\u00f3l is tetszet\u0151sen megoldott \u00e9p\u00fcletkomplexum \u2013 egy hossz\u00fa lej\u00e1rat\u00fa hitel r\u00e9v\u00e9n \u2013 m\u00e9g a v\u00e1rosnak sem okozott nagy anyagi megterhel\u00e9st.<\/p>\n<div id=\"attachment_2300\" style=\"width: 202px\" class=\"wp-caption alignright\"><a href=\"http:\/\/induljelegyuton.hu\/wp-content\/uploads\/DSC_0235.jpg\"><img loading=\"lazy\" decoding=\"async\" aria-describedby=\"caption-attachment-2300\" class=\"size-medium wp-image-2300\" alt=\"A zentai T\u0171zolt\u00f3laktanya egy r\u00e9szlete\" src=\"http:\/\/induljelegyuton.hu\/wp-content\/uploads\/DSC_0235-192x300.jpg\" width=\"192\" height=\"300\" srcset=\"https:\/\/induljelegyuton.hu\/wp-content\/uploads\/DSC_0235-192x300.jpg 192w, https:\/\/induljelegyuton.hu\/wp-content\/uploads\/DSC_0235-96x150.jpg 96w, https:\/\/induljelegyuton.hu\/wp-content\/uploads\/DSC_0235.jpg 545w\" sizes=\"auto, (max-width: 192px) 100vw, 192px\" \/><\/a><p id=\"caption-attachment-2300\" class=\"wp-caption-text\">A zentai T\u0171zolt\u00f3laktanya egy r\u00e9szlete<\/p><\/div>\n<p>St\u00edlus\u00e1t egy\u00f6ntet\u0171en \u201emagyarosnak\u201d hat\u00e1rozt\u00e1k meg a kort\u00e1rsak is, b\u00e1r n\u00e9pm\u0171v\u00e9szeti form\u00e1k teljesen absztrah\u00e1lt form\u00e1ban jelennek meg az \u00e9p\u00fcleten. Ilyen mot\u00edvumok csak az az\u00f3ta elpusztult fakapuzaton voltak l\u00e1that\u00f3k. Akinek van gyakorlata a szecesszi\u00f3ban, az sz\u00f3rakoztat\u00f3 perceket szerezhet mag\u00e1nak az itt-ott megjelen\u0151 \u00e9p\u00edt\u00e9szeti r\u00e9szletek, apr\u00f3s\u00e1gok felkutat\u00e1s\u00e1val, lef\u00e9nyk\u00e9pez\u00e9s\u00e9vel. Mert Lajta is \u201ek\u00e9sz\u00fclt\u201d ilyenekkel: vakolatd\u00edszek, ajt\u00f3vasal\u00e1sok, toronycs\u00facsok form\u00e1i, fa-elemek\u2026 Egysz\u00f3val, van itt egy m\u00e9zeskal\u00e1cs-laktanya \u2013 \u00faj t\u0171zolt\u00f3aut\u00f3kkal!<\/p>\n<p align=\"right\">(folytatjuk)<\/p>\n","protected":false},"excerpt":{"rendered":"<p>Neked \u00f3r\u00e1d, nekem id\u0151m van\u2026 Az ismerked\u00e9s &#8211;\u00a0\u201ehivatalosan\u201d Erd\u00e9ly, Felvid\u00e9k, K\u00e1rp\u00e1talja mellett \u00e1ltal\u00e1ban nem szoktuk kihagyni a sorb\u00f3l a D\u00e9lvid\u00e9ket \u2013 vagy a Vajdas\u00e1got \u2013 sem, viszont \u2013 mi magyarok &#8211; sokkal ritk\u00e1bban l\u00e1togatunk el arrafel\u00e9, mint a t\u00f6bbi magyarlakta orsz\u00e1gr\u00e9szbe. Nem vit\u00e1s, hogy a hegy-v\u00f6lgyes ter\u00fcleteken sokkal t\u00f6bb a \u2026 <a class=\"continue-reading-link\" href=\"https:\/\/induljelegyuton.hu\/?p=2267\"> Continue reading <span class=\"meta-nav\">&rarr; <\/span><\/a><\/p>\n","protected":false},"author":1,"featured_media":0,"comment_status":"open","ping_status":"open","sticky":false,"template":"","format":"standard","meta":{"ngg_post_thumbnail":0,"footnotes":""},"categories":[21,25],"tags":[1029,62,1033,1034,1041,1038,1035,1058,1037,1031,124,1028,1040,1030,1036,1039,1027,1032,1026],"class_list":["post-2267","post","type-post","status-publish","format-standard","hentry","category-bakancsolas","category-mezsgye","tag-1944-45-verengzes","tag-62","tag-csevap","tag-csevapcsicsa","tag-idegenforgalom","tag-jelen-pivo","tag-keresz","tag-lajta-bela","tag-papuli","tag-royal-hotel","tag-szecesszio","tag-szerbia","tag-tisza","tag-tiszavirag-fesztival","tag-tiszaviragzas","tag-tuzoltolaktanya","tag-vajdasag","tag-varoshaza","tag-zenta"],"_links":{"self":[{"href":"https:\/\/induljelegyuton.hu\/index.php?rest_route=\/wp\/v2\/posts\/2267","targetHints":{"allow":["GET"]}}],"collection":[{"href":"https:\/\/induljelegyuton.hu\/index.php?rest_route=\/wp\/v2\/posts"}],"about":[{"href":"https:\/\/induljelegyuton.hu\/index.php?rest_route=\/wp\/v2\/types\/post"}],"author":[{"embeddable":true,"href":"https:\/\/induljelegyuton.hu\/index.php?rest_route=\/wp\/v2\/users\/1"}],"replies":[{"embeddable":true,"href":"https:\/\/induljelegyuton.hu\/index.php?rest_route=%2Fwp%2Fv2%2Fcomments&post=2267"}],"version-history":[{"count":12,"href":"https:\/\/induljelegyuton.hu\/index.php?rest_route=\/wp\/v2\/posts\/2267\/revisions"}],"predecessor-version":[{"id":2309,"href":"https:\/\/induljelegyuton.hu\/index.php?rest_route=\/wp\/v2\/posts\/2267\/revisions\/2309"}],"wp:attachment":[{"href":"https:\/\/induljelegyuton.hu\/index.php?rest_route=%2Fwp%2Fv2%2Fmedia&parent=2267"}],"wp:term":[{"taxonomy":"category","embeddable":true,"href":"https:\/\/induljelegyuton.hu\/index.php?rest_route=%2Fwp%2Fv2%2Fcategories&post=2267"},{"taxonomy":"post_tag","embeddable":true,"href":"https:\/\/induljelegyuton.hu\/index.php?rest_route=%2Fwp%2Fv2%2Ftags&post=2267"}],"curies":[{"name":"wp","href":"https:\/\/api.w.org\/{rel}","templated":true}]}}