{"id":2214,"date":"2014-10-07T21:47:02","date_gmt":"2014-10-07T19:47:02","guid":{"rendered":"http:\/\/induljelegyuton.hu\/?p=2214"},"modified":"2014-10-13T23:26:47","modified_gmt":"2014-10-13T21:26:47","slug":"aldozatokat-szedett-a-japan-ontake-vulkan","status":"publish","type":"post","link":"https:\/\/induljelegyuton.hu\/?p=2214","title":{"rendered":"\u00c1ldozatokat szedett a jap\u00e1n Ontake-vulk\u00e1n"},"content":{"rendered":"<p><strong>\u00d6sszeomlott a jap\u00e1n vulk\u00e1n hamufelh\u0151je<\/strong><\/p>\n<p><b>Jap\u00e1nban, szombat d\u00e9lben v\u00e1ratlanul, minden el\u0151jel n\u00e9lk\u00fcl kit\u00f6rt a szigetorsz\u00e1g m\u00e1sodik legmagasabb t\u0171zh\u00e1ny\u00f3ja, az Ontake. A Smithsonian Int\u00e9zet adatb\u00e1zisa mind\u00f6ssze egyetlen kit\u00f6r\u00e9st eml\u00edt az Ontake vulk\u00e1non az elm\u00falt 10 ezer \u00e9vb\u0151l, ez 1979-1980-ban t\u00f6rt\u00e9nt. Ezt megel\u0151z\u0151en \u00fagy t\u0171nik, hogy 23 ezer \u00e9vig nem m\u0171k\u00f6d\u00f6tt a t\u0171zh\u00e1ny\u00f3, azaz l\u00e1tsz\u00f3lag inakt\u00edv volt.<\/b><\/p>\n<div id=\"attachment_2221\" style=\"width: 310px\" class=\"wp-caption alignright\"><a href=\"http:\/\/induljelegyuton.hu\/wp-content\/uploads\/n-ontake_japantimes.co_.jp_.jpg\"><img loading=\"lazy\" decoding=\"async\" aria-describedby=\"caption-attachment-2221\" class=\"size-medium wp-image-2221\" alt=\"Izumi Noguchi felv\u00e9tele, aki nem tudott elmenek\u00fclni a piroklasztikum-\u00e1r el\u0151l (Forr\u00e1s: japantimes.co.jp)\" src=\"http:\/\/induljelegyuton.hu\/wp-content\/uploads\/n-ontake_japantimes.co_.jp_-300x200.jpg\" width=\"300\" height=\"200\" srcset=\"https:\/\/induljelegyuton.hu\/wp-content\/uploads\/n-ontake_japantimes.co_.jp_-300x200.jpg 300w, https:\/\/induljelegyuton.hu\/wp-content\/uploads\/n-ontake_japantimes.co_.jp_-224x150.jpg 224w, https:\/\/induljelegyuton.hu\/wp-content\/uploads\/n-ontake_japantimes.co_.jp_.jpg 870w\" sizes=\"auto, (max-width: 300px) 100vw, 300px\" \/><\/a><p id=\"caption-attachment-2221\" class=\"wp-caption-text\">Izumi Noguchi felv\u00e9tele, aki nem tudott elmenek\u00fclni a piroklasztikum-\u00e1r el\u0151l (Forr\u00e1s: japantimes.co.jp)<b><br \/><\/b><\/p><\/div>\n<p>A hegy egyike jap\u00e1n szent hegyeinek, ahova zar\u00e1ndokok ezrei \u00e9rkeztek \u00e9s kedvelt kir\u00e1ndul\u00f3hely is volt. Szombat is vagy 150-en voltak a hegyen, amikor hirtelen heves robban\u00e1sos kit\u00f6r\u00e9st t\u00f6rt\u00e9nt.<\/p>\n<p>A fot\u00f3k \u00e9s videofelv\u00e9telek szerint vulcano-t\u00edpus\u00fa kit\u00f6r\u00e9s t\u00f6rt\u00e9nhetett, amelynek sor\u00e1n a kit\u00f6r\u00e9si felh\u0151be nagy mennyis\u00e9g\u0171 k\u0151zetdarab ker\u00fclt. A megnehez\u00fclt vulk\u00e1ni anyagot a kit\u00f6r\u00e9si felh\u0151 nem tudta magasba emelni, \u00edgy a felh\u0151 hirtelen \u00f6sszeomlott \u00e9s piroklasztikum-\u00e1rak rohantak le a hegy oldal\u00e1ban. A kit\u00f6r\u00e9st s\u0171r\u0171 hamuhull\u00e1s k\u00eds\u00e9rte &#8211; \u00edrja a T\u0171zh\u00e1ny\u00f3 blog.<\/p>\n<div id=\"attachment_2219\" style=\"width: 250px\" class=\"wp-caption alignleft\"><a href=\"http:\/\/induljelegyuton.hu\/wp-content\/uploads\/Japan-Volcano_ryot.org_.jpg\"><img loading=\"lazy\" decoding=\"async\" aria-describedby=\"caption-attachment-2219\" class=\" wp-image-2219 \" alt=\"Ereszked\u0151 hegym\u00e1sz\u00f3k a kit\u00f6r\u00e9s ut\u00e1n (Forr\u00e1s: ryot.org)\" src=\"http:\/\/induljelegyuton.hu\/wp-content\/uploads\/Japan-Volcano_ryot.org_-300x225.jpg\" width=\"240\" height=\"180\" srcset=\"https:\/\/induljelegyuton.hu\/wp-content\/uploads\/Japan-Volcano_ryot.org_-300x225.jpg 300w, https:\/\/induljelegyuton.hu\/wp-content\/uploads\/Japan-Volcano_ryot.org_-199x150.jpg 199w, https:\/\/induljelegyuton.hu\/wp-content\/uploads\/Japan-Volcano_ryot.org_.jpg 850w\" sizes=\"auto, (max-width: 240px) 100vw, 240px\" \/><\/a><p id=\"caption-attachment-2219\" class=\"wp-caption-text\">Ereszked\u0151 hegym\u00e1sz\u00f3k a kit\u00f6r\u00e9s ut\u00e1n (Forr\u00e1s: ryot.org)<\/p><\/div>\n<p>K\u00e9rd\u00e9s, hogy ez a kit\u00f6r\u00e9s csup\u00e1n egy egyszeri kit\u00f6r\u00e9s volt-e, mint az \u00faj-z\u00e9landi Tongariro 2012-es kit\u00f6r\u00e9se, vagy lesz komolyabb folytat\u00e1sa is. Ehhez n\u00e9lk\u00fcl\u00f6zhetetlen lesz a szombati esem\u00e9ny pontos rekonstru\u00e1l\u00e1sa \u00e9s a kit\u00f6r\u00e9si anyag vizsg\u00e1lata.<\/p>\n<p style=\"text-align: right;\">2014. szeptember 28.<\/p>\n<p style=\"text-align: right;\">Origo.hu<i><\/i><\/p>\n<p>&nbsp;<\/p>\n<h1>Jap\u00e1n vulk\u00e1nkit\u00f6r\u00e9s &#8211; Az utols\u00f3 fot\u00f3k<\/h1>\n<p><strong>Tragikus eml\u00e9kkel szolg\u00e1lt feles\u00e9g\u00e9nek a jap\u00e1n vulk\u00e1nkit\u00f6r\u00e9s egyik hal\u00e1los \u00e1ldozata: f\u00e9nyk\u00e9pekkel \u00e9lete utols\u00f3 perceir\u0151l \u00e9s annak kiolt\u00f3j\u00e1r\u00f3l, az Ontake-hegyr\u0151l. Az imm\u00e1r \u00f6zvegy asszony csak az\u00e9rt nem ment t\u00far\u00e1zni f\u00e9rj\u00e9vel, mert aznap dolgoznia kellett.<\/strong><\/p>\n<h1><\/h1>\n<p>A vulk\u00e1n szeptember 27-\u00e9n l\u00e9pett teljesen v\u00e1ratlanul m\u0171k\u00f6d\u00e9sbe, a kit\u00f6r\u00e9snek nem volt semmilyen figyelmeztet\u0151 el\u0151jele. A 3067 m\u00e9ter magas Ontake-hegy a t\u00far\u00e1z\u00f3k kedvelt c\u00e9lpontja, \u00e9s balszerencs\u00e9re \u00e9ppen szombaton &#8211; a legforgalmasabb t\u00faranapon &#8211; t\u00f6rt ki a t\u0171zh\u00e1ny\u00f3, r\u00e1ad\u00e1sul eb\u00e9did\u0151 t\u00e1j\u00e1n, amikorra sokan m\u00e1r\u00a0\u00a0feljutottak a hegytet\u0151re. T\u00f6bb mint \u00f6tvenen haltak meg. Eddig 51 holttestet tal\u00e1ltak meg a ment\u0151k, \u00e9s m\u00e9g mindig tucatnyi az elt\u0171nt.<\/p>\n<div id=\"attachment_2217\" style=\"width: 310px\" class=\"wp-caption alignright\"><a href=\"http:\/\/induljelegyuton.hu\/wp-content\/uploads\/data_heute.de_.jpg\"><img loading=\"lazy\" decoding=\"async\" aria-describedby=\"caption-attachment-2217\" class=\"size-medium wp-image-2217\" alt=\"A forrong\u00f3 t\u0171zh\u00e1ny\u00f3... (Forr\u00e1s: heute.de)\" src=\"http:\/\/induljelegyuton.hu\/wp-content\/uploads\/data_heute.de_-300x168.jpg\" width=\"300\" height=\"168\" srcset=\"https:\/\/induljelegyuton.hu\/wp-content\/uploads\/data_heute.de_-300x168.jpg 300w, https:\/\/induljelegyuton.hu\/wp-content\/uploads\/data_heute.de_-250x140.jpg 250w, https:\/\/induljelegyuton.hu\/wp-content\/uploads\/data_heute.de_.jpg 850w\" sizes=\"auto, (max-width: 300px) 100vw, 300px\" \/><\/a><p id=\"caption-attachment-2217\" class=\"wp-caption-text\">A forrong\u00f3 t\u0171zh\u00e1ny\u00f3&#8230; (Forr\u00e1s: heute.de)<\/p><\/div>\n<p>T\u00f6bb halottnak \u00e9ps\u00e9gben maradt a f\u00e9nyk\u00e9pez\u0151eszk\u00f6ze &#8211; mobiltelefonja, kamer\u00e1ja -, vagy megrong\u00e1l\u00f3dott ugyan, de mem\u00f3riaegys\u00e9ge meg\u0151rizte a fot\u00f3kat. Ut\u00f3bbi t\u00f6rt\u00e9nt egy 59 \u00e9ves f\u00e9rfi, Nogucsi Izumi kamer\u00e1j\u00e1val, akinek feles\u00e9ge kimentette \u00e9s kinyomtatta mind a sz\u00e1z felv\u00e9telt, amelyet f\u00e9rje csin\u00e1lt \u00e9lete utols\u00f3 kir\u00e1ndul\u00e1s\u00e1n.\u00a0A f\u00e9rfi rendre feles\u00e9g\u00e9vel, Hiromival t\u00far\u00e1zott, \u00e1m azon a szombaton az asszonynak dolgoznia kellett munkahely\u00e9n, \u00edgy f\u00e9rje egyed\u00fcl ment.\u00a0\u00a0A fot\u00f3kon b\u00e9k\u00e9s a t\u00e1j, az utols\u00f3t kiv\u00e9ve: azon hatalmas f\u00fcstfelh\u0151 terjeng a hegytet\u0151 f\u00f6l\u00f6tt.\u00a0\u201eD\u00f6bbenetes fot\u00f3, de ink\u00e1bb menek\u00fclt volna onnan ahelyett, hogy f\u00e9nyk\u00e9pez!\u201d &#8211; mondja \u00f6zvegye.<\/p>\n<p>\u201eRem\u00e9lem, hogy egy nap, tal\u00e1n t\u00edz \u00e9v m\u00falva magam is megm\u00e1szom a hegyet, \u00e9s l\u00e1tni fogom, hol j\u00e1rt a f\u00e9rjem utols\u00f3 \u00f3r\u00e1iban\u201d &#8211; tette hozz\u00e1.\u00a0Egy m\u00e1sik hal\u00e1los \u00e1ldozatnak teljesen \u00e9pen maradt a mobiltelefonja. A k\u00e9sz\u00fcl\u00e9kkel hat fot\u00f3t csin\u00e1ltak a v\u00e9gzetes napon. Az utols\u00f3n a telefon tulajdonosa, a 41 \u00e9ves Takahasi Hideomi l\u00e1that\u00f3, amint a hegytet\u0151re \u00e9rve h\u00fcvelykujj\u00e1t felfel\u00e9 tartva diadalmasan jelzi a hegy megm\u00e1sz\u00e1s\u00e1t.<\/p>\n<div id=\"attachment_2222\" style=\"width: 310px\" class=\"wp-caption alignleft\"><a href=\"http:\/\/induljelegyuton.hu\/wp-content\/uploads\/n-ontakepics_japantimes.co_.jp_.jpg\"><img loading=\"lazy\" decoding=\"async\" aria-describedby=\"caption-attachment-2222\" class=\"size-medium wp-image-2222\" alt=\"Izumi Noguchi a cs\u00facson. \u0150 is az \u00e1ldozatok k\u00f6z\u00f6tt volt. (Forr\u00e1s: japantimes.co.jp)\" src=\"http:\/\/induljelegyuton.hu\/wp-content\/uploads\/n-ontakepics_japantimes.co_.jp_-300x168.jpg\" width=\"300\" height=\"168\" srcset=\"https:\/\/induljelegyuton.hu\/wp-content\/uploads\/n-ontakepics_japantimes.co_.jp_-300x168.jpg 300w, https:\/\/induljelegyuton.hu\/wp-content\/uploads\/n-ontakepics_japantimes.co_.jp_-250x140.jpg 250w, https:\/\/induljelegyuton.hu\/wp-content\/uploads\/n-ontakepics_japantimes.co_.jp_.jpg 870w\" sizes=\"auto, (max-width: 300px) 100vw, 300px\" \/><\/a><p id=\"caption-attachment-2222\" class=\"wp-caption-text\">Izumi Noguchi a cs\u00facson. \u0150 is az \u00e1ldozatok k\u00f6z\u00f6tt volt. (Forr\u00e1s: japantimes.co.jp)<\/p><\/div>\n<p>A f\u00e9rfi nyolc munkat\u00e1rs\u00e1val egy\u00fctt kir\u00e1ndult az Ontak\u00e9re. K\u00f6z\u00fcl\u00fck h\u00e1rman \u00e9lt\u00e9k t\u00fal a kit\u00f6r\u00e9st.\u00a0A hal\u00e1los \u00e1ldozatok t\u00f6bbs\u00e9ge 30 \u00e9s 60 \u00e9v k\u00f6z\u00f6tti volt, de akadt k\u00f6zt\u00fck h\u00e1rom gyerek is. Szinte mindegyik\u00fckkel a magasba l\u00f6vell\u0151, izz\u00f3 l\u00e1vak\u00f6vek v\u00e9geztek, nem pedig a g\u00e1zok, vagy a hamu miatti fullad\u00e1s.\u00a0\u00a0A k\u00f6vek \u00f3r\u00e1nk\u00e9nti 300 kilom\u00e9teres sebess\u00e9ggel csap\u00f3dtak a turist\u00e1k test\u00e9be. A vulk\u00e1nkit\u00f6r\u00e9s s\u00e9r\u00fcltjeinek sz\u00e1ma hetven k\u00f6r\u00fcl van.<\/p>\n<p align=\"right\">2014. okt\u00f3ber 5.<\/p>\n<p align=\"right\">ujszo.com \/\u00a0Forr\u00e1s: MTI<\/p>\n","protected":false},"excerpt":{"rendered":"<p>\u00d6sszeomlott a jap\u00e1n vulk\u00e1n hamufelh\u0151je Jap\u00e1nban, szombat d\u00e9lben v\u00e1ratlanul, minden el\u0151jel n\u00e9lk\u00fcl kit\u00f6rt a szigetorsz\u00e1g m\u00e1sodik legmagasabb t\u0171zh\u00e1ny\u00f3ja, az Ontake. A Smithsonian Int\u00e9zet adatb\u00e1zisa mind\u00f6ssze egyetlen kit\u00f6r\u00e9st eml\u00edt az Ontake vulk\u00e1non az elm\u00falt 10 ezer \u00e9vb\u0151l, ez 1979-1980-ban t\u00f6rt\u00e9nt. Ezt megel\u0151z\u0151en \u00fagy t\u0171nik, hogy 23 ezer \u00e9vig nem m\u0171k\u00f6d\u00f6tt a \u2026 <a class=\"continue-reading-link\" href=\"https:\/\/induljelegyuton.hu\/?p=2214\"> Continue reading <span class=\"meta-nav\">&rarr; <\/span><\/a><\/p>\n","protected":false},"author":1,"featured_media":0,"comment_status":"open","ping_status":"open","sticky":false,"template":"","format":"standard","meta":{"ngg_post_thumbnail":0,"footnotes":""},"categories":[163,1],"tags":[913,136,912,417,914],"class_list":["post-2214","post","type-post","status-publish","format-standard","hentry","category-aktualis","category-kukker","tag-2014-szeptember-27","tag-japan","tag-ontake","tag-vulkan","tag-vulkankitores"],"_links":{"self":[{"href":"https:\/\/induljelegyuton.hu\/index.php?rest_route=\/wp\/v2\/posts\/2214","targetHints":{"allow":["GET"]}}],"collection":[{"href":"https:\/\/induljelegyuton.hu\/index.php?rest_route=\/wp\/v2\/posts"}],"about":[{"href":"https:\/\/induljelegyuton.hu\/index.php?rest_route=\/wp\/v2\/types\/post"}],"author":[{"embeddable":true,"href":"https:\/\/induljelegyuton.hu\/index.php?rest_route=\/wp\/v2\/users\/1"}],"replies":[{"embeddable":true,"href":"https:\/\/induljelegyuton.hu\/index.php?rest_route=%2Fwp%2Fv2%2Fcomments&post=2214"}],"version-history":[{"count":8,"href":"https:\/\/induljelegyuton.hu\/index.php?rest_route=\/wp\/v2\/posts\/2214\/revisions"}],"predecessor-version":[{"id":2242,"href":"https:\/\/induljelegyuton.hu\/index.php?rest_route=\/wp\/v2\/posts\/2214\/revisions\/2242"}],"wp:attachment":[{"href":"https:\/\/induljelegyuton.hu\/index.php?rest_route=%2Fwp%2Fv2%2Fmedia&parent=2214"}],"wp:term":[{"taxonomy":"category","embeddable":true,"href":"https:\/\/induljelegyuton.hu\/index.php?rest_route=%2Fwp%2Fv2%2Fcategories&post=2214"},{"taxonomy":"post_tag","embeddable":true,"href":"https:\/\/induljelegyuton.hu\/index.php?rest_route=%2Fwp%2Fv2%2Ftags&post=2214"}],"curies":[{"name":"wp","href":"https:\/\/api.w.org\/{rel}","templated":true}]}}