{"id":1985,"date":"2014-04-29T22:00:31","date_gmt":"2014-04-29T20:00:31","guid":{"rendered":"http:\/\/induljelegyuton.hu\/?p=1985"},"modified":"2014-05-24T10:51:32","modified_gmt":"2014-05-24T08:51:32","slug":"a-szovjetek-a-pokol-kapujaig-jutottak","status":"publish","type":"post","link":"https:\/\/induljelegyuton.hu\/?p=1985","title":{"rendered":"A szovjetek a Pokol kapuj\u00e1ig jutottak&#8230;"},"content":{"rendered":"<p><strong>Derweze (t\u00fcrkm\u00e9n\u00fcl:\u00a0a Kapu) egy 350 l\u00e9leksz\u00e1m\u00fa falu T\u00fcrkmeniszt\u00e1nban, amely Darvaza\u00a0n\u00e9ven is ismert. Itt, \u00f6tezer kilom\u00e9terre haz\u00e1nkt\u00f3l,\u00a0a sivatag k\u00f6zep\u00e9n mintha az alvil\u00e1g ny\u00edlt volna meg&#8230;<\/strong><\/p>\n<div id=\"attachment_1989\" style=\"width: 310px\" class=\"wp-caption alignright\"><a href=\"http:\/\/induljelegyuton.hu\/wp-content\/uploads\/Golden-Eagle-Silk-Road-The-Door-to-Hell-in-Darvaza-Turkmenistan.jpg\"><img loading=\"lazy\" decoding=\"async\" aria-describedby=\"caption-attachment-1989\" class=\"size-medium wp-image-1989\" alt=\"(Forr\u00e1s: internet)\" src=\"http:\/\/induljelegyuton.hu\/wp-content\/uploads\/Golden-Eagle-Silk-Road-The-Door-to-Hell-in-Darvaza-Turkmenistan-300x200.jpg\" width=\"300\" height=\"200\" srcset=\"https:\/\/induljelegyuton.hu\/wp-content\/uploads\/Golden-Eagle-Silk-Road-The-Door-to-Hell-in-Darvaza-Turkmenistan-300x200.jpg 300w, https:\/\/induljelegyuton.hu\/wp-content\/uploads\/Golden-Eagle-Silk-Road-The-Door-to-Hell-in-Darvaza-Turkmenistan-224x150.jpg 224w, https:\/\/induljelegyuton.hu\/wp-content\/uploads\/Golden-Eagle-Silk-Road-The-Door-to-Hell-in-Darvaza-Turkmenistan.jpg 850w\" sizes=\"auto, (max-width: 300px) 100vw, 300px\" \/><\/a><p id=\"caption-attachment-1989\" class=\"wp-caption-text\">(Forr\u00e1s: internet)<\/p><\/div>\n<p>&nbsp;<\/p>\n<p>Derweze a Kara-kum-sivatag\u00a0k\u00f6zep\u00e9n helyezkedik el,\u00a0<a title=\"A\u015fgabat\" href=\"http:\/\/hu.wikipedia.org\/wiki\/A%C5%9Fgabat\">A\u015fgabatt\u00f3l<\/a>\u00a0k\u00f6r\u00fclbel\u00fcl 260 kilom\u00e9terre \u00e9szakra. Lakosai nagyr\u00e9szt t\u00fcrkm\u00e9nek, a tekke t\u00f6rzs tagjai, akik \u0151rzik nom\u00e1d \u00e9letm\u00f3djukat. 2004-ben a t\u00fcrkm\u00e9n minisztereln\u00f6k\u00a0Saparmyrat Ny\u00fdazow\u00a0utas\u00edt\u00e1s\u00e1ra a telep\u00fcl\u00e9s lakosait elk\u00f6lt\u00f6ztett\u00e9k, a falut pedig\u00a0buld\u00f3zerekkel\u00a0a f\u00f6ldig rombolt\u00e1k (v\u00e9lhet\u0151en az\u00e9rt, hogy a lak\u00f3k ne t\u00e9rhessenek vissza). Az int\u00e9zked\u00e9st Ny\u00fdazow azzal komment\u00e1lta, hogy \u201ea lak\u00f3h\u00e1zak \u00e9s az \u00fatsz\u00e9li \u00e9p\u00fcletek kellemetlen l\u00e1tv\u00e1nyt ny\u00fajtanak\u201d.<\/p>\n<div>\n<h2>\u201eA Pokol kapuja\u201d<\/h2>\n<\/div>\n<p>Derweze k\u00f6rny\u00e9ke\u00a0f\u00f6ldg\u00e1zban\u00a0gazdag ter\u00fclet. 1971-ben\u00a0szovjet geol\u00f3gusok f\u00far\u00e1sokat v\u00e9geztek a k\u00f6rny\u00e9ken, mik\u00f6zben felt\u00e1rtak egy f\u00f6ldg\u00e1zzal teli barlangot.\u00a0A f\u00far\u00f3torony alatt beszakadt a f\u00f6ld, \u00e9s a hely\u00e9n egy k\u00f6r\u00fclbel\u00fcl 70 m\u00e9ter \u00e1tm\u00e9r\u0151j\u0171 \u00e9s 20 m\u00e9ter m\u00e9ly kr\u00e1ter maradt. Mivel a ki\u00e1raml\u00f3 g\u00e1z legnagyobb r\u00e9sze met\u00e1n volt, a m\u00e9rgez\u00e9s, \u00e9s a robban\u00e1svesz\u00e9ly megel\u0151z\u00e9se \u00e9rdek\u00e9ben a geol\u00f3gusok a g\u00e1z meggy\u00fajt\u00e1sa mellett d\u00f6nt\u00f6ttek. Azt rem\u00e9lt\u00e9k, hogy a barlangban tal\u00e1lhat\u00f3 g\u00e1z n\u00e9h\u00e1ny napon bel\u00fcl el\u00e9g, \u00e9s a t\u0171z is kialszik.\u00a0A f\u00f6ldg\u00e1z azonban m\u00e9g mindig \u00e9g, imm\u00e1r 43 \u00e9ve folyamatosan, \u00edgy a helyiek az \u00fcreget elnevezt\u00e9k \u201ea pokol kapuj\u00e1nak\u201d \u2013 Derweze jelent\u00e9se ut\u00e1n&#8230; A kr\u00e1ter a mai napig l\u00e1ngol, a f\u00e9nye \u00e9jszaka kilom\u00e9terekr\u0151l l\u00e1that\u00f3 a sivatagban. Val\u00f3ban pokoli l\u00e1tv\u00e1nyoss\u00e1g &#8211; a kr\u00e1ter k\u00f6zep\u00e9n 5-6 m\u00e9teres l\u00e1ngnyelvek vill\u00f3dznak, a sz\u00e9l\u00e9n minden\u00fctt apr\u00f3 t\u00fczek t\u00f6rnek el\u0151 a t\u00f6rmel\u00e9k k\u00f6z\u00fcl, a peremen csak n\u00e9h\u00e1ny percig lehet elviselni a h\u0151s\u00e9get.<\/p>\n<p><strong>ngg_shortcode_0_placeholder<\/strong><\/p>\n<div id=\"attachment_1988\" style=\"width: 310px\" class=\"wp-caption alignleft\"><a href=\"http:\/\/induljelegyuton.hu\/wp-content\/uploads\/Darvaza-Gas-Crater-Darvaza-Turkmenistan.jpg\"><img loading=\"lazy\" decoding=\"async\" aria-describedby=\"caption-attachment-1988\" class=\"size-medium wp-image-1988\" alt=\"(Forr\u00e1s: internet)\" src=\"http:\/\/induljelegyuton.hu\/wp-content\/uploads\/Darvaza-Gas-Crater-Darvaza-Turkmenistan-300x199.jpg\" width=\"300\" height=\"199\" srcset=\"https:\/\/induljelegyuton.hu\/wp-content\/uploads\/Darvaza-Gas-Crater-Darvaza-Turkmenistan-300x199.jpg 300w, https:\/\/induljelegyuton.hu\/wp-content\/uploads\/Darvaza-Gas-Crater-Darvaza-Turkmenistan-226x150.jpg 226w, https:\/\/induljelegyuton.hu\/wp-content\/uploads\/Darvaza-Gas-Crater-Darvaza-Turkmenistan.jpg 850w\" sizes=\"auto, (max-width: 300px) 100vw, 300px\" \/><\/a><p id=\"caption-attachment-1988\" class=\"wp-caption-text\">(Forr\u00e1s: internet)<\/p><\/div>\n<p>A f\u00f6ldg\u00e1z el\u00e9get\u00e9se biztons\u00e1gosabb \u00e9s k\u00f6rnyezetbar\u00e1tabb, mint a szabadon enged\u00e9se (lesz\u00e1m\u00edtva a befog\u00e1s\u00e1t), ugyanis a f\u00f6ldg\u00e1z f\u0151 alkot\u00f3 eleme a met\u00e1n, er\u0151sen \u00fcvegh\u00e1zhat\u00e1s\u00fa\u00a0g\u00e1z. T\u00fcrkmeniszt\u00e1n a f\u00f6ldg\u00e1zk\u00e9szlet\u00e9t n\u00e9zve vil\u00e1gviszonylatokban igencsak el\u0151kel\u0151 helyet birtokol: \u00e9vi 75 milli\u00e1rd k\u00f6bm\u00e9ter f\u00f6ldg\u00e1zt termelnek ki. Egy brit energia\u00e1gazati k\u00f6nyvvizsg\u00e1l\u00f3 szerint T\u00fcrkmeniszt\u00e1n val\u00f3sz\u00edn\u0171leg a vil\u00e1g m\u00e1sodik g\u00e1zk\u00e9szlet\u00e9t tudhatja mag\u00e1\u00e9nak. A t\u00fcrkmeniszt\u00e1ni d\u00e9l-jolotani g\u00e1zmez\u0151 mintegy 3 ezer n\u00e9gyzetkilom\u00e9ter lehet, nagyobb, mint Luxemburg ter\u00fclete &#8211; hangzott el egy m\u00e1jusi konferenci\u00e1n (2011).<\/p>\n<p>2010 \u00e1prilis\u00e1ban az orsz\u00e1g eln\u00f6ke, Gurbanguly Berdimuhamedow\u00a0megl\u00e1togatta a helysz\u00ednt, \u00e9s azt nyilatkozta, hogy T\u00fcrkmeniszt\u00e1n f\u00f6ldg\u00e1zkitermel\u00e9s\u00e9nek megh\u00e1romszoroz\u00e1s\u00e1t tervezi a k\u00f6vetkez\u0151 20 \u00e9vben. Elrendelte a lyuk betemet\u00e9s\u00e9t, illetve utas\u00edtotta a helyi hat\u00f3s\u00e1gokat, hogy tegyenek l\u00e9p\u00e9seket annak \u00e9rdek\u00e9ben, hogy cs\u00f6kkenjen a k\u00f6rnyez\u0151 f\u00f6ldg\u00e1z-lel\u0151helyekre gyakorolt hat\u00e1sa.\u00a0Ennek ellentmond, hogy a hely napjainkban is n\u00e9pszer\u0171 turistac\u00e9lpont, \u00e9s nyoma sincs annak, hogy a t\u00fczet ki akart\u00e1k volna oltani, vagy a kr\u00e1tert betemetni\u2026 \u00c1m, ha m\u00e9gis megteszik \u201eazokat\u201d a l\u00e9p\u00e9seket, ak\u00e1r meg is sz\u0171nhet a \u201ePokol kapuja\u201d, mivel er\u0151sen lecs\u00f6kkenhet a ki\u00e1raml\u00f3 f\u00f6ldg\u00e1z nyom\u00e1sa\u2026<\/p>\n<div id=\"attachment_1990\" style=\"width: 310px\" class=\"wp-caption alignright\"><a href=\"http:\/\/induljelegyuton.hu\/wp-content\/uploads\/xx_4638616498_ca64ae323d_z.jpg\"><img loading=\"lazy\" decoding=\"async\" aria-describedby=\"caption-attachment-1990\" class=\"size-medium wp-image-1990\" alt=\"(Forr\u00e1s: internet)\" src=\"http:\/\/induljelegyuton.hu\/wp-content\/uploads\/xx_4638616498_ca64ae323d_z-300x200.jpg\" width=\"300\" height=\"200\" srcset=\"https:\/\/induljelegyuton.hu\/wp-content\/uploads\/xx_4638616498_ca64ae323d_z-300x200.jpg 300w, https:\/\/induljelegyuton.hu\/wp-content\/uploads\/xx_4638616498_ca64ae323d_z-224x150.jpg 224w, https:\/\/induljelegyuton.hu\/wp-content\/uploads\/xx_4638616498_ca64ae323d_z.jpg 640w\" sizes=\"auto, (max-width: 300px) 100vw, 300px\" \/><\/a><p id=\"caption-attachment-1990\" class=\"wp-caption-text\">(Forr\u00e1s: internet)<\/p><\/div>\n<p>A kr\u00e1tert\u0151l nem messze m\u00e9g k\u00e9t m\u00e1sik is tal\u00e1lhat\u00f3, amelyek hasonl\u00f3 m\u00f3don keletkeztek, azonban az ezeket kit\u00f6lt\u0151 g\u00e1z nyom\u00e1sa j\u00f3val alacsonyabb. Az egyiket sz\u00fcrke s\u00e1r t\u00f6lti ki, m\u00edg a m\u00e1sik alj\u00e1n t\u00f3 fogadja a l\u00e1togat\u00f3t.<\/p>\n<p align=\"right\"><em>Harsi a borsonline, a Wikipedia alapj\u00e1n<\/em><\/p>\n","protected":false},"excerpt":{"rendered":"<p>Derweze (t\u00fcrkm\u00e9n\u00fcl:\u00a0a Kapu) egy 350 l\u00e9leksz\u00e1m\u00fa falu T\u00fcrkmeniszt\u00e1nban, amely Darvaza\u00a0n\u00e9ven is ismert. Itt, \u00f6tezer kilom\u00e9terre haz\u00e1nkt\u00f3l,\u00a0a sivatag k\u00f6zep\u00e9n mintha az alvil\u00e1g ny\u00edlt volna meg&#8230; &nbsp; Derweze a Kara-kum-sivatag\u00a0k\u00f6zep\u00e9n helyezkedik el,\u00a0A\u015fgabatt\u00f3l\u00a0k\u00f6r\u00fclbel\u00fcl 260 kilom\u00e9terre \u00e9szakra. Lakosai nagyr\u00e9szt t\u00fcrkm\u00e9nek, a tekke t\u00f6rzs tagjai, akik \u0151rzik nom\u00e1d \u00e9letm\u00f3djukat. 2004-ben a t\u00fcrkm\u00e9n minisztereln\u00f6k\u00a0Saparmyrat Ny\u00fdazow\u00a0utas\u00edt\u00e1s\u00e1ra a \u2026 <a class=\"continue-reading-link\" href=\"https:\/\/induljelegyuton.hu\/?p=1985\"> Continue reading <span class=\"meta-nav\">&rarr; <\/span><\/a><\/p>\n","protected":false},"author":1,"featured_media":0,"comment_status":"open","ping_status":"open","sticky":false,"template":"","format":"standard","meta":{"ngg_post_thumbnail":0,"footnotes":""},"categories":[163,1],"tags":[790,791,800,792,797,799,788,798,789],"class_list":["post-1985","post","type-post","status-publish","format-standard","hentry","category-aktualis","category-kukker","tag-darwaza","tag-foldgaz","tag-kitermeles","tag-mergezes","tag-metan","tag-pokol","tag-pokol-kapuja","tag-szovjetek","tag-turkmenisztan"],"_links":{"self":[{"href":"https:\/\/induljelegyuton.hu\/index.php?rest_route=\/wp\/v2\/posts\/1985","targetHints":{"allow":["GET"]}}],"collection":[{"href":"https:\/\/induljelegyuton.hu\/index.php?rest_route=\/wp\/v2\/posts"}],"about":[{"href":"https:\/\/induljelegyuton.hu\/index.php?rest_route=\/wp\/v2\/types\/post"}],"author":[{"embeddable":true,"href":"https:\/\/induljelegyuton.hu\/index.php?rest_route=\/wp\/v2\/users\/1"}],"replies":[{"embeddable":true,"href":"https:\/\/induljelegyuton.hu\/index.php?rest_route=%2Fwp%2Fv2%2Fcomments&post=1985"}],"version-history":[{"count":9,"href":"https:\/\/induljelegyuton.hu\/index.php?rest_route=\/wp\/v2\/posts\/1985\/revisions"}],"predecessor-version":[{"id":2013,"href":"https:\/\/induljelegyuton.hu\/index.php?rest_route=\/wp\/v2\/posts\/1985\/revisions\/2013"}],"wp:attachment":[{"href":"https:\/\/induljelegyuton.hu\/index.php?rest_route=%2Fwp%2Fv2%2Fmedia&parent=1985"}],"wp:term":[{"taxonomy":"category","embeddable":true,"href":"https:\/\/induljelegyuton.hu\/index.php?rest_route=%2Fwp%2Fv2%2Fcategories&post=1985"},{"taxonomy":"post_tag","embeddable":true,"href":"https:\/\/induljelegyuton.hu\/index.php?rest_route=%2Fwp%2Fv2%2Ftags&post=1985"}],"curies":[{"name":"wp","href":"https:\/\/api.w.org\/{rel}","templated":true}]}}