{"id":1880,"date":"2014-04-04T19:59:03","date_gmt":"2014-04-04T17:59:03","guid":{"rendered":"http:\/\/induljelegyuton.hu\/?p=1880"},"modified":"2014-04-05T17:47:29","modified_gmt":"2014-04-05T15:47:29","slug":"60-eve-tortent-az-1954-es-szigetkozi-arviz","status":"publish","type":"post","link":"https:\/\/induljelegyuton.hu\/?p=1880","title":{"rendered":"60 \u00e9ve t\u00f6rt\u00e9nt a puszt\u00edt\u00f3 szigetk\u00f6zi \u00e1rv\u00edz"},"content":{"rendered":"<div id=\"attachment_1886\" style=\"width: 310px\" class=\"wp-caption alignright\"><a href=\"http:\/\/induljelegyuton.hu\/wp-content\/uploads\/2845462.jpg\"><img loading=\"lazy\" decoding=\"async\" aria-describedby=\"caption-attachment-1886\" class=\"size-medium wp-image-1886\" alt=\"Gy\u0151r-R\u00e9vfalu 1954. j\u00falius 20. ut\u00e1n...\" src=\"http:\/\/induljelegyuton.hu\/wp-content\/uploads\/2845462-300x191.jpg\" width=\"300\" height=\"191\" srcset=\"https:\/\/induljelegyuton.hu\/wp-content\/uploads\/2845462-300x191.jpg 300w, https:\/\/induljelegyuton.hu\/wp-content\/uploads\/2845462-234x150.jpg 234w, https:\/\/induljelegyuton.hu\/wp-content\/uploads\/2845462.jpg 600w\" sizes=\"auto, (max-width: 300px) 100vw, 300px\" \/><\/a><p id=\"caption-attachment-1886\" class=\"wp-caption-text\">Gy\u0151r-R\u00e9vfalu 1954. j\u00falius 20. ut\u00e1n&#8230; (Forr\u00e1s: internet)<\/p><\/div>\n<p><strong>Gy\u0151r \u00e9s a szigetk\u00f6zi falvak \u00fajkori t\u00f6rt\u00e9nelm\u00e9ben k\u00f6z\u00f6s szomor\u00fa esem\u00e9ny az 1954-es \u00e1rv\u00edz.<\/strong><\/p>\n<p>&nbsp;<\/p>\n<p>Az j\u00faliusi \u00e1rvizet k\u00e9sei h\u00f3olvad\u00e1s el\u0151zte meg az Alpokban, de tavasszal is sok es\u0151 hullott, azt\u00e1n pedig b\u0151s\u00e9ges ny\u00e1r eleji csapad\u00e9k ind\u00edtotta el az Alpok keleti el\u0151ter\u00e9ben a k\u00e9t p\u00e1ratlanul heves \u00e1rhull\u00e1mot. A main\u00e1l k\u00e9t m\u00e9terrel alacsonyabb g\u00e1tak 1892-1896 k\u00f6z\u00f6tt \u00e9p\u00fcltek, s m\u00e1r 50 \u00e9ve nem tartott\u00e1k karban azokat. A Duna v\u00f6lgy\u00e9ben Ausztri\u00e1ban m\u00e1r minden v\u00edzparti telep\u00fcl\u00e9s v\u00edz al\u00e1 ker\u00fclt. A Szigetk\u00f6zben j\u00falius 8-\u00e1n rendelt\u00e9k el a legmagasabb fok\u00fa k\u00e9sz\u00fclts\u00e9get. A katonas\u00e1gt\u00f3l is hazaengedtek minden szigetk\u00f6zi fi\u00fat, s az orsz\u00e1g minden szeglet\u00e9b\u0151l \u00e9rkeztek \u201elap\u00e1tos\u201d emberek er\u0151s\u00edteni a g\u00e1takat, miut\u00e1n a r\u00e1di\u00f3b\u00f3l mindenki hallott a v\u00e9szhelyzetr\u0151l.<\/p>\n<p>A falvak lakoss\u00e1ga versenyt futott a v\u00edzszint emelked\u00e9s\u00e9vel a t\u00f6lt\u00e9sek magas\u00edt\u00e1s\u00e1ban, er\u0151s\u00edt\u00e9s\u00e9ben, de a buzg\u00e1rok, \u00e9s \u00e1t\u00e1z\u00f3 t\u00f6lt\u00e9sek sziszifuszi k\u00fczdelemm\u00e9 v\u00e1ltoztatt\u00e1k a v\u00e9dekez\u00e9st. M\u00e1r-m\u00e1r \u00fagy t\u0171nt, hogy a szigetk\u00f6ziek uralni tudj\u00e1k a helyzetet, amikor az \u00e1t\u00e1zott t\u00f6lt\u00e9sek \u00e1tszakadtak: el\u0151sz\u00f6r h\u00e1romnegyed tizenegykor \u00c1sv\u00e1nyr\u00e1r\u00f3n, k\u00e9t \u00f3r\u00e1val k\u00e9s\u0151bb Kisbodakon, m\u00e1snap hajnalban pedig Dunakilitin\u00e9l. Egyik telep\u00fcl\u00e9st\u0151l a m\u00e1sikig \u00f3r\u00e1kon bel\u00fcl \u00e1t\u00e9rt a v\u00edz. A kapuk felett, az ablakok fels\u0151 vonal\u00e1ban zubogott az \u00e1r, a v\u00e1lyogh\u00e1zak azonnal \u00f6sszed\u0151ltek. Szekerekre felpakolva mentett\u00e9k a ing\u00f3s\u00e1gokat, de a b\u00fator, az maradt\u2026 Volt olyan is, hogy a biztons\u00e1gos faluba menek\u00fcl\u0151knek tov\u00e1bb kellett \u00e1llniuk, mert oda is el\u00e9rt a Duna. Gy\u0151r-R\u00e9vfaluba j\u00falius 20-\u00e1n \u00e9rt az \u00e1r \u2013 h\u00e1tulr\u00f3l, ahonnan nem v\u00e1rt\u00e1k.<\/p>\n<p><strong>ngg_shortcode_0_placeholder<\/strong><\/p>\n<div id=\"attachment_1885\" style=\"width: 310px\" class=\"wp-caption alignleft\"><a href=\"http:\/\/induljelegyuton.hu\/wp-content\/uploads\/1954arvizutca.jpg\"><img loading=\"lazy\" decoding=\"async\" aria-describedby=\"caption-attachment-1885\" class=\"size-medium wp-image-1885 \" alt=\"Ahol a szersz\u00e1mg\u00e9pgy\u00e1r dolgoz\u00f3i seg\u00edtettek... (Forr\u00e1s: internet)\" src=\"http:\/\/induljelegyuton.hu\/wp-content\/uploads\/1954arvizutca-300x139.jpg\" width=\"300\" height=\"139\" srcset=\"https:\/\/induljelegyuton.hu\/wp-content\/uploads\/1954arvizutca-300x139.jpg 300w, https:\/\/induljelegyuton.hu\/wp-content\/uploads\/1954arvizutca-250x115.jpg 250w, https:\/\/induljelegyuton.hu\/wp-content\/uploads\/1954arvizutca.jpg 850w\" sizes=\"auto, (max-width: 300px) 100vw, 300px\" \/><\/a><p id=\"caption-attachment-1885\" class=\"wp-caption-text\">Ahol a szersz\u00e1mg\u00e9pgy\u00e1r dolgoz\u00f3i seg\u00edtettek&#8230;\u00a0 (Forr\u00e1s: internet)<\/p><\/div>\n<p>A Szigetk\u00f6z ter\u00fclet\u00e9nek t\u00f6bb, mint fele, 3,5 milli\u00f3 hekt\u00e1r \u201e\u00faszott\u201d, 29 telep\u00fcl\u00e9s szenvedett \u00e1rv\u00edzk\u00e1rokat. 1394 h\u00e1z d\u0151lt romba, 2165 \u00e9p\u00fclet megs\u00e9r\u00fclt meg &#8211; Kisbodakon mind\u00f6ssze 15-20 \u00e9p\u00fclet maradt \u00e1llva. \u00c1sv\u00e1nyr\u00e1r\u00f3n 280 h\u00e1zat \u00f6nt\u00f6tt el a foly\u00f3 \u00e9s 2400 embernek kellett elhagynia otthon\u00e1t. Az \u00e1r Nagybajcsn\u00e1l \u2013 Gy\u0151r f\u00f6l\u00f6tt \u2013 tet\u0151z\u00f6tt 784 cm-en.<\/p>\n<p>Az el\u00e1rasztott falvak lakoss\u00e1ga egy h\u00f3nap eltelt\u00e9vel t\u00e9rhetett vissza az \u00f6sszerogyott h\u00e1zak k\u00f6z\u00e9. Iszony\u00fa b\u00fcd\u00f6s fogadta \u0151ket, s\u00fcrg\u0151sen fert\u0151tlen\u00edteni kellett mindent. Sz\u00e1zak j\u00f6ttek seg\u00edteni \u2013 Kisbodakon t\u00f6bb sz\u00e1z \u00f6nk\u00e9ntes k\u0151m\u0171ves dolgozott egyszerre. Ott voltak a t\u0171zolt\u00f3k, a katon\u00e1k, a gy\u00e1ri munk\u00e1sok \u2013 a seg\u00edts\u00e9g\u00fck miatt \u00c1sv\u00e1nyr\u00e1r\u00f3 egyik utc\u00e1j\u00e1t Szersz\u00e1mg\u00e9pgy\u00e1r utc\u00e1nak keresztelt\u00e9k el a lakosok. Seg\u00e9lyek m\u00e9g az Egyes\u00fclt \u00c1llamokb\u00f3l is \u00e9rkeztek\u2026 \u00c9s ny\u00e1r v\u00e9g\u00e9re lakhat\u00f3ak voltak a h\u00e1zak!<\/p>\n<p>Az \u00e1rv\u00edz sok tanuls\u00e1ggal szolg\u00e1lt. Legel\u0151sz\u00f6r is azzal, hogy a t\u00f6lt\u00e9seket meg kell magas\u00edtani \u00e9s karban kell tartani\u2026 A mai, magasabb, biztons\u00e1gosabb t\u00f6lt\u00e9srendszer 1969-1975 k\u00f6z\u00f6tt \u00e9p\u00fclt meg.<\/p>\n<div id=\"attachment_1884\" style=\"width: 250px\" class=\"wp-caption alignright\"><a href=\"http:\/\/induljelegyuton.hu\/wp-content\/uploads\/1954arvizgyor2.jpg\"><img loading=\"lazy\" decoding=\"async\" aria-describedby=\"caption-attachment-1884\" class=\" wp-image-1884  \" alt=\"Az eml\u00e9km\u0171 Gy\u0151r-R\u00e9vfaluban (Forr\u00e1s: internet)\" src=\"http:\/\/induljelegyuton.hu\/wp-content\/uploads\/1954arvizgyor2-300x182.jpg\" width=\"240\" height=\"146\" srcset=\"https:\/\/induljelegyuton.hu\/wp-content\/uploads\/1954arvizgyor2-300x182.jpg 300w, https:\/\/induljelegyuton.hu\/wp-content\/uploads\/1954arvizgyor2-246x150.jpg 246w, https:\/\/induljelegyuton.hu\/wp-content\/uploads\/1954arvizgyor2.jpg 850w\" sizes=\"auto, (max-width: 240px) 100vw, 240px\" \/><\/a><p id=\"caption-attachment-1884\" class=\"wp-caption-text\">Az eml\u00e9km\u0171 Gy\u0151r-R\u00e9vfaluban (Forr\u00e1s: internet)<\/p><\/div>\n<p>&nbsp;<\/p>\n<p>R\u00e9vfaluban j\u00falius 20-\u00e1n, a T\u00e1bor utc\u00e1n\u00e1l szakadt \u00e1t a t\u00f6lt\u00e9s, \u00e9s a Duna a mentett \u00e1rt\u00e9r fel\u0151l t\u00f6rt be a v\u00e1rosr\u00e9szbe \u2013 a szil\u00e1rdan \u00e1ll\u00f3, Mosoni-Duna fel\u0151li t\u00f6lt\u00e9sek megker\u00fcl\u00e9s\u00e9vel. Pillanatok alatt el\u00f6nt\u00f6tt mindent. A Damjanich utc\u00e1ban 3,6-4 m\u00e9teres v\u00edzmagass\u00e1got m\u00e9rtek \u2013 csak a m\u00e9g \u00e1ll\u00f3 h\u00e1zak tet\u0151i \u00e9rtek ki a v\u00edzb\u0151l\u2026<\/p>\n<p>Gy\u0151r-r\u00e9vfaluban 1959-ben \u00e1ll\u00edtottak eml\u00e9km\u0171vet a nagy \u00e1rv\u00edz eml\u00e9k\u00e9re -Grantner Jen\u0151 \u201eAbonyi\u201d\u00a0alkot\u00e1s\u00e1t. A v\u00edz magass\u00e1g\u00e1t jel\u00f6l\u0151 alkot\u00e1s domborm\u0171v\u00e9nek menek\u00fcl\u0151 alakjai k\u00f6r\u00fcl az \u00e1rv\u00edz puszt\u00edt\u00e1sa \u00e9s az \u00fajj\u00e1\u00e9p\u00edt\u00e9s jelenetei is megjelennek. Amikor gy\u0151ri v\u00e1rosn\u00e9z\u00e9sem alatt eljutottam a v\u00e1rosr\u00e9sz k\u00f6rforgalma mellett fel\u00e1ll\u00edtott eml\u00e9km\u0171h\u00f6z, nem \u00e9rtettem, hogy mire j\u00f3 az a majdnem \u00f6t m\u00e9teres oszlop, mert a v\u00edz magass\u00e1g\u00e1t nem jel\u00f6lheti: ahoz t\u00fal magas\u2026 De az v\u00e9g\u00fcl gyan\u00fas lett, hogy a cs\u00facs\u00e1n az 1954-es \u00e9vsz\u00e1m volt olvashat\u00f3\u2026 Nem sokkal k\u00e9s\u0151bb kider\u00fclt: Igen, n\u00e9gy m\u00e9teres v\u00edz h\u00f6mp\u00f6lyg\u00f6tt az utc\u00e1kon! De a h\u00edr egy h\u00e1zr\u00f3l is sz\u00f3lt, amely errefel\u00e9 van, \u00e9s egy \u00e1rv\u00edzi jelet visel! Nem volt k\u00f6nny\u0171 a nyom\u00e1ra akadni, mert a helyiek sem igen ismerik, de v\u00e9g\u00fcl a Z\u00f3lyomi utca 8-as sz\u00e1m\u00fa h\u00e1z oldal\u00e1n megpillanthattuk a v\u00edzszint jelz\u00e9s\u00e9t.<\/p>\n<div id=\"attachment_1888\" style=\"width: 170px\" class=\"wp-caption alignleft\"><a href=\"http:\/\/induljelegyuton.hu\/wp-content\/uploads\/DSC_0295.jpg\"><img loading=\"lazy\" decoding=\"async\" aria-describedby=\"caption-attachment-1888\" class=\" wp-image-1888 \" alt=\"\u00c1rv\u00edzi jelz\u00e9s Gy\u0151r-R\u00e9vfaluban\" src=\"http:\/\/induljelegyuton.hu\/wp-content\/uploads\/DSC_0295-200x300.jpg\" width=\"160\" height=\"240\" srcset=\"https:\/\/induljelegyuton.hu\/wp-content\/uploads\/DSC_0295-200x300.jpg 200w, https:\/\/induljelegyuton.hu\/wp-content\/uploads\/DSC_0295-100x150.jpg 100w, https:\/\/induljelegyuton.hu\/wp-content\/uploads\/DSC_0295.jpg 567w\" sizes=\"auto, (max-width: 160px) 100vw, 160px\" \/><\/a><p id=\"caption-attachment-1888\" class=\"wp-caption-text\">\u00c1rv\u00edzi jelz\u00e9s Gy\u0151r-R\u00e9vfaluban<\/p><\/div>\n<p>Gy\u0151rben k\u00e9t szobor is utal az \u00e1rv\u00edzre: Paulikovics Iv\u00e1n szobr\u00e1szm\u0171v\u00e9sz 1997-es alkot\u00e1sa igen n\u00e9pszer\u0171 a s\u00e9t\u00e1l\u00f3utc\u00e1n andalg\u00f3k k\u00f6r\u00e9ben, s ezt a nyurga evez\u0151 tapogat\u00e1st\u00f3l kif\u00e9nyesedett intim testr\u00e9sze is bizony\u00edtja\u2026 Eredetileg a \u201eNosztalgia egy let\u0171nt \u00e9letkor ut\u00e1n\u201d volt a kompoz\u00edci\u00f3 neve, de Cs\u00f3nakos szobor n\u00e9ven emlegetik. Az 1954-es el\u00f6nt\u00e9s egy m\u00e1sik szoborra is r\u00e1nyomta \u201eb\u00e9lyeg\u00e9t\u201d. Somogyi J\u00f3zsef szobra egy \u0151zik\u00e9t tart\u00f3 f\u00e9rfit \u00e1br\u00e1zol, b\u00e1r a szobr\u00e1sz 1983-ban fel\u00e1ll\u00edtott alkot\u00e1sa eredetileg \u201eVadment\u00e9s\u201d c\u00edmmel id\u00e9zte fel az 1954-es \u00e1rv\u00edz \u00e1sv\u00e1nyr\u00e1r\u00f3i vadmenek\u00edt\u00e9s\u00e9t. Ma \u201eNimr\u00f3d\u201d a neve.<\/p>\n<p>A szigetk\u00f6zi falvak \u00fajkori t\u00f6rt\u00e9nelm\u00e9ben is k\u00f6z\u00f6s szomor\u00fa esem\u00e9ny az 1954-es \u00e1r. Az \u00d6reg-Duna t\u00f6lt\u00e9seinek t\u00f6v\u00e9ben kopjaf\u00e1kkal jel\u00f6lt\u00e9k meg a tragikus g\u00e1tszakad\u00e1sokat (\u00c1sv\u00e1nyr\u00e1r\u00f3, Kisbodak, Dunakiliti).<\/p>\n<p align=\"right\">Hars\u00e1czki Gy\u00f6rgy<\/p>\n","protected":false},"excerpt":{"rendered":"<p>Gy\u0151r \u00e9s a szigetk\u00f6zi falvak \u00fajkori t\u00f6rt\u00e9nelm\u00e9ben k\u00f6z\u00f6s szomor\u00fa esem\u00e9ny az 1954-es \u00e1rv\u00edz. &nbsp; Az j\u00faliusi \u00e1rvizet k\u00e9sei h\u00f3olvad\u00e1s el\u0151zte meg az Alpokban, de tavasszal is sok es\u0151 hullott, azt\u00e1n pedig b\u0151s\u00e9ges ny\u00e1r eleji csapad\u00e9k ind\u00edtotta el az Alpok keleti el\u0151ter\u00e9ben a k\u00e9t p\u00e1ratlanul heves \u00e1rhull\u00e1mot. A main\u00e1l k\u00e9t m\u00e9terrel \u2026 <a class=\"continue-reading-link\" href=\"https:\/\/induljelegyuton.hu\/?p=1880\"> Continue reading <span class=\"meta-nav\">&rarr; <\/span><\/a><\/p>\n","protected":false},"author":1,"featured_media":0,"comment_status":"open","ping_status":"open","sticky":false,"template":"","format":"standard","meta":{"ngg_post_thumbnail":0,"footnotes":""},"categories":[164,1,55,23],"tags":[727,56,730,729,728,731,726],"class_list":["post-1880","post","type-post","status-publish","format-standard","hentry","category-egyszer_volt","category-kukker","category-kulturmorzsak","category-tema_az_utcan","tag-727","tag-arviz","tag-asvanyraro","tag-dunakiliti","tag-gyor-revfalu","tag-kisbodak","tag-szigetkozi-arviz"],"_links":{"self":[{"href":"https:\/\/induljelegyuton.hu\/index.php?rest_route=\/wp\/v2\/posts\/1880","targetHints":{"allow":["GET"]}}],"collection":[{"href":"https:\/\/induljelegyuton.hu\/index.php?rest_route=\/wp\/v2\/posts"}],"about":[{"href":"https:\/\/induljelegyuton.hu\/index.php?rest_route=\/wp\/v2\/types\/post"}],"author":[{"embeddable":true,"href":"https:\/\/induljelegyuton.hu\/index.php?rest_route=\/wp\/v2\/users\/1"}],"replies":[{"embeddable":true,"href":"https:\/\/induljelegyuton.hu\/index.php?rest_route=%2Fwp%2Fv2%2Fcomments&post=1880"}],"version-history":[{"count":17,"href":"https:\/\/induljelegyuton.hu\/index.php?rest_route=\/wp\/v2\/posts\/1880\/revisions"}],"predecessor-version":[{"id":1883,"href":"https:\/\/induljelegyuton.hu\/index.php?rest_route=\/wp\/v2\/posts\/1880\/revisions\/1883"}],"wp:attachment":[{"href":"https:\/\/induljelegyuton.hu\/index.php?rest_route=%2Fwp%2Fv2%2Fmedia&parent=1880"}],"wp:term":[{"taxonomy":"category","embeddable":true,"href":"https:\/\/induljelegyuton.hu\/index.php?rest_route=%2Fwp%2Fv2%2Fcategories&post=1880"},{"taxonomy":"post_tag","embeddable":true,"href":"https:\/\/induljelegyuton.hu\/index.php?rest_route=%2Fwp%2Fv2%2Ftags&post=1880"}],"curies":[{"name":"wp","href":"https:\/\/api.w.org\/{rel}","templated":true}]}}