{"id":1846,"date":"2014-03-18T20:58:39","date_gmt":"2014-03-18T19:58:39","guid":{"rendered":"http:\/\/induljelegyuton.hu\/?p=1846"},"modified":"2014-03-19T20:43:54","modified_gmt":"2014-03-19T19:43:54","slug":"ez-is-macskako","status":"publish","type":"post","link":"https:\/\/induljelegyuton.hu\/?p=1846","title":{"rendered":"Ez is macskak\u0151..?"},"content":{"rendered":"<p><strong>S\u00e9ta a Budav\u00e1ri Palota el\u0151tt&#8230;<\/strong><\/p>\n<p>&nbsp;<\/p>\n<p>Gyakran s\u00e9t\u00e1lok a Budav\u00e1ri Palota el\u0151tt, a keleti oldalon. A szinte kiz\u00e1r\u00f3lag gyalogosok \u00e1ltal ig\u00e9nybe vett, nem t\u00fal r\u00e9gen &#8211; v\u00edzszintes fel\u00fcletre! &#8211; lerakott macskak\u0151 igen rossz \u00e1llapotban van&#8230; De n\u00e9zz\u00fck, mit illik tudni a macskak\u0151r\u0151l!<\/p>\n<p><strong>ngg_shortcode_0_placeholder<\/strong><\/p>\n<p>A\u00a0macskak\u0151\u00a0utak, terek k\u00f6vez\u00e9s\u00e9re haszn\u00e1lt, sz\u00f6gletesre faragott, \u00e1ltal\u00e1ban vulk\u00e1ni\u00a0k\u0151 \u2013 els\u0151sorban bazalt. Az\u00e9rt bazalt, mert az ut\u00e1na k\u00f6vetkez\u0151 sz\u00f3ba j\u00f6het\u0151 k\u0151, az andezit m\u00e1r tapasztalhat\u00f3an kev\u00e9sb\u00e9 ellen\u00e1ll\u00f3. Neve a n\u00e9met\u00a0Katzenkopfstein\u00a0(macskafejk\u0151) sz\u00f3b\u00f3l sz\u00e1rmazik \u2013 t\u00fck\u00f6rford\u00edt\u00e1ssal &#8211; majd ler\u00f6vid\u00fclt. N\u00e9met nyelvter\u00fcleten \u00e9ppen a macska t\u0171nt el a sz\u00f3b\u00f3l, s ma Kopfstein-nek (fejk\u0151nek) h\u00edvj\u00e1k a kockak\u00f6vet.<\/p>\n<div id=\"attachment_1851\" style=\"width: 310px\" class=\"wp-caption alignright\"><a href=\"http:\/\/induljelegyuton.hu\/wp-content\/uploads\/DSC_0071.jpg\"><img loading=\"lazy\" decoding=\"async\" aria-describedby=\"caption-attachment-1851\" class=\"size-medium wp-image-1851\" alt=\"M\u00e9g Savoyai lova is megbotlana...\" src=\"http:\/\/induljelegyuton.hu\/wp-content\/uploads\/DSC_0071-300x220.jpg\" width=\"300\" height=\"220\" srcset=\"https:\/\/induljelegyuton.hu\/wp-content\/uploads\/DSC_0071-300x220.jpg 300w, https:\/\/induljelegyuton.hu\/wp-content\/uploads\/DSC_0071-204x150.jpg 204w, https:\/\/induljelegyuton.hu\/wp-content\/uploads\/DSC_0071.jpg 850w\" sizes=\"auto, (max-width: 300px) 100vw, 300px\" \/><\/a><p id=\"caption-attachment-1851\" class=\"wp-caption-text\">M\u00e9g Savoyai lova is megbotlana&#8230;<\/p><\/div>\n<p>T\u00f6bb helyen olvashat\u00f3, hogy a h\u00edresen ritka hatsz\u00f6g-keresztmetszet\u0171 somosk\u0151i bazaltoszlopokb\u00f3l (amelyeket nem a v\u00e1r al\u00f3l, hanem a k\u00f6zeli Macskalyuk b\u00e1ny\u00e1b\u00f3l termeltek ki) is k\u00e9sz\u00fclt macskak\u0151, \u00e9s azzal burkolt\u00e1k B\u00e9cs utc\u00e1inak egy r\u00e9sz\u00e9t. Az oszlopokat csak fel kellett hasogatni. \u00c9n m\u00e9g k\u00e9pen sem tal\u00e1lkoztam soha hatsz\u00f6g\u0171 bazaltkock\u00e1kkal fedett j\u00e1r\u00f3fel\u00fclettel, \u00edgy a hatsz\u00f6g\u0171 forma s\u00e1nt\u00edt, de hagyom\u00e1nyos macskak\u0151b\u0151l innen mindenhova juthatott Monarchia-szerte. A Somosk\u0151i v\u00e1r viszont \u2013 nan\u00e1! \u2013 j\u00f3l l\u00e1that\u00f3an ilyen oszlopokb\u00f3l, kock\u00e1kb\u00f3l \u00e9p\u00fclt.<\/p>\n<p>&nbsp;<\/p>\n<p>&nbsp;<\/p>\n<p>A m\u00e1sodik vil\u00e1gh\u00e1bor\u00faig\u00a0elterjedt szabadt\u00e9ri burkol\u00e1si m\u00f3dszer volt a macskak\u00f6vek szoros, adott mint\u00e1zat\u00fa lerak\u00e1sa. El\u0151nye, hogy nagy szil\u00e1rds\u00e1g\u00fa, \u00e9s a k\u00f6veket t\u00f6bbsz\u00f6r is le lehetett rakni, mivel nincsenek egym\u00e1shoz r\u00f6gz\u00edtve, h\u00e1tr\u00e1nya, hogy es\u0151ben a fel\u00fclete cs\u00fasz\u00f3s. Az 1960-as \u00e9vekt\u0151l\u00a0kiszor\u00edtotta az aszfalt &#8211; el\u0151tte az \u00fat\u00e9p\u00edt\u0151k alig tudt\u00e1k sz\u00e9tverni az egykoron becs\u00fclettel megcsin\u00e1lt munk\u00e1t.<\/p>\n<div id=\"attachment_1852\" style=\"width: 250px\" class=\"wp-caption alignleft\"><a href=\"http:\/\/induljelegyuton.hu\/wp-content\/uploads\/DSC_0076.jpg\"><img loading=\"lazy\" decoding=\"async\" aria-describedby=\"caption-attachment-1852\" class=\" wp-image-1852 \" alt=\"K\u00e9tszintes lerak\u00e1s...\" src=\"http:\/\/induljelegyuton.hu\/wp-content\/uploads\/DSC_0076-300x200.jpg\" width=\"240\" height=\"160\" srcset=\"https:\/\/induljelegyuton.hu\/wp-content\/uploads\/DSC_0076-300x200.jpg 300w, https:\/\/induljelegyuton.hu\/wp-content\/uploads\/DSC_0076-224x150.jpg 224w, https:\/\/induljelegyuton.hu\/wp-content\/uploads\/DSC_0076.jpg 850w\" sizes=\"auto, (max-width: 240px) 100vw, 240px\" \/><\/a><p id=\"caption-attachment-1852\" class=\"wp-caption-text\">K\u00e9tszintes lerak\u00e1s&#8230; &#8211; egy f\u00f6nt, egy lent.<\/p><\/div>\n<p>A macskak\u0151 lerak\u00e1s\u00e1nak legjellegzetesebb m\u00f3dja a \u201ek\u00e9tsoros \u00e1tk\u00f6t\u00e9s\u201d, de szok\u00e1sban volt n\u00e9gy- \u00e9s hatsoros \u00e1tk\u00f6t\u00e9sben is lerakni. Mind ezek, mind a hull\u00e1mvonalban t\u00f6rt\u00e9n\u0151 kirak\u00e1s a kiskockak\u0151 szab\u00e1lytalan m\u00e9rete \u00e9s alakja miatt \u00e9sszer\u0171: a k\u00fcl\u00f6nb\u00f6z\u0151 m\u00e9ret\u0171 k\u00f6vek \u00edgy csaknem marad\u00e9ktalanul felhaszn\u00e1lhat\u00f3ak.<\/p>\n<p>M\u00edg a kisk\u0151 \u00e9s kiskockak\u0151 szab\u00e1lytalans\u00e1ga miatt (m\u00e9ret\u00fck 10\u201312\u00a0cm-es \u00e9l a l\u00e1that\u00f3 fel\u00fcleten) erre a m\u00f3dszerre sz\u00fcks\u00e9g volt, addig a \u201eb\u00e1nyanedves\u201d \u00e1llapotban pontosabban has\u00edtott \u00e9s megmunk\u00e1lt nagykockak\u0151 burkolatot (18 x 18\u00a0cm) egyenes vonalban, \u00e1ltal\u00e1ban az \u00fattengellyel 45 fokos sz\u00f6get bez\u00e1rva fektett\u00e9k az \u00e1gyazatba.<\/p>\n<p style=\"text-align: right;\"><em>(\u00cdrta: a Wikipedia seg\u00edts\u00e9g\u00e9vel Harsi)<\/em><\/p>\n","protected":false},"excerpt":{"rendered":"<p>S\u00e9ta a Budav\u00e1ri Palota el\u0151tt&#8230; &nbsp; Gyakran s\u00e9t\u00e1lok a Budav\u00e1ri Palota el\u0151tt, a keleti oldalon. A szinte kiz\u00e1r\u00f3lag gyalogosok \u00e1ltal ig\u00e9nybe vett, nem t\u00fal r\u00e9gen &#8211; v\u00edzszintes fel\u00fcletre! &#8211; lerakott macskak\u0151 igen rossz \u00e1llapotban van&#8230; De n\u00e9zz\u00fck, mit illik tudni a macskak\u0151r\u0151l! A\u00a0macskak\u0151\u00a0utak, terek k\u00f6vez\u00e9s\u00e9re haszn\u00e1lt, sz\u00f6gletesre faragott, \u00e1ltal\u00e1ban vulk\u00e1ni\u00a0k\u0151 \u2026 <a class=\"continue-reading-link\" href=\"https:\/\/induljelegyuton.hu\/?p=1846\"> Continue reading <span class=\"meta-nav\">&rarr; <\/span><\/a><\/p>\n","protected":false},"author":1,"featured_media":0,"comment_status":"open","ping_status":"open","sticky":false,"template":"","format":"standard","meta":{"ngg_post_thumbnail":0,"footnotes":""},"categories":[163,1,162,23],"tags":[520,711,712,707,715,710,709,714,708,713,706],"class_list":["post-1846","post","type-post","status-publish","format-standard","hentry","category-aktualis","category-kukker","category-szerintem","category-tema_az_utcan","tag-520","tag-bazalt","tag-bazaltomles","tag-budavari-palota","tag-hatsoros-atkotes","tag-hatszogu","tag-katzerkopfstein","tag-ketsoros-atkotes","tag-macskako","tag-savoyai","tag-somoskoi-var"],"_links":{"self":[{"href":"https:\/\/induljelegyuton.hu\/index.php?rest_route=\/wp\/v2\/posts\/1846","targetHints":{"allow":["GET"]}}],"collection":[{"href":"https:\/\/induljelegyuton.hu\/index.php?rest_route=\/wp\/v2\/posts"}],"about":[{"href":"https:\/\/induljelegyuton.hu\/index.php?rest_route=\/wp\/v2\/types\/post"}],"author":[{"embeddable":true,"href":"https:\/\/induljelegyuton.hu\/index.php?rest_route=\/wp\/v2\/users\/1"}],"replies":[{"embeddable":true,"href":"https:\/\/induljelegyuton.hu\/index.php?rest_route=%2Fwp%2Fv2%2Fcomments&post=1846"}],"version-history":[{"count":16,"href":"https:\/\/induljelegyuton.hu\/index.php?rest_route=\/wp\/v2\/posts\/1846\/revisions"}],"predecessor-version":[{"id":1848,"href":"https:\/\/induljelegyuton.hu\/index.php?rest_route=\/wp\/v2\/posts\/1846\/revisions\/1848"}],"wp:attachment":[{"href":"https:\/\/induljelegyuton.hu\/index.php?rest_route=%2Fwp%2Fv2%2Fmedia&parent=1846"}],"wp:term":[{"taxonomy":"category","embeddable":true,"href":"https:\/\/induljelegyuton.hu\/index.php?rest_route=%2Fwp%2Fv2%2Fcategories&post=1846"},{"taxonomy":"post_tag","embeddable":true,"href":"https:\/\/induljelegyuton.hu\/index.php?rest_route=%2Fwp%2Fv2%2Ftags&post=1846"}],"curies":[{"name":"wp","href":"https:\/\/api.w.org\/{rel}","templated":true}]}}