{"id":1742,"date":"2014-03-07T22:14:38","date_gmt":"2014-03-07T21:14:38","guid":{"rendered":"http:\/\/induljelegyuton.hu\/?p=1742"},"modified":"2014-06-18T22:28:21","modified_gmt":"2014-06-18T20:28:21","slug":"1742","status":"publish","type":"post","link":"https:\/\/induljelegyuton.hu\/?p=1742","title":{"rendered":"Zseni\u00e1lis autist\u00e1k"},"content":{"rendered":"<h1 style=\"text-align: left;\" align=\"center\"><strong style=\"font-size: 16px;\">Vak Tom<\/strong><\/h1>\n<div id=\"attachment_1771\" style=\"width: 205px\" class=\"wp-caption alignright\"><a href=\"http:\/\/induljelegyuton.hu\/wp-content\/uploads\/TheBalladOfBlindTom.jpg\"><img loading=\"lazy\" decoding=\"async\" aria-describedby=\"caption-attachment-1771\" class=\"size-medium wp-image-1771\" alt=\"Vak Tom zseni\u00e1lis zongorista el\u0151ad\u00e1s\u00e1nak egykori plak\u00e1tja\" src=\"http:\/\/induljelegyuton.hu\/wp-content\/uploads\/TheBalladOfBlindTom-195x300.jpg\" width=\"195\" height=\"300\" srcset=\"https:\/\/induljelegyuton.hu\/wp-content\/uploads\/TheBalladOfBlindTom-195x300.jpg 195w, https:\/\/induljelegyuton.hu\/wp-content\/uploads\/TheBalladOfBlindTom-97x150.jpg 97w, https:\/\/induljelegyuton.hu\/wp-content\/uploads\/TheBalladOfBlindTom.jpg 260w\" sizes=\"auto, (max-width: 195px) 100vw, 195px\" \/><\/a><p id=\"caption-attachment-1771\" class=\"wp-caption-text\">Vak Tom, a zseni\u00e1lis zongorista el\u0151ad\u00e1s\u00e1nak egykori plak\u00e1tja<\/p><\/div>\n<h1 style=\"text-align: left;\" align=\"center\"><\/h1>\n<p style=\"text-align: left;\">1850-ben j\u00e1runk egy rabszolgav\u00e1s\u00e1ron a georgiai Columbi\u00e1ban. James N. Bethune t\u00e1bornok \u00fcltev\u00e9ny\u00e9re rabszolg\u00e1kat v\u00e1s\u00e1rol, s kiv\u00e1laszt egy n\u00e9ger asszonyt is, akivel \u201egr\u00e1tisz\u201d adj\u00e1k vak, egy \u00e9v k\u00f6r\u00fcli gyermek\u00e9t. A t\u00e1bornok eleg\u00e1ns nevet ad a kisfi\u00fanak, legyen ezt\u00e1n \u0151 Thomas Greene Bethune. Am\u00fagy haszna semmi nincs a gyermeknek, mert hamarosan kider\u00fcl, hogy nemcsak vak, de teljesen \u00fct\u0151d\u00f6tt is, egyed\u00fcli elfoglalts\u00e1ga, hogy \u00e1jultan figyeli a term\u00e9szet hangjait \u00e9s a t\u00e1bornok l\u00e1ny\u00e1nak kicsit izzad\u00f3s igyekezet\u00e9t a zongor\u00e1n\u00e1l. A l\u00e9gk\u00f6r patriarch\u00e1lis, a kis Tomnak szabad bej\u00e1r\u00e1sa, vagy ink\u00e1bb bem\u00e1sz\u00e1sa van a h\u00e1zba, mert n\u00e9gy \u00e9ves kor\u00e1ban m\u00e9g j\u00e1rni is alig tud, besz\u00e9lni meg szinte egy\u00e1ltal\u00e1n nem besz\u00e9l. Legink\u00e1bb csak fekszik egykedv\u0171en. Egy nap a t\u00e1bornok l\u00e1nya k\u00fcl\u00f6n\u00f6sen kitesz mag\u00e1\u00e9rt, neh\u00e9z darabokkal k\u00e1pr\u00e1ztatja el az egybegy\u0171lteket. Az el\u0151ad\u00e1s v\u00e9gezt\u00e9vel a t\u00e1rsas\u00e1g kit\u00f3dul eb\u00e9delni, \u00e1m ekkor hirtelen meg\u00fcti a f\u00fcl\u00fcket az im\u00e9nt j\u00e1tszott virtu\u00f3z zongoradarab. Mindenki valami term\u00e9szetf\u00f6l\u00f6tti jelens\u00e9gre gyanakszik, a t\u00e1rsas\u00e1g hitetlenkedve rohan vissza a szalonba. L\u00e1buk f\u00f6ldbe gy\u00f6kerezik: a n\u00e9gy \u00e9ves vak Tomi \u00fcl a zongor\u00e1n\u00e1l \u00e9s kis kezecsk\u00e9i k\u00f6nnyed\u00e9n futk\u00e1roznak a billenty\u0171k\u00f6n.<br \/>\nHamarosan kider\u00fcl, hogy Tom b\u00e1rmilyen zenem\u0171vet egyetlen hall\u00e1sra t\u00f6k\u00e9letesen le tud j\u00e1tszani, pontosan \u00fagy, ahogy hallotta. Ekkor k\u00fcl\u00f6n\u00f6s tr\u00e9ning veszi kezdet\u00e9t. A t\u00e1bornok neves zen\u00e9szeket hozat, akik nagy zeneszerz\u0151k m\u0171veit j\u00e1tssz\u00e1k el, \u00edgy Tomnak hamarosan eg\u00e9sz komoly reperto\u00e1r r\u00f6gz\u00fcl magn\u00f3k\u00e9nt m\u0171k\u00f6d\u0151 agy\u00e1ban. Beethoven, Mendelssohn, Bach, Chopin, Verdi, Rossini, Donitzetti, Meyerbeer \u00e9s m\u00e1sok. Els\u0151 koncertj\u00e9t 8 \u00e9vesen adja, s akkora sikere van, hogy onnant\u00f3l a t\u00e1bornokkal j\u00e1rja az orsz\u00e1got, s mindennap m\u00e1shol ad koncertet. Hamarosan h\u00e9tezer (!) m\u0171vet tud, s mechanikus eml\u00e9kezet\u00e9r\u0151l \u00edrt\u00e1k, hogy egy 15 perces besz\u00e9lget\u00e9st hangr\u00f3l-hangra, a megfelel\u0151 t\u00f3nussal \u00e9s hanghordoz\u00e1ssal, k\u00f6h\u00e9csel\u00e9ssel, besz\u00e9dhib\u00e1kkal egy\u00fctt t\u00f6k\u00e9letesen visszaad, mik\u00f6zben egy sz\u00f3t sem \u00e9rt bel\u0151le. B\u00e1rmilyen nyelven \u00e9nekelt dalt vissza\u00e9nekel, j\u00f3llehet anyanyelv\u00e9n alig tud ny\u00f6gni p\u00e1r sz\u00f3t.<br \/>\n11 \u00e9vesen mag\u00e1nak James Buchanan eln\u00f6knek ad koncertet a Feh\u00e9r H\u00e1zban. Hitetlen zen\u00e9szek \u00fagy teszik m\u00e1snap pr\u00f3b\u00e1ra, hogy kompon\u00e1lnak sz\u00e1m\u00e1ra k\u00e9t igen hossz\u00fa, komplik\u00e1lt darabot, melyet els\u0151 hall\u00e1sra ism\u00e9t csak visszaj\u00e1tszik. Tomot semmivel nem lehet zavarba hozni. Mikor k\u00e9t zongor\u00e1t \u00f6sszevissza p\u00fcf\u00f6lnek, mik\u00f6zben egy harmadik zongor\u00e1n j\u00e1tszott darabra kell figyelnie, k\u00e9pes a hangzavarb\u00f3l kihallani \u00e9s t\u00f6k\u00e9letesen visszaj\u00e1tszani a dallamot. M\u00e1sik h\u00edres brav\u00farja az, amikor bal kez\u00e9vel a &#8216;Yankee Doodle&#8217;-t, jobb kez\u00e9vel egy m\u00e1sik darabot j\u00e1tszik, s k\u00f6zben egy harmadik dalt \u00e9nekel. Arra is k\u00e9pes, hogy h\u00e1ttal \u00fclve a zongor\u00e1nak, keresztezett k\u00e9zzel j\u00e1tsszon.<br \/>\nTom azonban nem egyszer\u0171en g\u00e9piesen j\u00e1tszik, mint egy wurlitzer, hanem hihetetlen \u00e1t\u00e9l\u00e9ssel, ami k\u00fcl\u00f6n rejt\u00e9lynek t\u0171nik, hisz am\u00fagy s\u00falyos \u00e9rtelmi fogyat\u00e9kos.<br \/>\nMark Twain egy nap vonaton utazva a doh\u00e1nyz\u00f3 kocsiban egy nagydarab, orm\u00f3tlan n\u00e9gerbe \u00fctk\u00f6z\u00f6tt, aki ide-oda lengedezett \u00fclt\u00e9ben, s k\u00f6zben, mint egy hangut\u00e1nz\u00f3 m\u0171v\u00e9sz, t\u00f6k\u00e9letesen reproduk\u00e1lta a vonat kerekeinek csattog\u00e1s\u00e1t, a mozdony f\u00fctty\u00e9t, az alag\u00faton vagy a hidakon \u00e1thalad\u00e1s hangjait, s mindezt \u00f3r\u00e1kon kereszt\u00fcl. Twain d\u00f6bbenten \u00e9rdekl\u0151d\u00f6tt, mi\u00e9rt nem k\u00f6t\u00f6zik le ezt az \u0151r\u00fcltet, mire felvil\u00e1gos\u00edtott\u00e1k, hogy ez a &#8222;Vak Tom&#8221;, az \u00fcnnepelt zongorista, priv\u00e1t \u00e9let\u00e9ben \u00e1rtalmatlan idi\u00f3ta. Twain \u00e9rdekl\u0151d\u00e9s\u00e9t felkeltette a tal\u00e1lkoz\u00e1s, Tom t\u00f6bb koncertj\u00e9n is r\u00e9szt vett, melyek teljesen elb\u0171v\u00f6lt\u00e9k. Mint \u00edrta, Tom \u00fagy uralkodik a hallgat\u00f3s\u00e1g \u00e9rzelmein, mint egy zsarnok. Mikor a k\u00f6z\u00f6ns\u00e9g tapsviharban t\u00f6r ki, Tom is boldogan vel\u00fck tapsol. A korabeli sajt\u00f3 egyszerre nevezi g\u00e9niusznak, csod\u00e1nak, s vit\u00e1zik azon, hogyszorulhatott bele ekkora zsenialit\u00e1s egy f\u00e9lkegyelm\u0171 vak, s pl\u00e1ne n\u00e9ger fi\u00faba.<br \/>\nTom 1908-ban, 49 \u00e9vesen halt meg, sz\u00e1mos kompoz\u00edci\u00f3t hagyva h\u00e1tra a sz\u00e1m\u00e1ra csak hangokat jelent\u0151 vil\u00e1gnak.<br \/>\nMa m\u00e1r tudjuk, hogy Tom autizmusban szenvedett; ez egy k\u00fcl\u00f6n\u00f6s agyfejl\u0151d\u00e9si zavar, amely \u00e1ltal\u00e1ban k\u00e1ros\u00edtja a besz\u00e9d- \u00e9s gondolkod\u00e1si k\u00e9szs\u00e9geket, \u00e9s g\u00e1tolja a szoci\u00e1lis kapcsolatok kialakul\u00e1s\u00e1t. Tomhoz hasonl\u00f3 autista zenei tehets\u00e9gek az\u00f3ta is fel-felbukkannak, mindegyik\u0151j\u00fck jellemz\u0151je a hihetetlen eml\u00e9kez\u0151tehets\u00e9g \u00e9s a st\u00edlus\u00e9rz\u00e9k. K\u00e9pesek egyszeri hall\u00e1s ut\u00e1n oper\u00e1kat \u00e9s szimf\u00f3ni\u00e1kat visszaadni, vagy a zeneszerz\u0151 st\u00edlus\u00e1ban t\u00f6k\u00e9letes improviz\u00e1ci\u00f3kat produk\u00e1lni. Hihetetlen akusztikus mem\u00f3ri\u00e1juk nem korl\u00e1toz\u00f3dik a zen\u00e9re, csod\u00e1latos hangut\u00e1nz\u00f3k, legyen az a hang term\u00e9szeti jelens\u00e9g, vagy emberi besz\u00e9d, mik\u00f6zben besz\u00e9dk\u00e9szs\u00e9g\u00fck, mint Tomnak is, rendk\u00edv\u00fcl szeg\u00e9nyes.<\/p>\n<p>&nbsp;<\/p>\n<p><strong>Stephen Wiltshire<\/strong><\/p>\n<div id=\"attachment_1769\" style=\"width: 189px\" class=\"wp-caption alignleft\"><a href=\"http:\/\/induljelegyuton.hu\/wp-content\/uploads\/Stephen_Wiltshire_holding_MBE.jpg\"><img loading=\"lazy\" decoding=\"async\" aria-describedby=\"caption-attachment-1769\" class=\" wp-image-1769 \" alt=\"Stephen Wiltshire\" src=\"http:\/\/induljelegyuton.hu\/wp-content\/uploads\/Stephen_Wiltshire_holding_MBE-224x300.jpg\" width=\"179\" height=\"240\" srcset=\"https:\/\/induljelegyuton.hu\/wp-content\/uploads\/Stephen_Wiltshire_holding_MBE-224x300.jpg 224w, https:\/\/induljelegyuton.hu\/wp-content\/uploads\/Stephen_Wiltshire_holding_MBE-112x150.jpg 112w, https:\/\/induljelegyuton.hu\/wp-content\/uploads\/Stephen_Wiltshire_holding_MBE.jpg 377w\" sizes=\"auto, (max-width: 179px) 100vw, 179px\" \/><\/a><p id=\"caption-attachment-1769\" class=\"wp-caption-text\">Stephen Wiltshire<\/p><\/div>\n<p>Stephen 1974-ben sz\u00fcletett Londonban egy szeg\u00e9ny bev\u00e1ndorolt indiai h\u00e1zasp\u00e1r m\u00e1sodik gyermekek\u00e9nt. Nagy volt az \u00f6r\u00f6m, v\u00e9gre fi\u00fa sz\u00fcletett, \u00e1m a sz\u00fcl\u0151k egyre n\u00f6vekv\u0151 aggodalommal tapasztalt\u00e1k, hogy gyermek\u00fck nem akar fel\u00fclni, majd j\u00e1rni, s ha karra akarj\u00e1k venni, megfesz\u00edti mag\u00e1t \u00e9s ellen\u00e1ll. Amikor elj\u00f6tt a g\u00fcgy\u00f6g\u00e9s majd a besz\u00e9d ideje, Stephen csak siv\u00edtozott, pl\u00e1ne ha megk\u00f6zel\u00edtett\u00e9k. Legink\u00e1bb egy megf\u00e9leml\u00edtett kismajomra eml\u00e9keztetett, aki mindenki el\u0151l menek\u00fcl. Nem teremtett szemkontaktust, nem figyelt az emberi besz\u00e9dre, semmi jel\u00e9t nem adta annak, hogy tudom\u00e1sa van m\u00e1s emberi l\u00e9nyekr\u0151l. H\u00e1rom\u00e9ves kor\u00e1ban v\u00e9g\u00fcl kimondt\u00e1k a megfellebbezhetetlen diagn\u00f3zist: Stephen s\u00falyos autizmusban szenved. Egy speci\u00e1lis kiseg\u00edt\u0151 iskol\u00e1ba ker\u00fclt sorst\u00e1rsai k\u00f6z\u00e9. Tov\u00e1bbra sem vett tudom\u00e1st senkir\u0151l, c\u00e9ltalanul l\u0151d\u00f6rg\u00f6tt, keringett, hint\u00e1ztatta mag\u00e1t a sz\u00e9ken, vagy \u00e9ppen d\u00fchrohamot kapott \u00e9s ord\u00edtott. Egyetlen dolog k\u00f6t\u00f6tte le, a f\u00e9nyek-\u00e1rny\u00e9kok j\u00e1t\u00e9ka, a form\u00e1k, a perspekt\u00edva \u00e9s k\u00e9s\u0151bb k\u00e9pek n\u00e9zeget\u00e9se. N\u00e9ha \u00f3r\u00e1kig firk\u00e1lt, ilyenkor nevel\u0151i fell\u00e9legeztek. A firk\u00e1lm\u00e1nyok meg kit \u00e9rdekeltek? A rendrak\u00e1s a d\u00e9lut\u00e1ni takar\u00edt\u00f3k dolga volt. \u00c1m egy nap, mint a mes\u00e9ben, \u00faj tan\u00e1r \u00e9rkezett az iskol\u00e1ba, Chris Marris, aki hogy-hogy nem m\u00e9g nem f\u00e1sult bele az idegt\u00e9p\u0151 munk\u00e1ba, s volt szeme r\u00e1csod\u00e1lkozni a nyolc\u00e9ves Stephen m\u0171veire. Ezek a rajzok londoni m\u0171eml\u00e9kek t\u00f6k\u00e9letes \u00e1br\u00e1zol\u00e1sai voltak; \u00e9p\u00fcletek, melyeket Stephen az iskolai kir\u00e1ndul\u00e1sok sor\u00e1n a buszb\u00f3l l\u00e1tott elsuhanni. Hamarosan kider\u00fclt, hogy Stephennek el\u00e9g egy k\u00f6z\u00f6mb\u00f6s, fut\u00f3 pillant\u00e1st vetni egy bonyolult d\u00edsz\u00edt\u00e9s\u0171 \u00e9p\u00fcletegy\u00fcttesre, s k\u00e9s\u0151bb b\u00e1rmikor k\u00e9pes hajsz\u00e1lpontosan lerajzolni, amit l\u00e1tott. Ha az egy p\u00e1lyaudvar volt, akkor a rajzon az \u00f3ra azt az id\u0151t mutatta, amikor Stephen \u00e9ppen odapillantott. Marris ett\u0151l kezdve kigy\u0171jt\u00f6tte a szem\u00e9tkos\u00e1rb\u00f3l meg a pad al\u00f3l Stephen eldob\u00e1lt m\u0171veit, hisz a fi\u00fat csak a rajzol\u00e1s \u00e9s nem a v\u00e9geredm\u00e9ny \u00e9rdekelte. K\u00e9t rajz\u00e1t bek\u00fcldte a Nemzeti Gyermekm\u0171v\u00e9szeti Ki\u00e1ll\u00edt\u00e1sra, ahol az egyik rajz d\u00edjat is nyert. Marris szak\u00e9rt\u0151ket k\u00e9rt fel a rajzok \u00e9rt\u00e9kel\u00e9s\u00e9re, s egybehangz\u00f3 v\u00e9lem\u00e9ny volt, hogy Stephen kiugr\u00f3 tehets\u00e9g.<\/p>\n<div id=\"attachment_1770\" style=\"width: 310px\" class=\"wp-caption alignright\"><a href=\"http:\/\/induljelegyuton.hu\/wp-content\/uploads\/stephenwiltshire_468x314.jpg\"><img loading=\"lazy\" decoding=\"async\" aria-describedby=\"caption-attachment-1770\" class=\"size-medium wp-image-1770\" alt=\"Stephen alkot\u00e1s k\u00f6zben\" src=\"http:\/\/induljelegyuton.hu\/wp-content\/uploads\/stephenwiltshire_468x314-300x201.jpg\" width=\"300\" height=\"201\" srcset=\"https:\/\/induljelegyuton.hu\/wp-content\/uploads\/stephenwiltshire_468x314-300x201.jpg 300w, https:\/\/induljelegyuton.hu\/wp-content\/uploads\/stephenwiltshire_468x314-223x150.jpg 223w, https:\/\/induljelegyuton.hu\/wp-content\/uploads\/stephenwiltshire_468x314.jpg 468w\" sizes=\"auto, (max-width: 300px) 100vw, 300px\" \/><\/a><p id=\"caption-attachment-1770\" class=\"wp-caption-text\">Stephen alkot\u00e1s k\u00f6zben<\/p><\/div>\n<p>Stephen h\u00edre eljutott a BBC-hez is, filmet forgattak r\u00f3la, \u00e9s hirtelen orsz\u00e1gos ismerts\u00e9gre tett szert. Ekkor 13 \u00e9ves volt, eddigre nagy k\u00ednszenved\u00e9sek \u00e1r\u00e1n n\u00e9mileg megtanult besz\u00e9lni is, s most kiad\u00f3k kezdt\u00e9k ostromolni rajzai\u00e9rt. Els\u0151 k\u00f6tete 1987-ben jelent meg Rajzok c\u00edmmel. Sir Hugh Casson, a Kir\u00e1lyi Akad\u00e9mia kor\u00e1bbi eln\u00f6ke a k\u00f6nyvh\u00f6z \u00edrt el\u0151szav\u00e1ban Stephent Anglia legtehets\u00e9gesebb gyermekm\u0171v\u00e9sz\u00e9nek nevezte. Az\u00f3ta m\u00e1r m\u00e9g h\u00e1rom-n\u00e9gy k\u00f6nyve is megjelent Stephennek, ami els\u0151sorban annak volt k\u00f6sz\u00f6nhet\u0151, hogy els\u0151 k\u00f6tet\u00e9nek kiad\u00f3i \u00fcgyn\u00f6ke, Margaret Hewson \u00e9s f\u00e9rje \u00e1tvett\u00e9k Marris szerep\u00e9t, \u00e9s &#8222;rajzol\u00f3t\u00far\u00e1kra&#8221; vitt\u00e9k Stephent. Nagy vil\u00e1gv\u00e1rosokat l\u00e1togattak meg, s Stephen szorgalmasan lerajzolt mindent, amit l\u00e1tott.<br \/>\nPersze Stephen soha nem fogja meg\u00e9rteni, mi\u00e9rt szeretik \u0151t, mert \u0151 sem tud szeretni. Nem \u00e9rti, mit esznek a rajzain, k\u00e9ptelen felfogni az emberi vil\u00e1got, egyed\u00fcl \u00e9letk\u00e9ptelen, \u00f6t \u00e9ves gyermek szintj\u00e9n \u00e1ll, \u00e9s csak egy dolog \u00e9rdekli: im\u00e1d \u00e9p\u00fcleteket rajzolni, de azt zseni\u00e1lisan csin\u00e1lja.<\/p>\n<p>&nbsp;<\/p>\n<p><strong>Richard Wawro<\/strong><\/p>\n<div id=\"attachment_1768\" style=\"width: 196px\" class=\"wp-caption alignright\"><a href=\"http:\/\/induljelegyuton.hu\/wp-content\/uploads\/richard_smiling.jpg\"><img loading=\"lazy\" decoding=\"async\" aria-describedby=\"caption-attachment-1768\" class=\" wp-image-1768 \" alt=\"Richard, akinek egy \u201ef\u00e9nyk\u00e9pez\u0151g\u00e9p\u201d van a fej\u00e9ben\" src=\"http:\/\/induljelegyuton.hu\/wp-content\/uploads\/richard_smiling-233x300.jpg\" width=\"186\" height=\"240\" srcset=\"https:\/\/induljelegyuton.hu\/wp-content\/uploads\/richard_smiling-233x300.jpg 233w, https:\/\/induljelegyuton.hu\/wp-content\/uploads\/richard_smiling-116x150.jpg 116w, https:\/\/induljelegyuton.hu\/wp-content\/uploads\/richard_smiling.jpg 266w\" sizes=\"auto, (max-width: 186px) 100vw, 186px\" \/><\/a><p id=\"caption-attachment-1768\" class=\"wp-caption-text\">Richard, akinek egy \u201ef\u00e9nyk\u00e9pez\u0151g\u00e9p\u201d van a fej\u00e9ben<\/p><\/div>\n<p>1952-ben sz\u00fcletett Sk\u00f3ci\u00e1ban, s h\u00e1rom\u00e9ves kor\u00e1ra n\u00e1la is vil\u00e1goss\u00e1 v\u00e1lt, hogy s\u00falyos autizmusban szenved. Nem besz\u00e9lt, nem k\u00f6t\u0151d\u00f6tt senkihez, csak forgott mag\u00e1ban, vagy \u00f3r\u00e1kon \u00e1t egyetlen hangot \u00fct\u00f6getett a zongor\u00e1n, \u0151r\u00fcletbe kergetve ezzel sz\u00fcleit. Beker\u00fclt egy foglalkoztat\u00f3 int\u00e9zm\u00e9nybe, ahol komoly fejt\u00f6r\u00e9st okozott nevel\u0151inek, hogy ugyan mivel lehetne lek\u00f6tni ezt a folyton magas fejhangon ny\u00fcsz\u00edt\u0151, ide-oda rohang\u00e1l\u00f3 nyugtalan gyereket. Besz\u00e9lni nem besz\u00e9lt, figyelni nem tudott semmire. Ugyanakkor, mint a legt\u00f6bb autista, ragaszkodott hozz\u00e1, hogy mindig minden ugyan\u00fagy \u00e9s ugyanakkor t\u00f6rt\u00e9njen, minden ugyanott legyen. Az \u0151 \u00e9let\u00e9ben is megjelent egy nevel\u0151, Molly Leishman, aki makacsul seg\u00edteni akart, \u00e9s \u00e9szrevette, hogy Richardot lek\u00f6tik a vill\u00f3dz\u00f3 f\u00e9nyek. Zsin\u00f3rokon lengedez\u0151 pap\u00edrfigur\u00e1kat gy\u00e1rtott neki, melyeket Richard \u00f3r\u00e1kig csendben tanulm\u00e1nyozott. Leishman el\u00e9rkezettnek l\u00e1tta az id\u0151t, hogy r\u00e1vegye valami aktivit\u00e1sra is: siker\u00fclt el\u00e9rnie, hogy Richard firk\u00e1ljon, s Richard innent\u0151l r\u00f6geszm\u00e9sen rajzolni kezdett. Egy nap Molly Leishman r\u00e1d\u00f6bbent arra, hogy ez m\u00e1r t\u00f6bb mint munkater\u00e1pia, ez m\u00e1r m\u0171v\u00e9szet. Richard szint\u00e9n eml\u00e9kezetb\u0151l rajzolt; b\u00e1rhol l\u00e1tott egy k\u00e9pet, \u00f6r\u00f6kre meg\u0151rizte eml\u00e9kezet\u00e9ben. 12 \u00e9ves volt, amikor egy londoni m\u0171v\u00e9szeti akad\u00e9mia vezet\u0151je megl\u00e1tta m\u0171veit. A professzor \u00fagy meredt a k\u00e9pekre, mint akibe vill\u00e1m csapott, s csak annyit rebegett, hogy &#8222;hihetetlen&#8221;.<br \/>\nRichard hamarosan szint\u00e9n h\u00edres \u00e9s elismert lett, els\u0151 ki\u00e1ll\u00edt\u00e1sa Edinburghban volt, majd ezt k\u00f6vette m\u00e9g t\u00f6bb, mint sz\u00e1z, s eladott k\u00e9peinek sz\u00e1ma meghaladja az ezret.<\/p>\n<p>&nbsp;<\/p>\n<p><strong>Jedediah Buxton<\/strong><\/p>\n<div id=\"attachment_1765\" style=\"width: 240px\" class=\"wp-caption alignright\"><a href=\"http:\/\/induljelegyuton.hu\/wp-content\/uploads\/Jedediah_Buxton_4.jpg\"><img loading=\"lazy\" decoding=\"async\" aria-describedby=\"caption-attachment-1765\" class=\"size-medium wp-image-1765\" alt=\"A sz\u00e1mol\u00f3m\u0171v\u00e9sz\" src=\"http:\/\/induljelegyuton.hu\/wp-content\/uploads\/Jedediah_Buxton_4-230x300.jpg\" width=\"230\" height=\"300\" srcset=\"https:\/\/induljelegyuton.hu\/wp-content\/uploads\/Jedediah_Buxton_4-230x300.jpg 230w, https:\/\/induljelegyuton.hu\/wp-content\/uploads\/Jedediah_Buxton_4-115x150.jpg 115w, https:\/\/induljelegyuton.hu\/wp-content\/uploads\/Jedediah_Buxton_4.jpg 443w\" sizes=\"auto, (max-width: 230px) 100vw, 230px\" \/><\/a><p id=\"caption-attachment-1765\" class=\"wp-caption-text\">A sz\u00e1mol\u00f3m\u0171v\u00e9sz<\/p><\/div>\n<p>Az 1700-as \u00e9vekben \u00e9lt Angli\u00e1ban, s hihetetlen sz\u00e1mol\u00e1si k\u00e9pess\u00e9gekr\u0151l tett tan\u00fabizonys\u00e1got. B\u00e1r Buxton m\u00e9g \u00edrni sem tudott gyenge \u00e9rtelmi k\u00e9pess\u00e9gei miatt, egy nap felt\u00e1madt benne a sz\u00e1mok ir\u00e1nti szenved\u00e9ly, s onnant\u00f3l csak a sz\u00e1mol\u00e1s \u00e9rdekelte. Hihetetlen m\u0171veleteket tudott elv\u00e9gezni fejben, sokszor \u00fagy, hogy hetekig sz\u00e1molt, mik\u00f6zben \u00e9lte rendes \u00e9let\u00e9t, dolgozott, evett, t\u00e1rsalkodott, aludt, majd egyszer csak el\u0151\u00e1llt az eredm\u00e9nnyel. 1754-ben a Londoni Kir\u00e1lyi t\u00e1rsas\u00e1g is megvizsg\u00e1lta, s tan\u00fas\u00edtv\u00e1nyt adtak ki k\u00e9pess\u00e9g\u00e9r\u0151l. Megragadva a londoni kiruccan\u00e1s adta lehet\u0151s\u00e9get, megn\u00e9zte a III. Rich\u00e1rdot, s mikor megk\u00e9rdezt\u00e9k, hogy tetszett a darab, r\u00e1 jellemz\u0151 m\u00f3don megmondta, h\u00e1ny sz\u00f3 hangzott el a darabban.<br \/>\nEgy autista ikerp\u00e1r napt\u00e1rk\u00e9pess\u00e9gei akkor der\u00fcltek ki, amikor megpillantottak egy napt\u00e1rt. Onnant\u00f3l kezdve tetsz\u0151leges d\u00e1tumr\u00f3l egy szempillant\u00e1s alatt megmondt\u00e1k, a h\u00e9t melyik napj\u00e1ra esik.<br \/>\nNem furcsa, hogy \u00e9ppen s\u00e9r\u00fclt fejl\u0151d\u00e9st mutat\u00f3 emberek k\u00e9pesek ilyen rendk\u00edv\u00fcli dolgokra? K\u00f6nnyen az az \u00e9rz\u00e9s\u00fcnk t\u00e1madhat, hogy mintha a \u201enormalit\u00e1s\u201d valamif\u00e9le f\u00e9k volna vel\u00fcnk sz\u00fcletett fantasztikus k\u00e9pess\u00e9geink haszn\u00e1lat\u00e1ban, s \u00e9vekig kell k\u00fczden\u00fcnk olyan tud\u00e1s\u00e9rt, amit az autista tehets\u00e9gek a kisujjukb\u00f3l r\u00e1znak ki.<\/p>\n<p>&nbsp;<\/p>\n<p><strong>Kim Peek, a val\u00f3di Es\u0151ember<\/strong><\/p>\n<div id=\"attachment_1766\" style=\"width: 310px\" class=\"wp-caption alignleft\"><a href=\"http:\/\/induljelegyuton.hu\/wp-content\/uploads\/kim_peek_rain_man__16231218.jpg\"><img loading=\"lazy\" decoding=\"async\" aria-describedby=\"caption-attachment-1766\" class=\"size-medium wp-image-1766\" alt=\"Az \u201eigazi\u201d es\u0151ember\" src=\"http:\/\/induljelegyuton.hu\/wp-content\/uploads\/kim_peek_rain_man__16231218-300x168.jpg\" width=\"300\" height=\"168\" srcset=\"https:\/\/induljelegyuton.hu\/wp-content\/uploads\/kim_peek_rain_man__16231218-300x168.jpg 300w, https:\/\/induljelegyuton.hu\/wp-content\/uploads\/kim_peek_rain_man__16231218-250x140.jpg 250w, https:\/\/induljelegyuton.hu\/wp-content\/uploads\/kim_peek_rain_man__16231218.jpg 800w\" sizes=\"auto, (max-width: 300px) 100vw, 300px\" \/><\/a><p id=\"caption-attachment-1766\" class=\"wp-caption-text\">Az \u201eigazi\u201d es\u0151ember<\/p><\/div>\n<p>\u201eK\u00fcl\u00f6n k\u00f6sz\u00f6net Kim Peeknek, aki seg\u00edtett az Es\u0151embert val\u00f3s\u00e1gg\u00e1 form\u00e1lni\u201d, kezdte besz\u00e9d\u00e9t Dustin Hoffman, amikor \u00e1tvette az Oscar d\u00edjat az Es\u0151emberben ny\u00fajtott alak\u00edt\u00e1s\u00e1\u00e9rt. \u201eKi ez a Kim Peek?\u201d k\u00e9rdezgett\u00e9k a t\u00e1j\u00e9kozatlanok. \u201eKim Peek egy rendk\u00edv\u00fcli ember, hihetetlen nagy tud\u00e1ssal, m\u00e9ly \u00e9rz\u00e9sekkel, aki mellesleg autista\u201d, felelhette volna Hoffman, ha mindezt nem mondta volna el alak\u00edt\u00e1s\u00e1val.<br \/>\nKim bizonyos \u00e9rtelemben v\u00e9letlen\u00fcl keveredett az \u00fcgybe. 1984-ben apja eln\u00f6k\u00f6lt a Fejl\u0151d\u00e9sben Visszamaradott Polg\u00e1rok Sz\u00f6vets\u00e9g\u00e9nek egyik gy\u0171l\u00e9s\u00e9n, melyre megh\u00edvt\u00e1k Barry Morrow-t is, akinek forgat\u00f3k\u00f6nyv\u00e9b\u0151l egy sikeres t\u00e9v\u00e9film k\u00e9sz\u00fclt egy szellemileg visszamaradott fi\u00far\u00f3l. Morrow-t leny\u0171g\u00f6zte, ahogy Kim fejb\u0151l jav\u00edtgatja a sz\u00f6vets\u00e9g tagjainak list\u00e1j\u00e1n az ir\u00e1ny\u00edt\u00f3sz\u00e1mokat. Besz\u00e9dbe elegyedett vele, azt\u00e1n \u00f3r\u00e1kat t\u00f6lt\u00f6ttek egy\u00fctt. Kider\u00fclt, hogy Kim minden amerikai helys\u00e9gnek ismeri az ir\u00e1ny\u00edt\u00f3sz\u00e1m\u00e1t, telefonos k\u00f6rzetsz\u00e1m\u00e1t, tudja milyen t\u00e9v\u00e9\u00e1llom\u00e1sok foghat\u00f3k a v\u00e1rosban, pontosan milyen \u00fatvonalon lehet egy adott v\u00e1rosba eljutni, oda-vissza tudja az Amerikai Polg\u00e1rh\u00e1bor\u00fa, az I. \u00e9s II. Vil\u00e1gh\u00e1bor\u00fa, a Koreai h\u00e1bor\u00fa, \u00e9s a Vietnami h\u00e1bor\u00fa minden esem\u00e9ny\u00e9t \u00e9s szerepl\u0151j\u00e9t. Morrow-t annyira leny\u0171g\u00f6zte Kim tud\u00e1sa, hogy hazarohant, \u00e9s megsz\u00fcletett az Es\u0151ember szkriptje. A forgat\u00f3k\u00f6nyv k\u00e9s\u0151bb sz\u00e1mos m\u00f3dosul\u00e1son ment kereszt\u00fcl, mindenkinek volt egy \u00f6tlete hozz\u00e1, ahogy ez m\u00e1r a filmszakm\u00e1ban szokott lenni. Az azonban nyilv\u00e1nval\u00f3, hogy a val\u00f3s\u00e1gos Kim agyonnyomta volna a filmet \u00e9s csak hitetlenked\u00e9st v\u00e1ltott volna ki. A val\u00f3s\u00e1g nem mindig hihet\u0151. Morrow k\u00e9s\u0151bb pr\u00f3bak\u00e9nt feltett Kimnek 300 sporttal kapcsolatos neh\u00e9z k\u00e9rd\u00e9st, olyanokat, hogy \u201eKi dobta a bajnoki gy\u0151ztes g\u00f3lt az 1921-es Nemzeti Rugby bajnoks\u00e1gon\u201d, s Kim mind\u00f6ssze \u00f6t k\u00e9rd\u00e9sre nem tudott v\u00e1laszolni.<br \/>\nNa de az eg\u00e9sz \u00fagy kezd\u0151d\u00f6tt, hogy Kim 1951-ben megsz\u00fcletett. A feje \u00f3ri\u00e1si volt, s mindenf\u00e9le k\u00fcl\u00f6nleges agyfejl\u0151d\u00e9si rendelleness\u00e9get tal\u00e1ltak n\u00e1la, \u00edgy pl. a k\u00e9t agyf\u00e9ltek\u00e9t \u00f6sszek\u00f6t\u0151 idegp\u00e1ly\u00e1k teljesen hi\u00e1nyoznak. A v\u00e1rakoz\u00e1sokkal ellent\u00e9tben azonban hihetetlen fejl\u0151d\u00e9st mutatott, m\u00e1r 16 h\u00f3napos kor\u00e1ban egyszeri felolvas\u00e1sra megjegyzett b\u00e1rmilyen k\u00f6nyvet, igaz, n\u00e9gy \u00e9ves kor\u00e1ig viszont j\u00e1rni sem tudott.<\/p>\n<div id=\"attachment_1767\" style=\"width: 310px\" class=\"wp-caption alignleft\"><a href=\"http:\/\/induljelegyuton.hu\/wp-content\/uploads\/kimPeek_ok2.jpg\"><img loading=\"lazy\" decoding=\"async\" aria-describedby=\"caption-attachment-1767\" class=\"size-full wp-image-1767\" alt=\"A telefonk\u00f6nyvek a kedvenc olvasm\u00e1nyai\" src=\"http:\/\/induljelegyuton.hu\/wp-content\/uploads\/kimPeek_ok2.jpg\" width=\"300\" height=\"225\" srcset=\"https:\/\/induljelegyuton.hu\/wp-content\/uploads\/kimPeek_ok2.jpg 300w, https:\/\/induljelegyuton.hu\/wp-content\/uploads\/kimPeek_ok2-200x150.jpg 200w\" sizes=\"auto, (max-width: 300px) 100vw, 300px\" \/><\/a><p id=\"caption-attachment-1767\" class=\"wp-caption-text\">A telefonk\u00f6nyvek a kedvenc olvasm\u00e1nyai k\u00f6z\u00e9 tartoztak<\/p><\/div>\n<p>Mes\u00e9lik, hogy h\u00e1rom\u00e9ves kor\u00e1ban megk\u00e9rdezte sz\u00fcleit, mit jelent az, hogy \u201ebizalmas\u201d. \u201eKisfiam, n\u00e9zd meg a sz\u00f3t\u00e1rban\u201d, felelte apja f\u00e1radtan, mire Kim -sz\u00fclei megd\u00f6bben\u00e9s\u00e9re- kikereste \u00e9s elolvasta az \u00e9rtelmez\u0151 k\u00e9zisz\u00f3t\u00e1rban a sz\u00f3 jelent\u00e9s\u00e9t. Ezid\u0151t\u00e1jt Kim kedvenc olvasm\u00e1nyai k\u00f6z\u00e9 tartoztak a telefonk\u00f6nyvek, melyekben azt im\u00e1dta, hogy egy pillanat alatt \u00f6sszeadta az egy oldalon l\u00e9v\u0151 telefonsz\u00e1m-oszlopokat. Szerette az aut\u00f3-rendsz\u00e1mt\u00e1bl\u00e1kat is, \u00e9s napt\u00e1rtehets\u00e9gnek is bizonyult. Fejl\u0151d\u00e9se sor\u00e1n szivacsk\u00e9nt sz\u00edvott mag\u00e1ba minden inform\u00e1ci\u00f3t, m\u00e1ra kb. 8000 k\u00f6nyvet tud fejb\u0151l, majd minden klasszikus zenedarabot azonnal felismer, megmondja mikor sz\u00fcletett \u00e9s halt meg a zeneszerz\u0151 \u00e9s mikor \u00edrta a darabot. Apr\u00f3l\u00e9kosan ismeri az eg\u00e9sz vil\u00e1g t\u00f6rt\u00e9nelm\u00e9t, k\u00edv\u00fclr\u0151l tudja a \u201eKi kicsod\u00e1\u201d-t, a professzion\u00e1lis sport minden \u00e1g\u00e1nak szerepl\u0151j\u00e9t, a filmt\u00f6rt\u00e9netet, a filmc\u00edmeket \u00e9s a filmek szerepl\u0151it, a vil\u00e1g \u00f6sszes p\u00e9nznem\u00e9t, mindent tud Shakespeare-r\u0151l \u00e9s m\u0171veir\u0151l, az \u0171rprogramr\u00f3l, tudja hogy melyik amerikai v\u00e1rosban melyik telefont\u00e1rsas\u00e1g a szolg\u00e1ltat\u00f3, melyik k\u00f6nyvet ki \u00edrta, stb. Kim egy egyszem\u00e9lyes k\u00fcl\u00f6nleges tudakoz\u00f3, ismer\u0151sei csak \u00fagy h\u00edvj\u00e1k: kimpjuter. Kedvenc m\u0171sora a \u201eLegyen \u00d6n is milliomos\u201d amerikai v\u00e1ltozata, de mindig csak a m\u00e1sodik fel\u00e9t\u0151l n\u00e9zi, mert az eleje unalmas sz\u00e1m\u00e1ra.<br \/>\nHa Kim rendk\u00edv\u00fclis\u00e9g\u00e9t vizsg\u00e1ljuk, legfelt\u0171n\u0151bb sz\u00e9d\u00fcletes mem\u00f3ri\u00e1ja \u00e9s inform\u00e1ci\u00f3 feldolgoz\u00f3 kapacit\u00e1sa. K\u00f6nyvet \u00fagy olvas, hogy egyszerre k\u00e9t oldalt n\u00e9z: bal szem\u00e9vel a bal, jobb szem\u00e9vel a jobboldalt olvassa. Nyolc oldallal 50 m\u00e1sodperc alatt v\u00e9gez, \u00e9s az olvasottak 98%-t fel is tudja id\u00e9zni. Az \u0151 rendk\u00edv\u00fclis\u00e9ge \u00e9s egyben probl\u00e9m\u00e1ja, hogy nem tud felejteni. Amit elolvas, amit megn\u00e9z, az kit\u00f6r\u00f6lhetetlen\u00fcl ott zsong att\u00f3l kezdve a fej\u00e9ben\u2026<\/p>\n<p style=\"text-align: right;\"><em>(Forr\u00e1s: Szendi G\u00e1bor)<\/em><\/p>\n","protected":false},"excerpt":{"rendered":"<p>Vak Tom 1850-ben j\u00e1runk egy rabszolgav\u00e1s\u00e1ron a georgiai Columbi\u00e1ban. James N. Bethune t\u00e1bornok \u00fcltev\u00e9ny\u00e9re rabszolg\u00e1kat v\u00e1s\u00e1rol, s kiv\u00e1laszt egy n\u00e9ger asszonyt is, akivel \u201egr\u00e1tisz\u201d adj\u00e1k vak, egy \u00e9v k\u00f6r\u00fcli gyermek\u00e9t. A t\u00e1bornok eleg\u00e1ns nevet ad a kisfi\u00fanak, legyen ezt\u00e1n \u0151 Thomas Greene Bethune. Am\u00fagy haszna semmi nincs a gyermeknek, mert \u2026 <a class=\"continue-reading-link\" href=\"https:\/\/induljelegyuton.hu\/?p=1742\"> Continue reading <span class=\"meta-nav\">&rarr; <\/span><\/a><\/p>\n","protected":false},"author":1,"featured_media":0,"comment_status":"open","ping_status":"open","sticky":false,"template":"","format":"standard","meta":{"ngg_post_thumbnail":0,"footnotes":""},"categories":[101],"tags":[660,654,662,659,666,669,656,663,667,668,658,664,665,661,655,657,653],"class_list":["post-1742","post","type-post","status-publish","format-standard","hentry","category-alibi","tag-agyfejlodesi-zavar","tag-autizmus","tag-bbc","tag-bravur","tag-edinburg","tag-esoember","tag-festo","tag-gyermekmuvesz","tag-jedediah-buxton","tag-kim-peek","tag-mark-twain","tag-rajzok","tag-richard-wawro","tag-stephen-wiltshire","tag-tehetseg","tag-thomas-greene-bethune","tag-vak-tom"],"_links":{"self":[{"href":"https:\/\/induljelegyuton.hu\/index.php?rest_route=\/wp\/v2\/posts\/1742","targetHints":{"allow":["GET"]}}],"collection":[{"href":"https:\/\/induljelegyuton.hu\/index.php?rest_route=\/wp\/v2\/posts"}],"about":[{"href":"https:\/\/induljelegyuton.hu\/index.php?rest_route=\/wp\/v2\/types\/post"}],"author":[{"embeddable":true,"href":"https:\/\/induljelegyuton.hu\/index.php?rest_route=\/wp\/v2\/users\/1"}],"replies":[{"embeddable":true,"href":"https:\/\/induljelegyuton.hu\/index.php?rest_route=%2Fwp%2Fv2%2Fcomments&post=1742"}],"version-history":[{"count":22,"href":"https:\/\/induljelegyuton.hu\/index.php?rest_route=\/wp\/v2\/posts\/1742\/revisions"}],"predecessor-version":[{"id":2101,"href":"https:\/\/induljelegyuton.hu\/index.php?rest_route=\/wp\/v2\/posts\/1742\/revisions\/2101"}],"wp:attachment":[{"href":"https:\/\/induljelegyuton.hu\/index.php?rest_route=%2Fwp%2Fv2%2Fmedia&parent=1742"}],"wp:term":[{"taxonomy":"category","embeddable":true,"href":"https:\/\/induljelegyuton.hu\/index.php?rest_route=%2Fwp%2Fv2%2Fcategories&post=1742"},{"taxonomy":"post_tag","embeddable":true,"href":"https:\/\/induljelegyuton.hu\/index.php?rest_route=%2Fwp%2Fv2%2Ftags&post=1742"}],"curies":[{"name":"wp","href":"https:\/\/api.w.org\/{rel}","templated":true}]}}