{"id":1716,"date":"2014-03-04T23:15:31","date_gmt":"2014-03-04T22:15:31","guid":{"rendered":"http:\/\/induljelegyuton.hu\/?p=1716"},"modified":"2014-03-08T13:11:04","modified_gmt":"2014-03-08T12:11:04","slug":"csuszkalas-sarban-latyakban-ho-helyett","status":"publish","type":"post","link":"https:\/\/induljelegyuton.hu\/?p=1716","title":{"rendered":"Cs\u00faszk\u00e1l\u00e1s s\u00e1rban, latyakban \u2013 h\u00f3 helyett"},"content":{"rendered":"<p><strong>Sz\u00e1z \u00e9ves a B\u00f6rzs\u00f6nyben a s\u00edsport teljes\u00edtm\u00e9nyt\u00fara<\/strong><\/p>\n<div id=\"attachment_1723\" style=\"width: 210px\" class=\"wp-caption alignright\"><a href=\"http:\/\/induljelegyuton.hu\/wp-content\/uploads\/DSC_1017.jpg\"><img loading=\"lazy\" decoding=\"async\" aria-describedby=\"caption-attachment-1723\" class=\"size-medium wp-image-1723\" alt=\"A T\u0171zk\u00f6ves-forr\u00e1sn\u00e1l\" src=\"http:\/\/induljelegyuton.hu\/wp-content\/uploads\/DSC_1017-200x300.jpg\" width=\"200\" height=\"300\" srcset=\"https:\/\/induljelegyuton.hu\/wp-content\/uploads\/DSC_1017-200x300.jpg 200w, https:\/\/induljelegyuton.hu\/wp-content\/uploads\/DSC_1017-100x150.jpg 100w, https:\/\/induljelegyuton.hu\/wp-content\/uploads\/DSC_1017.jpg 567w\" sizes=\"auto, (max-width: 200px) 100vw, 200px\" \/><\/a><p id=\"caption-attachment-1723\" class=\"wp-caption-text\">A T\u0171zk\u00f6ves-forr\u00e1sn\u00e1l<\/p><\/div>\n<p>&nbsp;<\/p>\n<p>Ok\u00e9. \u2013 Ezt tal\u00e1ltam mondani v\u00e1laszul a 40 kilom\u00e9teres t\u00e1v \u201efelk\u00edn\u00e1l\u00e1s\u00e1ra\u201d. Ha nagyon elgondolkodtam volna rajta, mit v\u00e1lasztottam, tal\u00e1n vissza is vonom. Legal\u00e1bb t\u00edz \u00e9ve nem j\u00e1rtam ilyen nagyot\u2026<\/p>\n<p>Rosszul viselt\u00fck \u2013 de meg\u00e9rtett\u00fck -, hogy csak 8 \u00f3r\u00e1ig lehetett indulni a 40-es t\u00e1von: nem \u201evoltunk k\u00e9pesek\u201d 8 \u00f3r\u00e1n\u00e1l kor\u00e1bban bar\u00e1tunkhoz Ver\u0151c\u00e9re \u00e9rkezni, s csak f\u00e9l kilenckor \u201evert\u00fck az asztalt\u201d \u00c1kos b\u00e1csi b\u00fcf\u00e9j\u00e9n\u00e9l Kir\u00e1lyr\u00e9ten, hogy induln\u00e1nk. A rendez\u0151k \u201ekap\u00e1sb\u00f3l\u201d 25-\u00f6s nevez\u00e9si lapot adtak, hiszen m\u00e1r t\u00fall\u00e9pt\u00fck a 40-es rajtj\u00e1t, azt\u00e1n kicser\u00e9lt\u00fck 40-esre, s a rendez\u0151k j\u00f3v\u00e1hagy\u00e1s\u00e1val, saj\u00e1t id\u0151nk terh\u00e9re elindultunk az utols\u00f3k ut\u00e1n. Szinte futottunk felfel\u00e9, a Taxi-nyilad\u00e9k ment\u00e9n \u2013 meg is volt az 5 km\/\u00f3r\u00e1s sebess\u00e9g. Havat sajnos-szerencs\u00e9re csak a Nagy-Hideg-hegyre menet tal\u00e1ltunk: a f\u00e9lig lefagyott, latyakos havon bar\u00e1taim ugyan\u00fagy tartott\u00e1k a temp\u00f3t, m\u00edg \u00e9n itt t\u00falfesz\u00edtettem a l\u00e1bizmaimat\u2026 (Egy pont a botosoknak.) Ut\u00f3lag t\u00e1rsaim is bevallott\u00e1k, hogy tal\u00e1n nem is kellett volna. A pecs\u00e9tel\u00e9s ut\u00e1n felszaladtam a hegytet\u0151re egy felszabad\u00edt\u00f3 fot\u00f3z\u00e1sra, \u00e1m m\u00e1sik t\u00e1rsammal k\u00e9t perc m\u00falva azon kaptuk magunkat, hogy harmadik t\u00e1rsunk, \u201eszellemi vezet\u0151nk\u201d r\u00f6videsen elt\u0171nik a l\u00e1t\u00f3hat\u00e1ron. \u00c9pp beleharaptam egy ostyaszeletbe, amikor k\u00e9nytelen voltam \u00e9n is ut\u00e1nuk vetni magam, \u00e9s futni a havas lejt\u0151n. Nem volt k\u00f6nny\u0171 l\u00e9legzetet venni az osty\u00e1n kereszt\u00fcl &#8211; borzalmas fulladoz\u00e1s volt\u2026<\/p>\n<p><strong>ngg_shortcode_0_placeholder<\/strong><\/p>\n<p>Gyorsan \u00e1tfutottunk a latyak-\u00f6v\u00f6n, s az Olt\u00e1r-k\u0151n\u00e9l be\u00e9rt\u00fcnk egy kis csapatot. Mik\u00f6zben t\u00f6bbekkel r\u00e9g nem l\u00e1tott ismer\u0151sk\u00e9nt k\u00f6sz\u00f6nt\u00f6tt\u00fck egym\u00e1st, Hev\u00e9r Gabi felh\u00edvta mindenki figyelm\u00e9t arra, hogy ak\u00e1r m\u00e1r holnap b\u00e1rki megjelenhet fot\u00f3n a Turista has\u00e1bjain\u2026 Azt\u00e1n nyomtunk a \u201et\u0171s b\u00e9lyegz\u0151vel\u201d, \u00e9s tov\u00e1bbrobogtunk &#8211; miut\u00e1n nem felfel\u00e9 ment\u00fcnk, pihent\u00fcnk\u2026 A H\u00e1rom-h\u00e1ny\u00e1s szakaszon t\u00far\u00e1nk \u201eegyed\u00fcl\u00e1ll\u00f3\u201d, j\u00e9g-fagyott h\u00f3-g\u00f6rg\u0151 k\u0151 mered\u00e9ly\u00e9t \u00e9lvezhett\u00fck, majd a Rakotty\u00e1s-b\u00e9rcen siett\u00fcnk le \u2013 egyre nagyobb s\u00e1rban \u2013 a Kir\u00e1lyh\u00e1za el\u0151tti pontra. Rend k\u00f6vek: szeretlek benneteket, kis p\u00f6fetegek!<\/p>\n<div id=\"attachment_1721\" style=\"width: 170px\" class=\"wp-caption alignleft\"><a href=\"http:\/\/induljelegyuton.hu\/wp-content\/uploads\/DSC_09871.jpg\"><img loading=\"lazy\" decoding=\"async\" aria-describedby=\"caption-attachment-1721\" class=\" wp-image-1721 \" alt=\"Csoportosul\u00e1s az Olt\u00e1r-k\u0151n\u00e9l\" src=\"http:\/\/induljelegyuton.hu\/wp-content\/uploads\/DSC_09871-200x300.jpg\" width=\"160\" height=\"240\" srcset=\"https:\/\/induljelegyuton.hu\/wp-content\/uploads\/DSC_09871-200x300.jpg 200w, https:\/\/induljelegyuton.hu\/wp-content\/uploads\/DSC_09871-100x150.jpg 100w, https:\/\/induljelegyuton.hu\/wp-content\/uploads\/DSC_09871.jpg 567w\" sizes=\"auto, (max-width: 160px) 100vw, 160px\" \/><\/a><p id=\"caption-attachment-1721\" class=\"wp-caption-text\">Csoportosul\u00e1s az Olt\u00e1r-k\u0151n\u00e9l<\/p><\/div>\n<p>A T\u0171zk\u00f6ves-forr\u00e1s nemcsak viz\u00e9vel, de j\u00e9gcsapjaival is hossz\u00fa percekre visszatartott. Itt mindig van n\u00e9h\u00e1ny \u00f6lnyi j\u00e9gretek! Tartva a Nagy-M\u00e1na-b\u00e9rc keser\u0171 kapaszkod\u00f3j\u00e1t\u00f3l bossz\u00fasan k\u00f6sz\u00f6nt\u00fcnk a lesajn\u00e1l\u00f3n mosolyg\u00f3 fakitermel\u0151knek, majd megkezdt\u00fck a szint fel\u0151rl\u00e9s\u00e9t. Ekkort\u00e1jt finom cseperg\u00e9s vette kezdet\u00e9t. A Nagy-M\u00e1n\u00e1n nedves h\u00e1tamat l\u00e1gy zef\u00edrk\u00e9nt \u00e9rte a fagyos szell\u0151, s n\u00e9m\u00e1n tov\u00e1bbgyalogoltunk a p\u00e1r\u00e1s v\u00f6lgy felett. A Sasf\u00e9szek-b\u00e9rcen meg kellett \u00e1llnom inni, \u00e9s bev\u00e1gni egy csokit, s egyb\u0151l jobban ment. V\u00e9g\u00fcl t\u00e1rsaimmal egy\u00fctt \u00e9rtem f\u00f6l a \u201es\u00ednbe tett\u201d cs\u00f3v\u00e1nyosi kil\u00e1t\u00f3hoz, melynek dr\u00f3tker\u00edt\u00e9se el\u0151tt \u2013 a nap f\u00e9nypontjak\u00e9nt \u2013 h\u00e1rom quadot l\u00e1thattunk, vezet\u0151ik az \u00fatvonalukat vitatt\u00e1k meg. Pont itt kell j\u00e1tszaniuk a turist\u00e1k idegeivel!<\/p>\n<p>Miut\u00e1n a t\u00e1j\u00e9koz\u00f3d\u00e1s-\u00fatvonalk\u00f6vet\u00e9st \u2013 bevallom &#8211; r\u00e1b\u00edztam bar\u00e1taimra, \u00fagy gondoltam, hogy m\u00e1r csak ereszkedni kell. R\u00e1m m\u00e9g v\u00e1rtak meglepet\u00e9sek\u2026<\/p>\n<p>Sz\u00e9p p\u00e1r\u00e1k \u00fcltek a v\u00f6lgyekben, de tiszta kil\u00e1t\u00e1s erre m\u00e1r nem adatott meg, az es\u0151felh\u0151 r\u00e1nk sz\u00e1llt, az es\u0151 pedig egyre s\u0171r\u0171bb lett. Az 1945-ben \u201e\u00fcgyesen\u201d felgy\u00fajtott Ny\u00edr-r\u00e9ti (Sv\u00e1b) kast\u00e9ly hely\u00e9t most pillantottam meg el\u0151sz\u00f6r, mivel j\u00f3 id\u0151ben n\u00e9ztem balra. Ecce homo! Mennyi gy\u00fajtogat\u00f3 volt Magyarorsz\u00e1gon a h\u00e1bor\u00fa ut\u00e1n! \u00c9s csak kast\u00e9lyokra utaztak\u2026<\/p>\n<div id=\"attachment_1722\" style=\"width: 310px\" class=\"wp-caption alignright\"><a href=\"http:\/\/induljelegyuton.hu\/wp-content\/uploads\/DSC_0999.jpg\"><img loading=\"lazy\" decoding=\"async\" aria-describedby=\"caption-attachment-1722\" class=\"size-medium wp-image-1722\" alt=\"A Rend k\u00f6vek - a p\u00f6fetegek\" src=\"http:\/\/induljelegyuton.hu\/wp-content\/uploads\/DSC_0999-300x200.jpg\" width=\"300\" height=\"200\" srcset=\"https:\/\/induljelegyuton.hu\/wp-content\/uploads\/DSC_0999-300x200.jpg 300w, https:\/\/induljelegyuton.hu\/wp-content\/uploads\/DSC_0999-224x150.jpg 224w, https:\/\/induljelegyuton.hu\/wp-content\/uploads\/DSC_0999.jpg 850w\" sizes=\"auto, (max-width: 300px) 100vw, 300px\" \/><\/a><p id=\"caption-attachment-1722\" class=\"wp-caption-text\">A Rend k\u00f6vek &#8211; a p\u00f6fetegek<\/p><\/div>\n<p>A vigasztalann\u00e1 v\u00e1l\u00f3 id\u0151ben a Folt\u00e1n kereszt ir\u00e1ny\u00e1ba t\u00e9rt\u00fcnk le a dagony\u00e1ban. A v\u00e1rt Musli vad\u00e1szh\u00e1zn\u00e1l egy kis id\u0151re feledt\u00fck a nyirkot: a frissen \u00fajj\u00e1\u00e9p\u00edtett h\u00e1zik\u00f3ban m\u00e9rt forr\u00f3 te\u00e1b\u00f3l m\u00e9g repet\u00e1zni is lehetett, s k\u00f6zben besz\u00e9lgett\u00fcnk. K\u00edv\u00fcl, bel\u00fcl el\u00e1zva vett\u00fck a kanyart a Cs\u00f3v\u00e1nyos fel\u00e9 a keresztn\u00e9l, \u00e9s indultunk vissza a latyakos lejt\u0151k fel\u00e9. A sz\u00fcrkes\u00e9g, \u00e9s a teljes kimer\u00fclts\u00e9g f\u00e1sult er\u0151g\u00e9pp\u00e9 v\u00e1ltoztatott. Ha l\u00e1ttam volna a t\u00e9rk\u00e9pet, hol vagyunk, hogyan \u00e1llunk, meg\u00e1lltam volna ny\u00f6gni. Egyszer csak a Haramia-lyuk mellett t\u00e9rtem magamhoz. &#8211; \u00daristen m\u00e1r megint itt vagyok a tet\u0151n?! Nna, de innen m\u00e1r csak lefel\u00e9 lehet menni! \u2013 nyugtattam magam. A Hangy\u00e1s-b\u00e9rcn\u00e9l v\u00e1ratlan l\u00e1tv\u00e1nyoss\u00e1g d\u00f6bbentett meg minket: v\u00e9kony k\u00f6df\u00e1tyolon kereszt\u00fcl megpillantottuk a Napot! Ennyi sz\u00fcrke tocsog\u00e1s ut\u00e1n, ugye\u2026 Mint ha egy kis energia is el\u00e9rt volna hozz\u00e1nk. Az \u00c9g\u00e9s-tet\u0151n\u00e9l megkezdt\u00fck a \u201eNagy Lefel\u00e9t\u201d. Ez nekem m\u00e1r a \u201eminden mindegy, csak le\u00e9rjek\u201d- \u00e9rz\u00e9s volt. Itt, a s\u00e1rban tal\u00e1lkoztunk n\u00e9h\u00e1ny r\u00e9sztvev\u0151vel, akik a Folt\u00e1n keresztn\u00e9l fat\u00e1lis m\u00f3don elv\u00e9tett\u00e9k az ir\u00e1nyt\u2026 Egyik\u00fck m\u00e9gis elindult felfel\u00e9. \u00c1men \u2013 mondtuk. A Suta-berki-nyilad\u00e9k maga volt a f\u00e1jdalmas \u00f6r\u00f6kk\u00e9val\u00f3s\u00e1g, a Bajd\u00e1z\u00f3i-t\u00f3n\u00e1l m\u00e1r \u201elekapcsolt\u00e1k a villanyt\u201d, s a halastavakn\u00e1l m\u00e1r a n\u00e9ptelen \u0171rben k\u00e9pzeltem magunkat\u2026 M\u00e9g n\u00e9h\u00e1ny sz\u00e1z m\u00e9ter a m\u0171\u00faton \u00e9s\u2026 kutyaugat\u00e1s fogadott a Fatornyos Fogad\u00f3n\u00e1l. No, csak a hangja volt nagy, s bel\u00e9pt\u00fcnk megv\u00e1lt\u00e1sunk hely\u00e9re. Okleveleink \u00e9s kit\u0171z\u0151ink ut\u00e1n te\u00e1val a kez\u00fcnkben lerogytunk n\u00e9h\u00e1ny percre a nagy terem b\u0151rfoteljeibe. &#8211; H\u00e1t megcsin\u00e1ltuk! \u2013 mondtam \u00e9n csuromvizesen \u00e9s f\u00e1jdalmasan. Igaz, hogy a szint majdnem 400 m\u00e9terrel t\u00f6bb lett, s a kocsiig csoszogva a t\u00e1v 43 kilom\u00e9terre n\u0151tt, de m\u00e9g m\u0171k\u00f6d\u00f6k\u2026 Igen, a kocsiig a legrosszabb 200 m\u00e9ter k\u00f6vetkezett.<\/p>\n<p>K\u00f6sz\u00f6nj\u00fck a lehet\u0151s\u00e9get a nagy megm\u00e9rettet\u00e9sre!<\/p>\n<p align=\"right\">Hars\u00e1czki Gy\u00f6rgy<\/p>\n","protected":false},"excerpt":{"rendered":"<p>Sz\u00e1z \u00e9ves a B\u00f6rzs\u00f6nyben a s\u00edsport teljes\u00edtm\u00e9nyt\u00fara &nbsp; Ok\u00e9. \u2013 Ezt tal\u00e1ltam mondani v\u00e1laszul a 40 kilom\u00e9teres t\u00e1v \u201efelk\u00edn\u00e1l\u00e1s\u00e1ra\u201d. Ha nagyon elgondolkodtam volna rajta, mit v\u00e1lasztottam, tal\u00e1n vissza is vonom. Legal\u00e1bb t\u00edz \u00e9ve nem j\u00e1rtam ilyen nagyot\u2026 Rosszul viselt\u00fck \u2013 de meg\u00e9rtett\u00fck -, hogy csak 8 \u00f3r\u00e1ig lehetett indulni a \u2026 <a class=\"continue-reading-link\" href=\"https:\/\/induljelegyuton.hu\/?p=1716\"> Continue reading <span class=\"meta-nav\">&rarr; <\/span><\/a><\/p>\n","protected":false},"author":1,"featured_media":0,"comment_status":"open","ping_status":"open","sticky":false,"template":"","format":"standard","meta":{"ngg_post_thumbnail":0,"footnotes":""},"categories":[21,22],"tags":[520,642,639,641,645,644,640,647,643,646,638],"class_list":["post-1716","post","type-post","status-publish","format-standard","hentry","category-bakancsolas","category-magyarorszag","tag-520","tag-akos-bacsi-bufeje","tag-borzsony","tag-csovanyos","tag-harom-hanyas","tag-hever-gabi","tag-nagy-hideg-hegy","tag-nagy-mana-berc","tag-oltar-ko","tag-rend-kovek","tag-szaz-eves-a-sisport-a-borzsonyben"],"_links":{"self":[{"href":"https:\/\/induljelegyuton.hu\/index.php?rest_route=\/wp\/v2\/posts\/1716","targetHints":{"allow":["GET"]}}],"collection":[{"href":"https:\/\/induljelegyuton.hu\/index.php?rest_route=\/wp\/v2\/posts"}],"about":[{"href":"https:\/\/induljelegyuton.hu\/index.php?rest_route=\/wp\/v2\/types\/post"}],"author":[{"embeddable":true,"href":"https:\/\/induljelegyuton.hu\/index.php?rest_route=\/wp\/v2\/users\/1"}],"replies":[{"embeddable":true,"href":"https:\/\/induljelegyuton.hu\/index.php?rest_route=%2Fwp%2Fv2%2Fcomments&post=1716"}],"version-history":[{"count":8,"href":"https:\/\/induljelegyuton.hu\/index.php?rest_route=\/wp\/v2\/posts\/1716\/revisions"}],"predecessor-version":[{"id":1718,"href":"https:\/\/induljelegyuton.hu\/index.php?rest_route=\/wp\/v2\/posts\/1716\/revisions\/1718"}],"wp:attachment":[{"href":"https:\/\/induljelegyuton.hu\/index.php?rest_route=%2Fwp%2Fv2%2Fmedia&parent=1716"}],"wp:term":[{"taxonomy":"category","embeddable":true,"href":"https:\/\/induljelegyuton.hu\/index.php?rest_route=%2Fwp%2Fv2%2Fcategories&post=1716"},{"taxonomy":"post_tag","embeddable":true,"href":"https:\/\/induljelegyuton.hu\/index.php?rest_route=%2Fwp%2Fv2%2Ftags&post=1716"}],"curies":[{"name":"wp","href":"https:\/\/api.w.org\/{rel}","templated":true}]}}