{"id":16142,"date":"2023-10-27T21:23:09","date_gmt":"2023-10-27T19:23:09","guid":{"rendered":"http:\/\/induljelegyuton.hu\/?p=16142"},"modified":"2023-10-27T21:44:31","modified_gmt":"2023-10-27T19:44:31","slug":"varosfalak-loportorony-vetemenyes","status":"publish","type":"post","link":"https:\/\/induljelegyuton.hu\/?p=16142","title":{"rendered":"V\u00e1rosfalak, l\u0151portorony, vetem\u00e9nyes&#8230;"},"content":{"rendered":"\n<p><strong>Kelet-Ausztria egyik legteljesebben fennmaradt v\u00e1roser\u0151d\u00edt\u00e9se<\/strong><\/p>\n\n\n\n<figure class=\"wp-block-image size-large\"><a href=\"http:\/\/induljelegyuton.hu\/wp-content\/uploads\/20230802_140438.jpg\"><img loading=\"lazy\" decoding=\"async\" width=\"1024\" height=\"768\" src=\"http:\/\/induljelegyuton.hu\/wp-content\/uploads\/20230802_140438-1024x768.jpg\" alt=\"\" class=\"wp-image-16143\" srcset=\"https:\/\/induljelegyuton.hu\/wp-content\/uploads\/20230802_140438-1024x768.jpg 1024w, https:\/\/induljelegyuton.hu\/wp-content\/uploads\/20230802_140438-300x225.jpg 300w, https:\/\/induljelegyuton.hu\/wp-content\/uploads\/20230802_140438-768x576.jpg 768w, https:\/\/induljelegyuton.hu\/wp-content\/uploads\/20230802_140438-150x113.jpg 150w, https:\/\/induljelegyuton.hu\/wp-content\/uploads\/20230802_140438-200x150.jpg 200w, https:\/\/induljelegyuton.hu\/wp-content\/uploads\/20230802_140438.jpg 1200w\" sizes=\"auto, (max-width: 1024px) 100vw, 1024px\" \/><\/a><\/figure>\n\n\n\n<p>M\u00e1jus k\u00f6zep\u00e9n egy el\u00e9gg\u00e9 megterhel\u0151 b\u00e9csi sz\u00e1ll\u00edt\u00e1s ut\u00e1n igazi felfriss\u00fcl\u00e9sk\u00e9nt v\u00e1rtam a m\u00e1r t\u00f6bbsz\u00f6r megl\u00e1togatott Bruck an der Leith\u00e1t. A Harrachpark bej\u00e1rati kapuj\u00e1n\u00e1l \u00e1ll\u00f3 \u00e9lelmiszer\u00e1ruh\u00e1z parkol\u00f3j\u00e1ban \u00e1lltam meg, \u00e9s igyekeztem a lehet\u0151 leglassabban haladni a kast\u00e9lyparkban, min\u00e9l k\u00f6nnyebben \u00e1tadhassam magam nyugalomnak.<\/p>\n\n\n\n<p>Egy angolpark megteszi hat\u00e1s\u00e1t&#8230;<\/p>\n\n\n\n<p>A m\u00e1r \u00f6sszef\u00fcgg\u0151 lombkoron\u00e1k ny\u00fajtotta \u00e1rny\u00e9k, a csend, a finom z\u00f6ld \u00e1rnyalatok, a meleg lassan megtett\u00e9k hat\u00e1sukat. A m\u00e1rciusban m\u00e9g komor vid\u00e9ki angol kast\u00e9ly arc\u00e1t mutat\u00f3 Prugg-kast\u00e9ly eg\u00e9sz vid\u00e1m benyom\u00e1st keltett bord\u00f3ra festett falaival. Lassan \u00e1ts\u00e9t\u00e1ltam a Lajta-\u00e1gakkal \u00e1tsz\u0151tt, burj\u00e1nz\u00f3 \u00e9s k\u00fcl\u00f6nleges f\u00e1kat is felvonultat\u00f3 angolparkon, majd a Schlossm\u00fchlgass\u00e9n (Kast\u00e9lymalom utca) \u00e9s egy gyalogos sik\u00e1toron \u00e1t a Prugg-kast\u00e9ly kapuj\u00e1hoz \u00e9rtem. Innen indult febru\u00e1rban a v\u00e1roska izgalmas felfedez\u00e9se.<\/p>\n\n\n\n<p>A Prugg elnevez\u00e9s 1242-ben t\u0171nt fel korabeli feljegyz\u00e9sekben, de akkor m\u00e9g v\u00edziv\u00e1rk\u00e9nt, amelyet a 18. sz\u00e1zad elej\u00e9n k\u00e9nyelmesebb kast\u00e9lly\u00e1 \u00e9p\u00edtettek \u00e1t. A Harrach csal\u00e1d m\u00e1r a 16. sz\u00e1zadban megszerezte, \u00e9s az\u00f3ta is az \u0151 birtokuk. Kicsit elhanyagolt \u00e1llapot\u00fa, \u00e1m most ezen val\u00f3sz\u00edn\u0171leg v\u00e1ltoztatnak, mert nagy mennyis\u00e9g\u0171 \u201elapraszerelt\u201d \u00e1llv\u00e1nyzatot halmoztak fel a falak t\u00f6v\u00e9ben. A v\u00e1r k\u00e9t robusztus tornya k\u00f6z\u00fcl, a d\u00e9lkeletit oldalit meghagyt\u00e1k k\u00f6z\u00e9pkori daraboss\u00e1g\u00e1ban, m\u00edg az \u00e9szaknyugatit el\u0151bb barokk, majd romantikus st\u00edlus m\u00e1z\u00e1val \u201eburkolt\u00e1k be\u201d.<\/p>\n\n\n\n<figure class=\"wp-block-image size-large\"><a href=\"http:\/\/induljelegyuton.hu\/wp-content\/uploads\/DSC_1011.jpg\"><img loading=\"lazy\" decoding=\"async\" width=\"1024\" height=\"684\" src=\"http:\/\/induljelegyuton.hu\/wp-content\/uploads\/DSC_1011-1024x684.jpg\" alt=\"\" class=\"wp-image-16144\" srcset=\"https:\/\/induljelegyuton.hu\/wp-content\/uploads\/DSC_1011-1024x684.jpg 1024w, https:\/\/induljelegyuton.hu\/wp-content\/uploads\/DSC_1011-300x201.jpg 300w, https:\/\/induljelegyuton.hu\/wp-content\/uploads\/DSC_1011-768x513.jpg 768w, https:\/\/induljelegyuton.hu\/wp-content\/uploads\/DSC_1011-150x100.jpg 150w, https:\/\/induljelegyuton.hu\/wp-content\/uploads\/DSC_1011-224x150.jpg 224w, https:\/\/induljelegyuton.hu\/wp-content\/uploads\/DSC_1011.jpg 1200w\" sizes=\"auto, (max-width: 1024px) 100vw, 1024px\" \/><\/a><\/figure>\n\n\n\n<p><strong>ngg_shortcode_0_placeholder<\/strong><\/p>\n\n\n\n<p>M\u00e1r ezer \u00e9ve k\u00f6r\u00fclker\u00edtett\u00e9k magukat!<\/p>\n\n\n\n<p>A v\u00e1rosban m\u00e1r a kapu k\u00f6zel\u00e9ben is \u00e1llnak 18. sz\u00e1zadi \u00e9p\u00fcletek, a v\u00e1rosi k\u00f6zleked\u00e9s k\u00f6zben megpillantott k\u00f6z\u00e9pkori v\u00e1rosfalakr\u00f3l nem is besz\u00e9lve, \u00edgy s\u00e9t\u00e1m m\u00e1sodik fel\u00e9ben a v\u00e1roser\u0151d\u00edt\u00e9seket vettem c\u00e9lba. Tulajdonk\u00e9ppen egy k\u00f6rt tesz az ember, csak sosem tudhatja, hogy a n\u00e9hai falak a k\u00f6r k\u00fcls\u0151 \u00edv\u00e9r\u0151l, vagy a bels\u0151 \u00edv\u00e9r\u0151l l\u00e1that\u00f3ak&#8230;<\/p>\n\n\n\n<p>A nyomjaikban ma is l\u00e1that\u00f3 er\u0151d\u00edt\u00e9sek \u2013 n\u00e9gy kapu, a v\u00e9d\u0151tornyok \u00e9s a v\u00e1ros\u00e1rok \u2013 1200 k\u00f6r\u00fcl \u00e9p\u00fclhettek, de Bruck an der Leitha val\u00f3sz\u00edn\u0171leg m\u00e1r 1000 k\u00f6r\u00fcl fallal v\u00e9dett telep\u00fcl\u00e9s volt! 1239-b\u0151l sz\u00e1rmaz\u00f3 iraton eml\u00edtik v\u00e1rosk\u00e9nt, amelynek k\u00f6zep\u00e9n a Szenth\u00e1roms\u00e1g pl\u00e9b\u00e1niatemplom \u00e1llt, amelynek torny\u00e1n ma is felfedezhet\u0151ek a l\u0151r\u00e9sei, mivel az egy 1000 \u00e9ves v\u00e1rostorony!<\/p>\n\n\n\n<figure class=\"wp-block-image size-medium\"><a href=\"http:\/\/induljelegyuton.hu\/wp-content\/uploads\/belvaros-terkep.jpg\"><img loading=\"lazy\" decoding=\"async\" width=\"300\" height=\"275\" src=\"http:\/\/induljelegyuton.hu\/wp-content\/uploads\/belvaros-terkep-300x275.jpg\" alt=\"\" class=\"wp-image-16145\" srcset=\"https:\/\/induljelegyuton.hu\/wp-content\/uploads\/belvaros-terkep-300x275.jpg 300w, https:\/\/induljelegyuton.hu\/wp-content\/uploads\/belvaros-terkep-1024x937.jpg 1024w, https:\/\/induljelegyuton.hu\/wp-content\/uploads\/belvaros-terkep-768x703.jpg 768w, https:\/\/induljelegyuton.hu\/wp-content\/uploads\/belvaros-terkep-150x137.jpg 150w, https:\/\/induljelegyuton.hu\/wp-content\/uploads\/belvaros-terkep-164x150.jpg 164w, https:\/\/induljelegyuton.hu\/wp-content\/uploads\/belvaros-terkep.jpg 1200w\" sizes=\"auto, (max-width: 300px) 100vw, 300px\" \/><\/a><\/figure>\n\n\n\n<p>A legr\u00e9gebbi telep\u00fcl\u00e9sr\u00e9sz d\u00e9lnyugaton volt, ehhez k\u00e9pest m\u00e1r az akkori k\u00fclv\u00e1ros m\u00e9retei \u00e9s elhelyezked\u00e9se hat\u00e1rozta meg a kett\u0151s, 8,5 m\u00e9ter magas v\u00e1rosfalakat. A kapuk, az Ungartor, a Kirchentor, a Wiener Tor \u00e9s a Hainburger Tor a Neustadt (\u00dajv\u00e1ros) k\u00f6r\u00fcl \u00e9p\u00fcltek. A v\u00e1rosfalakat a 15. sz\u00e1zadban meger\u0151s\u00edtett\u00e9k, majd a t\u00f6r\u00f6k fenyeget\u00e9s miatt a 16-17. sz\u00e1zadban is. Akkor el\u0151\u00f6rsk\u00e9nt kerek b\u00e1sty\u00e1kat \u00e9s tornyokat, amelyek ma is l\u00e1tszanak.<\/p>\n\n\n\n<figure class=\"wp-block-image size-medium\"><a href=\"http:\/\/induljelegyuton.hu\/wp-content\/uploads\/DSC_0995.jpg\"><img loading=\"lazy\" decoding=\"async\" width=\"300\" height=\"201\" src=\"http:\/\/induljelegyuton.hu\/wp-content\/uploads\/DSC_0995-300x201.jpg\" alt=\"\" class=\"wp-image-16147\" srcset=\"https:\/\/induljelegyuton.hu\/wp-content\/uploads\/DSC_0995-300x201.jpg 300w, https:\/\/induljelegyuton.hu\/wp-content\/uploads\/DSC_0995-1024x684.jpg 1024w, https:\/\/induljelegyuton.hu\/wp-content\/uploads\/DSC_0995-768x513.jpg 768w, https:\/\/induljelegyuton.hu\/wp-content\/uploads\/DSC_0995-150x100.jpg 150w, https:\/\/induljelegyuton.hu\/wp-content\/uploads\/DSC_0995-224x150.jpg 224w, https:\/\/induljelegyuton.hu\/wp-content\/uploads\/DSC_0995.jpg 1200w\" sizes=\"auto, (max-width: 300px) 100vw, 300px\" \/><\/a><\/figure>\n\n\n\n<p>A Magyar toronyt\u00f3l a Magyar Koron\u00e1ig<\/p>\n\n\n\n<p>Az els\u0151 \u00fatba es\u0151 objektum az Ungarturm (Magyar-torony) volt a Hessgasse sark\u00e1n. A z\u00e1rt komor \u201ehas\u00e1bban\u201d napjainkban a v\u00e1rosi ki\u00e1ll\u00edt\u00e1s (szerintem magyarul: helyt\u00f6rt\u00e9neti gy\u0171jtem\u00e9ny) l\u00e1that\u00f3. A torony mellett ny\u00edl\u00f3 kaput (ahol ma az \u00fat halad) 1820-ben bontott\u00e1k le. A torony helyzet\u00e9b\u0151l arra k\u00f6vetkeztettem, hogy a Stuchsengass\u00e9n haladva a bal oldalon rejt\u0151zik a h\u00e1zhomlokzatok m\u00f6g\u00f6tt valahol.<\/p>\n\n\n\n<p>K\u00f6r\u00fclbel\u00fcl 150 m\u00e9terre j\u00f6tt a k\u00f6vetkez\u0151 r\u00e9szlet: az utca k\u00e9t oldal\u00e1n legal\u00e1bb 8 m\u00e9ter magass\u00e1gban, a tet\u0151gerincek magass\u00e1g\u00e1ban. Ha ott nem volt kapu, akkor bizony itt az utca sz\u00e9less\u00e9g\u00e9ben egyszer\u0171en lebontott\u00e1k a falat.<\/p>\n\n\n\n<p>\u00c9s egyb\u0151l j\u00f6tt a tal\u00e1ny: mi l\u00e1that\u00f3 ebb\u0151l a szakaszb\u00f3l a k\u00fcls\u0151 utc\u00e1r\u00f3l? A Leithag\u00fcrtel (Lajta\u00f6v) utca n\u00e9h\u00e1ny ker\u00edt\u00e9s\u00e9t\u0151l a telek bels\u0151 oldal\u00e1n magasan l\u00e1tsz\u00f3dtak a falak, \u00e1m t\u00f6bbnyire f\u00e1k, bokrok, vadsz\u0151l\u0151, egyebek takart\u00e1k. Egy udvar eset\u00e9ben le lehetett fot\u00f3zni. Nemhogy \u00e1llt a fal, de l\u0151r\u00e9sek ny\u00edltak rajta, a tetej\u00e9n pedig m\u00e9g a v\u00e9d\u0151cserepek is l\u00e1tsz\u00f3dtak! (A v\u00e1ros v\u00e9d\u0151\u00e1rk\u00e1t, amelynek egy r\u00e9sze vizes\u00e1rok volt, 1850 k\u00f6r\u00fcl kezdt\u00e9k betemetni \u00e9s kertek telep\u00fcltek a hely\u00e9re.)<\/p>\n\n\n\n<figure class=\"wp-block-image size-medium\"><a href=\"http:\/\/induljelegyuton.hu\/wp-content\/uploads\/DSC_0171-1.jpg\"><img loading=\"lazy\" decoding=\"async\" width=\"300\" height=\"200\" src=\"http:\/\/induljelegyuton.hu\/wp-content\/uploads\/DSC_0171-1-300x200.jpg\" alt=\"\" class=\"wp-image-16149\" srcset=\"https:\/\/induljelegyuton.hu\/wp-content\/uploads\/DSC_0171-1-300x200.jpg 300w, https:\/\/induljelegyuton.hu\/wp-content\/uploads\/DSC_0171-1-1024x684.jpg 1024w, https:\/\/induljelegyuton.hu\/wp-content\/uploads\/DSC_0171-1-768x513.jpg 768w, https:\/\/induljelegyuton.hu\/wp-content\/uploads\/DSC_0171-1-150x100.jpg 150w, https:\/\/induljelegyuton.hu\/wp-content\/uploads\/DSC_0171-1-225x150.jpg 225w, https:\/\/induljelegyuton.hu\/wp-content\/uploads\/DSC_0171-1.jpg 1200w\" sizes=\"auto, (max-width: 300px) 100vw, 300px\" \/><\/a><\/figure>\n\n\n\n<p>Egy\u00e9bk\u00e9nt a Leithag\u00fcrtel itt kanyarodott a Lajta-csatorna h\u00eddj\u00e1ra, mellette pedig a Bruckm\u00fchlpark ny\u00edlott. Malom \u00e1llhatott egykor a hely\u00e9n. A t\u00fals\u00f3, magyar oldalon valamikor Kir\u00e1lyhida kezd\u0151d\u00f6tt, de m\u00e1r \u00f6sszeolvadt Bruckkal. A csatornaparton ma is \u00e1ll a Magyar korona sz\u00e1ll\u00f3.<\/p>\n\n\n\n<p>A Templom kaput\u00f3l a visszaadott v\u00e1ros\u00e1rkon \u00e1t a B\u00e9csi toronyig<\/p>\n\n\n\n<p>Folytattam a k\u00f6rt. A Raiffeisen t\u00e9r ut\u00e1n a F\u0151t\u00e9r fel\u00e9 tartottam, ahol a k\u00f6vezeten tal\u00e1ltam a k\u00f6vetkez\u0151 l\u00e1tnival\u00f3kat. A Zwingermauer (\u00f6regtorony fal) alapja vil\u00e1gosabb k\u0151b\u0151l volt kirakva a j\u00e1r\u00f3fel\u00fcleten. Mivel most is itt fut a Kirchengasse, itt lehetett a Kirchen Tor, a Templom-kapu, amely 1850-ben v\u00e1lt bont\u00f3kalap\u00e1csok \u00e1ldozat\u00e1v\u00e1. Az els\u0151 keresztutc\u00e1ban l\u00e1thattam egy j\u00f3 20 m\u00e9teres, j\u00f3 \u00e1llapot\u00fa szakaszt, amely egy kis parkol\u00f3ra n\u00e9zett.<\/p>\n\n\n\n<figure class=\"wp-block-image size-medium\"><a href=\"http:\/\/induljelegyuton.hu\/wp-content\/uploads\/DSC_0178.jpg\"><img loading=\"lazy\" decoding=\"async\" width=\"300\" height=\"200\" src=\"http:\/\/induljelegyuton.hu\/wp-content\/uploads\/DSC_0178-300x200.jpg\" alt=\"\" class=\"wp-image-16150\" srcset=\"https:\/\/induljelegyuton.hu\/wp-content\/uploads\/DSC_0178-300x200.jpg 300w, https:\/\/induljelegyuton.hu\/wp-content\/uploads\/DSC_0178-1024x684.jpg 1024w, https:\/\/induljelegyuton.hu\/wp-content\/uploads\/DSC_0178-768x513.jpg 768w, https:\/\/induljelegyuton.hu\/wp-content\/uploads\/DSC_0178-150x100.jpg 150w, https:\/\/induljelegyuton.hu\/wp-content\/uploads\/DSC_0178-225x150.jpg 225w, https:\/\/induljelegyuton.hu\/wp-content\/uploads\/DSC_0178.jpg 1200w\" sizes=\"auto, (max-width: 300px) 100vw, 300px\" \/><\/a><\/figure>\n\n\n\n<p>Biztosan tudtam, hogy merre fut tov\u00e1bb a v\u00e1rosfal, \u00edgy a Raiffeiseng\u00fcrtelre kanyarodtam. N\u00e9h\u00e1ny \u00e9p\u00fcletet elhagyva kertek k\u00f6vetkeztek, amelyek lassan m\u00e9lyebben helyezkedtek el, mint a \u201ek\u00f6r\u00fat\u201d \u00e9s egyre jobban is l\u00e1tsz\u00f3dtak. Erre egy csom\u00f3 csal\u00e1dnak van saj\u00e1t k\u00f6z\u00e9pkori v\u00e1rosfala..! A magas, de megt\u00e9p\u00e1zott tetej\u0171 v\u00e1rosfal innen legal\u00e1bb 250 m\u00e9ter hosszan l\u00e1that\u00f3! A \u201ek\u00f6r\u00fat\u201d \u00e9s a fal k\u00f6z\u00f6tt megjelent a n\u00e9hai v\u00e1ros\u00e1rok \u2013 a j\u00e1rdaszint 4-5 m\u00e9terrel fentebb fut. Tal\u00e1n direkt haszn\u00e1ltak \u00e1tl\u00e1tsz\u00f3 plexit korl\u00e1tnak. 60 m\u00e9ter hosszan m\u00e9g sz\u00e1mos fa lombja nehez\u00edti az \u00e1tl\u00e1that\u00f3s\u00e1got, de azt\u00e1n felt\u0171nt a Pulverturm, a L\u0151portorony, \u00e9s onnant\u00f3l a v\u00e1rosfal teljes \u201epomp\u00e1j\u00e1ban\u201d t\u0171nik fel, k\u00f6zel k\u00e9tsz\u00e1z m\u00e9teren kereszt\u00fcl.<\/p>\n\n\n\n<figure class=\"wp-block-image size-large\"><a href=\"http:\/\/induljelegyuton.hu\/wp-content\/uploads\/DSC_0198-1.jpg\"><img loading=\"lazy\" decoding=\"async\" width=\"1024\" height=\"684\" src=\"http:\/\/induljelegyuton.hu\/wp-content\/uploads\/DSC_0198-1-1024x684.jpg\" alt=\"\" class=\"wp-image-16151\" srcset=\"https:\/\/induljelegyuton.hu\/wp-content\/uploads\/DSC_0198-1-1024x684.jpg 1024w, https:\/\/induljelegyuton.hu\/wp-content\/uploads\/DSC_0198-1-300x200.jpg 300w, https:\/\/induljelegyuton.hu\/wp-content\/uploads\/DSC_0198-1-768x513.jpg 768w, https:\/\/induljelegyuton.hu\/wp-content\/uploads\/DSC_0198-1-150x100.jpg 150w, https:\/\/induljelegyuton.hu\/wp-content\/uploads\/DSC_0198-1-225x150.jpg 225w, https:\/\/induljelegyuton.hu\/wp-content\/uploads\/DSC_0198-1.jpg 1200w\" sizes=\"auto, (max-width: 1024px) 100vw, 1024px\" \/><\/a><\/figure>\n\n\n\n<p>A t\u00fals\u00f3 j\u00e1rd\u00e1n k\u00f6zben elsurrant egy nyurga afro l\u00e1ny g\u00f6rkorcsoly\u00e1val, el\u0151ttem egy fekete haj\u00fa kisfi\u00fa bandukolt egy burk\u00e1s, kend\u0151s n\u0151 mellett, aki tal\u00e1n az anyuk\u00e1ja volt&#8230;<\/p>\n\n\n\n<p>A sz\u00e9les v\u00e1ros\u00e1rokba el\u0151sz\u00f6r egy tetszet\u0151s mag\u00e1n-r\u00f3zsakertben gy\u00f6ny\u00f6rk\u00f6dhettem, \u00e1m az \u00e1rok ezut\u00e1n k\u00f6zter\u00fcletk\u00e9nt folytat\u00f3dott gy\u00fcm\u00f6lcsf\u00e1kkal, fat\u00f6rzs j\u00e1t\u00e9kokkal \u2013 f\u00fcves pihen\u0151parkk\u00e9nt, gyermekrendezv\u00e9nyt\u00e9rk\u00e9nt hasznos\u00edtott\u00e1k. Akkor is gyerekek j\u00e1tszottak sorversenyt. A ter\u00fcletet 2020-ban adt\u00e1k \u00e1t, miut\u00e1n a polg\u00e1rmester t\u00edz \u00e9v alatt megszerezte a t\u00f6rt\u00e9nelmi ter\u00fclet ingatlanjait, hogy k\u00f6zter\u00fcletk\u00e9nt \u00e1tadhassa&#8230;<\/p>\n\n\n\n<figure class=\"wp-block-image size-medium\"><a href=\"http:\/\/induljelegyuton.hu\/wp-content\/uploads\/DSC_0206.jpg\"><img loading=\"lazy\" decoding=\"async\" width=\"200\" height=\"300\" src=\"http:\/\/induljelegyuton.hu\/wp-content\/uploads\/DSC_0206-200x300.jpg\" alt=\"\" class=\"wp-image-16152\" srcset=\"https:\/\/induljelegyuton.hu\/wp-content\/uploads\/DSC_0206-200x300.jpg 200w, https:\/\/induljelegyuton.hu\/wp-content\/uploads\/DSC_0206-684x1024.jpg 684w, https:\/\/induljelegyuton.hu\/wp-content\/uploads\/DSC_0206-768x1151.jpg 768w, https:\/\/induljelegyuton.hu\/wp-content\/uploads\/DSC_0206-100x150.jpg 100w, https:\/\/induljelegyuton.hu\/wp-content\/uploads\/DSC_0206.jpg 801w\" sizes=\"auto, (max-width: 200px) 100vw, 200px\" \/><\/a><\/figure>\n\n\n\n<p>Itt bizony kett\u0151s v\u00e1rosfalat fedeztem f\u00f6l \u2013 egy k\u00fcls\u0151 alacsonyabbat \u00e9s egy bels\u0151 magasat. A falk\u00f6zben h\u00e1rom kis h\u00e1zacska ma is fennmaradt. A hossz\u00fa falszakasz egy a fals\u00edkb\u00f3l kiugr\u00f3 csonka toronyn\u00e1l \u00e9rt v\u00e9get, de m\u00e1r l\u00e1that\u00f3 volt az eddigi tornyokhoz hasonl\u00f3 g\u00fala-tet\u0151. A Wiener Turm (B\u00e9csi torony) egykor a B\u00e9csi-kapuhoz tartozott, \u00e1m azt is lebontott\u00e1k 1885-ben. Itt alkalmank\u00e9nt rendeznek ki\u00e1ll\u00edt\u00e1sokat. A Wienergasse sark\u00e1r\u00f3l m\u00e1r j\u00f3l l\u00e1that\u00f3, balr\u00f3l \u00e9rdekes, k\u00f6z\u00e9pkori eredet\u0171, barokkos homlokzat\u00fa h\u00e1zak kapcsol\u00f3dnak hozz\u00e1.<\/p>\n\n\n\n<figure class=\"wp-block-image size-large\"><a href=\"http:\/\/induljelegyuton.hu\/wp-content\/uploads\/20230802_142701.jpg\"><img loading=\"lazy\" decoding=\"async\" width=\"1024\" height=\"768\" src=\"http:\/\/induljelegyuton.hu\/wp-content\/uploads\/20230802_142701-1024x768.jpg\" alt=\"\" class=\"wp-image-16154\" srcset=\"https:\/\/induljelegyuton.hu\/wp-content\/uploads\/20230802_142701-1024x768.jpg 1024w, https:\/\/induljelegyuton.hu\/wp-content\/uploads\/20230802_142701-300x225.jpg 300w, https:\/\/induljelegyuton.hu\/wp-content\/uploads\/20230802_142701-768x576.jpg 768w, https:\/\/induljelegyuton.hu\/wp-content\/uploads\/20230802_142701-150x113.jpg 150w, https:\/\/induljelegyuton.hu\/wp-content\/uploads\/20230802_142701-200x150.jpg 200w, https:\/\/induljelegyuton.hu\/wp-content\/uploads\/20230802_142701.jpg 1200w\" sizes=\"auto, (max-width: 1024px) 100vw, 1024px\" \/><\/a><\/figure>\n\n\n\n<p>A bels\u0151 oldal \u00e9s a templom katakomba szentjei<\/p>\n\n\n\n<p>\u00c9n k\u00edv\u00e1ncsi voltam a leghosszabb \u00f6sszef\u00fcgg\u0151 falszakasz m\u00e1sik oldal\u00e1ra is, \u00edgy Tegetthoffgass\u00e9be fordultam be. Bar\u00e1ts\u00e1gos, \u00f3don barokk kapuzatok el\u0151tt s\u00e9t\u00e1ltam el, de a fal koron\u00e1ja csak egyetlen udvar felett t\u0171nt f\u00f6l. A sarkon igazi \u00e9rdekess\u00e9g v\u00e1rt r\u00e1m: egy r\u00e9gi, furcs\u00e1n meg\u00e9p\u00edtett \u201efelem\u00e1s\u201d kapu egy kiugr\u00f3 erk\u00e9llyel kombin\u00e1lva. A vele szemben \u00e1ll\u00f3 h\u00e1z a v\u00e1ros egyik kiemelt l\u00e1tnival\u00f3ja, A Barokk h\u00e1z. A volut\u00e1kkal, szoborf\u00fclk\u00e9vel \u00e9s a kapu f\u00f6l\u00f6tt faragott relieffel d\u00edsz\u00edtett h\u00e1zacska 1754-ben \u00e9p\u00fclt.<\/p>\n\n\n\n<p>Gyorsan el\u00e9rtem az utc\u00e1ra mer\u0151leges s\u00e9t\u00e1l\u00f3utc\u00e1t, a Kirchegass\u00e9t, amelyre m\u00f3dosabb, \u00e1m jobban \u00e1t\u00e9p\u00edtett r\u00e9gi polg\u00e1rh\u00e1zak n\u00e9znek. Itt a boltok k\u00f6z\u00f6tt elhaladva t\u00f6bb helyen hallottam magyar sz\u00f3t. K\u00e9t, a k\u00f6z\u00e9pkort id\u00e9z\u0151 boltozatos t\u00e1m\u00edv alatt \u00e9rtem a F\u0151t\u00e9rre. A k\u00f6zelben \u00e1ll\u00f3 M\u00e1ria-oszlopot 1707-ben \u00e1ll\u00edttatt\u00e1k kegyeletb\u0151l, a Szenth\u00e1roms\u00e1g \u00e9s pestis-oszlopot pedig h\u00e1l\u00e1b\u00f3l a t\u00f6r\u00f6k\u00f6kt\u0151l \u00e9s a pestist\u0151l val\u00f3 megszabadul\u00e1s\u00e9rt.<\/p>\n\n\n\n<figure class=\"wp-block-image size-medium\"><a href=\"http:\/\/induljelegyuton.hu\/wp-content\/uploads\/DSC_0229-1.jpg\"><img loading=\"lazy\" decoding=\"async\" width=\"300\" height=\"200\" src=\"http:\/\/induljelegyuton.hu\/wp-content\/uploads\/DSC_0229-1-300x200.jpg\" alt=\"\" class=\"wp-image-16155\" srcset=\"https:\/\/induljelegyuton.hu\/wp-content\/uploads\/DSC_0229-1-300x200.jpg 300w, https:\/\/induljelegyuton.hu\/wp-content\/uploads\/DSC_0229-1-1024x684.jpg 1024w, https:\/\/induljelegyuton.hu\/wp-content\/uploads\/DSC_0229-1-768x513.jpg 768w, https:\/\/induljelegyuton.hu\/wp-content\/uploads\/DSC_0229-1-150x100.jpg 150w, https:\/\/induljelegyuton.hu\/wp-content\/uploads\/DSC_0229-1-225x150.jpg 225w, https:\/\/induljelegyuton.hu\/wp-content\/uploads\/DSC_0229-1.jpg 1200w\" sizes=\"auto, (max-width: 300px) 100vw, 300px\" \/><\/a><\/figure>\n\n\n\n<p>Gondoltam, hogy a templom is tartogathat meglepet\u00e9seket. Bent nem der\u00fclt volna ki az, hogy a k\u00f6zvetlen\u00fcl t\u00f6r\u00f6k\u00f6k ki\u0171z\u00e9se ut\u00e1n emelt 53 m\u00e9ter magas templomtorny\u00e1t a k\u00f6z\u00e9pkori v\u00e1rostorony \u201eadta\u201d. Bent kellemes h\u0171v\u00f6s fogadott, \u00e9s m\u00edg lassan k\u00f6rbes\u00e9t\u00e1ltam k\u00e9t \u00fan. katakombaszentet tal\u00e1ltam. Mondjuk, az egyik nem eg\u00e9szen az, mert az \u00fcvegezett szarkof\u00e1g nem tartalmaz emberi maradv\u00e1nyokat, csak egy szobrot. A m\u00e1sik viszont igen \u00e9s a Szent Theodorus nevet kapta. A 16-19. sz\u00e1zadban a r\u00f3mai katakomb\u00e1kb\u00f3l nagy sz\u00e1mban hurcolt\u00e1k sz\u00e9t a kora kereszt\u00e9ny id\u0151kben eltemetett ismeretlen emberek csontjait, csontv\u00e1zait, hogy azt\u00e1n mint szentek maradv\u00e1nyait mutass\u00e1k be aranyozva, dr\u00e1gak\u00f6vekkel d\u00edsz\u00edtve, gazdagon be\u00f6lt\u00f6ztetve, \u00e9s ezzel emelt\u00e9k a templom \u201ef\u00e9ny\u00e9t\u201d.<\/p>\n\n\n\n<figure class=\"wp-block-image size-medium\"><a href=\"http:\/\/induljelegyuton.hu\/wp-content\/uploads\/DSC_0242.jpg\"><img loading=\"lazy\" decoding=\"async\" width=\"300\" height=\"200\" src=\"http:\/\/induljelegyuton.hu\/wp-content\/uploads\/DSC_0242-300x200.jpg\" alt=\"\" class=\"wp-image-16156\" srcset=\"https:\/\/induljelegyuton.hu\/wp-content\/uploads\/DSC_0242-300x200.jpg 300w, https:\/\/induljelegyuton.hu\/wp-content\/uploads\/DSC_0242-1024x684.jpg 1024w, https:\/\/induljelegyuton.hu\/wp-content\/uploads\/DSC_0242-768x513.jpg 768w, https:\/\/induljelegyuton.hu\/wp-content\/uploads\/DSC_0242-150x100.jpg 150w, https:\/\/induljelegyuton.hu\/wp-content\/uploads\/DSC_0242-225x150.jpg 225w, https:\/\/induljelegyuton.hu\/wp-content\/uploads\/DSC_0242.jpg 1200w\" sizes=\"auto, (max-width: 300px) 100vw, 300px\" \/><\/a><\/figure>\n\n\n\n<p>A templom 1710-ben \u00e9p\u00edtett, \u00e9s k\u00e9s\u0151bb b\u0151v\u00edtett gy\u00f6ny\u00f6r\u0171 orgon\u00e1j\u00e1t szobrokkal is d\u00edsz\u00edtett\u00e9k. A f\u0151 szobrot a tetej\u00e9n lentr\u0151l alig l\u00e1tni, \u00e1m az orgonakarzatot tart\u00f3 sz\u00e1rnyas angyalt igen, \u00edgy az zsebeli be a bab\u00e9rokat, nem fenn D\u00e1vid kir\u00e1ly&#8230;<\/p>\n\n\n\n<p>A F\u0151t\u00e9r \u00e9s a Haimburgi kapu t\u00e1j\u00e1n&#8230;<\/p>\n\n\n\n<p>A templom tornya t\u00f6v\u00e9ben a f\u00e1kt\u00f3l j\u00f3t\u00e9konyan eltakart szovjet eml\u00e9km\u0171 b\u00fajk\u00e1l&#8230; Fenntart\u00e1s\u00e1\u00e9rt \u201efelel\u0151s az \u00f6nkorm\u00e1nyzat\u201d&#8230; Az el\u0151tte \u00e1ll\u00f3, karbantartott els\u0151 vil\u00e1gh\u00e1bor\u00fas eml\u00e9km\u0171re m\u00e1r z\u00e1porozik a naps\u00fct\u00e9s \u2013 obeliszkj\u00e9n szerepel a Prugg-kast\u00e9ly kifejez\u00e9s&#8230;A t\u00e9r ezen f\u00f3kuszpontj\u00e1ban egy kedves Schubert-eml\u00e9km\u0171 \u00e9s v\u00e1rosk\u00fat, a R\u00f6hrbrunnen medenc\u00e9je tal\u00e1lhat\u00f3. Ez ut\u00f3bbi biztos\u00edtotta a r\u00e9gi korokban az iv\u00f3vizet \u00e9s a t\u0171zolt\u00f3vizet.<\/p>\n\n\n\n<p><strong>ngg_shortcode_1_placeholder<\/strong><\/p>\n\n\n\n<p><strong>ngg_shortcode_2_placeholder<\/strong><\/p>\n\n\n\n<p>Innen a Schulgass\u00e9n \u00e1t ism\u00e9t metszettem a v\u00e1rosfalat. Itt tal\u00e1n mind\u00f6ssze \u00e1tt\u00f6rt\u00e9k a falat \u2013 se kapu, \u00e9s tal\u00e1n torony sem \u00e1llt, de egy \u00e9k alakban kiugr\u00f3 falszakasz p\u00e1r, \u0151rtornyot tart\u00f3 konzollal igen. Ha j\u00f3l olvastam a t\u00e1bl\u00e1t, szurok\u00f6nt\u0151 ny\u00edl\u00e1ssal megsp\u00e9kelve. Kintr\u0151l t\u00f6bb porta udvar\u00e1nak, kertj\u00e9nek v\u00e9g\u00e9ben l\u00e1that\u00f3 a v\u00e1rosfal, \u00edgy bel\u00fclr\u0151l is v\u00e9gigellen\u0151riztem, mit l\u00e1tni. V\u00e9gigsiettem a Raaber Gass\u00e9n, \u00e9s sz\u00e1mos helyen j\u00f3l l\u00e1tni a falakat, amint kertek v\u00e9g\u00e9ben 8 m\u00e9teres magass\u00e1gba emelkedik. Az utca k\u00f6zep\u00e9n, a 20-as sz\u00e1m alatt a lak\u00e1sok ajt\u00f3i rendhagy\u00f3 m\u00f3don a k\u00f6z\u00e9pkori falon ny\u00edltak \u00e9s maga a lak\u00f3\u00e9p\u00fclet a v\u00e1rosfalon k\u00edv\u00fcl helyezkedett el. A 10-es sz\u00e1m\u00fa t\u00e1rsash\u00e1z udvara nyitva \u00e1llt el\u0151ttem \u2013 beljebb mer\u00e9szkedve sok z\u00e1rt porta m\u00f6g\u00f6tti falszakaszt l\u00e1thattam. Val\u00f3ban megvan a r\u00e9gi falak 80%-a \u2013 ahol nem l\u00e1tni, ott is legal\u00e1bb ilyen ar\u00e1nyban fordulhat el\u0151&#8230;<\/p>\n\n\n\n<figure class=\"wp-block-image size-large\"><a href=\"http:\/\/induljelegyuton.hu\/wp-content\/uploads\/20230802_140954.jpg\"><img loading=\"lazy\" decoding=\"async\" width=\"1024\" height=\"768\" src=\"http:\/\/induljelegyuton.hu\/wp-content\/uploads\/20230802_140954-1024x768.jpg\" alt=\"\" class=\"wp-image-16157\" srcset=\"https:\/\/induljelegyuton.hu\/wp-content\/uploads\/20230802_140954-1024x768.jpg 1024w, https:\/\/induljelegyuton.hu\/wp-content\/uploads\/20230802_140954-300x225.jpg 300w, https:\/\/induljelegyuton.hu\/wp-content\/uploads\/20230802_140954-768x576.jpg 768w, https:\/\/induljelegyuton.hu\/wp-content\/uploads\/20230802_140954-150x113.jpg 150w, https:\/\/induljelegyuton.hu\/wp-content\/uploads\/20230802_140954-200x150.jpg 200w, https:\/\/induljelegyuton.hu\/wp-content\/uploads\/20230802_140954.jpg 1200w\" sizes=\"auto, (max-width: 1024px) 100vw, 1024px\" \/><\/a><\/figure>\n\n\n\n<p>Az utols\u00f3 utca, amely elmetszette a v\u00e1rosfalat, a Hainburger Strasse. Sajnos nyoma sincs a Hainburgi kapunak, egy nyers k\u0151darab tal\u00e1n azt jelzi&#8230; A n\u00e9hai kaput\u00f3l a Prugg-kast\u00e9lyig egy komoly fadarab \u00e1ll az eddigiekt\u0151l m\u00e9g magasabban egy t\u00e1rsash\u00e1z udvar\u00e1nak v\u00e9g\u00e9n.<\/p>\n\n\n\n<p>Aki szereti felkutatni a k\u00f6z\u00e9pkor ilyen nyomait, \u00fagy aj\u00e1nlom Bruck an der Leith\u00e1t mint az egyik legk\u00f6zelebbi ilyen eml\u00e9kekkel b\u00edr\u00f3 kisv\u00e1rost. A renesz\u00e1nsz \u00e9s az \u00fajkori t\u00f6rt\u00e9nelem hozta \u00edgy, hogy n\u00e1lunk ilyen kev\u00e9s maradt&#8230; \u00dajkori, mivel n\u00e1lunk ak\u00e1r ma lebonthatj\u00e1k.<\/p>\n\n\n\n<figure class=\"wp-block-image size-large\"><a href=\"http:\/\/induljelegyuton.hu\/wp-content\/uploads\/DSC_1008.jpg\"><img loading=\"lazy\" decoding=\"async\" width=\"1024\" height=\"684\" src=\"http:\/\/induljelegyuton.hu\/wp-content\/uploads\/DSC_1008-1024x684.jpg\" alt=\"\" class=\"wp-image-16158\" srcset=\"https:\/\/induljelegyuton.hu\/wp-content\/uploads\/DSC_1008-1024x684.jpg 1024w, https:\/\/induljelegyuton.hu\/wp-content\/uploads\/DSC_1008-300x201.jpg 300w, https:\/\/induljelegyuton.hu\/wp-content\/uploads\/DSC_1008-768x513.jpg 768w, https:\/\/induljelegyuton.hu\/wp-content\/uploads\/DSC_1008-150x100.jpg 150w, https:\/\/induljelegyuton.hu\/wp-content\/uploads\/DSC_1008-224x150.jpg 224w, https:\/\/induljelegyuton.hu\/wp-content\/uploads\/DSC_1008.jpg 1200w\" sizes=\"auto, (max-width: 1024px) 100vw, 1024px\" \/><\/a><\/figure>\n","protected":false},"excerpt":{"rendered":"<p>Kelet-Ausztria egyik legteljesebben fennmaradt v\u00e1roser\u0151d\u00edt\u00e9se M\u00e1jus k\u00f6zep\u00e9n egy el\u00e9gg\u00e9 megterhel\u0151 b\u00e9csi sz\u00e1ll\u00edt\u00e1s ut\u00e1n igazi felfriss\u00fcl\u00e9sk\u00e9nt v\u00e1rtam a m\u00e1r t\u00f6bbsz\u00f6r megl\u00e1togatott Bruck an der Leith\u00e1t. A Harrachpark bej\u00e1rati kapuj\u00e1n\u00e1l \u00e1ll\u00f3 \u00e9lelmiszer\u00e1ruh\u00e1z parkol\u00f3j\u00e1ban \u00e1lltam meg, \u00e9s igyekeztem a lehet\u0151 leglassabban haladni a kast\u00e9lyparkban, min\u00e9l k\u00f6nnyebben \u00e1tadhassam magam nyugalomnak. Egy angolpark megteszi hat\u00e1s\u00e1t&#8230; \u2026 <a class=\"continue-reading-link\" href=\"https:\/\/induljelegyuton.hu\/?p=16142\"> Continue reading <span class=\"meta-nav\">&rarr; <\/span><\/a><\/p>\n","protected":false},"author":1,"featured_media":0,"comment_status":"open","ping_status":"open","sticky":false,"template":"","format":"standard","meta":{"ngg_post_thumbnail":0,"footnotes":""},"categories":[21,25],"tags":[2068,2070,2067,2069],"class_list":["post-16142","post","type-post","status-publish","format-standard","hentry","category-bakancsolas","category-mezsgye","tag-kozepkor","tag-varosarok","tag-varosfal","tag-varoskapu"],"_links":{"self":[{"href":"https:\/\/induljelegyuton.hu\/index.php?rest_route=\/wp\/v2\/posts\/16142","targetHints":{"allow":["GET"]}}],"collection":[{"href":"https:\/\/induljelegyuton.hu\/index.php?rest_route=\/wp\/v2\/posts"}],"about":[{"href":"https:\/\/induljelegyuton.hu\/index.php?rest_route=\/wp\/v2\/types\/post"}],"author":[{"embeddable":true,"href":"https:\/\/induljelegyuton.hu\/index.php?rest_route=\/wp\/v2\/users\/1"}],"replies":[{"embeddable":true,"href":"https:\/\/induljelegyuton.hu\/index.php?rest_route=%2Fwp%2Fv2%2Fcomments&post=16142"}],"version-history":[{"count":4,"href":"https:\/\/induljelegyuton.hu\/index.php?rest_route=\/wp\/v2\/posts\/16142\/revisions"}],"predecessor-version":[{"id":16209,"href":"https:\/\/induljelegyuton.hu\/index.php?rest_route=\/wp\/v2\/posts\/16142\/revisions\/16209"}],"wp:attachment":[{"href":"https:\/\/induljelegyuton.hu\/index.php?rest_route=%2Fwp%2Fv2%2Fmedia&parent=16142"}],"wp:term":[{"taxonomy":"category","embeddable":true,"href":"https:\/\/induljelegyuton.hu\/index.php?rest_route=%2Fwp%2Fv2%2Fcategories&post=16142"},{"taxonomy":"post_tag","embeddable":true,"href":"https:\/\/induljelegyuton.hu\/index.php?rest_route=%2Fwp%2Fv2%2Ftags&post=16142"}],"curies":[{"name":"wp","href":"https:\/\/api.w.org\/{rel}","templated":true}]}}