{"id":1563,"date":"2014-02-07T22:51:30","date_gmt":"2014-02-07T21:51:30","guid":{"rendered":"http:\/\/induljelegyuton.hu\/?p=1563"},"modified":"2014-02-07T23:20:13","modified_gmt":"2014-02-07T22:20:13","slug":"isten-veled-istallos-ko","status":"publish","type":"post","link":"https:\/\/induljelegyuton.hu\/?p=1563","title":{"rendered":"Isten veled Ist\u00e1ll\u00f3s-k\u0151?"},"content":{"rendered":"<div id=\"attachment_1570\" style=\"width: 216px\" class=\"wp-caption alignright\"><a href=\"http:\/\/induljelegyuton.hu\/wp-content\/uploads\/34507189.jpg\"><img loading=\"lazy\" decoding=\"async\" aria-describedby=\"caption-attachment-1570\" class=\"size-medium wp-image-1570\" alt=\"A B\u00fckk r\u00e9gi cs\u00facs\u00e1n... (Fot\u00f3: Tiberius Gallus)\" src=\"http:\/\/induljelegyuton.hu\/wp-content\/uploads\/34507189-206x300.jpg\" width=\"206\" height=\"300\" srcset=\"https:\/\/induljelegyuton.hu\/wp-content\/uploads\/34507189-206x300.jpg 206w, https:\/\/induljelegyuton.hu\/wp-content\/uploads\/34507189-103x150.jpg 103w, https:\/\/induljelegyuton.hu\/wp-content\/uploads\/34507189.jpg 585w\" sizes=\"auto, (max-width: 206px) 100vw, 206px\" \/><\/a><p id=\"caption-attachment-1570\" class=\"wp-caption-text\">A B\u00fckk r\u00e9gi cs\u00facs\u00e1n&#8230; (Fot\u00f3: Tiberius Gallus &#8211; internet)<\/p><\/div>\n<p><strong>80 \u00e9ve rosszul jelzik a t\u00e9rk\u00e9pek, rosszul \u00edrj\u00e1k a tank\u00f6nyvek&#8230;<\/strong><\/p>\n<p>A szakemberek egy csoportja m\u00e1r r\u00e9gen gyan\u00edtotta azt, amit az id\u00e9n janu\u00e1rban be is bizony\u00edtott: nem az Ist\u00e1ll\u00f3s-k\u0151 a B\u00fckk legmagasabb pontja. Az \u00e1tlagosn\u00e1l j\u00f3val pontosabb katonai t\u00e9rk\u00e9peken m\u00e1r a rendszerv\u00e1lt\u00e1s el\u0151tt jelezt\u00e9k, hogy a j\u00f3l ismert cs\u00facsn\u00e1l van magasabb. M\u00e9g pedig a Kett\u0151s-b\u00e9rc melynek \u00e9szaki kiemelked\u00e9se 10 centim\u00e9terrel(!), a d\u00e9li viszont 2,6 m\u00e9terrel emelkedik az eddig ismeretes 958,1 m\u00e9teres szint f\u00f6l\u00e9.\u00a0A mostani kutat\u00e1st Reg\u0151s J\u00f3zsef, a Barlang Bt. igazgat\u00f3ja vezette.<\/p>\n<p>1995 \u00f3ta, amikor felt\u00fcntett\u00e9k a Kett\u0151s-b\u00e9rc magasabb \u00e9rt\u00e9keit, t\u00f6bben t\u00f6bbf\u00e9le eszk\u00f6zzel v\u00e9geztek m\u00e9r\u00e9seket, s az id\u00e9n a legutols\u00f3t. A kutat\u00f3k \u00faj elnevez\u00e9st is javasolnak ennek a cs\u00facsnak, ez pedig a Szilv\u00e1si-k\u0151.<\/p>\n<p><em>(Mivel a Karancs-Medves bazalt vid\u00e9ken van egy k\u00f6zkedvelt, j\u00f3 kil\u00e1t\u00e1ssal b\u00edr\u00f3 magaslat, a Szilv\u00e1s-k\u0151, nem tartom j\u00f3 \u00f6tletnek. A Szilv\u00e1si-k\u0151 elnevez\u00e9s legal\u00e1bb olyan \u201eszimpla\u201d, mint a Kett\u0151s-b\u00e9rc&#8230; &#8211; Harsi)<\/em><\/p>\n<p>&nbsp;<\/p>\n","protected":false},"excerpt":{"rendered":"<p>80 \u00e9ve rosszul jelzik a t\u00e9rk\u00e9pek, rosszul \u00edrj\u00e1k a tank\u00f6nyvek&#8230; A szakemberek egy csoportja m\u00e1r r\u00e9gen gyan\u00edtotta azt, amit az id\u00e9n janu\u00e1rban be is bizony\u00edtott: nem az Ist\u00e1ll\u00f3s-k\u0151 a B\u00fckk legmagasabb pontja. Az \u00e1tlagosn\u00e1l j\u00f3val pontosabb katonai t\u00e9rk\u00e9peken m\u00e1r a rendszerv\u00e1lt\u00e1s el\u0151tt jelezt\u00e9k, hogy a j\u00f3l ismert cs\u00facsn\u00e1l van magasabb. \u2026 <a class=\"continue-reading-link\" href=\"https:\/\/induljelegyuton.hu\/?p=1563\"> Continue reading <span class=\"meta-nav\">&rarr; <\/span><\/a><\/p>\n","protected":false},"author":1,"featured_media":0,"comment_status":"open","ping_status":"open","sticky":false,"template":"","format":"standard","meta":{"ngg_post_thumbnail":0,"footnotes":""},"categories":[163,1],"tags":[102,563,564],"class_list":["post-1563","post","type-post","status-publish","format-standard","hentry","category-aktualis","category-kukker","tag-bukk","tag-istallos-ko","tag-kettos-berc"],"_links":{"self":[{"href":"https:\/\/induljelegyuton.hu\/index.php?rest_route=\/wp\/v2\/posts\/1563","targetHints":{"allow":["GET"]}}],"collection":[{"href":"https:\/\/induljelegyuton.hu\/index.php?rest_route=\/wp\/v2\/posts"}],"about":[{"href":"https:\/\/induljelegyuton.hu\/index.php?rest_route=\/wp\/v2\/types\/post"}],"author":[{"embeddable":true,"href":"https:\/\/induljelegyuton.hu\/index.php?rest_route=\/wp\/v2\/users\/1"}],"replies":[{"embeddable":true,"href":"https:\/\/induljelegyuton.hu\/index.php?rest_route=%2Fwp%2Fv2%2Fcomments&post=1563"}],"version-history":[{"count":8,"href":"https:\/\/induljelegyuton.hu\/index.php?rest_route=\/wp\/v2\/posts\/1563\/revisions"}],"predecessor-version":[{"id":1566,"href":"https:\/\/induljelegyuton.hu\/index.php?rest_route=\/wp\/v2\/posts\/1563\/revisions\/1566"}],"wp:attachment":[{"href":"https:\/\/induljelegyuton.hu\/index.php?rest_route=%2Fwp%2Fv2%2Fmedia&parent=1563"}],"wp:term":[{"taxonomy":"category","embeddable":true,"href":"https:\/\/induljelegyuton.hu\/index.php?rest_route=%2Fwp%2Fv2%2Fcategories&post=1563"},{"taxonomy":"post_tag","embeddable":true,"href":"https:\/\/induljelegyuton.hu\/index.php?rest_route=%2Fwp%2Fv2%2Ftags&post=1563"}],"curies":[{"name":"wp","href":"https:\/\/api.w.org\/{rel}","templated":true}]}}