{"id":1532,"date":"2014-02-07T20:58:45","date_gmt":"2014-02-07T19:58:45","guid":{"rendered":"http:\/\/induljelegyuton.hu\/?p=1532"},"modified":"2015-03-26T21:44:28","modified_gmt":"2015-03-26T20:44:28","slug":"kiolvadnak-a-monarchia-katonai-az-alpokban","status":"publish","type":"post","link":"https:\/\/induljelegyuton.hu\/?p=1532","title":{"rendered":"Kiolvadnak a Monarchia katon\u00e1i az olasz Alpokban"},"content":{"rendered":"<p><b>A glob\u00e1lis felmeleged\u00e9s miatt visszah\u00faz\u00f3d\u00f3 j\u00e9gmez\u0151k el\u00e9nk t\u00e1rj\u00e1k az els\u0151 vil\u00e1gh\u00e1bor\u00fa rideg val\u00f3s\u00e1g\u00e1t. Kiolvadnak a magashegyi h\u00e1bor\u00fa k\u00f6zel sz\u00e1z \u00e9ve elt\u0171nt \u00e1ldozatai.<\/b><\/p>\n<div id=\"attachment_1537\" style=\"width: 310px\" class=\"wp-caption alignright\"><a href=\"http:\/\/induljelegyuton.hu\/wp-content\/uploads\/1_osztrakmagyar.jpg\"><img loading=\"lazy\" decoding=\"async\" aria-describedby=\"caption-attachment-1537\" class=\"size-medium wp-image-1537\" alt=\"\u201eOsztr\u00e1k katona l\u0151 az Alpokban\u201d - Imperial War Museum, \u00a9 IWM\" src=\"http:\/\/induljelegyuton.hu\/wp-content\/uploads\/1_osztrakmagyar-300x174.jpg\" width=\"300\" height=\"174\" srcset=\"https:\/\/induljelegyuton.hu\/wp-content\/uploads\/1_osztrakmagyar-300x174.jpg 300w, https:\/\/induljelegyuton.hu\/wp-content\/uploads\/1_osztrakmagyar-250x145.jpg 250w, https:\/\/induljelegyuton.hu\/wp-content\/uploads\/1_osztrakmagyar.jpg 512w\" sizes=\"auto, (max-width: 300px) 100vw, 300px\" \/><\/a><p id=\"caption-attachment-1537\" class=\"wp-caption-text\">\u201eOsztr\u00e1k katona l\u0151 az Alpokban\u201d &#8211; Imperial War Museum, \u00a9 IWM<\/p><\/div>\n<p>&nbsp;<\/p>\n<p>Az id\u00e9n lesz sz\u00e1z \u00e9ve, hogy kit\u00f6rt az els\u0151 vil\u00e1gh\u00e1bor\u00fa, amely sor\u00e1n 1914-18 k\u00f6z\u00f6tt k\u00f6r\u00fclbel\u00fcl 15 milli\u00f3 ember halt meg. Az Osztr\u00e1k-Magyar Monarchia \u00e9s az Olaszorsz\u00e1g k\u00f6z\u00f6tti, sok magyar \u00e1ldozatot is szed\u0151 elkeseredett harcok az Isonz\u00f3 v\u00f6lgye, a J\u00faliai-Alpok \u00e9s a Dolomitok t\u00e9rs\u00e9g\u00e9ben zajlottak, \u00e9s a h\u00e1bor\u00fas helysz\u00ednek ma is k\u00f6zel esnek a hat\u00e1rokhoz. K\u00e9t egykor monarchi\u00e1s \u2013 ma olasz &#8211; tartom\u00e1ny, Trentino \u00e9s D\u00e9l-Tirol ter\u00fclet\u00e9n 2000, s\u0151t, n\u00e9ha 3000 m\u00e9ter felett folyt a k\u00fczdelem. Az ut\u00f3bbi \u00e9vtizedek egyik \u00e9rdekes fejlem\u00e9nye, hogy a glob\u00e1lis felmeleged\u00e9s miatt visszah\u00faz\u00f3d\u00f3 j\u00e9gb\u0151l kiolvadnak a k\u00f6zel sz\u00e1z \u00e9ve a hegyekben elesett &#8211; \u00e9s a j\u00e9gben konzerv\u00e1l\u00f3dott &#8211; katon\u00e1k. Ez id\u0151 alatt t\u00f6bb mint 80 katona sok esetben mumifik\u00e1l\u00f3dott holtteste ker\u00fclt napvil\u00e1gra az olasz Alpokban. Az itteni l\u00f6v\u00e9sz\u00e1rkokat t\u00f6bb helyen a j\u00e9gbe v\u00e1jt\u00e1k, \u00e9s az elesett katon\u00e1k teste ezekben, vagy a csatamez\u0151n l\u00e9v\u0151 gleccserhasad\u00e9kokban fagyott meg. A katon\u00e1kat, fegyvereiket \u00e9s szem\u00e9lyes t\u00e1rgyaikat sokszor nagyon j\u00f3 \u00e1llapotban tal\u00e1lj\u00e1k meg &#8211; jelv\u00e9nyeik, egyenruh\u00e1juk alapj\u00e1n be lehet \u0151ket azonos\u00edtani.<\/p>\n<p><strong>ngg_shortcode_0_placeholder<\/strong><\/p>\n<p>2004-ben h\u00e1rom megfagyott tetemre bukkantak 3600 m\u00e9teren, a legmagasabb helyen, ahol harcok zajlottak. A Monarchia katon\u00e1i fejjel lefel\u00e9 \u201emint a denev\u00e9rek\u201d l\u00f3gtak egy j\u00e9gfalban a San Matteo 3700 m\u00e9teres cs\u00facs\u00e1nak k\u00f6zel\u00e9ben. Fegyvertelenek voltak, k\u00f6tszerrel a zseb\u00fckben, val\u00f3sz\u00edn\u0171leg az utols\u00f3 \u00f6sszecsap\u00e1s sebes\u00fcltjeit sz\u00e1ll\u00edthatt\u00e1k le 1918. szeptember 3-\u00e1n. Tavaly pedig egy 17 \u00e9s egy 18 \u00e9ves osztr\u00e1k katona holttest\u00e9t fedezt\u00e9k fel, goly\u00f3 \u00fct\u00f6tte s\u00e9r\u00fcl\u00e9sekkel a kopony\u00e1jukon.<\/p>\n<div id=\"attachment_1540\" style=\"width: 310px\" class=\"wp-caption alignright\"><a href=\"http:\/\/induljelegyuton.hu\/wp-content\/uploads\/4_opw20140115kiolvadnak-a-monarchia-katonai-az1.jpg\"><img loading=\"lazy\" decoding=\"async\" aria-describedby=\"caption-attachment-1540\" class=\"size-medium wp-image-1540\" alt=\"H\u00e1rom katona a Monarchia itt harcol\u00f3 alakulataib\u00f3l. Val\u00f3sz\u00edn\u0171leg sebes\u00fcltsz\u00e1ll\u00edt\u00f3 katon\u00e1k voltak. Forr\u00e1s: AFP\/Maurizio Vicenzi\" src=\"http:\/\/induljelegyuton.hu\/wp-content\/uploads\/4_opw20140115kiolvadnak-a-monarchia-katonai-az1-300x200.jpg\" width=\"300\" height=\"200\" srcset=\"https:\/\/induljelegyuton.hu\/wp-content\/uploads\/4_opw20140115kiolvadnak-a-monarchia-katonai-az1-300x200.jpg 300w, https:\/\/induljelegyuton.hu\/wp-content\/uploads\/4_opw20140115kiolvadnak-a-monarchia-katonai-az1-225x150.jpg 225w, https:\/\/induljelegyuton.hu\/wp-content\/uploads\/4_opw20140115kiolvadnak-a-monarchia-katonai-az1.jpg 666w\" sizes=\"auto, (max-width: 300px) 100vw, 300px\" \/><\/a><p id=\"caption-attachment-1540\" class=\"wp-caption-text\">H\u00e1rom katona a Monarchia itt harcol\u00f3 alakulataib\u00f3l. Val\u00f3sz\u00edn\u0171leg sebes\u00fcltsz\u00e1ll\u00edt\u00f3 katon\u00e1k voltak.\u00a0(Forr\u00e1s: AFP\/Maurizio Vicenzi)<\/p><\/div>\n<p>Az egyiknek egy kanalat is tal\u00e1ltak a kam\u00e1slij\u00e1ban, ami bevett szok\u00e1s volt olyan katon\u00e1k k\u00f6z\u00f6tt, akik l\u00f6v\u00e9sz\u00e1rokr\u00f3l l\u00f6v\u00e9sz\u00e1rokra haladtak \u00e9s a kihelyezett k\u00f6z\u00f6s \u00e9telb\u0151l ettek. A dolomitokbeli Trentino-Alto Adige r\u00e9gi\u00f3j\u00e1ban, a Presena-gleccserben tal\u00e1lt k\u00e9t holttest az osztr\u00e1k-magyar hadsereg t\u00fcz\u00e9rs\u00e9g\u00e9hez tartoz\u00f3 katon\u00e1\u00e9, akik egy heves olasz t\u00e1mad\u00e1sban eshettek el 1918 m\u00e1jus\u00e1ban. Harcost\u00e1rsaik az embertelen k\u00f6r\u00fclm\u00e9nyek miatt egy gleccserhasad\u00e9kba t\u00fcntett\u00e9k el \u0151ket. Egy c\u00e9g alkalmazottai 3200 m\u00e9teres magass\u00e1gban \u00e9ppen azon dolgoztak, hogy egy \u00f3ri\u00e1s ponyv\u00e1val lefedj\u00e9k a gleccsert, hogy az ne olvadjon tov\u00e1bb, amikor megtal\u00e1lt\u00e1k a f\u00e9lig mumifik\u00e1l\u00f3dott holttesteket. Miut\u00e1n a hegyi vezet\u0151k \u00e9s a katonai t\u00f6rt\u00e9n\u00e9szek \u00f6sszeszedt\u00e9k a maradv\u00e1nyokat, azokat helikopterrel Vicenza v\u00e1ros\u00e1nak k\u00f3rh\u00e1z\u00e1ba sz\u00e1ll\u00edttatt\u00e1k, ahol sor ker\u00fclt a laborat\u00f3riumi elemz\u00e9sekre, \u00e9s a lehets\u00e9ges azonos\u00edt\u00e1sra. B\u00e1r a DNS-alap\u00fa azonos\u00edt\u00e1s lehets\u00e9ges lenne, nincs kikkel \u2013 csal\u00e1dtagjaikkal \u2013 \u00f6sszevetni azokat. Mind\u00f6ssze egy olasz katon\u00e1t siker\u00fclt n\u00e9v szerint azonos\u00edtani. A m\u00e9lt\u00f3 temet\u00e9sre 2013 szeptember\u00e9ben, 500 ember r\u00e9szv\u00e9tele mellett ker\u00fclt sor Peioban, amelyen az olasz \u00e9s az osztr\u00e1k\u00a0himnusz ut\u00e1n Beethoven \u00d6r\u00f6m\u00f3d\u00e1j\u00e1t j\u00e1tszott\u00e1k.<\/p>\n<p>&nbsp;<\/p>\n<div id=\"attachment_1543\" style=\"width: 250px\" class=\"wp-caption alignleft\"><a href=\"http:\/\/induljelegyuton.hu\/wp-content\/uploads\/wl_whitewar_funeral_2787529c.jpg\"><img loading=\"lazy\" decoding=\"async\" aria-describedby=\"caption-attachment-1543\" class=\" wp-image-1543 \" alt=\"Katonai temet\u00e9s 2012-ben Peioban. A k\u00e9t katona egykor a Presenai csat\u00e1ban esett el 1918 m\u00e1jus\u00e1ban. (Fot\u00f3: Laura Spinney)\" src=\"http:\/\/induljelegyuton.hu\/wp-content\/uploads\/wl_whitewar_funeral_2787529c-300x187.jpg\" width=\"240\" height=\"150\" srcset=\"https:\/\/induljelegyuton.hu\/wp-content\/uploads\/wl_whitewar_funeral_2787529c-300x187.jpg 300w, https:\/\/induljelegyuton.hu\/wp-content\/uploads\/wl_whitewar_funeral_2787529c-240x150.jpg 240w, https:\/\/induljelegyuton.hu\/wp-content\/uploads\/wl_whitewar_funeral_2787529c.jpg 460w\" sizes=\"auto, (max-width: 240px) 100vw, 240px\" \/><\/a><p id=\"caption-attachment-1543\" class=\"wp-caption-text\">Katonai temet\u00e9s 2012-ben Peioban. A k\u00e9t katona egykor a Presenai csat\u00e1ban esett el 1918 m\u00e1jus\u00e1ban. (Fot\u00f3: Laura Spinney)<\/p><\/div>\n<p>Az olaszorsz\u00e1gi Peio a h\u00e1bor\u00fa el\u0151tt a Monarchia legmagasabban fekv\u0151 telep\u00fcl\u00e9se\u00a0volt, s egyben fontos helysz\u00edne az itt zajl\u00f3 \u201eFeh\u00e9r h\u00e1bor\u00fanak\u201d. A 2-3000 m\u00e9teres magass\u00e1gban zajl\u00f3 csat\u00e1k igen kimer\u00edt\u0151ek voltak, \u00e9s \u00fajfajta technik\u00e1kat ig\u00e9nyeltek mindk\u00e9t f\u00e9l r\u00e9sz\u00e9r\u0151l. Az olasz volt a t\u00e1mad\u00f3 f\u00e9l, az osztr\u00e1k-magyar er\u0151k \u2013 miut\u00e1n l\u00e9tsz\u00e1mban kevesebben is voltak \u2013 megel\u00e9gedtek poz\u00edci\u00f3juk tart\u00e1s\u00e1val. A hegyek k\u00f6z\u00f6tt, a hegygerinceken foly\u00f3 harcok gyorsan \u00e1ll\u00f3h\u00e1bor\u00fav\u00e1 alakultak \u00e1t, mivel az egyik f\u00e9l sem b\u00edrt a m\u00e1sikkal \u2013 hisz maga a k\u00f6zleked\u00e9s is igen neh\u00e9z volt, nemhogy hadifelszerel\u00e9s felcipel\u00e9se. \u00c9vekig folyt az \u00f6ld\u00f6kl\u0151 k\u00fczdelem n\u00e9h\u00e1ny \u2013 strat\u00e9giailag eleny\u00e9sz\u0151 \u2013 m\u00e9ter\u00e9rt. Ez oda vezetett, hogy \u201ekital\u00e1lt\u00e1k\u201d a szint\u00e9n semmin sem v\u00e1ltoztat\u00f3 hegyrobbant\u00e1sokat. Hossz\u00fa hetek, h\u00f3napok alatt kavern\u00e1kat \u2013 amolyan \u201esz\u0171k b\u00e1nyav\u00e1gatokat\u201d &#8211; v\u00e1gtak egyes hegyormok, sziklafalak al\u00e1, t\u00f6bb tonn\u00e1nyi puskaport halmoztak fel benn\u00fck, majd a megfelel\u0151 pillanatokban az ellenf\u00e9lre robbantott\u00e1k. Csak a halottak sz\u00e1ma n\u0151tt, \u00e9s omlottak a szikl\u00e1k\u2026 A Peio feletti San Matteo is 6 m\u00e9terrel lett alacsonyabb a heves \u00e1gy\u00faz\u00e1s k\u00f6vetkezt\u00e9ben. \u2013 A legritk\u00e1bban gyalogs\u00e1gi rohamra ker\u00fclhetett sor a terepviszonyok miatt. A legt\u00f6bb katon\u00e1val t\u00fcz\u00e9rs\u00e9gi t\u0171z v\u00e9gzett, de sokak egyszer\u0171en megfagytak vagy lavina ragadta el \u0151ket \u2013 mondta a Franco Nicolis, a trentoi R\u00e9g\u00e9szeti \u00d6r\u00f6ks\u00e9gv\u00e9delmi Iroda igazgat\u00f3ja.<\/p>\n<div id=\"attachment_1539\" style=\"width: 310px\" class=\"wp-caption alignright\"><a href=\"http:\/\/induljelegyuton.hu\/wp-content\/uploads\/4_op20140115kiolvadnak-a-monarchia-katonai-az.jpg\"><img loading=\"lazy\" decoding=\"async\" aria-describedby=\"caption-attachment-1539\" class=\"size-medium wp-image-1539\" alt=\"A 2004-ben megtal\u00e1lt sebes\u00fcltsz\u00e1ll\u00edt\u00f3 katon\u00e1k kiemel\u00e9se a j\u00e9gfalb\u00f3l. (Forr\u00e1s: AFP\/Maurizio Vicenzi)\" src=\"http:\/\/induljelegyuton.hu\/wp-content\/uploads\/4_op20140115kiolvadnak-a-monarchia-katonai-az-300x200.jpg\" width=\"300\" height=\"200\" srcset=\"https:\/\/induljelegyuton.hu\/wp-content\/uploads\/4_op20140115kiolvadnak-a-monarchia-katonai-az-300x200.jpg 300w, https:\/\/induljelegyuton.hu\/wp-content\/uploads\/4_op20140115kiolvadnak-a-monarchia-katonai-az-225x150.jpg 225w, https:\/\/induljelegyuton.hu\/wp-content\/uploads\/4_op20140115kiolvadnak-a-monarchia-katonai-az.jpg 666w\" sizes=\"auto, (max-width: 300px) 100vw, 300px\" \/><\/a><p id=\"caption-attachment-1539\" class=\"wp-caption-text\">A 2004-ben megtal\u00e1lt sebes\u00fcltsz\u00e1ll\u00edt\u00f3 katon\u00e1k kiemel\u00e9se a j\u00e9gfalb\u00f3l.\u00a0(Forr\u00e1s: AFP\/Maurizio Vicenzi)<\/p><\/div>\n<p>Az olaszok speci\u00e1lis hegyi csapatokat \u2013 a tollas sapk\u00e1jukr\u00f3l h\u00edres Alpiniket &#8211; k\u00fcldtek a magashegys\u00e9gi frontra, m\u00edg az osztr\u00e1kok a \u201eKaisersch\u00fctzereket\u201d vetett\u00e9k be. \u0150ket t\u00fcz\u00e9rs\u00e9g t\u00e1mogatta, s a hadm\u00e9rn\u00f6k\u00f6k minim\u00e1lis infrastrukt\u00far\u00e1t teremtettek a vad k\u00f6rnyezetben. L\u00f6v\u00e9sz\u00e1rkokat, kavern\u00e1kat v\u00e9stek a szikl\u00e1kba, k\u00f6t\u00e9lp\u00e1ly\u00e1kat \u00e9p\u00edtettek az emberek, az \u00e9lelem, \u00e9s a hadianyag sz\u00e1ll\u00edt\u00e1s\u00e1ra \u2013 a v\u00f6lgyb\u0151l a cs\u00facsokra, vagy \u2013 n\u00e9ha &#8211; cs\u00facsr\u00f3l egy m\u00e1sikra. A t\u00e9rs\u00e9gben a h\u0151m\u00e9rs\u00e9klet gyakran zuhant -30 \u00b0C al\u00e1: sok katona nem is a csat\u00e1kban, hanem a hideg \u00e9s a lavin\u00e1k miatt halt meg. A Feh\u00e9r h\u00e1bor\u00fa tov\u00e1bbi furcsas\u00e1ga volt, hogy \u201ehegyivad\u00e1szoknak\u201d f\u0151leg helyieket toboroztak, \u00edgy a szemben\u00e1ll\u00f3 felek gyakran k\u00f6zelr\u0151l ismert\u00e9k egym\u00e1st, s\u0151t rokons\u00e1gban \u00e1lltak. A Peio-i civil lakoss\u00e1g \u201etestk\u00f6zelb\u0151l\u201d ismerhette meg a h\u00e1bor\u00fat, mivel ellent\u00e9tben m\u00e1s k\u00f6rny\u00e9kbeli telep\u00fcl\u00e9sekkel, ezt a telep\u00fcl\u00e9st nem evaku\u00e1ltatta a cs\u00e1sz\u00e1r. Egyfel\u0151l szimbolikus okb\u00f3l, mint a legmagasabban fekv\u0151 telep\u00fcl\u00e9s a birodalomban, m\u00e1sfel\u0151l sz\u00fcks\u00e9g volt az itt \u00e9l\u0151k munk\u00e1j\u00e1ra, ismereteire. A lakosok teherhord\u00f3kk\u00e9nt, \u00e9lelmiszer besz\u00e1ll\u00edt\u00f3kk\u00e9nt dolgoztak \u00e9s eltemett\u00e9k a halott katon\u00e1kat. A gleccserb\u0151l kiolvad\u00f3 holttestek jelens\u00e9ge k\u00fcl\u00f6n\u00f6sen \u00e9rdekes a helyiek sz\u00e1m\u00e1ra, mivel Peio\u00a0mai lakosai nagyap\u00e1ikat, d\u00e9dap\u00e1ikat is kereshetik a napvil\u00e1gra ker\u00fcl\u0151 testek k\u00f6z\u00f6tt.<\/p>\n<p>&nbsp;<\/p>\n<div id=\"attachment_1542\" style=\"width: 310px\" class=\"wp-caption alignleft\"><a href=\"http:\/\/induljelegyuton.hu\/wp-content\/uploads\/5_o_mumia2_Franco_Nicolis.jpg\"><img loading=\"lazy\" decoding=\"async\" aria-describedby=\"caption-attachment-1542\" class=\"size-medium wp-image-1542\" alt=\"A j\u00e9gb\u0151l kiszabad\u00edtott, f\u00e1b\u00f3l \u00f6sszet\u00e1kolt felvon\u00f3kalyiba bej\u00e1rata. Sz\u00e1z \u00e9vig senki nem tudott r\u00f3la... (Fot\u00f3: Franci Nicolis)\" src=\"http:\/\/induljelegyuton.hu\/wp-content\/uploads\/5_o_mumia2_Franco_Nicolis-300x224.jpg\" width=\"300\" height=\"224\" srcset=\"https:\/\/induljelegyuton.hu\/wp-content\/uploads\/5_o_mumia2_Franco_Nicolis-300x224.jpg 300w, https:\/\/induljelegyuton.hu\/wp-content\/uploads\/5_o_mumia2_Franco_Nicolis-200x150.jpg 200w, https:\/\/induljelegyuton.hu\/wp-content\/uploads\/5_o_mumia2_Franco_Nicolis.jpg 705w\" sizes=\"auto, (max-width: 300px) 100vw, 300px\" \/><\/a><p id=\"caption-attachment-1542\" class=\"wp-caption-text\">A j\u00e9gb\u0151l kiszabad\u00edtott, f\u00e1b\u00f3l \u00f6sszet\u00e1kolt felvon\u00f3kalyiba bej\u00e1rata. Sz\u00e1z \u00e9vig senki nem tudott r\u00f3la&#8230; (Fot\u00f3: Franco Nicolis)<\/p><\/div>\n<p>Maurizio Vicenzi hegyi vezet\u0151 &#8211; \u00e9s Peio kis h\u00e1bor\u00fas gy\u0171jtem\u00e9ny\u00e9nek igazgat\u00f3ja \u2013 2005-ben alaposabban k\u00f6r\u00fcln\u00e9zett egy Punta Linke nev\u0171 helyen, ahol egy j\u00e9gbe v\u00e1gott barlangra akadt, a felsz\u00ednen pedig sz\u00e1z\u00e9ves t\u00e1rgyakat tal\u00e1lt sz\u00e9tsz\u00f3rva: ac\u00e9l sisakot, szalma- \u00fan. botos csizm\u00e1t, l\u0151szeres dobozokat. Kider\u00fclt, hogy egy bunker alatt volt, amit azt\u00e1n a peio-i kutat\u00f3kkal \u00e1tkutatott. Az ember magass\u00e1g\u00fa j\u00e1ratot j\u00e9g t\u00f6lt\u00f6tte ki, amit \u00f3ri\u00e1si munk\u00e1val t\u00e1vol\u00edtottak el. K\u00e9t ny\u00e1rral k\u00e9s\u0151bb egy f\u00e1b\u00f3l \u00f6sszet\u00e1kolt felvon\u00f3kalyib\u00e1t is kiszabad\u00edtottak a j\u00e9gb\u0151l, \u00e9s kider\u00fclt, hogy a bunkert tulajdonk\u00e9ppen a m\u00f6g\u00e9, egy dr\u00f3tk\u00f6t\u00e9lp\u00e1lya \u00e1llom\u00e1sa m\u00f6g\u00e9 v\u00e9st\u00e9k a j\u00e9gbe, \u00e9s a szikl\u00e1ba. Ilyen egyszer\u0171 felvon\u00f3k seg\u00edts\u00e9g\u00e9vel l\u00e1tt\u00e1k el a magasban harcol\u00f3kat. Az \u00e1llom\u00e1st a Punta Linke cs\u00faccsal szemben \u00e9p\u00edtett\u00e9k meg. Az ide fel\u00e9rkez\u0151, ut\u00e1np\u00f3tl\u00e1ssal megrakott fal\u00e1d\u00e1kat \u00e1tpr\u00e9selt\u00e9k a 30 m\u00e9teres bunker-alag\u00faton, hogy onnan m\u00e1r a v\u00e9gc\u00e9lj\u00e1hoz ind\u00edts\u00e1k tov\u00e1bb: egy r\u00e9m\u00fcletes 1200 m\u00e9teres suhan\u00e1ssal a semmi felett, a felf\u00fcggeszt\u00e9s n\u00e9lk\u00fcli k\u00e1belp\u00e1ly\u00e1n a Punka Linke cs\u00facs\u00e1ra.<\/p>\n<div id=\"attachment_1553\" style=\"width: 310px\" class=\"wp-caption alignright\"><a href=\"http:\/\/induljelegyuton.hu\/wp-content\/uploads\/whitewar_wall_2787505c.jpg\"><img loading=\"lazy\" decoding=\"async\" aria-describedby=\"caption-attachment-1553\" class=\"size-medium wp-image-1553\" alt=\"Falra t\u0171z\u00f6tt dokumentumok a Punta Linke dr\u00f3tk\u00f6t\u00e9lp\u00e1lya-\u00e1llom\u00e1s m\u00f6g\u00f6tti bunkerben. (Fot\u00f3: Laura Spinney)\" src=\"http:\/\/induljelegyuton.hu\/wp-content\/uploads\/whitewar_wall_2787505c-300x187.jpg\" width=\"300\" height=\"187\" srcset=\"https:\/\/induljelegyuton.hu\/wp-content\/uploads\/whitewar_wall_2787505c-300x187.jpg 300w, https:\/\/induljelegyuton.hu\/wp-content\/uploads\/whitewar_wall_2787505c-240x150.jpg 240w, https:\/\/induljelegyuton.hu\/wp-content\/uploads\/whitewar_wall_2787505c.jpg 460w\" sizes=\"auto, (max-width: 300px) 100vw, 300px\" \/><\/a><p id=\"caption-attachment-1553\" class=\"wp-caption-text\">Falra t\u0171z\u00f6tt dokumentumok a Punta Linke dr\u00f3tk\u00f6t\u00e9lp\u00e1lya-\u00e1llom\u00e1s m\u00f6g\u00f6tti bunkerben. (Fot\u00f3: Laura Spinney)<\/p><\/div>\n<p>A felvon\u00f3t egy M\u00fcnchenben k\u00e9sz\u00fclt Sendling motor m\u0171k\u00f6dtette, amit t\u00e1voz\u00e1skor leszereltek, \u00e1m most ism\u00e9t vissza\u00e1ll\u00edtottak. Az archeol\u00f3gusok a bunker fal\u00e1n hagyt\u00e1k az egykor odat\u0171z\u00f6tt, k\u00e9zzel \u00edrt motor kezel\u00e9si \u00fatmutat\u00f3t, egy \u00fajs\u00e1gb\u00f3l kit\u00e9pett oldalt, amely \u00e9lelem\u00e9rt sorban \u00e1ll\u00f3 b\u00e9csieket \u00e1br\u00e1zol, \u00e9s egy levelez\u0151lapot, amelyet a m\u0171szaki alakulat seb\u00e9sz\u00e9nek c\u00edmzett feles\u00e9ge Csehorsz\u00e1gb\u00f3l. El\u0151ker\u00fclt a Punta Cadinin \u2013 kb. 3400 m\u00e9teren \u2013 egy post\u00e1z\u00e1sra v\u00e1r\u00f3, M\u00e1ri\u00e1nak c\u00edmzett, soha el nem k\u00fcld\u00f6tt szerelmes lev\u00e9l is, \u00e9s a l\u00f6v\u00e9sz\u00e1rkokban hemzseg\u0151 tetvekhez \u00edrt vers egy osztr\u00e1k katona napl\u00f3j\u00e1b\u00f3l. Az erre megfordul\u00f3 orosz turist\u00e1k nem is gondoln\u00e1k, hogy el\u0151tt\u00fck m\u00e1r j\u00e1rtak itt honfit\u00e1rsaik. Egy cirill bet\u0171s \u00fajs\u00e1gt\u00f6red\u00e9k annak bizony\u00edt\u00e9ka, hogy a keleti frontr\u00f3l is vez\u00e9nyeltek ide orosz hadifoglyokat \u00f6szv\u00e9rm\u00e1lh\u00e1z\u00e1sra, \u00e9s botos csizma fon\u00e1s\u00e1ra, amelyet a v\u00e1rakoz\u00f3 osztr\u00e1k katon\u00e1k a csizm\u00e1jukra h\u00faztak, hogy ne fagyjon meg a l\u00e1buk\u2026<\/p>\n<div id=\"attachment_1538\" style=\"width: 310px\" class=\"wp-caption alignleft\"><a href=\"http:\/\/induljelegyuton.hu\/wp-content\/uploads\/3_cPH-MontePiano.jpg\"><img loading=\"lazy\" decoding=\"async\" aria-describedby=\"caption-attachment-1538\" class=\"size-medium wp-image-1538 \" alt=\"2000 m\u00e9ter felett, a szikl\u00e1k k\u00f6z\u00f6tt rengeteg deszka- \u00e9s gerendat\u00f6rmel\u00e9k tal\u00e1lhat\u00f3. Val\u00f3sz\u00edn\u0171leg az ilyen kalyib\u00e1k marad\u00e9kai... (Forr\u00e1s: internet)\" src=\"http:\/\/induljelegyuton.hu\/wp-content\/uploads\/3_cPH-MontePiano-300x187.jpg\" width=\"300\" height=\"187\" srcset=\"https:\/\/induljelegyuton.hu\/wp-content\/uploads\/3_cPH-MontePiano-300x187.jpg 300w, https:\/\/induljelegyuton.hu\/wp-content\/uploads\/3_cPH-MontePiano-240x150.jpg 240w, https:\/\/induljelegyuton.hu\/wp-content\/uploads\/3_cPH-MontePiano.jpg 640w\" sizes=\"auto, (max-width: 300px) 100vw, 300px\" \/><\/a><p id=\"caption-attachment-1538\" class=\"wp-caption-text\">2000 m\u00e9ter felett, a szikl\u00e1k k\u00f6z\u00f6tt rengeteg deszka- \u00e9s gerendat\u00f6rmel\u00e9k tal\u00e1lhat\u00f3. Val\u00f3sz\u00edn\u0171leg az ilyen h\u00e1bor\u00fas kalyib\u00e1k marad\u00e9kai&#8230; (Forr\u00e1s: internet)<\/p><\/div>\n<p>Peio h\u00e1bor\u00fas m\u00fazeuma kieg\u00e9sz\u00edti a k\u00e9pet. A vitrinekben t\u00e1bori seb\u00e9szeszk\u00f6z\u00f6k, l\u00f6ved\u00e9kek, r\u00f3zsaf\u0171z\u00e9r \u00e9s sz\u00e1mtalan \u201el\u00f6v\u00e9sz\u00e1rok-m\u0171v\u00e9szeti\u201d t\u00e1rgy l\u00e1that\u00f3. Ez ut\u00f3bbiakat a katon\u00e1k fabrik\u00e1lt\u00e1k a fent rendelkez\u00e9sre \u00e1ll\u00f3 anyagokb\u00f3l (porcel\u00e1n cs\u00f6vek, t\u00f6lt\u00e9nyh\u00fcvely, kagyl\u00f3h\u00e9j) a v\u00e1rakoz\u00e1sok ideje alatt. A h\u00e1bor\u00fa ut\u00e1ni \u00edns\u00e9ges id\u0151kben a lakosok v\u00e9gigj\u00e1rt\u00e1k a helysz\u00edneket, \u00e9s \u00f6sszegy\u0171jt\u00f6tt\u00e9k az ott tal\u00e1lt eladhat\u00f3, vagy hasznos\u00edthat\u00f3 t\u00e1rgyakat. Amit akkor eltettek, azt sokan adom\u00e1nyozt\u00e1k a t\u00edz \u00e9ve ny\u00edlt m\u00fazeumnak.<\/p>\n<p>&nbsp;<\/p>\n<p>V\u00e1rhat\u00f3an m\u00e9g sz\u00e1mos holttest olvad ki a j\u00e9gb\u0151l, de egyvalaki m\u00e9g sem t\u0171nik el\u0151: \u00a0Arnaldo Berni, a 24 \u00e9ves olasz kapit\u00e1ny, aki 1918. augusztus 13-\u00e1n vezette rohamra az olaszokat a San Matteora, Az \u0151 t\u00f6rt\u00e9nete is azt t\u00fckr\u00f6zi, hogy az irgalmatlan k\u00fczdelmek milyen csek\u00e9ly \u00e9rtelmet kaptak. (\u0150 egy cenz\u00far\u00e1n \u00e1tsiklott level\u00e9ben panaszkodott az \u00fajs\u00e1g\u00edr\u00f3kra, akik n\u00e9h\u00e1ny zavaros sort sz\u00e1ntak az \u00f3ri\u00e1si k\u00fczdelmeknek, mivel el sem tudt\u00e1k k\u00e9pzelni, mi folyik fent, mivel fel sem tudtak oda kapaszkodni\u2026) A kapit\u00e1ny h\u00e1rom h\u00e9ttel k\u00e9s\u0151bb egy gleccserhasad\u00e9kba zuhant, akkor, amikor az osztr\u00e1kok megindultak visszafoglalni a cs\u00facsot. K\u00e9t h\u00f3nappal k\u00e9s\u0151bb az olaszok megt\u00f6rt\u00e9k az osztr\u00e1k-magyar hader\u0151t, \u00e9s v\u00e9get \u00e9rt a h\u00e1bor\u00fa&#8230; Sokan kerest\u00e9k Berni kapit\u00e1ny holttest\u00e9t, de hi\u00e1ba. 2009-ben is lem\u00e1sztak abba a hasad\u00e9kba, ahov\u00e1 Berni lezuhanhatott, de nem tal\u00e1lt\u00e1k.<\/p>\n<div id=\"attachment_1541\" style=\"width: 310px\" class=\"wp-caption alignright\"><a href=\"http:\/\/induljelegyuton.hu\/wp-content\/uploads\/4_oq_mumia5_Franco_Nicolis.jpg\"><img loading=\"lazy\" decoding=\"async\" aria-describedby=\"caption-attachment-1541\" class=\"size-medium wp-image-1541\" alt=\"...el\u0151sz\u00f6r egy sz\u00f6ges bakancs t\u0171nt el\u0151 a h\u00f3b\u00f3l... (Fot\u00f3: Franco Nicolis)\" src=\"http:\/\/induljelegyuton.hu\/wp-content\/uploads\/4_oq_mumia5_Franco_Nicolis-300x224.jpg\" width=\"300\" height=\"224\" srcset=\"https:\/\/induljelegyuton.hu\/wp-content\/uploads\/4_oq_mumia5_Franco_Nicolis-300x224.jpg 300w, https:\/\/induljelegyuton.hu\/wp-content\/uploads\/4_oq_mumia5_Franco_Nicolis-200x150.jpg 200w, https:\/\/induljelegyuton.hu\/wp-content\/uploads\/4_oq_mumia5_Franco_Nicolis.jpg 705w\" sizes=\"auto, (max-width: 300px) 100vw, 300px\" \/><\/a><p id=\"caption-attachment-1541\" class=\"wp-caption-text\">&#8230;el\u0151sz\u00f6r egy sz\u00f6ges bakancs t\u0171nt el\u0151 a h\u00f3b\u00f3l&#8230; (Fot\u00f3: Franco Nicolis)<\/p><\/div>\n<p>A h\u00e1bor\u00fa eml\u00e9keinek kutat\u00f3i 2013 nyar\u00e1n \u2013 k\u00f6zvetlen\u00fcl az els\u0151 h\u00f3 el\u0151tt \u2013 fejezt\u00e9k be a bunker k\u00f6r\u00fcli munk\u00e1latokat, \u00edgy az id\u00e9n ny\u00e1ron egy eredeti \u201eh\u00e1bor\u00fas m\u00fazeum\u201d v\u00e1rja az elsz\u00e1ntabb turist\u00e1kat. Franco Nicolis \u00fagy fogalmazott: \u201eitt lehet \u00e9rezni a h\u00e1bor\u00fa szel\u00e9t\u2026\u201d<\/p>\n<p>&nbsp;<\/p>\n<p>A felmeleged\u00e9s miatt nemcsak holttestek, de visszamaradt, sz\u00e1z\u00e9ves robban\u00f3anyagok is el\u0151ker\u00fclnek a j\u00e9g fogs\u00e1g\u00e1b\u00f3l. A legut\u00f3bb el\u0151ker\u00fclt robban\u00f3szereket egy gleccserbe v\u00e1jt rakt\u00e1rban t\u00e1rolt\u00e1k a Dolomitokban, s egy rutinellen\u0151rz\u00e9s sor\u00e1n vett\u00e9k \u00e9szre a hegyi ment\u0151k.<\/p>\n<p>\u201eA legrosszabb forgat\u00f3k\u00f6nyv szerint az \u00e9vsz\u00e1zad v\u00e9g\u00e9re az Alpok gleccsereinek ter\u00fclete a tized\u00e9re olvad\u201d \u2013 figyelmeztet Michael Zemp, a World Glacier Monitoring Service kutat\u00f3ja. Egy biztos: a j\u00e9g olvad\u00e1sa miatt egyre t\u00f6bb t\u00e1rgy \u00e9s holttest ker\u00fclhet el\u0151 Hemingway szavainak bizonys\u00e1g\u00e1ul, aki az itt zajl\u00f3 harcokat \u00f3ri\u00e1si t\u00f6meggyilkoss\u00e1gnak \u00e9s kaotikus m\u00e9sz\u00e1rsz\u00e9knek nevezte. S egy utols\u00f3 gondolat h\u0151seink tisztelet\u00e9re, akik ilyen megh\u00f6kkent\u0151 k\u00f6r\u00fclm\u00e9nyek k\u00f6z\u00f6tt t\u00e9rtek vissza k\u00f6z\u00e9nk: egy osztr\u00e1k-magyar katona s\u00edrfelirata Peio v\u00e1rosa f\u00f6l\u00f6tt:<em> \u201eMegismertem a h\u00e1bor\u00fat, \u00e9s jobban megtanultam szeretni, mint \u00f6lni. Az\u00e9rt j\u00f6ttem, hogy k\u00f6sz\u00f6ntsem a bar\u00e1taimat, hogy im\u00e1dkozzam \u00e9rt\u00fck, \u00e9s az ellens\u00e9geim\u00e9rt is, hogy elmondjam a gyerekemnek, hogy ezt sose felejtse el.\u201d<\/em> &#8211; olvashat\u00f3 a s\u00edrfeliraton.<\/p>\n<p style=\"text-align: right;\">\u00a0<em>(A cikket a sciencecaffe.com, a telegraph.co.uk \u00e9s az origo.hu nyom\u00e1n \u00edrta Hars\u00e1czki Gy\u00f6rgy)<\/em><\/p>\n<div id=\"attachment_2717\" style=\"width: 310px\" class=\"wp-caption alignleft\"><a href=\"http:\/\/induljelegyuton.hu\/wp-content\/uploads\/063-Cima-Linke_x.jpg\"><img loading=\"lazy\" decoding=\"async\" aria-describedby=\"caption-attachment-2717\" class=\"size-medium wp-image-2717\" alt=\"A Punta Link\u00e9n kiszabad\u00edtott felvon\u00f3kalyiba belseje 2014 nyar\u00e1n. (Fot\u00f3 mag\u00e1t\u00f3l Maurizio Vicenzit\u0151l, a peio-i gy\u0171jtem\u00e9ny igazgat\u00f3j\u00e1t\u00f3l)\" src=\"http:\/\/induljelegyuton.hu\/wp-content\/uploads\/063-Cima-Linke_x-300x200.jpg\" width=\"300\" height=\"200\" srcset=\"https:\/\/induljelegyuton.hu\/wp-content\/uploads\/063-Cima-Linke_x-300x200.jpg 300w, https:\/\/induljelegyuton.hu\/wp-content\/uploads\/063-Cima-Linke_x-224x150.jpg 224w, https:\/\/induljelegyuton.hu\/wp-content\/uploads\/063-Cima-Linke_x.jpg 850w\" sizes=\"auto, (max-width: 300px) 100vw, 300px\" \/><\/a><p id=\"caption-attachment-2717\" class=\"wp-caption-text\">A Punta Link\u00e9n kiszabad\u00edtott felvon\u00f3kalyiba belseje 2014 nyar\u00e1n. (Fot\u00f3 mag\u00e1t\u00f3l Maurizio Vicenzit\u0151l, a peio-i gy\u0171jtem\u00e9ny igazgat\u00f3j\u00e1t\u00f3l)<\/p><\/div>\n<div id=\"attachment_2718\" style=\"width: 310px\" class=\"wp-caption alignleft\"><a href=\"http:\/\/induljelegyuton.hu\/wp-content\/uploads\/065-Cima-Linke_x.jpg\"><img loading=\"lazy\" decoding=\"async\" aria-describedby=\"caption-attachment-2718\" class=\"size-medium wp-image-2718 \" alt=\"A felvon\u00f3t egykor m\u0171k\u00f6dtet\u0151 Sendling motor 2014 nyar\u00e1n. (Fot\u00f3 mag\u00e1t\u00f3l Maurizio Vicenzit\u0151l, Peio h\u00e1bor\u00fas gy\u0171jtem\u00e9ny\u00e9nek igazgat\u00f3j\u00e1t\u00f3l)\" src=\"http:\/\/induljelegyuton.hu\/wp-content\/uploads\/065-Cima-Linke_x-300x200.jpg\" width=\"300\" height=\"200\" srcset=\"https:\/\/induljelegyuton.hu\/wp-content\/uploads\/065-Cima-Linke_x-300x200.jpg 300w, https:\/\/induljelegyuton.hu\/wp-content\/uploads\/065-Cima-Linke_x-224x150.jpg 224w, https:\/\/induljelegyuton.hu\/wp-content\/uploads\/065-Cima-Linke_x.jpg 850w\" sizes=\"auto, (max-width: 300px) 100vw, 300px\" \/><\/a><p id=\"caption-attachment-2718\" class=\"wp-caption-text\">A felvon\u00f3t egykor m\u0171k\u00f6dtet\u0151 Sendling motor 2014 nyar\u00e1n. (Fot\u00f3 mag\u00e1t\u00f3l Maurizio Vicenzit\u0151l, Peio h\u00e1bor\u00fas gy\u0171jtem\u00e9ny\u00e9nek igazgat\u00f3j\u00e1t\u00f3l)<\/p><\/div>\n","protected":false},"excerpt":{"rendered":"<p>A glob\u00e1lis felmeleged\u00e9s miatt visszah\u00faz\u00f3d\u00f3 j\u00e9gmez\u0151k el\u00e9nk t\u00e1rj\u00e1k az els\u0151 vil\u00e1gh\u00e1bor\u00fa rideg val\u00f3s\u00e1g\u00e1t. Kiolvadnak a magashegyi h\u00e1bor\u00fa k\u00f6zel sz\u00e1z \u00e9ve elt\u0171nt \u00e1ldozatai. &nbsp; Az id\u00e9n lesz sz\u00e1z \u00e9ve, hogy kit\u00f6rt az els\u0151 vil\u00e1gh\u00e1bor\u00fa, amely sor\u00e1n 1914-18 k\u00f6z\u00f6tt k\u00f6r\u00fclbel\u00fcl 15 milli\u00f3 ember halt meg. Az Osztr\u00e1k-Magyar Monarchia \u00e9s az Olaszorsz\u00e1g k\u00f6z\u00f6tti, \u2026 <a class=\"continue-reading-link\" href=\"https:\/\/induljelegyuton.hu\/?p=1532\"> Continue reading <span class=\"meta-nav\">&rarr; <\/span><\/a><\/p>\n","protected":false},"author":1,"featured_media":0,"comment_status":"open","ping_status":"open","sticky":false,"template":"","format":"standard","meta":{"ngg_post_thumbnail":0,"footnotes":""},"categories":[164,1],"tags":[539,549,559,547,541,546,542,552,538,554,561,551,161,211,550,562,548,218,557,491,555,545,540,543,558,556,560,544,553],"class_list":["post-1532","post","type-post","status-publish","format-standard","hentry","category-egyszer_volt","category-kukker","tag-539","tag-alpini","tag-arnaldo-berni","tag-botos-csizma","tag-csaszar","tag-del-tirol","tag-dolomitok","tag-drotkotelpalya","tag-elso-vilaghaboru","tag-feher-haboru","tag-franco-nicolis","tag-front","tag-gleccser","tag-globalis-felmelegedes","tag-hegyivadasz","tag-hegyrobbantas","tag-kaiserschutzer","tag-katona","tag-maurizio-vicenzi","tag-monarchia","tag-mumifikalodott","tag-olaszorszag","tag-osztrak-magyar-monarchia","tag-peio","tag-punta-linke","tag-san-matteo","tag-szaz-eve","tag-trentino","tag-utanpotlas"],"_links":{"self":[{"href":"https:\/\/induljelegyuton.hu\/index.php?rest_route=\/wp\/v2\/posts\/1532","targetHints":{"allow":["GET"]}}],"collection":[{"href":"https:\/\/induljelegyuton.hu\/index.php?rest_route=\/wp\/v2\/posts"}],"about":[{"href":"https:\/\/induljelegyuton.hu\/index.php?rest_route=\/wp\/v2\/types\/post"}],"author":[{"embeddable":true,"href":"https:\/\/induljelegyuton.hu\/index.php?rest_route=\/wp\/v2\/users\/1"}],"replies":[{"embeddable":true,"href":"https:\/\/induljelegyuton.hu\/index.php?rest_route=%2Fwp%2Fv2%2Fcomments&post=1532"}],"version-history":[{"count":24,"href":"https:\/\/induljelegyuton.hu\/index.php?rest_route=\/wp\/v2\/posts\/1532\/revisions"}],"predecessor-version":[{"id":2720,"href":"https:\/\/induljelegyuton.hu\/index.php?rest_route=\/wp\/v2\/posts\/1532\/revisions\/2720"}],"wp:attachment":[{"href":"https:\/\/induljelegyuton.hu\/index.php?rest_route=%2Fwp%2Fv2%2Fmedia&parent=1532"}],"wp:term":[{"taxonomy":"category","embeddable":true,"href":"https:\/\/induljelegyuton.hu\/index.php?rest_route=%2Fwp%2Fv2%2Fcategories&post=1532"},{"taxonomy":"post_tag","embeddable":true,"href":"https:\/\/induljelegyuton.hu\/index.php?rest_route=%2Fwp%2Fv2%2Ftags&post=1532"}],"curies":[{"name":"wp","href":"https:\/\/api.w.org\/{rel}","templated":true}]}}