{"id":1490,"date":"2014-01-25T01:12:22","date_gmt":"2014-01-25T00:12:22","guid":{"rendered":"http:\/\/induljelegyuton.hu\/?p=1490"},"modified":"2014-02-02T15:19:10","modified_gmt":"2014-02-02T14:19:10","slug":"milyen-a-szahara-szemenek-strukturaja","status":"publish","type":"post","link":"https:\/\/induljelegyuton.hu\/?p=1490","title":{"rendered":"Milyen a Szahara szem\u00e9nek strukt\u00far\u00e1ja?"},"content":{"rendered":"<p><strong>A Szahara maurit\u00e1niai r\u00e9sz\u00e9n egy a maga nem\u00e9ben eg\u00e9szen egyed\u00fcl\u00e1ll\u00f3 geol\u00f3giai k\u00e9pz\u0151dm\u00e9ny <strong>tal\u00e1lhat\u00f3<\/strong>, mely a vil\u00e1g\u0171rb\u0151l n\u00e9zve egy szemre eml\u00e9keztet. 1965\u00a0 \u00f3ta, ami\u00f3ta a Gemini 4 asztronaut\u00e1i McDivitt \u00e9s White megpillantott\u00e1k ezt a hatalmas k\u00f6r alak\u00fa geol\u00f3giai k\u00e9pz\u0151dm\u00e9nyt, szinte minden \u0171rutaz\u00e1s sor\u00e1n lefot\u00f3zz\u00e1k a m\u00e1ig kuri\u00f3zumnak sz\u00e1m\u00edt\u00f3 alakzatot.<\/strong><\/p>\n<p>&nbsp;<\/p>\n<div id=\"attachment_1497\" style=\"width: 310px\" class=\"wp-caption alignright\"><a href=\"http:\/\/induljelegyuton.hu\/wp-content\/uploads\/12_Eye-of-the-Sahara-in-Mauritania.jpg\"><img loading=\"lazy\" decoding=\"async\" aria-describedby=\"caption-attachment-1497\" class=\"size-medium wp-image-1497\" alt=\"A m\u0171holdfelv\u00e9teleken a homok \u00e1lland\u00f3 mozg\u00e1sa miatt v\u00e1ltozik, de a szem k\u00f6zepe tiszt\u00e1n l\u00e1tszik. (Forr\u00e1s: internet)\" src=\"http:\/\/induljelegyuton.hu\/wp-content\/uploads\/12_Eye-of-the-Sahara-in-Mauritania-300x243.jpg\" width=\"300\" height=\"243\" srcset=\"https:\/\/induljelegyuton.hu\/wp-content\/uploads\/12_Eye-of-the-Sahara-in-Mauritania-300x243.jpg 300w, https:\/\/induljelegyuton.hu\/wp-content\/uploads\/12_Eye-of-the-Sahara-in-Mauritania-185x150.jpg 185w, https:\/\/induljelegyuton.hu\/wp-content\/uploads\/12_Eye-of-the-Sahara-in-Mauritania.jpg 600w\" sizes=\"auto, (max-width: 300px) 100vw, 300px\" \/><\/a><p id=\"caption-attachment-1497\" class=\"wp-caption-text\">A m\u0171holdfelv\u00e9teleken a homok \u00e1lland\u00f3 mozg\u00e1sa miatt v\u00e1ltozik, de a szem k\u00f6zepe tiszt\u00e1n l\u00e1tszik. (Forr\u00e1s: internet)<\/p><\/div>\n<p>A 48 kilom\u00e9ter \u00e1tm\u00e9r\u0151j\u0171, Richat strukt\u00far\u00e1nak nevezett koncentrikus k\u00f6r\u00f6kb\u0151l \u00e1ll\u00f3 alakzat m\u00e1sik neve, a Szahara vagy F\u00f6ld szeme. Keletkez\u00e9s\u00e9t illet\u0151en m\u00e1ig nincs megegyez\u00e9s a tud\u00f3st\u00e1rsadalomban. Egyesek szerint egy meteoritbecsap\u00f3d\u00e1s k\u00f6vetkezt\u00e9ben j\u00f6tt l\u00e9tre, azonban ezt az c\u00e1folja, hogy a kr\u00e1ter alapja lapos, illetve sehol m\u00e1shol nem tal\u00e1ltak a Szahara ter\u00fclet\u00e9n ehhez hasonl\u00f3 nyomokat, amelyek egy ilyen nagy erej\u0171 \u2013 \u00e9s jelleg\u0171 &#8211; becsap\u00f3d\u00e1s igazolhatn\u00e1nak.<\/p>\n<p>A legmer\u00e9szebb felt\u00e9telez\u00e9sek szerint f\u00f6ldalatti nukle\u00e1ris robbant\u00e1s hozta l\u00e9tre, \u00e1m ezt c\u00e1folja, hogy jelenleg egyetlen orsz\u00e1gnak sincs ekkor erej\u0171 bomb\u00e1ja. A ma legink\u00e1bb elfogadott elm\u00e9let szerint a f\u00f6ldk\u00e9reg gy\u0171r\u0151d\u00e9s\u00e9nek, az er\u00f3zi\u00f3nak, \u00e9s az \u00fcled\u00e9kes k\u0151zetek kiemelked\u00e9s\u00e9nek tulajdon\u00edtj\u00e1k a keletkez\u00e9s\u00e9t. A Richat strukt\u00fara azon kev\u00e9s f\u00f6ldi geol\u00f3giai strukt\u00far\u00e1k egyike, amely az \u0171rb\u0151l sokkal ink\u00e1bb megfigyelhet\u0151, mint a F\u00f6ldr\u0151l. A k\u00fcl\u00f6nleges alakzat m\u00e1r az els\u0151 \u0171rbeli utaz\u00e1s \u00f3ta kedvelt megfigyel\u00e9si c\u00e9lpont.<\/p>\n<p><strong>ngg_shortcode_0_placeholder<\/strong><\/p>\n<div id=\"attachment_1496\" style=\"width: 250px\" class=\"wp-caption alignright\"><a href=\"http:\/\/induljelegyuton.hu\/wp-content\/uploads\/1__article.jpg\"><img loading=\"lazy\" decoding=\"async\" aria-describedby=\"caption-attachment-1496\" class=\" wp-image-1496  \" alt=\"A Richat strukt\u00fara a \u201eleveg\u0151b\u0151l\u201d. (Forr\u00e1s: internet)\" src=\"http:\/\/induljelegyuton.hu\/wp-content\/uploads\/1__article-300x191.jpg\" width=\"240\" height=\"153\" srcset=\"https:\/\/induljelegyuton.hu\/wp-content\/uploads\/1__article-300x191.jpg 300w, https:\/\/induljelegyuton.hu\/wp-content\/uploads\/1__article-235x150.jpg 235w, https:\/\/induljelegyuton.hu\/wp-content\/uploads\/1__article.jpg 850w\" sizes=\"auto, (max-width: 240px) 100vw, 240px\" \/><\/a><p id=\"caption-attachment-1496\" class=\"wp-caption-text\">A Richat strukt\u00fara a \u201eleveg\u0151b\u0151l\u201d. (Forr\u00e1s: internet)<\/p><\/div>\n<p>A m\u0171holdfelv\u00e9teleken a homok \u00e1lland\u00f3 mozg\u00e1sa miatt v\u00e1ltozik, de a szem k\u00f6zepe tiszt\u00e1n l\u00e1tszik. A k\u00e9peken l\u00e1that\u00f3 s\u00f6t\u00e9t r\u00e9szek\u00a0 a k\u00f6rnyez\u0151 homokhoz k\u00e9pest 200 m\u00e9terrel magasabb, \u00fcled\u00e9kes k\u0151zetek alkotta fenns\u00edkot jel\u00f6lik. A strukt\u00fara k\u00fcls\u0151 perem\u00e9nek cs\u00facsa 486 m\u00e9terrel emelkedik a tengerszint f\u00f6l\u00e9.<br \/>\nB\u00e1r csak a vil\u00e1g\u0171rb\u0151l l\u00e1that\u00f3 igaz\u00e1n a k\u00e9pz\u0151dm\u00e9ny, de m\u00e1ra Maurit\u00e1nia egyik legkedveltebb turisztikai c\u00e9lpontja lett.<\/p>\n<p style=\"text-align: right;\">A Mistique alapj\u00e1n<\/p>\n","protected":false},"excerpt":{"rendered":"<p>A Szahara maurit\u00e1niai r\u00e9sz\u00e9n egy a maga nem\u00e9ben eg\u00e9szen egyed\u00fcl\u00e1ll\u00f3 geol\u00f3giai k\u00e9pz\u0151dm\u00e9ny tal\u00e1lhat\u00f3, mely a vil\u00e1g\u0171rb\u0151l n\u00e9zve egy szemre eml\u00e9keztet. 1965\u00a0 \u00f3ta, ami\u00f3ta a Gemini 4 asztronaut\u00e1i McDivitt \u00e9s White megpillantott\u00e1k ezt a hatalmas k\u00f6r alak\u00fa geol\u00f3giai k\u00e9pz\u0151dm\u00e9nyt, szinte minden \u0171rutaz\u00e1s sor\u00e1n lefot\u00f3zz\u00e1k a m\u00e1ig kuri\u00f3zumnak sz\u00e1m\u00edt\u00f3 alakzatot. &nbsp; A \u2026 <a class=\"continue-reading-link\" href=\"https:\/\/induljelegyuton.hu\/?p=1490\"> Continue reading <span class=\"meta-nav\">&rarr; <\/span><\/a><\/p>\n","protected":false},"author":1,"featured_media":0,"comment_status":"open","ping_status":"open","sticky":false,"template":"","format":"standard","meta":{"ngg_post_thumbnail":0,"footnotes":""},"categories":[163,1],"tags":[536,537,532,534,533,535],"class_list":["post-1490","post","type-post","status-publish","format-standard","hentry","category-aktualis","category-kukker","tag-48-kilometer","tag-fold-szeme","tag-gemini-4","tag-mauritania","tag-richat-struktura","tag-szahara"],"_links":{"self":[{"href":"https:\/\/induljelegyuton.hu\/index.php?rest_route=\/wp\/v2\/posts\/1490","targetHints":{"allow":["GET"]}}],"collection":[{"href":"https:\/\/induljelegyuton.hu\/index.php?rest_route=\/wp\/v2\/posts"}],"about":[{"href":"https:\/\/induljelegyuton.hu\/index.php?rest_route=\/wp\/v2\/types\/post"}],"author":[{"embeddable":true,"href":"https:\/\/induljelegyuton.hu\/index.php?rest_route=\/wp\/v2\/users\/1"}],"replies":[{"embeddable":true,"href":"https:\/\/induljelegyuton.hu\/index.php?rest_route=%2Fwp%2Fv2%2Fcomments&post=1490"}],"version-history":[{"count":9,"href":"https:\/\/induljelegyuton.hu\/index.php?rest_route=\/wp\/v2\/posts\/1490\/revisions"}],"predecessor-version":[{"id":1492,"href":"https:\/\/induljelegyuton.hu\/index.php?rest_route=\/wp\/v2\/posts\/1490\/revisions\/1492"}],"wp:attachment":[{"href":"https:\/\/induljelegyuton.hu\/index.php?rest_route=%2Fwp%2Fv2%2Fmedia&parent=1490"}],"wp:term":[{"taxonomy":"category","embeddable":true,"href":"https:\/\/induljelegyuton.hu\/index.php?rest_route=%2Fwp%2Fv2%2Fcategories&post=1490"},{"taxonomy":"post_tag","embeddable":true,"href":"https:\/\/induljelegyuton.hu\/index.php?rest_route=%2Fwp%2Fv2%2Ftags&post=1490"}],"curies":[{"name":"wp","href":"https:\/\/api.w.org\/{rel}","templated":true}]}}