{"id":147,"date":"2013-07-07T19:29:11","date_gmt":"2013-07-07T17:29:11","guid":{"rendered":"http:\/\/induljelegyuton.hu\/?p=147"},"modified":"2013-10-21T14:45:54","modified_gmt":"2013-10-21T12:45:54","slug":"megettuk-az-alacsony-tatrat-1-resz","status":"publish","type":"post","link":"https:\/\/induljelegyuton.hu\/?p=147","title":{"rendered":"Megett\u00fck az Alacsony-T\u00e1tr\u00e1t! (1. r\u00e9sz)"},"content":{"rendered":"<p><strong>El\u0151havaz\u00e1s-opci\u00f3val kem\u00e9nyebb&#8230;\u00a0<\/strong><\/p>\n<p>Bar\u00e1tom tal\u00e1n utols\u00f3 pr\u00f3b\u00e1lkoz\u00e1sa volt velem tavasz \u00f3ta \u2013 mint k\u00e9s\u0151bb megtudtam -, hogy egy k\u00f6z\u00f6s \u201enagy\u201d t\u00far\u00e1t tegy\u00fcnk az id\u00e9n. R\u00e1b\u00f3lintottam \u2013 egyszer \u00e9l\u00fcnk! Az Alacsony-T\u00e1tra gerinct\u00fara sz\u00e9p, \u00e9s kellemes \u00fatic\u00e9l szeptember v\u00e9g\u00e9n \u2013 gondoltam, gondoltuk. D\u00f6nt\u00e9sem harmadnapj\u00e1n azonban komoly havaz\u00e1st jeleztek \u2013 onnan.\u00a0 Karesz ezt, mint \u00ednyencs\u00e9get osztotta meg vel\u00fcnk, \u00e9s a t\u00e9lies \u201efelhang\u00fa\u201d \u0151szi t\u00far\u00e1hoz t\u00f6bbeknek megj\u00f6tt a kedve\u2026<\/p>\nngg_shortcode_0_placeholder\n<p>Vacsora az aszfalton<\/p>\n<p>K\u00e9t aut\u00f3nk m\u00e1r Dunakeszin\u00e9l is nehezen tudott tal\u00e1lkozni, de V\u00e1c ut\u00e1n egyszer\u0171en nem siker\u00fclt egy kilom\u00e9tert sem egy\u00fctt haladnunk. Egyik sof\u0151r erre, a m\u00e1sik sof\u0151r arra szokott\u2026 Beszterceb\u00e1nya felett vett\u00fck fel el\u0151sz\u00f6r a kapcsolatot, v\u00e9g\u00fcl csak Donovalyban l\u00e1thattuk meg egym\u00e1s arc\u00e1t \u00fajb\u00f3l \u2013 v\u00e9gre.<\/p>\n<div id=\"attachment_180\" style=\"width: 210px\" class=\"wp-caption alignleft\"><a href=\"http:\/\/induljelegyuton.hu\/wp-content\/uploads\/DSC_0739kis.jpg\"><img loading=\"lazy\" decoding=\"async\" aria-describedby=\"caption-attachment-180\" class=\"size-medium wp-image-180\" alt=\"Nem tal\u00e1ltunk jobb b\u00fav\u00f3helyet a szabadt\u00e9ri sz\u00ednpadn\u00e1l...\" src=\"http:\/\/induljelegyuton.hu\/wp-content\/uploads\/DSC_0739kis-200x300.jpg\" width=\"200\" height=\"300\" srcset=\"https:\/\/induljelegyuton.hu\/wp-content\/uploads\/DSC_0739kis-200x300.jpg 200w, https:\/\/induljelegyuton.hu\/wp-content\/uploads\/DSC_0739kis-682x1024.jpg 682w, https:\/\/induljelegyuton.hu\/wp-content\/uploads\/DSC_0739kis-100x150.jpg 100w, https:\/\/induljelegyuton.hu\/wp-content\/uploads\/DSC_0739kis.jpg 850w\" sizes=\"auto, (max-width: 200px) 100vw, 200px\" \/><\/a><p id=\"caption-attachment-180\" class=\"wp-caption-text\">Nem tal\u00e1ltunk jobb b\u00fav\u00f3helyet a szabadt\u00e9ri sz\u00ednpadn\u00e1l&#8230;<\/p><\/div>\n<p>Vadkempinget tervezt\u00fcnk &#8211; \u00edgy, az els\u0151 \u00e9jszak\u00e1n -, de pont az a t\u00farat\u00e1rs mondta le a r\u00e9szv\u00e9telt, akinek helyismerete is volt. A t\u00e9rk\u00e9p-t\u00e1bl\u00e1k tanulm\u00e1nyoz\u00e1sa ut\u00e1n tisztelet\u00fcnket tett\u00fck minden s\u00f6t\u00e9t parkol\u00f3ban, de egyiket sem tal\u00e1ltuk t\u00fal \u201erejtettnek\u201d. V\u00e9g\u00fcl a szabadt\u00e9ri sz\u00ednpad el\u0151tt tett\u00fck le az aut\u00f3kat, \u00e9s ki k\u00e9zb\u0151l, ki az aszfaltra megter\u00edtve, elk\u00f6lt\u00f6tt\u00fck gyors vacsor\u00e1nkat. Ny\u00e1r ut\u00e1n, t\u00e9l el\u0151tt nem sok vend\u00e9g (ann\u00e1l t\u00f6bb kamion) zavarta Donovaly csendj\u00e9t. R\u00f6vid \u00e9jjeli s\u00f6rs\u00e9t\u00e1nkon, 11 fel\u00e9 az egyetlen hely &#8211; ami nem \u00f6t csillagos hotel &#8211;\u00a0 egy r\u00f6nkh\u00e1z volt, ahol k\u00edv\u00fclr\u0151l is l\u00e1thattuk, hogy n\u00e9pviseletbe \u00f6lt\u00f6z\u00f6tt alkalmazottak hozz\u00e1k ki a s\u00f6rt. A \u201ejelmez\u201d miatti fel\u00e1rt\u00f3l tartva reflexb\u0151l megh\u00e1tr\u00e1ltam, de a t\u00f6bbiek bev\u00e1llalt\u00e1k \u00e9s j\u00f3l \u00e9rezt\u00e9k magukat. Nemsok\u00e1ra \u201emeg\u00e1gyaztunk\u201d a sz\u00ednpad m\u00f6g\u00f6tt.<\/p>\n<p>&nbsp;<\/p>\n<p>Sz\u00ednpadias reggeli\u2026<\/p>\n<p>A kellemes \u00e9jszaka ut\u00e1n enyhe reggelre \u00e9bredt\u00fcnk. Lopva bontottunk s\u00e1trat, de a reggelit m\u00e1r a \u201enagyk\u00f6z\u00f6ns\u00e9g el\u00e9\u201d mert\u00fck t\u00e1rni \u2013 sz\u00ednpadra k\u00edv\u00e1nkozott. A t\u00e9rk\u00e9pr\u0151l m\u00e9g \u00e9jszaka leolvastuk, hogy merre kell a gerincre indulni (piros, s\u00e1rga jelz\u00e9s), de az el\u0151tt\u00fcnk magasod\u00f3 havas hegyek nem estek \u201e\u00fatba\u201d. Ment a tal\u00e1lgat\u00e1s, \u00fatic\u00e9lunkat l\u00e1tjuk-e, mivel od\u00e1ig t\u00f6bb alacsony h\u00e1g\u00f3t v\u00e9lt\u00fcnk felfedezni. Am\u00edg a t\u00f6bbiekre v\u00e1rtunk, els\u00e9t\u00e1ltunk a k\u00f6zpontban, a templom el\u0151tt fel\u00e1ll\u00edtott malamut sz\u00e1nh\u00faz\u00f3kutya szobr\u00e1hoz, ami az \u00e9vente megrendezett versenyek trad\u00edci\u00f3j\u00e1ra eml\u00e9keztet. De tal\u00e1lkoztunk egy k\u00f6z-fali\u00fajs\u00e1gra kit\u0171z\u00f6tt poszterrel is, amely az \u00fcd\u00fcl\u0151telep k\u00f6zep\u00e9n \u00e9l\u00e9nken \u2013 \u00e9s hat nyelven \u2013 68 \u00e9v t\u00e1vlat\u00e1b\u00f3l eml\u00e9keztette az olvas\u00f3kat a n\u00e1ci r\u00e9mtettekre: felgy\u00fajtott falvakra, polg\u00e1ri \u00e1ldozatok d\u00e9l-szlov\u00e1kiai t\u00f6megs\u00edrjaira, amely ter\u00fcleteket a Horthy-Magyarorsz\u00e1g foglalta el(?!)\u2026<\/p>\n<div id=\"attachment_181\" style=\"width: 310px\" class=\"wp-caption alignleft\"><a href=\"http:\/\/induljelegyuton.hu\/wp-content\/uploads\/DSC_0759kis.jpg\"><img loading=\"lazy\" decoding=\"async\" aria-describedby=\"caption-attachment-181\" class=\"size-medium wp-image-181\" alt=\"Alig 70 \u00e9ve hallgatnak a fegyverek...\" src=\"http:\/\/induljelegyuton.hu\/wp-content\/uploads\/DSC_0759kis-300x200.jpg\" width=\"300\" height=\"200\" srcset=\"https:\/\/induljelegyuton.hu\/wp-content\/uploads\/DSC_0759kis-300x200.jpg 300w, https:\/\/induljelegyuton.hu\/wp-content\/uploads\/DSC_0759kis-224x150.jpg 224w, https:\/\/induljelegyuton.hu\/wp-content\/uploads\/DSC_0759kis.jpg 850w\" sizes=\"auto, (max-width: 300px) 100vw, 300px\" \/><\/a><p id=\"caption-attachment-181\" class=\"wp-caption-text\">Alig 70 \u00e9ve hallgatnak a fegyverek&#8230;<\/p><\/div>\n<p>A reggeli naps\u00fct\u00e9s ut\u00e1n enyh\u00e9n beborult az \u00e9g, de 9-kor elindultunk \u2013 980 m\u00e9ter tengerszint feletti magass\u00e1gr\u00f3l a k\u00e9tezresek fel\u00e9. S\u00e1trakat ugyan nem vitt\u00fcnk magunkkal (azokat az aut\u00f3ban hagytuk), de minden m\u00e1st: \u00e9telt, polif\u00f3mot, h\u00e1l\u00f3zs\u00e1kot, g\u00e1zf\u0151z\u0151t stb. igen. L\u00e1thattuk a s\u00edparadicsom m\u00e9ly katlan\u00e1t, a pihen\u0151 felvon\u00f3kat, majd be\u00e9rt\u00fcnk a kedves Poliank\u00e1ba, ami ma m\u00e1r ink\u00e1bb \u00fcd\u00fcl\u0151falu \u2013 eredeti fah\u00e1zakkal. A kis templom el\u0151tt Baltazar elnagyolt szobra \u00e1ll\u2026<\/p>\n<p>&nbsp;<\/p>\n<p>Ker\u00fclgetj\u00fck, ker\u00fclgetj\u00fck<\/p>\n<p>Kis emelked\u0151 ut\u00e1n feny\u0151erd\u0151ben, pocsoly\u00e1kkal tark\u00edtott \u00faton kezdt\u00fck bemeleg\u00edt\u00e9s\u00fcnket. Az els\u0151 k\u0151foly\u00e1s v\u00e9gre magashegys\u00e9gre eml\u00e9keztetett benn\u00fcnket. Egy meredekebb f\u00fcves oldal ind\u00edtott neki a Kecka (nna, ez mi lehet magyarul?) 1225 m\u00e9teres cs\u00facs\u00e1nak. Az erd\u0151ben r\u00e9teges szerkezet\u0171 metamorf k\u0151zeten l\u00e9pdelt\u00fcnk, a f\u00e1tlan cs\u00facsra pedig m\u00e1r havasi legel\u0151n vezetett az \u00f6sv\u00e9ny. Pomp\u00e1s kil\u00e1t\u00e1s ny\u00edlt d\u00e9lre, a Veporra \u00e9s \u00e9szakra is, a Nagy-F\u00e1tr\u00e1ra, R\u00f3zsahegy (Ruzomberok) hegyeire, fel\u00e9rve pedig l\u00e1thattuk a folytat\u00e1st: az igazi gerinc els\u0151 orma, a Prasiv\u00e1 (1651 m) el\u0151tt m\u00e9g k\u00e9t helyen kellett jelent\u0151s szintet vesz\u00edten\u00fcnk (reggel t\u00e9nyleg az \u00fatic\u00e9lunkat l\u00e1ttuk). Az 1330 m\u00e9teres Koz\u00ed chrb\u00e1t el\u0151tt legal\u00e1bb l\u00e9lekemel\u0151, sz\u00e1raz f\u00fcv\u0171 havasi legel\u0151n ereszkedt\u00fcnk le, majd er\u0151s sz\u00e9lben m\u00e1sztunk f\u00f6l\u2026 \u00c9rdekes volt, hogy m\u00e9szk\u0151vel tal\u00e1lkoztunk \u00e9s karsztos beszakad\u00e1sokat v\u00e9lt\u00fcnk tal\u00e1lni. A \u201eKozir\u00f3l\u201d egyre t\u00f6bb k\u00e9kes hegyvonulat t\u0171nt fel a horizonton, m\u00edg az el\u0151t\u00e9rben a szeptemberi s\u00e1rga, s\u00e1rg\u00e1s-z\u00f6ld lombokat r\u00e1zta a sz\u00e9l. Karesszel m\u00e1r kezdt\u00fcnk agg\u00f3dni a csapat lass\u00fas\u00e1ga miatt, mivel t\u00f6bb mint h\u00fasz kilom\u00e9tert kellett m\u00e9g megtenn\u00fcnk aznap a sz\u00e1ll\u00e1sig, ahol \u2013 r\u00e1ad\u00e1sul \u2013 nem biztos, hogy hely\u00fcnk is lesz\u2026 Kimer\u00edt\u0151 leereszked\u00e9ssel folytattuk utunkat a Hiadelsk\u00e9-nyeregbe (1099 m). K\u00f6zben folyamatosan egy szlov\u00e1k turistacsoport tagjai kapaszkodtak szemben felfel\u00e9, de meg kell jegyezni: a t\u00f6bbs\u00e9g\u00fck 50 \u00e9s 60 \u00e9v felett j\u00e1rt!<\/p>\n<p>&nbsp;<\/p>\n<p>\u00c9s el\u00e9rt\u00fck a hegyeket\u2026<\/p>\n<p>A nyeregben szerencs\u00e9re nem csak a \u201ev\u00e1rt\u201d villanyvezet\u00e9ket tal\u00e1ltuk, hanem a 16. sz\u00e1zadban ki\u00e9p\u00edtett v\u00edzvezet\u00e9ket bemutat\u00f3 t\u00e1bl\u00e1t is. Egy m\u00e1sik a hegyvid\u00e9ki partiz\u00e1nharcokat szeml\u00e9ltette. T\u00fcntet\u0151leg el\u0151rement\u00fcnk, hogy \u00edgy \u201etov\u00e1bbh\u00edvjuk\u201d a t\u00e1rsas\u00e1g k\u00e9nyelmesebb tagjait, de\u00a0 m\u00e9rs\u00e9kelt sikerrel j\u00e1rtunk. Megt\u00e9p\u00e1zott erd\u0151ben izzadtunk felfel\u00e9 &#8211; ism\u00e9t a feny\u0151 lett az uralkod\u00f3 fafaj, azt\u00e1n \u00e9ppen akkor s\u00fct\u00f6tt ki a nap, amikor a sz\u00ednes level\u0171 \u00e1fony\u00e1val szeg\u00e9lyezett \u00f6sv\u00e9ny ki\u00e9rt az erd\u0151b\u0151l. Bev\u00e1rtuk egym\u00e1st. Egyik t\u00e1rsunk egyre jobban lemaradt a csapat eg\u00e9sz\u00e9t\u0151l. Mindannyian szerett\u00fcnk volna a k\u00f6vetkez\u0151 Prasiv\u00e1 cs\u00facson eb\u00e9delni, de a t\u00e1v hossz\u00fanak \u00edg\u00e9rkezett, \u00edgy egy f\u00e1raszt\u00f3 t\u00f6rpefenyves-\u00e1tt\u00f6r\u00e9s ut\u00e1n eb\u00e9dsz\u00fcnetet tartottunk\u2026 Miel\u0151tt lecser\u00e9ltem voltam lucskosra izzadt p\u00f3l\u00f3mat, \u00e9rdekesen form\u00e1l\u00f3d\u00f3 r\u00e9tegfelh\u0151ket figyelhett\u00fcnk meg a gerinc felett. A leveg\u0151 pedig er\u0151sen leh\u0171lt.<\/p>\n<p>A Donovalyb\u00f3l \u00e9s k\u00f6ny\u00e9k\u00e9r\u0151l indul\u00f3k a Prasiv\u00e1n\u00e1l fordultak vissza. Sajnos G\u00e1bor bar\u00e1tunknak felt\u00f6rte a l\u00e1b\u00e1t az \u00faj bakancs, ez\u00e9rt &#8211; j\u00f3zanul \u00e1tgondolva &#8211; itt kellett visszafordulnia. B\u00f6lcs d\u00f6nt\u00e9s volt, mivel a t\u00fara h\u00e1romnegyede m\u00e9g csak ezut\u00e1n k\u00f6vetkezett!<\/p>\n<p>Az v\u00e1rt el\u00e9gt\u00e9tel 15 perc m\u00falva j\u00f6tt el: fel\u00e9rt\u00fcnk a t\u00f6rpefenyvessel bor\u00edtott Prasiv\u00e1ra, ahol v\u00e9gign\u00e9zhett\u00fck eddigi utunkat \u00e9s \u2013 milyen bosszant\u00f3! \u2013 \u201eeg\u00e9sz k\u00f6zelr\u0151l\u201d l\u00e1ttuk Donovalyt. S\u0151t, kivehet\u0151 volt a sz\u00ednpad is. El\u0151tt\u00fcnk m\u00e1r kis h\u00f3foltokkal hintett kop\u00e1r Mal\u00e1- \u00e9s Vel\u2019ka Chochul\u2019a emelkedett 1700 m\u00e9ter f\u00f6l\u00e9, eg\u00e9szen \u00faj sz\u00edneket hozva a v\u00e1ndorl\u00e1sba. (A h\u00f3 j\u00f3 r\u00e9sze m\u00e1r elolvadt \u00f6t nap alatt.) T\u00e1volabb m\u00e9g porcukrosabb hegyek l\u00e1tsz\u00f3dtak\u2026<\/p>\n<p>&nbsp;<\/p>\n<p>\u00c1fonya, h\u00f3, holtpont<\/p>\n<p>Az \u00f6sv\u00e9ny n\u00e9ha \u00e9ppen a h\u00f3folton vezetett \u00e1t, ez\u00e9rt fel kellett venni a kam\u00e1slit. Az is aggasztott minket, hogy k\u00e9t t\u00e1rsunkat a Prasiv\u00e1 \u00f3ta nem l\u00e1ttuk \u2013 annyira lemaradtak. A h\u00f3 mellett sokkal nagyobb ter\u00fcleteket bor\u00edtott a rozsdav\u00f6r\u00f6s \u00e1fonya, amelyet egyes \u2013 \u00fatk\u00f6zben fanatikusnak elk\u00f6nyvelt, csak p\u00f3l\u00f3t visel\u0151 &#8211; turist\u00e1nak hitt f\u00e9rfiak nagy \u00e1fonyaf\u00e9s\u0171vel sz\u00fcreteltek. \u00dczlet vagy virtus? A szeles hegyh\u00e1ton n\u00e9ha meg\u00e1llt a vizes h\u00f3 az \u00f6sv\u00e9nyen, de legal\u00e1bb tiszt\u00e1bb lett a kil\u00e1t\u00e1s &#8211; elf\u00e1radva \u00e9rt\u00fcnk az 1751 m\u00e9teres \u201eNagy Csocsul\u00e1ra\u201d. A lemaradottakr\u00f3l J\u00f3zsi hozta meg a h\u00edrt: j\u00f6nnek, \u00e1tbillentek a holtponton, nem fordultak vissza.<\/p>\n<p>Bev\u00e1rtuk \u0151ket \u00e9s hosszabban id\u0151zt\u00fcnk itt &#8211; ett\u00fcnk, besz\u00e9lgett\u00fcnk \u00e9s l\u00e1thattuk a t\u00e9rk\u00e9pen is, hogy hosszan \u00e9s sokat kell ereszkedn\u00fcnk \u2013 1500 m\u00e9terre. \u00c9ppen L\u00fazsna felett j\u00e1rtunk &#8211; fell\u00e9legezt\u00fcnk, hogy Donovaly v\u00e9gre elt\u0171nt a szem\u00fcnk el\u0151l. El\u0151tt\u00fcnk m\u00e1r csak havas gerinc\u0171 vonulatok sorakoztak, felett\u00fck sz\u00fcrke felh\u0151massz\u00e1k vonultak ide-oda, a Nap pedig alkalmank\u00e9nt \u201emegreflektorozta\u201d azokat.<\/p>\n<p>&nbsp;<\/p>\n<p>A gerinc arcai<\/p>\n<p>A f\u00fcves hegygerincek n\u00f6v\u00e9nyzete ism\u00e9t \u00e1fonya \u00e9s t\u00f6rpefenyves lett. A \u201em\u00e9lyponton\u201d, 1500 m\u00e9ter k\u00f6r\u00fcl meg is \u00e1lltunk k\u00f3stolni, majd egy id\u0151re elt\u0171nt\u00fcnk egy magasabb fenyvesben. R\u00e9g nem tapasztalt, meleg naps\u00fct\u00e9sre \u00e9rt\u00fcnk ki bel\u0151le. A sz\u00edn\u00e9lm\u00e9ny &#8211; k\u00e9k \u00e9g, a s\u00e1rga f\u0171, vak\u00edt\u00f3 h\u00f3val \u2013 felr\u00e1zta a t\u00e1rsas\u00e1got. El\u0151tt\u00fcnk (mindig r\u00f6videbbnek t\u0171nik a t\u00e1vols\u00e1g, mint a val\u00f3s\u00e1gban) a Vel\u2019ka hol\u2019a emelkedett 1639 m\u00e9ter\u00e9vel, s b\u00e1r a cs\u00facsra nem kellett felm\u00e1szni, ny\u00f6gt\u00fck az egyre m\u00e9lyebb vizes h\u00f3foltok cs\u00fasz\u00f3s mell\u00e9khat\u00e1s\u00e1t. A t\u00fcrelem pr\u00f3b\u00e1ja volt.<\/p>\n<p align=\"right\">Hars\u00e1czki Gy\u00f6rgy (2012)<\/p>\n","protected":false},"excerpt":{"rendered":"<p>El\u0151havaz\u00e1s-opci\u00f3val kem\u00e9nyebb&#8230;\u00a0 Bar\u00e1tom tal\u00e1n utols\u00f3 pr\u00f3b\u00e1lkoz\u00e1sa volt velem tavasz \u00f3ta \u2013 mint k\u00e9s\u0151bb megtudtam -, hogy egy k\u00f6z\u00f6s \u201enagy\u201d t\u00far\u00e1t tegy\u00fcnk az id\u00e9n. R\u00e1b\u00f3lintottam \u2013 egyszer \u00e9l\u00fcnk! Az Alacsony-T\u00e1tra gerinct\u00fara sz\u00e9p, \u00e9s kellemes \u00fatic\u00e9l szeptember v\u00e9g\u00e9n \u2013 gondoltam, gondoltuk. D\u00f6nt\u00e9sem harmadnapj\u00e1n azonban komoly havaz\u00e1st jeleztek \u2013 onnan.\u00a0 Karesz ezt, mint \u2026 <a class=\"continue-reading-link\" href=\"https:\/\/induljelegyuton.hu\/?p=147\"> Continue reading <span class=\"meta-nav\">&rarr; <\/span><\/a><\/p>\n","protected":false},"author":1,"featured_media":0,"comment_status":"open","ping_status":"open","sticky":false,"template":"","format":"standard","meta":{"ngg_post_thumbnail":0,"footnotes":""},"categories":[21,25],"tags":[104,29,28,32,30,33,31],"class_list":["post-147","post","type-post","status-publish","format-standard","hentry","category-bakancsolas","category-mezsgye","tag-104","tag-alacsony-tatra","tag-donovaly","tag-elcsatolt-terulet","tag-felvidek","tag-szlovak","tag-szlovakia"],"_links":{"self":[{"href":"https:\/\/induljelegyuton.hu\/index.php?rest_route=\/wp\/v2\/posts\/147","targetHints":{"allow":["GET"]}}],"collection":[{"href":"https:\/\/induljelegyuton.hu\/index.php?rest_route=\/wp\/v2\/posts"}],"about":[{"href":"https:\/\/induljelegyuton.hu\/index.php?rest_route=\/wp\/v2\/types\/post"}],"author":[{"embeddable":true,"href":"https:\/\/induljelegyuton.hu\/index.php?rest_route=\/wp\/v2\/users\/1"}],"replies":[{"embeddable":true,"href":"https:\/\/induljelegyuton.hu\/index.php?rest_route=%2Fwp%2Fv2%2Fcomments&post=147"}],"version-history":[{"count":19,"href":"https:\/\/induljelegyuton.hu\/index.php?rest_route=\/wp\/v2\/posts\/147\/revisions"}],"predecessor-version":[{"id":587,"href":"https:\/\/induljelegyuton.hu\/index.php?rest_route=\/wp\/v2\/posts\/147\/revisions\/587"}],"wp:attachment":[{"href":"https:\/\/induljelegyuton.hu\/index.php?rest_route=%2Fwp%2Fv2%2Fmedia&parent=147"}],"wp:term":[{"taxonomy":"category","embeddable":true,"href":"https:\/\/induljelegyuton.hu\/index.php?rest_route=%2Fwp%2Fv2%2Fcategories&post=147"},{"taxonomy":"post_tag","embeddable":true,"href":"https:\/\/induljelegyuton.hu\/index.php?rest_route=%2Fwp%2Fv2%2Ftags&post=147"}],"curies":[{"name":"wp","href":"https:\/\/api.w.org\/{rel}","templated":true}]}}