{"id":1415,"date":"2014-01-01T21:22:19","date_gmt":"2014-01-01T20:22:19","guid":{"rendered":"http:\/\/induljelegyuton.hu\/?p=1415"},"modified":"2014-01-07T18:06:34","modified_gmt":"2014-01-07T17:06:34","slug":"a-yellowstone-vulkanja-fenyegetobb-mint-hittek","status":"publish","type":"post","link":"https:\/\/induljelegyuton.hu\/?p=1415","title":{"rendered":"A Yellowstone vulk\u00e1nja fenyeget\u0151bb, mint hitt\u00e9k"},"content":{"rendered":"<div id=\"attachment_1421\" style=\"width: 310px\" class=\"wp-caption alignright\"><a href=\"http:\/\/induljelegyuton.hu\/wp-content\/uploads\/1__560px-Yellowstone_Caldera.svg-copy.jpg\"><img loading=\"lazy\" decoding=\"async\" aria-describedby=\"caption-attachment-1421\" class=\"size-medium wp-image-1421 \" alt=\"A magmakamra elhelyezked\u00e9se a Yellowstone-kaldera alatt (Forr\u00e1s: internet)\" src=\"http:\/\/induljelegyuton.hu\/wp-content\/uploads\/1__560px-Yellowstone_Caldera.svg-copy-300x154.jpg\" width=\"300\" height=\"154\" srcset=\"https:\/\/induljelegyuton.hu\/wp-content\/uploads\/1__560px-Yellowstone_Caldera.svg-copy-300x154.jpg 300w, https:\/\/induljelegyuton.hu\/wp-content\/uploads\/1__560px-Yellowstone_Caldera.svg-copy-250x129.jpg 250w, https:\/\/induljelegyuton.hu\/wp-content\/uploads\/1__560px-Yellowstone_Caldera.svg-copy.jpg 560w\" sizes=\"auto, (max-width: 300px) 100vw, 300px\" \/><\/a><p id=\"caption-attachment-1421\" class=\"wp-caption-text\">A magmakamra elhelyezked\u00e9se a Yellowstone-kaldera alatt (Forr\u00e1s: internet)<\/p><\/div>\n<p>Az amerikai Yellowstone park alatt fekv\u0151 szupervulk\u00e1n j\u00f3val nagyobb, mint azt kor\u00e1bban hitt\u00e9k: egy \u00faj tanulm\u00e1ny szerint kiterjed\u00e9se ak\u00e1r 2,5-szer is nagyobb lehet. A Utahi Egyetem kutat\u00f3csoportja szerint az \u00fcreg kiterjed\u00e9se el\u00e9rheti a kilencven kilom\u00e9tert is, ebben az esetben pedig 200-600 k\u00f6bkilom\u00e9ter magm\u00e1t tartalmaz. A magmakamra m\u00e9lys\u00e9ge 2\u201315 kilom\u00e9ter k\u00f6z\u00f6tt mozog, kilencven kilom\u00e9ter hossz\u00fa \u00e9s 30 kilom\u00e9ter sz\u00e9les.<\/p>\n<p>Bob Smith professzor azt \u00a0nyilatkozta, \u00a0hogy b\u00e1r nagyon r\u00e9g\u00f3ta dolgoznak a ter\u00fcleten, ennek ellen\u00e9re \u0151ket is megd\u00f6bbentett\u00e9k az eredm\u00e9nyek. Ha a yellowstone-i vulk\u00e1n ma t\u00f6rne ki, az katasztrof\u00e1lis k\u00f6vetkezm\u00e9nyekkel j\u00e1rna.<\/p>\n<p>Amellett, hogy a f\u00f6ldreng\u00e9sek, a l\u00f6k\u00e9shull\u00e1mok, a ki\u00f6ml\u0151 l\u00e1va, a forr\u00f3 g\u0151z\u00f6k, a m\u00e9rgez\u0151 g\u00e1zok, \u00e9s a h\u00e1znyi m\u00e9ret\u0171 vulk\u00e1ni bomb\u00e1k az \u00e9szak-amerikai kontinens lakoss\u00e1g\u00e1nak nagy r\u00e9sz\u00e9t k\u00f6zvetlen\u00fcl \u00a0elpuszt\u00edtan\u00e1, teljesen \u00f6sszeomlana a F\u00f6ld mez\u0151gazdas\u00e1ga, nagy r\u00e9szben elpusztuln\u00e1nak az \u00e1llatok \u00e9s a n\u00f6v\u00e9nyek. Hirtelen \u201evulk\u00e1ni t\u00e9l\u201d k\u00f6vetkezne be (melyhez egy nukle\u00e1ris t\u00e9l hasonl\u00edt tal\u00e1n legjobban), mivel a Nap sugarai nem jutn\u00e1nak le a F\u00f6ldre a sztratoszf\u00e9r\u00e1ba ker\u00fclt hatalmas mennyis\u00e9g\u0171 por miatt, s ez \u00f3ri\u00e1si energiav\u00e1ls\u00e1got id\u00e9zne el\u0151, \u00e9s aki ezek ut\u00e1n m\u00e9g \u00e9letben maradna, az lassan \u00e9hen halna\u2026<\/p>\n<div id=\"attachment_1423\" style=\"width: 250px\" class=\"wp-caption alignleft\"><a href=\"http:\/\/induljelegyuton.hu\/wp-content\/uploads\/22_483.jpg\"><img loading=\"lazy\" decoding=\"async\" aria-describedby=\"caption-attachment-1423\" class=\" wp-image-1423 \" alt=\"A Yellowstone-kaldera k\u00f6zep\u00e9n... (Forr\u00e1s: internet)\" src=\"http:\/\/induljelegyuton.hu\/wp-content\/uploads\/22_483-300x173.jpg\" width=\"240\" height=\"138\" srcset=\"https:\/\/induljelegyuton.hu\/wp-content\/uploads\/22_483-300x173.jpg 300w, https:\/\/induljelegyuton.hu\/wp-content\/uploads\/22_483-250x144.jpg 250w, https:\/\/induljelegyuton.hu\/wp-content\/uploads\/22_483.jpg 920w\" sizes=\"auto, (max-width: 240px) 100vw, 240px\" \/><\/a><p id=\"caption-attachment-1423\" class=\"wp-caption-text\">A Yellowstone-kaldera k\u00f6zep\u00e9n&#8230; (Forr\u00e1s: internet)<\/p><\/div>\n<p>Erre azonban nem sz\u00e1m\u00edtanak a kutat\u00f3k, mivel az utols\u00f3 kit\u00f6r\u00e9s 640 ezer \u00e9vvel ezel\u0151tt t\u00f6rt\u00e9nt. Akkor bizony az eg\u00e9sz \u00e9szak-amerikai kontinenst bebor\u00edtotta vulk\u00e1ni t\u00f6rmel\u00e9kkel, \u00e9s a vil\u00e1g id\u0151j\u00e1r\u00e1s\u00e1t is befoly\u00e1solta.<\/p>\n<p>A kutat\u00f3k most pontosabb k\u00e9pet kaptak arr\u00f3l, hogy mi van a f\u00f6ld alatt. Jamie Farrell, az egyetem kutat\u00f3ja azt mondta, hogy minden rezd\u00fcl\u00e9st, f\u00f6ldreng\u00e9st megfigyelnek a Yellowstone k\u00f6rny\u00e9k\u00e9r\u0151l, \u00e9s k\u00f6vetik a szeizmikus hull\u00e1mokat is, amelyek megker\u00fclik a F\u00f6ldet. Azt, hogy a vulk\u00e1n akt\u00edv, pontosan mutatj\u00e1k a rendszeres f\u00f6ldreng\u00e9sek \u00e9s a talajszint magass\u00e1g\u00e1nak v\u00e1ltoz\u00e1sa. Az elm\u00falt \u00e9vtizedek sor\u00e1n nagym\u00e9rt\u00e9k\u0171 &#8211; 60 \u00e9v alatt 83 cm &#8211; emelked\u00e9s \u00e9s kis m\u00e9rt\u00e9k\u0171 s\u00fcllyed\u00e9s mutatkozott a kaldera ter\u00fclet\u00e9n, mintha a vulk\u00e1n \u201es\u00f3hajtana\u201d. A kutat\u00f3k arra haszn\u00e1lj\u00e1k az \u00faj adatokat, hogy jobban meg tudj\u00e1k j\u00f3solni a felmer\u00fcl\u0151 kock\u00e1zatot. Bob Smith azt is hozz\u00e1tette, hogy maguk a kutat\u00f3k sem lehetnek biztosak abban, hogy kit\u00f6r-e m\u00e9g egyszer a vulk\u00e1n. Egyesek azonban \u00fagy gondolj\u00e1k, hogy \u00e9ppen esed\u00e9kes egy ilyen kit\u00f6r\u00e9s, mivel nagyj\u00e1b\u00f3l 600 ezer \u00e9vente t\u00f6r ki a Yellowstone \u00f3ri\u00e1svulk\u00e1nja.<\/p>\n<div id=\"attachment_1422\" style=\"width: 310px\" class=\"wp-caption alignright\"><a href=\"http:\/\/induljelegyuton.hu\/wp-content\/uploads\/21_yellowstone-national-park.jpg\"><img loading=\"lazy\" decoding=\"async\" aria-describedby=\"caption-attachment-1422\" class=\"size-medium wp-image-1422\" alt=\"Melegvizes forr\u00e1s mad\u00e1rt\u00e1vlatb\u00f3l a szupervulk\u00e1n felett. (Forr\u00e1s: internet)\" src=\"http:\/\/induljelegyuton.hu\/wp-content\/uploads\/21_yellowstone-national-park-300x225.jpg\" width=\"300\" height=\"225\" srcset=\"https:\/\/induljelegyuton.hu\/wp-content\/uploads\/21_yellowstone-national-park-300x225.jpg 300w, https:\/\/induljelegyuton.hu\/wp-content\/uploads\/21_yellowstone-national-park-200x150.jpg 200w, https:\/\/induljelegyuton.hu\/wp-content\/uploads\/21_yellowstone-national-park.jpg 1024w\" sizes=\"auto, (max-width: 300px) 100vw, 300px\" \/><\/a><p id=\"caption-attachment-1422\" class=\"wp-caption-text\">Melegvizes forr\u00e1s mad\u00e1rt\u00e1vlatb\u00f3l a szupervulk\u00e1n felett &#8211; Yellowstona N. P. (Forr\u00e1s: internet)<\/p><\/div>\n<p>(A kit\u00f6r\u00e9s v\u00edzi\u00f3j\u00e1t filmes\u00edtette meg a Szupervulk\u00e1n c\u00edm\u0171 film, amely val\u00f3ban borzongat\u00f3ra siker\u00fclt. De egy val\u00f3s\u00e1gos csap\u00e1s elhom\u00e1lyos\u00edthatja a fant\u00e1zia sz\u00fclte puszt\u00edt\u00e1st\u2026 &#8211; Harsi)<\/p>\n<p>75 ezer esztend\u0151vel ezel\u0151tt az indon\u00e9ziai Toba nev\u0171 szupervulk\u00e1n kit\u00f6r\u00e9se majdnem les\u00f6p\u00f6rte az emberis\u00e9get a F\u00f6ldr\u0151l.\u00a0 Az emberek \u201ecsal\u00e1df\u00e1j\u00e1t\u201d mitokondri\u00e1lis DNS vizsg\u00e1latokkal nyomoz\u00f3 tud\u00f3sok azt \u00e1llap\u00edtott\u00e1k meg, hogy a Toba kit\u00f6r\u00e9s\u00e9t k\u00f6vet\u0151 id\u0151kben az emberis\u00e9get mind\u00f6ssze 5-10 ezer f\u0151 k\u00e9pviselte az eg\u00e9sz bolyg\u00f3n! Hasonl\u00f3 kit\u00f6r\u00e9st tesznek felel\u0151ss\u00e9 a Perm v\u00e9gi kihal\u00e1sok\u00e9rt is, amikor a F\u00f6ld akkor \u00e9lt fajainak 90%-a kipusztult egy szib\u00e9riai szupervulk\u00e1n kit\u00f6r\u00e9sekor. Igen sok tud\u00f3s a dinoszauruszok kihal\u00e1s\u00e1t is szupervulk\u00e1nok sz\u00e1ml\u00e1j\u00e1ra \u00edrja.<\/p>\n<p>A Yellowstone-vulk\u00e1n m\u00e1r h\u00e1rom alkalommal \u2013 640.000, 1.3000.000 \u00e9s 2.100.000 \u00e9vvel ezel\u0151tt \u2013 sodorta a kihal\u00e1s sz\u00e9l\u00e9re a f\u00f6ldi \u00e9letet, m\u00e9g sem kiz\u00e1rt, hogy megel\u0151zi egy tenger alatti \u00f3ri\u00e1s. Mintha meg\u00e9l\u00e9nk\u00fcltek volna mostan\u00e1ban bolyg\u00f3nk vulkanikus ter\u00fcletei\u2026<\/p>\n<div id=\"attachment_1424\" style=\"width: 310px\" class=\"wp-caption alignleft\"><a href=\"http:\/\/induljelegyuton.hu\/wp-content\/uploads\/tongavulkan1.jpg\"><img loading=\"lazy\" decoding=\"async\" aria-describedby=\"caption-attachment-1424\" class=\"size-medium wp-image-1424\" alt=\"Egy tongai vulk\u00e1n v\u00edz alatti kit\u00f6r\u00e9se (Forr\u00e1s: internet)\" src=\"http:\/\/induljelegyuton.hu\/wp-content\/uploads\/tongavulkan1-300x203.jpg\" width=\"300\" height=\"203\" srcset=\"https:\/\/induljelegyuton.hu\/wp-content\/uploads\/tongavulkan1-300x203.jpg 300w, https:\/\/induljelegyuton.hu\/wp-content\/uploads\/tongavulkan1-221x150.jpg 221w, https:\/\/induljelegyuton.hu\/wp-content\/uploads\/tongavulkan1.jpg 959w\" sizes=\"auto, (max-width: 300px) 100vw, 300px\" \/><\/a><p id=\"caption-attachment-1424\" class=\"wp-caption-text\">Egy tongai vulk\u00e1n v\u00edz alatti kit\u00f6r\u00e9se (Forr\u00e1s: internet)<\/p><\/div>\n<p style=\"text-align: right;\"><em>(Az index.hu \u00e9s a harmonet anyagai alapj\u00e1n)<\/em><\/p>\n","protected":false},"excerpt":{"rendered":"<p>Az amerikai Yellowstone park alatt fekv\u0151 szupervulk\u00e1n j\u00f3val nagyobb, mint azt kor\u00e1bban hitt\u00e9k: egy \u00faj tanulm\u00e1ny szerint kiterjed\u00e9se ak\u00e1r 2,5-szer is nagyobb lehet. A Utahi Egyetem kutat\u00f3csoportja szerint az \u00fcreg kiterjed\u00e9se el\u00e9rheti a kilencven kilom\u00e9tert is, ebben az esetben pedig 200-600 k\u00f6bkilom\u00e9ter magm\u00e1t tartalmaz. A magmakamra m\u00e9lys\u00e9ge 2\u201315 kilom\u00e9ter k\u00f6z\u00f6tt \u2026 <a class=\"continue-reading-link\" href=\"https:\/\/induljelegyuton.hu\/?p=1415\"> Continue reading <span class=\"meta-nav\">&rarr; <\/span><\/a><\/p>\n","protected":false},"author":1,"featured_media":0,"comment_status":"open","ping_status":"open","sticky":false,"template":"","format":"standard","meta":{"ngg_post_thumbnail":0,"footnotes":""},"categories":[163,1],"tags":[472,470,471,469,467,468,417,473,466],"class_list":["post-1415","post","type-post","status-publish","format-standard","hentry","category-aktualis","category-kukker","tag-foldrenges","tag-kaldera","tag-kihalas","tag-pusztitas","tag-szupervulkan","tag-tanga","tag-vulkan","tag-vulkani-tel","tag-yellowstone"],"_links":{"self":[{"href":"https:\/\/induljelegyuton.hu\/index.php?rest_route=\/wp\/v2\/posts\/1415","targetHints":{"allow":["GET"]}}],"collection":[{"href":"https:\/\/induljelegyuton.hu\/index.php?rest_route=\/wp\/v2\/posts"}],"about":[{"href":"https:\/\/induljelegyuton.hu\/index.php?rest_route=\/wp\/v2\/types\/post"}],"author":[{"embeddable":true,"href":"https:\/\/induljelegyuton.hu\/index.php?rest_route=\/wp\/v2\/users\/1"}],"replies":[{"embeddable":true,"href":"https:\/\/induljelegyuton.hu\/index.php?rest_route=%2Fwp%2Fv2%2Fcomments&post=1415"}],"version-history":[{"count":11,"href":"https:\/\/induljelegyuton.hu\/index.php?rest_route=\/wp\/v2\/posts\/1415\/revisions"}],"predecessor-version":[{"id":1417,"href":"https:\/\/induljelegyuton.hu\/index.php?rest_route=\/wp\/v2\/posts\/1415\/revisions\/1417"}],"wp:attachment":[{"href":"https:\/\/induljelegyuton.hu\/index.php?rest_route=%2Fwp%2Fv2%2Fmedia&parent=1415"}],"wp:term":[{"taxonomy":"category","embeddable":true,"href":"https:\/\/induljelegyuton.hu\/index.php?rest_route=%2Fwp%2Fv2%2Fcategories&post=1415"},{"taxonomy":"post_tag","embeddable":true,"href":"https:\/\/induljelegyuton.hu\/index.php?rest_route=%2Fwp%2Fv2%2Ftags&post=1415"}],"curies":[{"name":"wp","href":"https:\/\/api.w.org\/{rel}","templated":true}]}}