{"id":1393,"date":"2013-12-30T17:08:21","date_gmt":"2013-12-30T16:08:21","guid":{"rendered":"http:\/\/induljelegyuton.hu\/?p=1393"},"modified":"2014-01-04T19:32:41","modified_gmt":"2014-01-04T18:32:41","slug":"a-tuzes-sas-feszke","status":"publish","type":"post","link":"https:\/\/induljelegyuton.hu\/?p=1393","title":{"rendered":"A T\u00fczes sas f\u00e9szke"},"content":{"rendered":"<p><strong>Egy k\u00fcl\u00f6n\u00f6s kr\u00e1ter Szib\u00e9ri\u00e1ban<\/strong><\/p>\n<div id=\"attachment_1397\" style=\"width: 310px\" class=\"wp-caption alignright\"><a href=\"http:\/\/induljelegyuton.hu\/wp-content\/uploads\/000_6kw9mgYLmo.jpg\"><img loading=\"lazy\" decoding=\"async\" aria-describedby=\"caption-attachment-1397\" class=\"size-medium wp-image-1397 \" alt=\"Fentr\u0151l t\u00e9rk\u00e9p e t\u00e1j... \u00c9s f\u00e9szek. (Fot\u00f3: internet)\" src=\"http:\/\/induljelegyuton.hu\/wp-content\/uploads\/000_6kw9mgYLmo-300x200.jpg\" width=\"300\" height=\"200\" srcset=\"https:\/\/induljelegyuton.hu\/wp-content\/uploads\/000_6kw9mgYLmo-300x200.jpg 300w, https:\/\/induljelegyuton.hu\/wp-content\/uploads\/000_6kw9mgYLmo-224x150.jpg 224w, https:\/\/induljelegyuton.hu\/wp-content\/uploads\/000_6kw9mgYLmo.jpg 604w\" sizes=\"auto, (max-width: 300px) 100vw, 300px\" \/><\/a><p id=\"caption-attachment-1397\" class=\"wp-caption-text\">Fentr\u0151l t\u00e9rk\u00e9p e t\u00e1j&#8230; \u00c9s f\u00e9szek. (Fot\u00f3: internet)<\/p><\/div>\n<p>&nbsp;<\/p>\n<p>Vulkanizmus, meteorit becsap\u00f3d\u00e1s, vagy egy idegen \u0171rhaj\u00f3? Orosz tud\u00f3sok szeretn\u00e9nek m\u00e1r pontot tenni a Kelet-Szib\u00e9riai rejt\u00e9lyes Patom kr\u00e1ter eredete k\u00f6r\u00fcli vit\u00e1k v\u00e9g\u00e9re. J\u00f6v\u0151 tavasszal m\u00e1r a kilencedik tudom\u00e1nyos exped\u00edci\u00f3 indul az egyed\u00fcl\u00e1ll\u00f3 geol\u00f3giai objektumhoz, amely Irkutszk r\u00e9gi\u00f3ban tal\u00e1lhat\u00f3.<\/p>\n<p>A Patom kr\u00e1ter, mint egy bizarr salakk\u00fap emelkedik a szib\u00e9riai tajga f\u00f6l\u00e9. A helyi vad\u00e1szok \u201eT\u00fczes sas f\u00e9szk\u00e9nek\u201d nevezik. Magass\u00e1ga 40 m\u00e9ter, \u00e1tm\u00e9r\u0151je 160 m\u00e9ter, ami majdnem k\u00e9tszerese egy futballp\u00e1ly\u00e1nak. A kr\u00e1ter k\u00f6zep\u00e9n \u00f3ri\u00e1si toj\u00e1sra eml\u00e9keztet\u0151 12 m\u00e9ter magas kiemelked\u00e9s l\u00e1that\u00f3. \u00a0T\u00e9rfogata 230-250.000 k\u00f6bm\u00e9ter, a s\u00falya pedig k\u00f6r\u00fclbel\u00fcl 1 milli\u00f3 tonna.<\/p>\n<p>Eddig nyolc tudom\u00e1nyos exped\u00edci\u00f3 igyekezett megfejteni a T\u00fczes sas f\u00e9szke eredet\u00e9nek a titk\u00e1t. De sem a meteor, sem az UFO eredet\u00e9t nem tudt\u00e1k bebizony\u00edtani. Az \u00f6sszegy\u0171jt\u00f6tt adatok alapj\u00e1n felt\u00e9telezik, hogy ez egy \u00fagynevezett kriovulkan \u2013 vagyis fagyvulk\u00e1n. 500-600 \u00e9vvel ezel\u0151tt, az \u00f6r\u00f6k fagy okozta f\u00f6ldtani jelens\u00e9gek k\u00f6z\u00f6tt jelenhetett meg, azaz a \u201eKis j\u00e9gkorszakban\u201d.\u00a0<i>Dmitrij Gladkocsub,<\/i>\u00a0a F\u00f6ldk\u00e9regtani Tudom\u00e1nyos Int\u00e9zet igazgat\u00f3ja \u00edgy \u00e9rtelmezi a szokatlan form\u00e1j\u00fa objektum megjelen\u00e9s\u00e9t:<\/p>\n<p>&#8211;\u00a0<i>A talajv\u00edz lass\u00fa j\u00e9gg\u00e9 fagy\u00e1sa eredm\u00e9nyek\u00e9ppen a fel\u00fclet felp\u00faposodott (mivel a j\u00e9gnek nagyobb a <i>t\u00e9rfogata, mint a v\u00edznek &#8211; Harsi<\/i>). A Kis j\u00e9gkorszak v\u00e9g\u00e9vel a ter\u00fclet \u00e9ghajlata melegebb lett, \u00e9s a \u201efagyp\u00fap\u201d belsej\u00e9ben lev\u0151 j\u00e9g elolvadt. A vastag k\u0151t\u00f6rmel\u00e9k k\u00f6zepe is lassan \u201ekiengedett\u201d, \u00e9s a p\u00fap k\u00f6zepe lassan bes\u00fcllyedt. \u00cdgy keletkezett a domb alakja<\/i>.<\/p>\n<p><strong>ngg_shortcode_0_placeholder<\/strong><\/p>\n<div id=\"attachment_1398\" style=\"width: 220px\" class=\"wp-caption alignright\"><a href=\"http:\/\/induljelegyuton.hu\/wp-content\/uploads\/6122_900.jpg\"><img loading=\"lazy\" decoding=\"async\" aria-describedby=\"caption-attachment-1398\" class=\" wp-image-1398 \" alt=\"A T\u00fczes sas f\u00e9szk\u00e9nek &quot;toj\u00e1sa&quot; (Fot\u00f3: internet)\" src=\"http:\/\/induljelegyuton.hu\/wp-content\/uploads\/6122_900-300x225.jpg\" width=\"210\" height=\"158\" srcset=\"https:\/\/induljelegyuton.hu\/wp-content\/uploads\/6122_900-300x225.jpg 300w, https:\/\/induljelegyuton.hu\/wp-content\/uploads\/6122_900-200x150.jpg 200w, https:\/\/induljelegyuton.hu\/wp-content\/uploads\/6122_900.jpg 900w\" sizes=\"auto, (max-width: 210px) 100vw, 210px\" \/><\/a><p id=\"caption-attachment-1398\" class=\"wp-caption-text\">A T\u00fczes sas f\u00e9szk\u00e9nek &#8222;toj\u00e1sa&#8221; (Fot\u00f3: internet)<\/p><\/div>\n<p>A tud\u00f3s nem z\u00e1rja ki, hogy a Patom kr\u00e1ter kialakul\u00e1sa m\u00e9g folyik, \u00e9s a hipot\u00e9zis igazol\u00e1s\u00e1ra a domb t\u00f6bb pontj\u00e1n k\u00fcl\u00f6nleges \u00e9rz\u00e9kel\u0151ket helyeztek el. Ha j\u00f6v\u0151re kider\u00fcl, hogy helyzet\u00fck megv\u00e1ltozott, akkor az azt jelenti, hogy a kr\u00e1ter \u00e9l &#8211; mozog. A k\u00f6zelg\u0151 exped\u00edci\u00f3 sor\u00e1n sz\u00e1mos \u00faj kutat\u00e1si k\u00eds\u00e9rletet folytatnak majd. Modern berendez\u00e9s teszi lehet\u0151v\u00e9 azt is, hogy a kr\u00e1ter m\u00e1sf\u00e9l kilom\u00e9teres m\u00e9lys\u00e9g\u00e9ben is vizsg\u00e1latokat folytathassanak, \u00e9s m\u00e9g t\u00f6bb inform\u00e1ci\u00f3t kapjanak a szerkezet\u00e9r\u0151l.<\/p>\n<p>A Patom kr\u00e1tert 1949-ben Vagyim Kolpakov irkutszki geol\u00f3gus fedezte fel. A T\u00fczes sas f\u00e9szke az\u00f3ta sok tud\u00f3st nem hagy nyugodni szerte a vil\u00e1gon. Jelenleg az Irkutszk r\u00e9gi\u00f3 hat\u00f3s\u00e1gai azt tervezik, hogy k\u00fcl\u00f6nleges v\u00e9dett geol\u00f3giai objektumnak nyilv\u00e1n\u00edts\u00e1k a ter\u00fcletet.<\/p>\n<p>&nbsp;<\/p>\n<div id=\"attachment_1399\" style=\"width: 167px\" class=\"wp-caption alignleft\"><a href=\"http:\/\/induljelegyuton.hu\/wp-content\/uploads\/xxxxxxxxxxxxxxxxxn.jpg\"><img loading=\"lazy\" decoding=\"async\" aria-describedby=\"caption-attachment-1399\" class=\"wp-image-1399 \" alt=\"A k\u00e9t k\u00e9pnek nincs k\u00f6ze egym\u00e1shoz! - Harsi (Fot\u00f3: internet)\" src=\"http:\/\/induljelegyuton.hu\/wp-content\/uploads\/xxxxxxxxxxxxxxxxxn-196x300.jpg\" width=\"157\" height=\"240\" srcset=\"https:\/\/induljelegyuton.hu\/wp-content\/uploads\/xxxxxxxxxxxxxxxxxn-196x300.jpg 196w, https:\/\/induljelegyuton.hu\/wp-content\/uploads\/xxxxxxxxxxxxxxxxxn-98x150.jpg 98w, https:\/\/induljelegyuton.hu\/wp-content\/uploads\/xxxxxxxxxxxxxxxxxn.jpg 600w\" sizes=\"auto, (max-width: 157px) 100vw, 157px\" \/><\/a><p id=\"caption-attachment-1399\" class=\"wp-caption-text\">A k\u00e9t k\u00e9pnek nincs k\u00f6ze egym\u00e1shoz! &#8211; Harsi (Fot\u00f3: internet)<\/p><\/div>\n<p>A Patom kr\u00e1terr\u0151l olyan fot\u00f3k is keringenek a vil\u00e1gh\u00e1l\u00f3n, amely f\u00e9lrevezethetik a fel\u00fcletes szeml\u00e9l\u0151d\u0151t. A kr\u00e1ter t\u00e1vlati k\u00e9pe val\u00f3s\u00e1gos, \u00e1m a kr\u00e1ter k\u00f6zep\u00e9t, a \u201eszem\u00e9t\u201d k\u00f6zelebbr\u0151l bemutatni sz\u00e1nd\u00e9koz\u00f3 felv\u00e9tel egy vulkanikus k\u0151zet \u201eszemesk\u00f6v\u00e9t\u201d \u00e1br\u00e1zolja, amelyen a megszil\u00e1rdul\u00e1sakor-kih\u0171l\u00e9sekor kialakul\u00f3 h\u00e9jjas szerkezet l\u00e1that\u00f3. A Patom kr\u00e1ter &#8211; j\u00f3l l\u00e1that\u00f3an &#8211; k\u0151t\u00f6rmel\u00e9kb\u0151l \u00e1ll.<\/p>\n<p>&nbsp;<\/p>\n<p align=\"right\"><em>(Az \u201eOroszorsz\u00e1g hangja\u201d nyom\u00e1n)<\/em><\/p>\n","protected":false},"excerpt":{"rendered":"<p>Egy k\u00fcl\u00f6n\u00f6s kr\u00e1ter Szib\u00e9ri\u00e1ban &nbsp; Vulkanizmus, meteorit becsap\u00f3d\u00e1s, vagy egy idegen \u0171rhaj\u00f3? Orosz tud\u00f3sok szeretn\u00e9nek m\u00e1r pontot tenni a Kelet-Szib\u00e9riai rejt\u00e9lyes Patom kr\u00e1ter eredete k\u00f6r\u00fcli vit\u00e1k v\u00e9g\u00e9re. J\u00f6v\u0151 tavasszal m\u00e1r a kilencedik tudom\u00e1nyos exped\u00edci\u00f3 indul az egyed\u00fcl\u00e1ll\u00f3 geol\u00f3giai objektumhoz, amely Irkutszk r\u00e9gi\u00f3ban tal\u00e1lhat\u00f3. A Patom kr\u00e1ter, mint egy bizarr salakk\u00fap \u2026 <a class=\"continue-reading-link\" href=\"https:\/\/induljelegyuton.hu\/?p=1393\"> Continue reading <span class=\"meta-nav\">&rarr; <\/span><\/a><\/p>\n","protected":false},"author":1,"featured_media":0,"comment_status":"open","ping_status":"open","sticky":false,"template":"","format":"standard","meta":{"ngg_post_thumbnail":0,"footnotes":""},"categories":[163,1],"tags":[464,459,458,460,463,461,462,465],"class_list":["post-1393","post","type-post","status-publish","format-standard","hentry","category-aktualis","category-kukker","tag-fagy","tag-fagykup","tag-krater","tag-kriovulkan","tag-patom-krater","tag-sziberia","tag-ufo","tag-vulkanizmus"],"_links":{"self":[{"href":"https:\/\/induljelegyuton.hu\/index.php?rest_route=\/wp\/v2\/posts\/1393","targetHints":{"allow":["GET"]}}],"collection":[{"href":"https:\/\/induljelegyuton.hu\/index.php?rest_route=\/wp\/v2\/posts"}],"about":[{"href":"https:\/\/induljelegyuton.hu\/index.php?rest_route=\/wp\/v2\/types\/post"}],"author":[{"embeddable":true,"href":"https:\/\/induljelegyuton.hu\/index.php?rest_route=\/wp\/v2\/users\/1"}],"replies":[{"embeddable":true,"href":"https:\/\/induljelegyuton.hu\/index.php?rest_route=%2Fwp%2Fv2%2Fcomments&post=1393"}],"version-history":[{"count":13,"href":"https:\/\/induljelegyuton.hu\/index.php?rest_route=\/wp\/v2\/posts\/1393\/revisions"}],"predecessor-version":[{"id":1395,"href":"https:\/\/induljelegyuton.hu\/index.php?rest_route=\/wp\/v2\/posts\/1393\/revisions\/1395"}],"wp:attachment":[{"href":"https:\/\/induljelegyuton.hu\/index.php?rest_route=%2Fwp%2Fv2%2Fmedia&parent=1393"}],"wp:term":[{"taxonomy":"category","embeddable":true,"href":"https:\/\/induljelegyuton.hu\/index.php?rest_route=%2Fwp%2Fv2%2Fcategories&post=1393"},{"taxonomy":"post_tag","embeddable":true,"href":"https:\/\/induljelegyuton.hu\/index.php?rest_route=%2Fwp%2Fv2%2Ftags&post=1393"}],"curies":[{"name":"wp","href":"https:\/\/api.w.org\/{rel}","templated":true}]}}