{"id":1389,"date":"2013-12-30T15:46:30","date_gmt":"2013-12-30T14:46:30","guid":{"rendered":"http:\/\/induljelegyuton.hu\/?p=1389"},"modified":"2014-01-04T20:01:01","modified_gmt":"2014-01-04T19:01:01","slug":"ezert-nem-emelkedett-meg-a-vilagtengerek-szintje","status":"publish","type":"post","link":"https:\/\/induljelegyuton.hu\/?p=1389","title":{"rendered":"Ez\u00e9rt nem emelkedett meg a vil\u00e1gtengerek szintje!"},"content":{"rendered":"<p><strong>Gr\u00f6nland \u00f3v minket&#8230;<\/strong><\/p>\n<div id=\"attachment_1391\" style=\"width: 240px\" class=\"wp-caption alignright\"><a href=\"http:\/\/induljelegyuton.hu\/wp-content\/uploads\/map_of_Greenland_bedrock.jpg\"><img loading=\"lazy\" decoding=\"async\" aria-describedby=\"caption-attachment-1391\" class=\"size-medium wp-image-1391\" alt=\"Gr\u00f6nland felsz\u00edne az folytat\u00f3d\u00f3 olvad\u00e1s, \u00e9s az azzal j\u00e1r\u00f3 tengerszint-emelked\u00e9s mellett\" src=\"http:\/\/induljelegyuton.hu\/wp-content\/uploads\/map_of_Greenland_bedrock-230x300.jpg\" width=\"230\" height=\"300\" srcset=\"https:\/\/induljelegyuton.hu\/wp-content\/uploads\/map_of_Greenland_bedrock-230x300.jpg 230w, https:\/\/induljelegyuton.hu\/wp-content\/uploads\/map_of_Greenland_bedrock-115x150.jpg 115w, https:\/\/induljelegyuton.hu\/wp-content\/uploads\/map_of_Greenland_bedrock.jpg 461w\" sizes=\"auto, (max-width: 230px) 100vw, 230px\" \/><\/a><p id=\"caption-attachment-1391\" class=\"wp-caption-text\">Gr\u00f6nland felsz\u00edne az folytat\u00f3d\u00f3 olvad\u00e1s, \u00e9s az azzal j\u00e1r\u00f3 tengerszint-emelked\u00e9s mellett<\/p><\/div>\n<p>&nbsp;<\/p>\n<p>Amerikai kutat\u00f3k a gr\u00f6nlandi j\u00e9gtakar\u00f3 alatt egy \u00f3ri\u00e1si v\u00edzt\u00e1roz\u00f3t fedeztek fel. A tud\u00f3sok becsl\u00e9se szerint a kb. \u00cdrorsz\u00e1g ter\u00fclet\u00e9vel azonos t\u00f3 viz\u00e9nek \u0171rtartalma mintegy 140 milli\u00e1rd k\u00f6bm\u00e9ter.<\/p>\n<p>A gr\u00f6nlandi j\u00e9gtakar\u00f3 ny\u00e1ri olvad\u00e1s\u00e1nak intenzit\u00e1sa az el\u0151z\u0151 \u00e9vekben egyre n\u00f6vekedett, s 2012-ben \u00e9rte el a maximumot. A tud\u00f3sok eddig nem tudtak v\u00e1laszt adni arra a k\u00e9rd\u00e9sre, hogy hov\u00e1 t\u0171nt el ez a rengeteg v\u00edz, mivel a vil\u00e1g\u00f3ce\u00e1n t\u00e9nyleges szintje nem stimmelt az elm\u00e9leti modellekkel, amelyek a tengerszint j\u00f3val intenz\u00edvebb emelked\u00e9s\u00e9t prognosztiz\u00e1lt\u00e1k.<\/p>\n<p style=\"text-align: right;\"><em>(Forr\u00e1s: Oroszorsz\u00e1g hangja)<\/em><\/p>\n","protected":false},"excerpt":{"rendered":"<p>Gr\u00f6nland \u00f3v minket&#8230; &nbsp; Amerikai kutat\u00f3k a gr\u00f6nlandi j\u00e9gtakar\u00f3 alatt egy \u00f3ri\u00e1si v\u00edzt\u00e1roz\u00f3t fedeztek fel. A tud\u00f3sok becsl\u00e9se szerint a kb. \u00cdrorsz\u00e1g ter\u00fclet\u00e9vel azonos t\u00f3 viz\u00e9nek \u0171rtartalma mintegy 140 milli\u00e1rd k\u00f6bm\u00e9ter. A gr\u00f6nlandi j\u00e9gtakar\u00f3 ny\u00e1ri olvad\u00e1s\u00e1nak intenzit\u00e1sa az el\u0151z\u0151 \u00e9vekben egyre n\u00f6vekedett, s 2012-ben \u00e9rte el a maximumot. A tud\u00f3sok \u2026 <a class=\"continue-reading-link\" href=\"https:\/\/induljelegyuton.hu\/?p=1389\"> Continue reading <span class=\"meta-nav\">&rarr; <\/span><\/a><\/p>\n","protected":false},"author":1,"featured_media":0,"comment_status":"open","ping_status":"open","sticky":false,"template":"","format":"standard","meta":{"ngg_post_thumbnail":0,"footnotes":""},"categories":[163,1],"tags":[455,456,457,391],"class_list":["post-1389","post","type-post","status-publish","format-standard","hentry","category-aktualis","category-kukker","tag-gronland","tag-olvadas","tag-tengerszint-emelkedese","tag-to"],"_links":{"self":[{"href":"https:\/\/induljelegyuton.hu\/index.php?rest_route=\/wp\/v2\/posts\/1389","targetHints":{"allow":["GET"]}}],"collection":[{"href":"https:\/\/induljelegyuton.hu\/index.php?rest_route=\/wp\/v2\/posts"}],"about":[{"href":"https:\/\/induljelegyuton.hu\/index.php?rest_route=\/wp\/v2\/types\/post"}],"author":[{"embeddable":true,"href":"https:\/\/induljelegyuton.hu\/index.php?rest_route=\/wp\/v2\/users\/1"}],"replies":[{"embeddable":true,"href":"https:\/\/induljelegyuton.hu\/index.php?rest_route=%2Fwp%2Fv2%2Fcomments&post=1389"}],"version-history":[{"count":3,"href":"https:\/\/induljelegyuton.hu\/index.php?rest_route=\/wp\/v2\/posts\/1389\/revisions"}],"predecessor-version":[{"id":1432,"href":"https:\/\/induljelegyuton.hu\/index.php?rest_route=\/wp\/v2\/posts\/1389\/revisions\/1432"}],"wp:attachment":[{"href":"https:\/\/induljelegyuton.hu\/index.php?rest_route=%2Fwp%2Fv2%2Fmedia&parent=1389"}],"wp:term":[{"taxonomy":"category","embeddable":true,"href":"https:\/\/induljelegyuton.hu\/index.php?rest_route=%2Fwp%2Fv2%2Fcategories&post=1389"},{"taxonomy":"post_tag","embeddable":true,"href":"https:\/\/induljelegyuton.hu\/index.php?rest_route=%2Fwp%2Fv2%2Ftags&post=1389"}],"curies":[{"name":"wp","href":"https:\/\/api.w.org\/{rel}","templated":true}]}}