{"id":1380,"date":"2013-12-30T15:12:22","date_gmt":"2013-12-30T14:12:22","guid":{"rendered":"http:\/\/induljelegyuton.hu\/?p=1380"},"modified":"2014-01-04T20:30:19","modified_gmt":"2014-01-04T19:30:19","slug":"az-evszazad-meteorja-kihalasztak-a-meteor-600-kilos-darabjat","status":"publish","type":"post","link":"https:\/\/induljelegyuton.hu\/?p=1380","title":{"rendered":"Az \u00e9vsz\u00e1zad meteorja: kihal\u00e1szt\u00e1k a meteor 600 kil\u00f3s darabj\u00e1t"},"content":{"rendered":"<div id=\"attachment_1385\" style=\"width: 310px\" class=\"wp-caption alignright\"><a href=\"http:\/\/induljelegyuton.hu\/wp-content\/uploads\/4RIAN_02302534.LR_.ru_.jpg\"><img loading=\"lazy\" decoding=\"async\" aria-describedby=\"caption-attachment-1385\" class=\"size-medium wp-image-1385 \" alt=\"A felsz\u00ednre hozott legnagyobb darab (Fot\u00f3: RIA Novosztyi - internet)\" src=\"http:\/\/induljelegyuton.hu\/wp-content\/uploads\/4RIAN_02302534.LR_.ru_-300x174.jpg\" width=\"300\" height=\"174\" srcset=\"https:\/\/induljelegyuton.hu\/wp-content\/uploads\/4RIAN_02302534.LR_.ru_-300x174.jpg 300w, https:\/\/induljelegyuton.hu\/wp-content\/uploads\/4RIAN_02302534.LR_.ru_-250x145.jpg 250w, https:\/\/induljelegyuton.hu\/wp-content\/uploads\/4RIAN_02302534.LR_.ru_.jpg 460w\" sizes=\"auto, (max-width: 300px) 100vw, 300px\" \/><\/a><p id=\"caption-attachment-1385\" class=\"wp-caption-text\">A felsz\u00ednre hozott legnagyobb darab (Fot\u00f3: RIA Novosztyi &#8211; internet)<\/p><\/div>\n<p>Felsz\u00ednre hoztak egy hatalmas \u00a0meteork\u00f6vet a Csebarkul-t\u00f3b\u00f3l. B\u00fav\u00e1rok \u00e9s szakemberek felt\u00e9telez\u00e9se szerint annak a csebarkuli meteoritnak a darabj\u00e1t tal\u00e1lt\u00e1k meg, amely a D\u00e9l-Ur\u00e1l f\u0151v\u00e1rosa felett robbant fel 2013. febru\u00e1r 15-\u00e9n. Felt\u00e9telezt\u00e9k, hogy a meteorit legnagyobb \u201eszil\u00e1nkja\u201d a t\u00f3 v\u00edz\u00e9be ker\u00fclt Csebarkul v\u00e1ros k\u00f6zel\u00e9ben.<\/p>\n<div><\/div>\n<div>\n<p>A t\u00f6bb mint 500 kil\u00f3s k\u0151darab akkor ker\u00fclt el\u0151, amikor m\u00e1r \u00e9ppen lemondtak volna r\u00f3la. \u00a0&#8211; Az utols\u00f3 napokban a leveg\u0151 komolyan leh\u0171lt, a technikai eszk\u00f6z\u00f6k egyre gyakrabban mondtak cs\u00fct\u00f6rt\u00f6k\u00f6t, s a motorcs\u00f3nakok is meghib\u00e1sodtak.\u00a0Ennek ellen\u00e9re a munk\u00e1latok folytat\u00f3dtak, a b\u00fav\u00e1rok egyre m\u00e9lyebbre mer\u00fcltek le. \u2013 mondta a cseljabinszki radi\u00e1ci\u00f3s \u00e9s \u00f6kobiztons\u00e1gi miniszt\u00e9rium sajt\u00f3titk\u00e1ra,\u00a0<i>Marina Alekszandrova<\/i>.<\/p>\n<p><i>A meteork\u0151 fragmentumainak felkutat\u00e1sa c\u00e9lj\u00e1b\u00f3l az \u00e9gitest \u00fct\u00f6tte l\u00e9k k\u00f6rny\u00e9k\u00e9n folytattunk munk\u00e1latokat. Egy k\u00e9pzeletbeli k\u00f6rt rajzoltunk, s azon bel\u00fcl folytattuk a keres\u00e9st. A t\u00e9rs\u00e9g beszkennel\u00e9se sor\u00e1n a m\u0171szerek mutatt\u00e1k, hogy a m\u00e9lyben van valamif\u00e9le nagyobb objektum. A miniszt\u00e9rium megrendel\u00e9s\u00e9re \u00e9rkezett b\u00fav\u00e1rok t\u00f6bb mint 20 m\u00e9terre mer\u00fcltek le \u00e9s ott, a vastag iszapr\u00e9teg alatt v\u00e9gre megtal\u00e1lt\u00e1k a fragmentumot.<\/i><\/p>\n<p>A lelet becs\u00fclt s\u00falya t\u00f6bb mint 572 kg &#8211; ezen a sz\u00e1mon mondta fel a szolg\u00e1latot a m\u00e9rleg. A k\u0151darabot speci\u00e1lis technikai eszk\u00f6z\u00f6k alkalmaz\u00e1s\u00e1val emelt\u00e9k felsz\u00ednre \u2013 magyar\u00e1zta a munk\u00e1latokat megval\u00f3s\u00edt\u00f3 c\u00e9g igazgat\u00f3ja,\u00a0<i>Nyikolaj Murzin<\/i>.<\/p>\n<div id=\"attachment_1386\" style=\"width: 310px\" class=\"wp-caption alignright\"><a href=\"http:\/\/induljelegyuton.hu\/wp-content\/uploads\/a_tavon.jpg\"><img loading=\"lazy\" decoding=\"async\" aria-describedby=\"caption-attachment-1386\" class=\"size-medium wp-image-1386\" alt=\"Az id\u0151j\u00e1r\u00e1s er\u0151sen megnehez\u00edtette a munk\u00e1latokat... (Fot\u00f3: RIA Novosztyi - internet)\" src=\"http:\/\/induljelegyuton.hu\/wp-content\/uploads\/a_tavon-300x170.jpg\" width=\"300\" height=\"170\" srcset=\"https:\/\/induljelegyuton.hu\/wp-content\/uploads\/a_tavon-300x170.jpg 300w, https:\/\/induljelegyuton.hu\/wp-content\/uploads\/a_tavon-250x142.jpg 250w, https:\/\/induljelegyuton.hu\/wp-content\/uploads\/a_tavon.jpg 600w\" sizes=\"auto, (max-width: 300px) 100vw, 300px\" \/><\/a><p id=\"caption-attachment-1386\" class=\"wp-caption-text\">Az id\u0151j\u00e1r\u00e1s er\u0151sen megnehez\u00edtette a munk\u00e1latokat&#8230; (Fot\u00f3: RIA Novosztyi &#8211; internet)<\/p><\/div>\n<p><i>A v\u00edzen nagy volt a hull\u00e1mz\u00e1s, ami akad\u00e1lyozta a felsz\u00ednre emel\u00e9st. Miut\u00e1n a \u201eszil\u00e1nkot\u201d a felsz\u00ednre hoztuk, s\u00ednre helyezt\u00fck \u00e9s ezek ut\u00e1n tudtuk kitolni a partra. A k\u0151darab a partt\u00f3l t\u00f6bb mint 2 kilom\u00e9terre pihent. A munk\u00e1latokat er\u0151sen nehez\u00edtette a viharos sz\u00e9l. Alig lehetett dolgozni.<\/i><\/p>\n<p>A felsz\u00ednre emelt k\u0151darab szakvizsg\u00e1lata m\u00e9g h\u00e1tra van, val\u00f3sz\u00edn\u0171leg ez az a bizonyos meteork\u0151 \u2013 vallja meggy\u0151z\u0151d\u00e9ssel\u00a0<i>Marina Alekszandrova.<\/i><\/p>\n<p><i>A fragmentum felsz\u00ednre emel\u00e9s\u00e9n\u00e9l jelen voltak a cseljabinszki egyetem munkat\u00e1rsai is, akik k\u00fcls\u0151 tulajdons\u00e1gai alapj\u00e1n az objektumot meteork\u0151nek nyilv\u00e1n\u00edtott\u00e1k. A fragmentum s\u00f6t\u00e9t sz\u00edn\u0171, \u00e9s a rajta tal\u00e1lhat\u00f3k nyomok arra utalnak, hogy a k\u0151zet felsz\u00edne megolvadt. Ha a szakvizsg\u00e1lat bebizony\u00edtja a k\u0151darab \u0171rbeli sz\u00e1rmaz\u00e1s\u00e1t, a meteork\u00f6vet akkor a cseljabinszki <i><i>\u201e<\/i><\/i>t\u00e1jismereti<i>\u201d<\/i><i>\u00a0<\/i>m\u00fazeumba helyezik, ahol megtekinthetik az \u00e9rdekl\u0151d\u0151k.<\/i><\/p>\n<p>A meteorit felsz\u00ednre hozatala t\u00f6bb mint egy h\u00f3napig tartott. A m\u00e9lyb\u00fav\u00e1rok k\u00f6zben 12 egy\u00e9b fragmentumot is a felsz\u00ednre emeltek. A legnagyobb k\u00f6z\u00fcl\u00fck kb. 20 kil\u00f3t nyomott. Azonban egyel\u0151re csup\u00e1n 4 kisebb k\u0151darab \u0171rbeli sz\u00e1rmaz\u00e1s\u00e1t \u00e1llap\u00edtott\u00e1k meg tud\u00f3sok. A k\u0151zet t\u00f6bb mint 4,5 milli\u00e1rd \u00e9ves.<\/p>\n<p style=\"text-align: right;\"><em>(Az \u201eOroszorsz\u00e1g hangja\u201d alapj\u00e1n)<\/em><\/p>\n<h2>Vizet tal\u00e1ltak a cseljabinszki meteoritban!<\/h2>\n<p><strong>Az Orosz Tudom\u00e1nyos Akad\u00e9mia ur\u00e1li tagozat\u00e1hoz tartoz\u00f3 geol\u00f3giai int\u00e9zet munkat\u00e1rsai rozsd\u00e1t tal\u00e1ltak a 2013. febru\u00e1r 15-\u00e9n Cseljabinszk megy\u00e9ben lezuhant meteoritban. Ez azt jelenti, hogy a k\u0151 belsej\u00e9ben valamikor v\u00edz lehetett, ami kiv\u00e1ltotta a korr\u00f3zi\u00f3t.<\/strong><\/p>\n<p>A mint\u00e1kat n\u00e9h\u00e1ny nappal a meteorit lezuhan\u00e1sa ut\u00e1n tal\u00e1ltuk meg, a rozsda nem keletkezhetett a f\u00f6ldi v\u00edz miatt, ez csak F\u00f6ld\u00f6n k\u00edv\u00fcli lehet \u2013 \u00e1llap\u00edtott\u00e1k meg a kutat\u00e1sok.\u00a0A tud\u00f3sok m\u00e1r m\u00e1skor is bukkantak olyan meteoritokra, amelyekben v\u00edzkrist\u00e1lyt tal\u00e1ltak. A foly\u00e9kony halmaz\u00e1llapot viszont ritkas\u00e1g. A vizsg\u00e1lat egyfajta rem\u00e9nyt kelt, hogy l\u00e9tezhet \u00e9let a F\u00f6ld\u00f6n k\u00edv\u00fcl is.<\/p>\n<p style=\"text-align: right;\"><em>(Az \u201eOroszorsz\u00e1g hangja\u201d alapj\u00e1n)<\/em><\/p>\n<\/div>\n","protected":false},"excerpt":{"rendered":"<p>Felsz\u00ednre hoztak egy hatalmas \u00a0meteork\u00f6vet a Csebarkul-t\u00f3b\u00f3l. B\u00fav\u00e1rok \u00e9s szakemberek felt\u00e9telez\u00e9se szerint annak a csebarkuli meteoritnak a darabj\u00e1t tal\u00e1lt\u00e1k meg, amely a D\u00e9l-Ur\u00e1l f\u0151v\u00e1rosa felett robbant fel 2013. febru\u00e1r 15-\u00e9n. Felt\u00e9telezt\u00e9k, hogy a meteorit legnagyobb \u201eszil\u00e1nkja\u201d a t\u00f3 v\u00edz\u00e9be ker\u00fclt Csebarkul v\u00e1ros k\u00f6zel\u00e9ben. A t\u00f6bb mint 500 kil\u00f3s k\u0151darab akkor \u2026 <a class=\"continue-reading-link\" href=\"https:\/\/induljelegyuton.hu\/?p=1380\"> Continue reading <span class=\"meta-nav\">&rarr; <\/span><\/a><\/p>\n","protected":false},"author":1,"featured_media":0,"comment_status":"open","ping_status":"open","sticky":false,"template":"","format":"standard","meta":{"ngg_post_thumbnail":0,"footnotes":""},"categories":[163,1],"tags":[62,451,452,454,453],"class_list":["post-1380","post","type-post","status-publish","format-standard","hentry","category-aktualis","category-kukker","tag-62","tag-csebarkul-to","tag-cseljabinszk","tag-meteor","tag-meteorit"],"_links":{"self":[{"href":"https:\/\/induljelegyuton.hu\/index.php?rest_route=\/wp\/v2\/posts\/1380","targetHints":{"allow":["GET"]}}],"collection":[{"href":"https:\/\/induljelegyuton.hu\/index.php?rest_route=\/wp\/v2\/posts"}],"about":[{"href":"https:\/\/induljelegyuton.hu\/index.php?rest_route=\/wp\/v2\/types\/post"}],"author":[{"embeddable":true,"href":"https:\/\/induljelegyuton.hu\/index.php?rest_route=\/wp\/v2\/users\/1"}],"replies":[{"embeddable":true,"href":"https:\/\/induljelegyuton.hu\/index.php?rest_route=%2Fwp%2Fv2%2Fcomments&post=1380"}],"version-history":[{"count":8,"href":"https:\/\/induljelegyuton.hu\/index.php?rest_route=\/wp\/v2\/posts\/1380\/revisions"}],"predecessor-version":[{"id":1383,"href":"https:\/\/induljelegyuton.hu\/index.php?rest_route=\/wp\/v2\/posts\/1380\/revisions\/1383"}],"wp:attachment":[{"href":"https:\/\/induljelegyuton.hu\/index.php?rest_route=%2Fwp%2Fv2%2Fmedia&parent=1380"}],"wp:term":[{"taxonomy":"category","embeddable":true,"href":"https:\/\/induljelegyuton.hu\/index.php?rest_route=%2Fwp%2Fv2%2Fcategories&post=1380"},{"taxonomy":"post_tag","embeddable":true,"href":"https:\/\/induljelegyuton.hu\/index.php?rest_route=%2Fwp%2Fv2%2Ftags&post=1380"}],"curies":[{"name":"wp","href":"https:\/\/api.w.org\/{rel}","templated":true}]}}