{"id":13212,"date":"2018-06-26T00:11:46","date_gmt":"2018-06-25T22:11:46","guid":{"rendered":"http:\/\/induljelegyuton.hu\/?p=13212"},"modified":"2018-06-26T00:14:17","modified_gmt":"2018-06-25T22:14:17","slug":"plan-air-buli-jeno-szobra-alatt","status":"publish","type":"post","link":"https:\/\/induljelegyuton.hu\/?p=13212","title":{"rendered":"Plan Air buli Jen\u0151 szobra alatt"},"content":{"rendered":"<p><a href=\"http:\/\/induljelegyuton.hu\/wp-content\/uploads\/DSC_0049.jpg\"><img loading=\"lazy\" decoding=\"async\" class=\"alignright size-medium wp-image-13217\" src=\"http:\/\/induljelegyuton.hu\/wp-content\/uploads\/DSC_0049-300x220.jpg\" alt=\"DSC_0049\" width=\"300\" height=\"220\" srcset=\"https:\/\/induljelegyuton.hu\/wp-content\/uploads\/DSC_0049-300x220.jpg 300w, https:\/\/induljelegyuton.hu\/wp-content\/uploads\/DSC_0049-768x563.jpg 768w, https:\/\/induljelegyuton.hu\/wp-content\/uploads\/DSC_0049-205x150.jpg 205w, https:\/\/induljelegyuton.hu\/wp-content\/uploads\/DSC_0049-150x110.jpg 150w, https:\/\/induljelegyuton.hu\/wp-content\/uploads\/DSC_0049.jpg 850w\" sizes=\"auto, (max-width: 300px) 100vw, 300px\" \/><\/a><strong>A Budapest Street Dance csoport alkalmat hirdetett t\u00e1ncra<\/strong><\/p>\n<p>2018. j\u00fanius 24-\u00e9n m\u00e1s emberk\u00e9nt mentem el a Budav\u00e1ri Palota terasz\u00e1ra&#8230; J\u00f3 volt&#8230; Volt ott egy l\u00e1ny. Nem volt partnere, kitart\u00f3an v\u00e1rt&#8230;<\/p>\n<p>&#8230;<\/p>\n<p><strong>ngg_shortcode_0_placeholder<\/strong><\/p>\n<p><strong>ngg_shortcode_1_placeholder<\/strong><\/p>\n","protected":false},"excerpt":{"rendered":"<p>A Budapest Street Dance csoport alkalmat hirdetett t\u00e1ncra 2018. j\u00fanius 24-\u00e9n m\u00e1s emberk\u00e9nt mentem el a Budav\u00e1ri Palota terasz\u00e1ra&#8230; J\u00f3 volt&#8230; Volt ott egy l\u00e1ny. Nem volt partnere, kitart\u00f3an v\u00e1rt&#8230; &#8230;<\/p>\n","protected":false},"author":1,"featured_media":0,"comment_status":"open","ping_status":"open","sticky":false,"template":"","format":"standard","meta":{"ngg_post_thumbnail":0,"footnotes":""},"categories":[167,3],"tags":[],"class_list":["post-13212","post","type-post","status-publish","format-standard","hentry","category-magyarorszag_kep","category-tukorreflex"],"_links":{"self":[{"href":"https:\/\/induljelegyuton.hu\/index.php?rest_route=\/wp\/v2\/posts\/13212","targetHints":{"allow":["GET"]}}],"collection":[{"href":"https:\/\/induljelegyuton.hu\/index.php?rest_route=\/wp\/v2\/posts"}],"about":[{"href":"https:\/\/induljelegyuton.hu\/index.php?rest_route=\/wp\/v2\/types\/post"}],"author":[{"embeddable":true,"href":"https:\/\/induljelegyuton.hu\/index.php?rest_route=\/wp\/v2\/users\/1"}],"replies":[{"embeddable":true,"href":"https:\/\/induljelegyuton.hu\/index.php?rest_route=%2Fwp%2Fv2%2Fcomments&post=13212"}],"version-history":[{"count":4,"href":"https:\/\/induljelegyuton.hu\/index.php?rest_route=\/wp\/v2\/posts\/13212\/revisions"}],"predecessor-version":[{"id":13219,"href":"https:\/\/induljelegyuton.hu\/index.php?rest_route=\/wp\/v2\/posts\/13212\/revisions\/13219"}],"wp:attachment":[{"href":"https:\/\/induljelegyuton.hu\/index.php?rest_route=%2Fwp%2Fv2%2Fmedia&parent=13212"}],"wp:term":[{"taxonomy":"category","embeddable":true,"href":"https:\/\/induljelegyuton.hu\/index.php?rest_route=%2Fwp%2Fv2%2Fcategories&post=13212"},{"taxonomy":"post_tag","embeddable":true,"href":"https:\/\/induljelegyuton.hu\/index.php?rest_route=%2Fwp%2Fv2%2Ftags&post=13212"}],"curies":[{"name":"wp","href":"https:\/\/api.w.org\/{rel}","templated":true}]}}