{"id":13138,"date":"2018-06-22T23:39:42","date_gmt":"2018-06-22T21:39:42","guid":{"rendered":"http:\/\/induljelegyuton.hu\/?p=13138"},"modified":"2018-07-02T21:22:24","modified_gmt":"2018-07-02T19:22:24","slug":"karsztviz-dunaviz-vagy-amit-akartunk","status":"publish","type":"post","link":"https:\/\/induljelegyuton.hu\/?p=13138","title":{"rendered":"Malmok, karsztforr\u00e1s, strand, vagy amit akartunk!"},"content":{"rendered":"<p><strong>2018. 06. 17.<\/strong><\/p>\n<div id=\"attachment_13141\" style=\"width: 235px\" class=\"wp-caption alignright\"><a href=\"http:\/\/induljelegyuton.hu\/wp-content\/uploads\/IMG_20180617_102217.jpg\"><img loading=\"lazy\" decoding=\"async\" aria-describedby=\"caption-attachment-13141\" class=\"size-medium wp-image-13141\" src=\"http:\/\/induljelegyuton.hu\/wp-content\/uploads\/IMG_20180617_102217-225x300.jpg\" alt=\"Ez a sikl\u00f3 pont al\u00f3lunk tekergett el\u0151...\" width=\"225\" height=\"300\" srcset=\"https:\/\/induljelegyuton.hu\/wp-content\/uploads\/IMG_20180617_102217-225x300.jpg 225w, https:\/\/induljelegyuton.hu\/wp-content\/uploads\/IMG_20180617_102217-112x150.jpg 112w, https:\/\/induljelegyuton.hu\/wp-content\/uploads\/IMG_20180617_102217.jpg 637w\" sizes=\"auto, (max-width: 225px) 100vw, 225px\" \/><\/a><p id=\"caption-attachment-13141\" class=\"wp-caption-text\">Ez a sikl\u00f3 pont al\u00f3lunk tekergett el\u0151&#8230;<\/p><\/div>\n<p><strong>Tatab\u00e1nya\u2013Turul-szobor\u2013Tatab\u00e1nya\u2013Tata\u2013tatai v\u00e1r\u2013F\u00e9nyes-f\u00fcrd\u0151\u2013Dunaalm\u00e1s\u2013Alm\u00e1sf\u00fczit\u0151\u2013R\u00e9vkom\u00e1rom\u2013igazi Kom\u00e1rom<\/strong><\/p>\n<p><strong>ngg_shortcode_0_placeholder<\/strong><\/p>\n<p><strong>ngg_shortcode_1_placeholder<\/strong><\/p>\n<p><strong>ngg_shortcode_2_placeholder<\/strong><\/p>\n<p><strong>ngg_shortcode_3_placeholder<\/strong><\/p>\n<p><strong>ngg_shortcode_4_placeholder<\/strong><\/p>\n<p>Tal\u00e1lkoz\u00e1s 7.15-kor a R\u00e1k\u00f3czi h\u00eddn\u00e1l \u00e9s 70 perccel k\u00e9s\u0151bb indul csak a vonat Kelenf\u00f6ldr\u0151l? \u2013 Az\u00e9rt ne agg\u00f3djunk annyira \u2013 7.15-kor indultam K\u0151b\u00e1ny\u00e1r\u00f3l -, \u00e9s m\u00e9g az \u00f6sszer\u00e1z\u00f3d\u00e1shoz is maradt id\u0151 az \u00e1llom\u00e1son. Velem egy\u00fctt n\u00e9gytag\u00fara \u201eh\u00edzott\u201d a csapat. Biciklit\u00far\u00e1nk \u2013 r\u00e9szemr\u0151l &#8211; azonnal egy sportszer\u0171tlen nehez\u00edt\u00e9ssel indult Tatab\u00e1ny\u00e1n, mivel otthon elfelejtettem t\u00fck\u00f6rreflexes f\u00e9nyk\u00e9pez\u0151g\u00e9pembe k\u00e1rty\u00e1t tenni. Ezut\u00e1n nagyszer\u0171 koloncc\u00e1 alakult \u00e1t a becses szerkezet, azonnal be is tuszkoltam a ker\u00e9kp\u00e1ros t\u00e1ska tetej\u00e9be. R\u00e1 kellett fanyalodnom a telefonnal t\u00f6rt\u00e9n\u0151 fot\u00f3z\u00e1sra. (Arr\u00f3l annyit, hogy azzal legfeljebb a vide\u00f3z\u00e1st \u00e9rdemes gyakorolni\u2026) Attil\u00e1val, a szervez\u0151vel ekkor tal\u00e1lkoztam el\u0151sz\u00f6r \u2013 nem tudtam, mihez tartsam magam de szerencs\u00e9re t\u00f6bbnyire felesleges agg\u00f3dni a t\u00fal hossz\u00fa t\u00e1vok miatt. El\u00e9g volt az, hogy vezet\u0151nk agg\u00f3dott, nem lesz-e t\u00fal \u201eer\u0151s\u201d feltekerni a Turulhoz. Az utat is k\u00f6nnyen megtal\u00e1ltuk, \u00e9s kitekert\u00fcnk Tatab\u00e1nya panel-mell\u00e9khaj\u00f3j\u00e1n a z\u00f6ldbe. Az \u00faj csapat csak \u00fagy \u201ek\u00fcldte\u201d nekem az energi\u00e1t, kopott a t\u00e1v felfel\u00e9 is. \u00c9pp most \u00e9p\u00edtettek egy l\u00e1togat\u00f3k\u00f6zpont-szer\u0171 f\u00e9lig pagoda tet\u0151zet\u0171 \u00e9p\u00fcletet. A hatalmas \u201evasmad\u00e1rra\u201d dr\u00f3nt \u201eusz\u00edtott\u201d egy p\u00e1r \u2013 mindig \u00e9lm\u00e9ny letekinteni a v\u00e9d\u0151sz\u00e1rnyai al\u00f3l. Attila l\u00e1tni v\u00e9lte Pannonhalm\u00e1t is, nekem Tata is el\u00e9g lett volna. Biciklejinkhez visszat\u00e9rve nassoltunk \u00e9s besz\u00e9lgett\u00fcnk.<\/p>\n<p>&nbsp;<\/p>\n<p>Tatab\u00e1nya szikl\u00e1in<\/p>\n<p>H\u00fa, k\u00edgy\u00f3! \u2013 meredt a f\u00f6ldre k\u00f6zel\u00fcnkben furcsa arckifejez\u00e9ssel egy h\u00e1zasp\u00e1r.<\/p>\n<p>A f\u0171be n\u00e9zve \u00e9s hossz\u00fa sikl\u00f3t (k\u00edgy\u00f3 csak nem lehet!) l\u00e1ttunk lassan tekeregni a bokrok fel\u00e9. Nekiindul\u00e1s\u00e1nak helye csak az a pad \u00e9s asztal lehetett, ami k\u00f6r\u00fcl diskur\u00e1ltunk. Mi ijesztett\u00fck el. B\u0151re \u201efiatalosan\u201d frissnek t\u0171nt. Itt m\u00e1r szinte a hegytet\u0151n voltunk, k\u00f6nnyen feltekert\u00fcnk a Ranzinger Vince-kil\u00e1t\u00f3ig, amelyet 2008-ban avattak fel, s ami eredetileg a XII-es akna b\u00e1nyafelvon\u00f3ja volt \u2013 30 m\u00e9teres! Vince b\u00e1csi tuti, hogy feltal\u00e1lt, meghonos\u00edtott, vagy fejlesztett valamit a b\u00e1ny\u00e1szat ter\u00fclet\u00e9n \u2013 gondoltam \u2013, \u00e9s \u00fagy is volt! Nagy \u00e9lm\u00e9ny ez a kil\u00e1t\u00f3 \u2013 eg\u00e9szen rendhagy\u00f3 -, fent megvan a felvon\u00f3ker\u00e9k is.<\/p>\n<p>De a Szelim-barlang sem maradhatott ki. Nagy tere \u00e9s a n\u00e9gy helyen \u00e9rkez\u0151 f\u00e9ny folyamatosan \u00fajabb fot\u00f3kat inspir\u00e1lt. Mint egy modern \u00fcvegfalas vill\u00e1n\u00e1l, itt is eg\u00e9sz falsz\u00e9less\u00e9gben n\u00e9z \u201eerk\u00e9llyel\u201d a v\u00e1ros fel\u00e9, \u00e9s korl\u00e1t sincs\u2026 A dachsteini tri\u00e1sz m\u00e9szk\u0151ben kialakult barlang igen \u00f6reg &#8211; mivel k\u00e9t tet\u0151ablaka is van, m\u00e1r barlangtorz\u00f3nak is mondhatjuk. Tov\u00e1bbindul\u00e1sunkat egy \u201em\u00e9rgezett eg\u00e9rk\u00e9nt\u201d rohang\u00e1l\u00f3 havasi cinc\u00e9r h\u00e1tr\u00e1ltatta. Olyan sz\u00e9p volt, nem lehetett kihagyni\u2026<\/p>\n<p>Tatab\u00e1ny\u00e1n nem k\u00f6nny\u0171 eligazodni ker\u00e9kp\u00e1rral \u2013 t\u00f6bb egym\u00e1ssal p\u00e1rhuzamos \u00fat is halad a v\u00e1rosban. A v\u00e1roson \u00e1thalad\u00f3 ker\u00e9kp\u00e1r\u00faton azt\u00e1n gyorsan az \u00c1ltal-\u00e9rhez soroltunk. Nagyon kellemes a ker\u00e9kp\u00e1r\u00fat, a h\u00e9tv\u00e9gi forgalom is sz\u00e9pen eloszlott rajta. Attil\u00e1val az \u00c1ltal-\u00e9r K\u00e9tlyuk\u00fa h\u00eddj\u00e1n\u00e1l pihen\u0151t \u201ehazudtunk\u201d \u00e9s lefot\u00f3ztuk az 1787 szeptember 25-\u00e9n \u00e1tadott hidat, amely az els\u0151 k\u0151h\u00edd volt a sokszor jav\u00edtott fa h\u00edd ut\u00e1n. \u00c9p\u00edt\u00e9s\u00e9hez De\u00e1ki prefektus \u00far egykoron 16\u00a0000 \u00e9getett t\u00e9gl\u00e1t, n\u00e9mi faragott k\u00f6vet \u00e9s meszet jutott az \u00e9p\u00edt\u00e9shez. A munk\u00e1k befejezt\u00e9vel k\u00f6vetkez\u0151 \u00e9vben sz\u00e1mos f\u00e1t \u00fcltettek a h\u00edd k\u00f6rnyezet\u00e9ben. Nem j\u00e1r erre gyerekcip\u0151ben az eutrofiz\u00e1ci\u00f3 \u2013 a v\u00edzfel\u00fclet fel\u00e9t lebeg\u0151 g\u00f3lyah\u00edrre eml\u00e9keztet\u0151 s\u00e1rga vir\u00e1g\u00fa n\u00f6v\u00e9ny fedte be. Mint l\u00e1tv\u00e1ny \u2013 \u00fcde volt. Most m\u00e1r tudom, hogy a ker\u00e9kp\u00e1rutat a Nagykacs\u00e1s- a Kiskacs\u00e1s- \u00e9s a Der\u00edt\u0151-t\u00f3 is k\u00eds\u00e9rgeti.<\/p>\n<p>&nbsp;<\/p>\n<p>Tatai f\u0151nixek&#8230;<\/p>\n<p>A tatai parkerd\u0151ben m\u00e9g az er\u0151s naps\u00fct\u00e9sre sem lehetett panaszunk. Gyorsan meg is \u00e1lltunk egy kis s\u00f6rre \u00e9s vel\u0151s pir\u00edt\u00f3sra a b\u00fcf\u00e9sor els\u0151 asztalain\u00e1l. Nna, ha ezt egy t\u00faracsapat k\u00f6nnyen megteszi, akkor beleval\u00f3 a t\u00e1rsas\u00e1g! \u2013 jelentettem ki. Az \u00d6reg-t\u00f3 partj\u00e1n m\u00e1r sokan napoztak, f\u00fcr\u00f6dtek, f\u00fcrdettek \u2013 kuty\u00e1t\u2026 Nagyot n\u00e9ztem, amikor az \u00f6reg Kall\u00f3 malom buk\u00f3j\u00e1n vizet l\u00e1ttam zubogni. Ilyet m\u00e9g sosem tapasztaltam. De az is megh\u00f6kkent\u0151 volt, hogy a nemr\u00e9g m\u00e9g rendezetten T\u00f3v\u00e1ros Fogad\u00f3k\u00e9nt \u00fczemel\u0151 Kall\u00f3 malom ki volt belezve, t\u00e9gl\u00e1kig le volt csupasz\u00edtva! Mellette a Gy\u00e1ri malom \u00e1ll, 10 \u00e9ve m\u00e9g vastag \u00e9desv\u00edzi m\u00e9szk\u0151 lerak\u00f3d\u00e1sokat fot\u00f3ztam a r\u00e9gi kerekek hely\u00e9n. M\u00f6g\u00f6tte a Cz\u00e9g\u00e9ny malomhoz is mintha hozz\u00e1l\u00e1ttak volna. Nagy malom-ment\u00e9s folyik itt szerintem! A sz\u00e9les, kik\u00f6vezett mederben azt\u00e1n folyt a v\u00edz a P\u00f6t\u00f6rke-malomhoz. Az \u00fajra\u00e9ledt v\u00edzfoly\u00e1s a Malom-patak, amely az Angolparkban ered\u0151 Kis-forr\u00e1sok \u00e9s a K\u00e9k-forr\u00e1s viz\u00e9t sz\u00e1ll\u00edtja. Fentebb, ugyancsak a Malom-patak m\u00e1r \u00faj kereket forgat a Mikl\u00f3s malmon! A K\u00e9k-forr\u00e1s a 1961 szeptember 2-\u00e1n t\u00f6rt\u00e9nt XV\/b akna nagy v\u00edzbet\u00f6r\u00e9se sor\u00e1n apadt el Tata \u00f6sszes belter\u00fcleti forr\u00e1s\u00e1val. Sz\u00e1moljunk csak! K\u00f6r\u00fclbel\u00fcl 50 \u00e9v esett ki\u2026<\/p>\n<p>Szerencs\u00e9re a t\u00f6bbiek megv\u00e1rtak. Az \u00d6reg-t\u00f3 nagy t\u00f6lt\u00e9se alatt elgurulva meg\u00e1ll\u00edtottam a csapatot a h\u00edres m\u0171eml\u00e9kmalomn\u00e1l, az 1587-ben m\u00e1r eml\u00edtett Cifra malomn\u00e1l. Sz\u00e9tkorhadt kerekei egyre gy\u00e1szosabban festenek\u2026 M\u00e9g mindig vev\u0151re v\u00e1r, \u00fcresen\u2026 Itt van a t\u00f3 egyik legnagyobb kifoly\u00f3ja.<\/p>\n<p>Elcs\u00edpt\u00fck a F\u00e9nyes-f\u00fcrd\u0151 \u00e9s Dunaalm\u00e1s fel\u00e9 tart\u00f3 gesztenyefasoros utat, amely a kiss\u00e9 megduzzadt \u00c1ltal-eret k\u00eds\u00e9ri. M\u00e9g intettem magamban a Berta malomnak, \u00e9s sz\u00e1momra ismeretlen utakra \u00e9rtem. F\u00e9nyes-f\u00fcrd\u0151n t\u00fal m\u00e9g nem ped\u00e1loztam. Tata egy helikopter-gy\u0171jtem\u00e9nnyel b\u00facs\u00fazott az \u00e9r t\u00faloldal\u00e1n. A patak a v\u00e1rtn\u00e1l nagyobb sebess\u00e9ge felt\u0171n\u0151, n\u00e9ha csobog is. \u00c1ll\u00edt\u00f3lag m\u00e9g Tata ter\u00fclet\u00e9n szoktak \u00fasz\u00f3alkalmatoss\u00e1gokkal versenyeket rendezni rajta\u2026<\/p>\n<p>&nbsp;<\/p>\n<p>Dunaalm\u00e1s cappuccin\u00f3val<\/p>\n<p>Kellemesen kanyarogva el\u00e9rt\u00fcnk a dunaalm\u00e1si zsilipig, majd egy szel\u00edd kis utc\u00e1n \u00e1t ki\u00e9rt\u00fcnk az orsz\u00e1g\u00fatra. Mindig is szerettem a jegenyef\u00e1kat, s ami\u00f3ta olvastam is, hogy felt\u0171n\u00e9s\u00fckkel malmokat is jeleztek r\u00e9gen\u2026 Itt is akadt. Attila k\u00f6t\u00f6tte a cappuccin\u00f3j\u00e1t a kar\u00f3hoz, de mindenki sz\u00edvesen csatlakozott a pressz\u00f3 naperny\u0151s ki\u00fcl\u0151j\u00e9re. Felett\u00fcnk, a temet\u0151ben Vajda J\u00falia, Lilla, Csokonai Vit\u00e9z Mih\u00e1ly szerelme nyugodott, a v\u00e9konydong\u00e1j\u00fa k\u00f6lt\u0151 szobra a k\u00f6zelben \u00e1llt.<\/p>\n<p>Attila mindannyiunkat felcsig\u00e1zott a Duna-parti malommal, amely ma \u00d6regmalom \u00c9letm\u00f3dh\u00e1zk\u00e9nt m\u0171k\u00f6dik. Az 1606-os Zsitvatoroki b\u00e9ke sor\u00e1n itt, Dunaalm\u00e1son telepedtek le a t\u00f6r\u00f6k csapatok. Az \u00e9p\u00fclet egy m\u00e1sik malommal egy\u00fctt \u00e9p\u00fclt meg a zs\u00e1mb\u00e9ki pasa enged\u00e9ly\u00e9vel \u2013 \u00edgy 400 \u00e9ves lehet. A felduzzasztott patakot kis k\u00e9kes viz\u0171 t\u00f3v\u00e1 duzzasztott\u00e1k, plat\u00e1n f\u00e1k borulnak f\u00f6l\u00e9. Egy kis zsilipen csordul tova a patak a k\u00f6zvetlen\u00fcl a malom alatt fodroz\u00f3d\u00f3 Dun\u00e1ba. Attila \u00e9ppen nosztalgi\u00e1zni kezdett, milyen strand\u00e9let folyt itt, amikor f\u00fcrd\u00e9sre felk\u00e9sz\u00fclt emberekkel tal\u00e1lkoztunk egy aut\u00f3 mellett. \u2013 Csak nem f\u00fcrdeni mennek? \u2026a strandra? \u2013 sz\u00f3l\u00edtotta meg \u0151ket izgatottan.<\/p>\n<div id=\"attachment_13222\" style=\"width: 189px\" class=\"wp-caption alignright\"><a href=\"http:\/\/induljelegyuton.hu\/wp-content\/uploads\/35531088_10216157290750123_1238301241088409600_xxn.jpg\"><img loading=\"lazy\" decoding=\"async\" aria-describedby=\"caption-attachment-13222\" class=\"size-medium wp-image-13222\" src=\"http:\/\/induljelegyuton.hu\/wp-content\/uploads\/35531088_10216157290750123_1238301241088409600_xxn-179x300.jpg\" alt=\"A dunaalm\u00e1si karsztforr\u00e1s, amely egykor a strand viz\u00e9t szolg\u00e1ltatta.\" width=\"179\" height=\"300\" srcset=\"https:\/\/induljelegyuton.hu\/wp-content\/uploads\/35531088_10216157290750123_1238301241088409600_xxn-179x300.jpg 179w, https:\/\/induljelegyuton.hu\/wp-content\/uploads\/35531088_10216157290750123_1238301241088409600_xxn-90x150.jpg 90w, https:\/\/induljelegyuton.hu\/wp-content\/uploads\/35531088_10216157290750123_1238301241088409600_xxn.jpg 508w\" sizes=\"auto, (max-width: 179px) 100vw, 179px\" \/><\/a><p id=\"caption-attachment-13222\" class=\"wp-caption-text\">A dunaalm\u00e1si karsztforr\u00e1s, amely egykor a strand viz\u00e9t szolg\u00e1ltatta. (Fot\u00f3: London Annam\u00e1ria)<\/p><\/div>\n<p>Kider\u00fclt, hogy az elpusztult strandb\u00f3l m\u00e9g mindig megvan az azt t\u00e1pl\u00e1l\u00f3 forr\u00e1s, amelynek vize egy kb. 3 m\u00e9ter \u00e1tm\u00e9r\u0151j\u0171 betongy\u0171r\u0171ben \u00e1ramlik fel. Sokfel\u00e9 t\u00f6rnek itt fel 20-24 fokos k\u00e9nhidrog\u00e9nes forr\u00e1sok! A krist\u00e1lytiszta v\u00edzben j\u00f3l lehetett h\u0171s\u00f6lni, a v\u00edz egy kis ki\u00f6ml\u0151n folyt a Duna fel\u00e9. Ism\u00e9t egy \u00e9rdekes karsztforr\u00e1s! \u2013 sz\u0171rtem le az eg\u00e9szb\u0151l a l\u00e9nyeget.<\/p>\n<p>Nincs mit dombor\u00edtani a k\u00f6vetkez\u0151 kilom\u00e9tereken: unalmas, \u00e1m r\u00e9szben \u00e1rny\u00e9kos \u00faton hajtottunk \u00e1t Alm\u00e1sf\u00fczit\u0151re, ahol az elhagyatott timf\u00f6ldgy\u00e1r f\u0151\u00e9p\u00fclet\u00e9nek homlokzat\u00e1t k\u00fcl\u00f6n lefot\u00f3ztattam. \u201eN\u00e1lunk a munka becs\u00fclet \u00e9s dics\u0151s\u00e9g dolga\u201d \u2013 sz\u00f3lt a h\u0151si sztahanovista szlogen. Hol van m\u00e1r a tavalyi h\u00f3\u2026 Meddig gondolt\u00e1k ezt komolyan a r\u00e9giek? Most romhalmaz, rozsdatemet\u0151 \u00e9s v\u00f6r\u00f6siszap\u2026<\/p>\n<p>A munk\u00e1s lak\u00f3telep ut\u00e1n \u00e1t\u00e9rt\u00fcnk lassan \u00daj-Kom\u00e1romba, majd \u00e1thajtottunk a h\u00eddon (micsoda komoly, kicsinyes v\u00e1m-ellen\u0151rz\u00e9sek volt itt is az \u00e1tkosban!) \u00e9s \u00e1thajtottunk Kom\u00e1rom F\u0151 ter\u00e9re. Mivel nem sz\u00e1m\u00edtottunk ilyen \u201ehazaj\u00e1r\u00e1sra\u201d, nyelhett\u00fck volna a ny\u00e1lunkat a fagyiz\u00f3k k\u00f6z\u00f6tt, de szerencs\u00e9re forintot is elfogadtak! Fagylaltoz\u00e1s lett a t\u00fara z\u00e1r\u00f3akkordja\u2026<\/p>\n<p>Mindig szembej\u00f6n egy \u00fajdons\u00e1g \u2013 Sz\u00e9p id\u0151ben soha ne maradj otthon! K\u00f6sz\u00f6nj\u00fck Attila!<\/p>\n<p>Hars\u00e1czki Gy\u00f6rgy<\/p>\n<p>&nbsp;<\/p>\n","protected":false},"excerpt":{"rendered":"<p>2018. 06. 17. Tatab\u00e1nya\u2013Turul-szobor\u2013Tatab\u00e1nya\u2013Tata\u2013tatai v\u00e1r\u2013F\u00e9nyes-f\u00fcrd\u0151\u2013Dunaalm\u00e1s\u2013Alm\u00e1sf\u00fczit\u0151\u2013R\u00e9vkom\u00e1rom\u2013igazi Kom\u00e1rom Tal\u00e1lkoz\u00e1s 7.15-kor a R\u00e1k\u00f3czi h\u00eddn\u00e1l \u00e9s 70 perccel k\u00e9s\u0151bb indul csak a vonat Kelenf\u00f6ldr\u0151l? \u2013 Az\u00e9rt ne agg\u00f3djunk annyira \u2013 7.15-kor indultam K\u0151b\u00e1ny\u00e1r\u00f3l -, \u00e9s m\u00e9g az \u00f6sszer\u00e1z\u00f3d\u00e1shoz is maradt id\u0151 az \u00e1llom\u00e1son. Velem egy\u00fctt n\u00e9gytag\u00fara \u201eh\u00edzott\u201d a csapat. Biciklit\u00far\u00e1nk \u2013 r\u00e9szemr\u0151l &#8211; azonnal \u2026 <a class=\"continue-reading-link\" href=\"https:\/\/induljelegyuton.hu\/?p=13138\"> Continue reading <span class=\"meta-nav\">&rarr; <\/span><\/a><\/p>\n","protected":false},"author":1,"featured_media":0,"comment_status":"open","ping_status":"open","sticky":false,"template":"","format":"standard","meta":{"ngg_post_thumbnail":0,"footnotes":""},"categories":[167,3],"tags":[],"class_list":["post-13138","post","type-post","status-publish","format-standard","hentry","category-magyarorszag_kep","category-tukorreflex"],"_links":{"self":[{"href":"https:\/\/induljelegyuton.hu\/index.php?rest_route=\/wp\/v2\/posts\/13138","targetHints":{"allow":["GET"]}}],"collection":[{"href":"https:\/\/induljelegyuton.hu\/index.php?rest_route=\/wp\/v2\/posts"}],"about":[{"href":"https:\/\/induljelegyuton.hu\/index.php?rest_route=\/wp\/v2\/types\/post"}],"author":[{"embeddable":true,"href":"https:\/\/induljelegyuton.hu\/index.php?rest_route=\/wp\/v2\/users\/1"}],"replies":[{"embeddable":true,"href":"https:\/\/induljelegyuton.hu\/index.php?rest_route=%2Fwp%2Fv2%2Fcomments&post=13138"}],"version-history":[{"count":5,"href":"https:\/\/induljelegyuton.hu\/index.php?rest_route=\/wp\/v2\/posts\/13138\/revisions"}],"predecessor-version":[{"id":13224,"href":"https:\/\/induljelegyuton.hu\/index.php?rest_route=\/wp\/v2\/posts\/13138\/revisions\/13224"}],"wp:attachment":[{"href":"https:\/\/induljelegyuton.hu\/index.php?rest_route=%2Fwp%2Fv2%2Fmedia&parent=13138"}],"wp:term":[{"taxonomy":"category","embeddable":true,"href":"https:\/\/induljelegyuton.hu\/index.php?rest_route=%2Fwp%2Fv2%2Fcategories&post=13138"},{"taxonomy":"post_tag","embeddable":true,"href":"https:\/\/induljelegyuton.hu\/index.php?rest_route=%2Fwp%2Fv2%2Ftags&post=13138"}],"curies":[{"name":"wp","href":"https:\/\/api.w.org\/{rel}","templated":true}]}}