{"id":1271,"date":"2013-12-13T02:14:56","date_gmt":"2013-12-13T01:14:56","guid":{"rendered":"http:\/\/induljelegyuton.hu\/?p=1271"},"modified":"2013-12-31T13:12:40","modified_gmt":"2013-12-31T12:12:40","slug":"sasfeszkek-es-sziklaerodok-azsiaban","status":"publish","type":"post","link":"https:\/\/induljelegyuton.hu\/?p=1271","title":{"rendered":"Sasf\u00e9szkek \u00e9s sziklaer\u0151d\u00f6k \u00c1zsi\u00e1ban"},"content":{"rendered":"<p><b>India<\/b><\/p>\n<div id=\"attachment_1272\" style=\"width: 266px\" class=\"wp-caption alignright\"><a href=\"http:\/\/induljelegyuton.hu\/wp-content\/uploads\/01_290101618452aeaa5591b.jpg\"><img loading=\"lazy\" decoding=\"async\" aria-describedby=\"caption-attachment-1272\" class=\"size-medium wp-image-1272\" alt=\"A Kalavantin-er\u0151d m\u00e1r alig fedezhet\u0151 fel a d\u00fas n\u00f6v\u00e9nyzetben...\" src=\"http:\/\/induljelegyuton.hu\/wp-content\/uploads\/01_290101618452aeaa5591b-256x300.jpg\" width=\"256\" height=\"300\" srcset=\"https:\/\/induljelegyuton.hu\/wp-content\/uploads\/01_290101618452aeaa5591b-256x300.jpg 256w, https:\/\/induljelegyuton.hu\/wp-content\/uploads\/01_290101618452aeaa5591b-128x150.jpg 128w, https:\/\/induljelegyuton.hu\/wp-content\/uploads\/01_290101618452aeaa5591b.jpg 844w\" sizes=\"auto, (max-width: 256px) 100vw, 256px\" \/><\/a><p id=\"caption-attachment-1272\" class=\"wp-caption-text\">A Kalavantin-er\u0151d m\u00e1r alig fedezhet\u0151 fel a d\u00fas n\u00f6v\u00e9nyzetben&#8230;<\/p><\/div>\n<p>Leny\u0171g\u00f6z\u0151, toronyszer\u0171 szirten, 700 m\u00e9ter magasan \u00e1ll a Prabalgad- vagy m\u00e1s n\u00e9ven Kalavantin-er\u0151d. Gy\u00f6ny\u00f6r\u0171, de vesz\u00e9lyes is: b\u00e1rmif\u00e9le biztons\u00e1got ad\u00f3 korl\u00e1t, k\u00f6t\u00e9l \u00e9s kapaszkod\u00f3 n\u00e9lk\u00fcl k\u00f6zel\u00edthet\u0151 meg.<\/p>\n<p>India harmadik legnagyobb ter\u00fclet\u0171 \u00e1llam\u00e1ban, Mah\u00e1r\u00e1str\u00e1ban tal\u00e1lhat\u00f3 a Kalavantin-er\u0151d. A szubkontinens\u00a0nyugati partvonala ment\u00e9n h\u00faz\u00f3d\u00f3 Szahjadri-hegys\u00e9gben \u00e9p\u00edtett\u00e9k fel &#8211; \u00e1ll\u00edt\u00f3lag &#8211; valamikor Buddha idej\u00e9ben. A romokat hajmereszt\u0151en meredek, szikl\u00e1ba faragott l\u00e9pcs\u0151soron kereszt\u00fcl lehet megk\u00f6zel\u00edteni. A korl\u00e1t hi\u00e1nya f\u00f6lfel\u00e9 m\u00e9g csak-csak felejthet\u0151, lefel\u00e9 viszont pr\u00f3b\u00e1ra teszi az ember idegeit, f\u0151leg a sz\u00e9d\u00fcl\u0151sek\u00e9t.<\/p>\n<p>A legenda szerint az er\u0151d\u00f6t egy bizonyos Kalavantin kir\u00e1lyn\u0151 sz\u00e1m\u00e1ra emelt\u00e9k, enn\u00e9l t\u00f6bbet nem igen lehet tudni az eredet\u00e9r\u0151l. 1458 k\u00f6r\u00fcl az Ahmednagar kir\u00e1lys\u00e1g els\u0151 minisztere, Malik Ahmad foglalta el a v\u00e1rat Konkan tengerpartj\u00e1nak megh\u00f3d\u00edt\u00e1sa k\u00f6zben. A 17. sz\u00e1zadban Shivaji Bhosale harcos indiai mogul, miut\u00e1n megszil\u00e1rd\u00edtotta hatalm\u00e1t,\u00a0szint\u00e9n elfoglalta az er\u0151d\u00f6t. Abban az id\u0151ben Kesar Singh mogul volt az \u00e9p\u00edtm\u00e9ny kapit\u00e1nya, az utols\u00f3, aki ellen tudott \u00e1llni Shivaji t\u00e1mad\u00e1s\u00e1nak. Amikor a n\u0151k l\u00e1tt\u00e1k, hogy az er\u0151d r\u00f6vid id\u0151n bel\u00fcl elesik, felk\u00e9sz\u00fcltek a ritu\u00e1lis \u00f6ngyilkoss\u00e1gra.<\/p>\n<p><strong>ngg_shortcode_0_placeholder<\/strong><\/p>\n<div id=\"attachment_1274\" style=\"width: 250px\" class=\"wp-caption alignright\"><a href=\"http:\/\/induljelegyuton.hu\/wp-content\/uploads\/04_724.jpg\"><img loading=\"lazy\" decoding=\"async\" aria-describedby=\"caption-attachment-1274\" class=\"wp-image-1274 \" alt=\"Ez a l\u00e9pcs\u0151 nem felelne meg az EU-s k\u00f6vetelm\u00e9nyeknek...\" src=\"http:\/\/induljelegyuton.hu\/wp-content\/uploads\/04_724-300x168.jpg\" width=\"240\" height=\"134\" srcset=\"https:\/\/induljelegyuton.hu\/wp-content\/uploads\/04_724-300x168.jpg 300w, https:\/\/induljelegyuton.hu\/wp-content\/uploads\/04_724-250x140.jpg 250w, https:\/\/induljelegyuton.hu\/wp-content\/uploads\/04_724.jpg 645w\" sizes=\"auto, (max-width: 240px) 100vw, 240px\" \/><\/a><p id=\"caption-attachment-1274\" class=\"wp-caption-text\">Ez a l\u00e9pcs\u0151 nem felelne meg az EU-s k\u00f6vetelm\u00e9nyeknek&#8230;<\/p><\/div>\n<p>Singh meghalt a v\u00e9gs\u0151 csat\u00e1ban, Shivaji pedig kegyesen szabad elvonul\u00e1st enged\u00e9lyezett az elhunyt mogul \u00e9desanyja \u00e9s unok\u00e1ja sz\u00e1m\u00e1ra.<\/p>\n<p>&nbsp;<\/p>\n<p>&nbsp;<\/p>\n<p>&nbsp;<\/p>\n<p><strong>\u00a0Sr\u00ed Lanka &#8211;\u00a0Sigiriya, egy tr\u00f3nbitorl\u00f3 v\u00e9gv\u00e1ra<\/strong><\/p>\n<p><strong>\u00a0<\/strong><\/p>\n<p>Sri Lanka k\u00f6z\u00e9ps\u0151 r\u00e9sz\u00e9n egy k\u00f6zel 200 m\u00e9ter magas sziklat\u00f6mb emelkedik f\u00fcgg\u0151leges falakkal a dzsungel f\u00f6l\u00e9, amelyre az 5. sz\u00e1zadban palot\u00e1t \u00e9s er\u0151d\u00f6t emeltek. Ez a Sigiriya-er\u0151d, amely Oroszl\u00e1n-szikl\u00e1t jelent, s az egyik kapuj\u00e1r\u00f3l kapta a nev\u00e9t. Az \u0151si kr\u00f3nik\u00e1k szerint Kasyapa kir\u00e1ly (uralkodott i.sz. 477-495) v\u00e1lasztotta ki e helyet sz\u00e9khely\u00e9\u00fcl, \u00e9s a v\u00e1rost Culavams\u00e1nak nevezt\u00e9k. \u0150 emelt palot\u00e1t a szikl\u00e1ra, \u00e9s bor\u00edttatta be egyes oldalait ma is l\u00e1that\u00f3, csod\u00e1latos falfestm\u00e9nyekkel.<\/p>\n<p><strong>ngg_shortcode_1_placeholder<\/strong><\/p>\n<p>Felfel\u00e9 f\u00e9l\u00faton l\u00e1that\u00f3 egy sz\u0171k \u2013 j\u00f3l v\u00e9dhet\u0151 \u2013 \u00e1tj\u00e1r\u00f3, amely egy hatalmas, k\u0151b\u0151l kifaragott oroszl\u00e1n mells\u0151 l\u00e1bai k\u00f6z\u00f6tt vezet el. Sajnos az oroszl\u00e1n feje m\u00e1r r\u00e9gen megsemmis\u00fclt.<\/p>\n<div id=\"attachment_1327\" style=\"width: 310px\" class=\"wp-caption alignright\"><a href=\"http:\/\/induljelegyuton.hu\/wp-content\/uploads\/1_Sigiriya-Rock-000902.jpg\"><img loading=\"lazy\" decoding=\"async\" aria-describedby=\"caption-attachment-1327\" class=\"size-medium wp-image-1327\" alt=\"Kasyapa kir\u00e1ly kiv\u00e1l\u00f3 helyet v\u00e1lasztott\" src=\"http:\/\/induljelegyuton.hu\/wp-content\/uploads\/1_Sigiriya-Rock-000902-300x231.jpg\" width=\"300\" height=\"231\" srcset=\"https:\/\/induljelegyuton.hu\/wp-content\/uploads\/1_Sigiriya-Rock-000902-300x231.jpg 300w, https:\/\/induljelegyuton.hu\/wp-content\/uploads\/1_Sigiriya-Rock-000902-1024x789.jpg 1024w, https:\/\/induljelegyuton.hu\/wp-content\/uploads\/1_Sigiriya-Rock-000902-194x150.jpg 194w\" sizes=\"auto, (max-width: 300px) 100vw, 300px\" \/><\/a><p id=\"caption-attachment-1327\" class=\"wp-caption-text\">Kasyapa kir\u00e1ly kiv\u00e1l\u00f3 helyet v\u00e1lasztott<\/p><\/div>\n<p>&nbsp;<\/p>\n<p>A hegyfok k\u00f6rnyezet\u00e9t m\u00e1r a 3. sz\u00e1zadban is lakt\u00e1k szerzetesek \u00e9s aszk\u00e9t\u00e1k. Mivel 477-ben Kasyapa herceg \u201e\u00e1llamcs\u00edny\u201d sor\u00e1n ker\u00fclt tr\u00f3nra (\u00e9lve befalaztatta apj\u00e1t), tartva a jogos tr\u00f3n\u00f6r\u00f6k\u00f6s t\u00e1mad\u00e1s\u00e1t\u00f3l ezen a helyen \u2013 az eredeti Anuradhapura f\u0151v\u00e1ros helyett \u2013 v\u00e1lasztotta ki biztons\u00e1gosabb sz\u00e9khely\u00e9t. A ki\u00e9p\u00fclt kertek, v\u00e9delmi rendszerek, csatorn\u00e1k bonyolult strukt\u00far\u00e1ja ebb\u0151l a korb\u00f3l maradt fenn. Kasyapa kir\u00e1lyt v\u00e9g\u00fcl legy\u0151zte az, akit\u0151l f\u00e9lt: a jogos tr\u00f3n\u00f6r\u00f6k\u00f6s. Az Indi\u00e1ba menek\u00fclt Mogallana sereggel t\u00e9rt vissza, s a v\u00e9gs\u0151 csat\u00e1ban Kasyap\u00e1t \u2013 \u00e1ll\u00edt\u00f3lag \u2013 elhagyta a serege, s \u00f6ngyilkoss\u00e1got k\u00f6vetett el. A palota \u00e9s a f\u0151v\u00e1ros ez ut\u00e1n eln\u00e9ptelenedett, \u00e9p\u00fcleteit buddhista kolostornak haszn\u00e1lt\u00e1k a 14. sz\u00e1zadban, a 16-17. sz\u00e1zadban pedig r\u00f6vid ideig a Kandy Kir\u00e1lys\u00e1g el\u0151\u00f6rse volt.<\/p>\n<p>Sigiriya romjai az ut\u00e1n ker\u00fcltek el\u0151sz\u00f6r a r\u00e9g\u00e9szek l\u00e1t\u00f3k\u00f6r\u00e9be, amikor 1831-ben Jonathan Forbes erre lovagolt a brit hadsereg hegyivad\u00e1szai \u00e9l\u00e9n, de fel\u00fcletes r\u00e9g\u00e9szeti kutat\u00e1s is csak 1890-es \u00e9vekben indult. 1982-ig kellett v\u00e1rni, hogy a sziklaer\u0151d alapos felt\u00e1r\u00e1s\u00e1ra sor ker\u00fclt \u2013 Sr\u00ed Lanka korm\u00e1ny\u00e1nak elhat\u00e1roz\u00e1s\u00e1ra.<\/p>\n<div id=\"attachment_1329\" style=\"width: 220px\" class=\"wp-caption alignleft\"><a href=\"http:\/\/induljelegyuton.hu\/wp-content\/uploads\/22222_view-from-top-sigiriya.jpg\"><img loading=\"lazy\" decoding=\"async\" aria-describedby=\"caption-attachment-1329\" class=\" wp-image-1329 \" alt=\"A szikla l\u00e9pcs\u0151zetesen kialak\u00edtott teteje\" src=\"http:\/\/induljelegyuton.hu\/wp-content\/uploads\/22222_view-from-top-sigiriya-300x168.jpg\" width=\"210\" height=\"118\" srcset=\"https:\/\/induljelegyuton.hu\/wp-content\/uploads\/22222_view-from-top-sigiriya-300x168.jpg 300w, https:\/\/induljelegyuton.hu\/wp-content\/uploads\/22222_view-from-top-sigiriya-1024x575.jpg 1024w, https:\/\/induljelegyuton.hu\/wp-content\/uploads\/22222_view-from-top-sigiriya-250x140.jpg 250w, https:\/\/induljelegyuton.hu\/wp-content\/uploads\/22222_view-from-top-sigiriya.jpg 1600w\" sizes=\"auto, (max-width: 210px) 100vw, 210px\" \/><\/a><p id=\"caption-attachment-1329\" class=\"wp-caption-text\">A szikla l\u00e9pcs\u0151zetesen kialak\u00edtott teteje<\/p><\/div>\n<p>A romok h\u00e1rom t\u00e9rsz\u00ednre k\u00fcl\u00f6n\u00edthet\u0151ek el: szikla lapos tetej\u00e9n a palota nyomai \u00e1llnak, a k\u00f6z\u00e9ps\u0151 szinten a h\u00edres falfestm\u00e9nyek, a t\u00fck\u00f6r fal, az Oroszl\u00e1n-kapu, \u00e9s egy kisebb palota ma is l\u00e1tv\u00e1nyos maradv\u00e1nyai tal\u00e1lhat\u00f3k, a szikla t\u00f6v\u00e9ben pedig falak, v\u00e1r\u00e1rkok \u00e9s medenc\u00e9k alkotta bonyolult rendszer ny\u00falik el t\u00f6bb sz\u00e1z m\u00e9terre. A kis fenns\u00edkon egykori cisztern\u00e1k gy\u0171jtik \u00f6ssze az es\u0151vizet a mai napig. Sigiriya v\u00e1rostervez\u00e9se egyed\u00fcl\u00e1ll\u00f3 \u00f6tletes \u00e9s bonyolult felsz\u00edni \u00e9s felsz\u00edn alatti hidraulikus rendszer\u00e9nek, v\u00edz-visszatart\u00f3 csatornah\u00e1l\u00f3zat\u00e1nak k\u00f6sz\u00f6nhet\u0151en. \u00a0A r\u00e9gi Culavamsa ut\u00f3dja ma is haszn\u00e1t veszi egyik nagy t\u00e1roz\u00f3j\u00e1nak. Kasyapa f\u0151v\u00e1ros\u00e1nak valaha \u00f6t kapuja volt.<\/p>\n<p>John Still 1907-ben \u201egigantikus k\u00e9pgal\u00e9ri\u00e1nak \u00e9s a vil\u00e1g legnagyobb festm\u00e9ny\u00e9nek\u201d \u00edrta le a szikl\u00e1ra festett alakok hatalmas kompoz\u00edci\u00f3j\u00e1t. A szikla nyugati oldal\u00e1n k\u00f6r\u00fclbel\u00fcl 500 n\u0151i alak, f\u00e9lalak bor\u00edt be egy 140 m\u00e9ter hossz\u00fa 40 m\u00e9ter sz\u00e9les fel\u00fcletet, de elsz\u00f3rtan portr\u00e9k m\u00e1sutt is felfedezhet\u0151k. Sajnos az eltelt \u00e9vsz\u00e1zadok alatt a festm\u00e9nyek legt\u00f6bbje m\u00e1r \u00f6r\u00f6kre elveszett\u2026<\/p>\n<div id=\"attachment_1328\" style=\"width: 310px\" class=\"wp-caption alignright\"><a href=\"http:\/\/induljelegyuton.hu\/wp-content\/uploads\/44_sigiriya_frescoes.jpg\"><img loading=\"lazy\" decoding=\"async\" aria-describedby=\"caption-attachment-1328\" class=\"size-medium wp-image-1328\" alt=\"A K\u00e1ma Sz\u00fatra juthat esz\u00fcnkbe...\" src=\"http:\/\/induljelegyuton.hu\/wp-content\/uploads\/44_sigiriya_frescoes-300x236.jpg\" width=\"300\" height=\"236\" srcset=\"https:\/\/induljelegyuton.hu\/wp-content\/uploads\/44_sigiriya_frescoes-300x236.jpg 300w, https:\/\/induljelegyuton.hu\/wp-content\/uploads\/44_sigiriya_frescoes-190x150.jpg 190w, https:\/\/induljelegyuton.hu\/wp-content\/uploads\/44_sigiriya_frescoes.jpg 520w\" sizes=\"auto, (max-width: 300px) 100vw, 300px\" \/><\/a><p id=\"caption-attachment-1328\" class=\"wp-caption-text\">A K\u00e1ma Sz\u00fatra juthat esz\u00fcnkbe&#8230;<\/p><\/div>\n<p>Sigiriya oldal\u00e1ban tal\u00e1lhat\u00f3 az \u00fan. T\u00fck\u00f6r fal, amely egy f\u00e9nyes ker\u00e1mia-f\u00e9l\u00e9vel fedett fel\u00fclet. Eddig 685 verset azonos\u00edtott be rajta egy sr\u00ed lanka-i r\u00e9g\u00e9sz a 8., 9., \u00e9s a 10. sz\u00e1zadb\u00f3l. Ma m\u00e1r tiltj\u00e1k a falra \u00edr\u00e1st \u2013 a r\u00e9gi szeretetr\u0151l, ir\u00f3ni\u00e1r\u00f3l, j\u00f3 tan\u00e1csokr\u00f3l sz\u00f3l\u00f3 \u00edr\u00e1sok v\u00e9delm\u00e9ben.<\/p>\n<p>Az egykori f\u0151v\u00e1ros kertjei a legr\u00e9gebbi parkok a vil\u00e1gon, teraszaikkal, medenc\u00e9ikkel, szigeteikkel, csatorn\u00e1ikkal, g\u00e1tjaikkal, barlangjaikkal. A f\u00f6ldalatti vezet\u00e9keken kereszt\u00fcl ell\u00e1tott sz\u00f6k\u0151kutak m\u00e9g mindig m\u0171k\u00f6d\u0151k\u00e9pesek!<\/p>\n<p>&nbsp;<\/p>\n<p>Sigiriya a Vil\u00e1g\u00f6r\u00f6ks\u00e9g r\u00e9sze, s egyben Sri Lanka legl\u00e1togatottabb t\u00f6rt\u00e9nelmi helysz\u00edne.<\/p>\n<p>&nbsp;<\/p>\n<p><strong>Masada &#8211; Egy sziklahaj\u00f3 a Holt-tenger felett<\/strong><\/p>\n<p>&nbsp;<\/p>\n<div id=\"attachment_1339\" style=\"width: 235px\" class=\"wp-caption alignright\"><a href=\"http:\/\/induljelegyuton.hu\/wp-content\/uploads\/4_safe_image.jpg\"><img loading=\"lazy\" decoding=\"async\" aria-describedby=\"caption-attachment-1339\" class=\"size-medium wp-image-1339 \" alt=\"A rombusz alak\u00fa fenns\u00edk 550 m\u00e9ter hossz\u00fa \u00e9s 270 m\u00e9ter sz\u00e9les\" src=\"http:\/\/induljelegyuton.hu\/wp-content\/uploads\/4_safe_image-225x300.jpg\" width=\"225\" height=\"300\" srcset=\"https:\/\/induljelegyuton.hu\/wp-content\/uploads\/4_safe_image-225x300.jpg 225w, https:\/\/induljelegyuton.hu\/wp-content\/uploads\/4_safe_image-112x150.jpg 112w, https:\/\/induljelegyuton.hu\/wp-content\/uploads\/4_safe_image.jpg 638w\" sizes=\"auto, (max-width: 225px) 100vw, 225px\" \/><\/a><p id=\"caption-attachment-1339\" class=\"wp-caption-text\">A rombusz alak\u00fa fenns\u00edk 550 m\u00e9ter hossz\u00fa \u00e9s 270 m\u00e9ter sz\u00e9les<\/p><\/div>\n<p>Masada hegyi er\u0151dje Izrael d\u00e9li r\u00e9sz\u00e9n emelkedik ki a Holt-tenger s\u00edkj\u00e1b\u00f3l. A h\u00e1rom oldal\u00e1n 400 m\u00e9teres falakkal leszakad\u00f3 fenns\u00edkra Nagy Her\u00f3des \u00e9p\u00edttetett palot\u00e1t \u00e9s er\u0151d\u00edtm\u00e9nyt i. e. 37-31 k\u00f6z\u00f6tt. Csup\u00e1n a nyugati oldalon alacsonyabb a sziklafal: 90-100 m\u00e9teres.<\/p>\n<p>Az els\u0151 zsid\u00f3-r\u00f3mai h\u00e1bor\u00fa idej\u00e9n \u2013 \u00e1ll\u00edt\u00f3lag \u2013 960 zsid\u00f3 l\u00e1zad\u00f3 menek\u00fclt Masada falai k\u00f6z\u00e9, amit a r\u00f3maiak i. e. 73-ban ostrom al\u00e1 vettek. A k\u00e9t-h\u00e1rom h\u00f3napig tart\u00f3 v\u00e1rostrom v\u00e9g\u00e9re \u00e9p\u00fclt fel a r\u00f3maiak ma is kivehet\u0151 r\u00e1mp\u00e1ja, amelynek seg\u00edts\u00e9g\u00e9vel ostromtornyot juttattak a nyugati falhoz, \u00e9s bet\u00f6rtek a v\u00e1rba. A l\u00e1zad\u00f3k k\u00f6zvetlen\u00fcl ez el\u0151tt t\u00f6meges \u00f6ngyilkoss\u00e1got k\u00f6vettek el, hogy ne ker\u00fcljenek a r\u00f3maiak kez\u00e9re &#8211; egy\u00e9bk\u00e9nt szinte minden, amit tudunk Masad\u00e1r\u00f3l, az az i. sz. 1. sz\u00e1zadi zsid\u00f3-r\u00f3mai t\u00f6rt\u00e9net\u00edr\u00f3t\u00f3l, Josephust\u00f3l sz\u00e1rmazik.<\/p>\n<p><strong>ngg_shortcode_2_placeholder<\/strong><\/p>\n<p>Josephus le\u00edr\u00e1sa alapj\u00e1n a bevonul\u00f3 r\u00f3maiak l\u00e1ngokban tal\u00e1lt\u00e1k az \u00e9p\u00fcleteket \u00e9s az \u00e9lelmiszer rakt\u00e1rat, s mind\u00f6ssze k\u00e9t n\u0151t \u00e9s \u00f6t gyereket tal\u00e1ltak \u00e9letben. Ellenben a r\u00e9g\u00e9szeti leletek nem egyeznek a t\u00f6rt\u00e9net\u00edr\u00f3 feljegyz\u00e9seivel.<\/p>\n","protected":false},"excerpt":{"rendered":"<p>India Leny\u0171g\u00f6z\u0151, toronyszer\u0171 szirten, 700 m\u00e9ter magasan \u00e1ll a Prabalgad- vagy m\u00e1s n\u00e9ven Kalavantin-er\u0151d. Gy\u00f6ny\u00f6r\u0171, de vesz\u00e9lyes is: b\u00e1rmif\u00e9le biztons\u00e1got ad\u00f3 korl\u00e1t, k\u00f6t\u00e9l \u00e9s kapaszkod\u00f3 n\u00e9lk\u00fcl k\u00f6zel\u00edthet\u0151 meg. India harmadik legnagyobb ter\u00fclet\u0171 \u00e1llam\u00e1ban, Mah\u00e1r\u00e1str\u00e1ban tal\u00e1lhat\u00f3 a Kalavantin-er\u0151d. A szubkontinens\u00a0nyugati partvonala ment\u00e9n h\u00faz\u00f3d\u00f3 Szahjadri-hegys\u00e9gben \u00e9p\u00edtett\u00e9k fel &#8211; \u00e1ll\u00edt\u00f3lag &#8211; valamikor Buddha \u2026 <a class=\"continue-reading-link\" href=\"https:\/\/induljelegyuton.hu\/?p=1271\"> Continue reading <span class=\"meta-nav\">&rarr; <\/span><\/a><\/p>\n","protected":false},"author":1,"featured_media":0,"comment_status":"open","ping_status":"open","sticky":false,"template":"","format":"standard","meta":{"ngg_post_thumbnail":0,"footnotes":""},"categories":[163,1],"tags":[402,410,401,409,395,406,339,404,396,403,400,407,394,398,399,397,408,405],"class_list":["post-1271","post","type-post","status-publish","format-standard","hentry","category-aktualis","category-kukker","tag-anuradhapura","tag-csatornarendszer","tag-culavamsa","tag-egyedulallo","tag-erod","tag-falfestmeny","tag-india","tag-jonathan-forbes","tag-kalavantin-erod","tag-kandy-kiralysag","tag-kasyapa","tag-ongyilkossag","tag-prabalgad","tag-sigiriya","tag-sri-lanka","tag-szahjadri-hegyseg","tag-tronbitorlo","tag-tukor-fal"],"_links":{"self":[{"href":"https:\/\/induljelegyuton.hu\/index.php?rest_route=\/wp\/v2\/posts\/1271","targetHints":{"allow":["GET"]}}],"collection":[{"href":"https:\/\/induljelegyuton.hu\/index.php?rest_route=\/wp\/v2\/posts"}],"about":[{"href":"https:\/\/induljelegyuton.hu\/index.php?rest_route=\/wp\/v2\/types\/post"}],"author":[{"embeddable":true,"href":"https:\/\/induljelegyuton.hu\/index.php?rest_route=\/wp\/v2\/users\/1"}],"replies":[{"embeddable":true,"href":"https:\/\/induljelegyuton.hu\/index.php?rest_route=%2Fwp%2Fv2%2Fcomments&post=1271"}],"version-history":[{"count":57,"href":"https:\/\/induljelegyuton.hu\/index.php?rest_route=\/wp\/v2\/posts\/1271\/revisions"}],"predecessor-version":[{"id":1276,"href":"https:\/\/induljelegyuton.hu\/index.php?rest_route=\/wp\/v2\/posts\/1271\/revisions\/1276"}],"wp:attachment":[{"href":"https:\/\/induljelegyuton.hu\/index.php?rest_route=%2Fwp%2Fv2%2Fmedia&parent=1271"}],"wp:term":[{"taxonomy":"category","embeddable":true,"href":"https:\/\/induljelegyuton.hu\/index.php?rest_route=%2Fwp%2Fv2%2Fcategories&post=1271"},{"taxonomy":"post_tag","embeddable":true,"href":"https:\/\/induljelegyuton.hu\/index.php?rest_route=%2Fwp%2Fv2%2Ftags&post=1271"}],"curies":[{"name":"wp","href":"https:\/\/api.w.org\/{rel}","templated":true}]}}