{"id":1102,"date":"2013-12-06T01:59:11","date_gmt":"2013-12-06T00:59:11","guid":{"rendered":"http:\/\/induljelegyuton.hu\/?p=1102"},"modified":"2014-01-12T20:33:17","modified_gmt":"2014-01-12T19:33:17","slug":"kummakivi-az-egyensulyozo-ko","status":"publish","type":"post","link":"https:\/\/induljelegyuton.hu\/?p=1102","title":{"rendered":"Kummakivi &#8211; avagy a v\u00e1ndork\u00f6vekr\u0151l"},"content":{"rendered":"<div id=\"attachment_1113\" style=\"width: 310px\" class=\"wp-caption alignright\"><a href=\"http:\/\/induljelegyuton.hu\/wp-content\/uploads\/Kummakivi-IMG_6775-Medium.jpg\"><img loading=\"lazy\" decoding=\"async\" aria-describedby=\"caption-attachment-1113\" class=\"size-medium wp-image-1113  \" alt=\"Kummakivi, a klasszikus ing\u00f3k\u0151 (Forr\u00e1s: internet)\" src=\"http:\/\/induljelegyuton.hu\/wp-content\/uploads\/Kummakivi-IMG_6775-Medium-300x225.jpg\" width=\"300\" height=\"225\" srcset=\"https:\/\/induljelegyuton.hu\/wp-content\/uploads\/Kummakivi-IMG_6775-Medium-300x225.jpg 300w, https:\/\/induljelegyuton.hu\/wp-content\/uploads\/Kummakivi-IMG_6775-Medium-200x150.jpg 200w, https:\/\/induljelegyuton.hu\/wp-content\/uploads\/Kummakivi-IMG_6775-Medium.jpg 800w\" sizes=\"auto, (max-width: 300px) 100vw, 300px\" \/><\/a><p id=\"caption-attachment-1113\" class=\"wp-caption-text\">Kummakivi, a klasszikus ing\u00f3k\u0151 (Forr\u00e1s: internet)<\/p><\/div>\n<p><strong>Finnorsz\u00e1gban l\u00e1that\u00f3 ez az \u00e9rdekes geol\u00f3giai k\u00e9pz\u0151dm\u00e9ny. D\u00e9l-Savnonia erdej\u00e9ben tal\u00e1lhat\u00f3 Kummakivi, a \u201efurcsa szikla\u201d, amit n\u00e1lunk nemes egyszer\u0171s\u00e9ggel ing\u00f3k\u0151nek nevezn\u00e9nek.\u00a0<\/strong><\/p>\n<p>A Kummakivi \u00e9s a mintegy 180 ezer t\u00f3 az utols\u00f3 j\u00e9gkorszaki gleccsereknek k\u00f6sz\u00f6nhetik l\u00e9trej\u00f6tt\u00e9t. Az utols\u00f3 j\u00e9gkorszak \u201ederek\u00e1n\u201d d\u00e9lebbre leh\u00faz\u00f3d\u00f3 gleccserek szikladarabokat \u201esz\u00e1ll\u00edtottak\u201d a h\u00e1tukon, illetve a j\u00e9gbe \u00e1gyazva, amelyek a gleccserek v\u00e9g\u00e9n\u00e9l felhalmoz\u00f3dtak. A n\u00e9ha h\u00e1z nagys\u00e1g\u00fa k\u0151t\u00f6mb\u00f6k mellett \u00f3ri\u00e1si mennyis\u00e9g\u0171 kavics, agyag, homok, \u00e9s kisebb k\u0151blokk halmoz\u00f3dott \u00e1t. A fent eml\u00edtett k\u0151t\u00f6mb \u00e9ppen egy magaslatra ker\u00fclt, \u00edgy b\u00fcszk\u00e9n tekinthetett le a t\u00f6bbi v\u00e1ndork\u0151re, amelyeknek legnagyobb r\u00e9sze t\u00f6rmel\u00e9kmez\u0151ket alkotott az alacsonyabb t\u00e9rsz\u00edneken. A term\u00e9szet szesz\u00e9ly\u00e9nek k\u00f6sz\u00f6nhet\u0151en v\u00e1lt v\u00e1ndork\u0151b\u0151l ing\u00f3k\u0151v\u00e9.<\/p>\n<div id=\"attachment_1123\" style=\"width: 220px\" class=\"wp-caption alignright\"><a href=\"http:\/\/induljelegyuton.hu\/wp-content\/uploads\/09_giebichenstein_stoeckse.jpg\"><img loading=\"lazy\" decoding=\"async\" aria-describedby=\"caption-attachment-1123\" class=\" wp-image-1123 \" alt=\"Az als\u00f3-sz\u00e1szorsz\u00e1gi St\u00f6ckse v\u00e1ndork\u00f6ve, a Giebichenstein (Forr\u00e1s: internet)\" src=\"http:\/\/induljelegyuton.hu\/wp-content\/uploads\/09_giebichenstein_stoeckse-300x225.jpg\" width=\"210\" height=\"158\" srcset=\"https:\/\/induljelegyuton.hu\/wp-content\/uploads\/09_giebichenstein_stoeckse-300x225.jpg 300w, https:\/\/induljelegyuton.hu\/wp-content\/uploads\/09_giebichenstein_stoeckse-200x150.jpg 200w, https:\/\/induljelegyuton.hu\/wp-content\/uploads\/09_giebichenstein_stoeckse.jpg 800w\" sizes=\"auto, (max-width: 210px) 100vw, 210px\" \/><\/a><p id=\"caption-attachment-1123\" class=\"wp-caption-text\">Az als\u00f3-sz\u00e1szorsz\u00e1gi St\u00f6ckse v\u00e1ndork\u00f6ve, a Giebichenstein (Forr\u00e1s: internet)<\/p><\/div>\n<p>V\u00e1ndork\u00f6veket a magashegys\u00e9gek j\u00e9gkorszakban kiterjedt gleccserei is \u201e\u00e1tk\u00f6lt\u00f6ztettek\u201d, \u00edgy azok a hegys\u00e9gt\u0151l jelent\u0151s t\u00e1vols\u00e1gra tal\u00e1lhat\u00f3k. A gleccser munk\u00e1j\u00e1t a v\u00e1ndork\u00f6vek mellett ak\u00e1r h\u00e1ts\u00e1gokat, dombvid\u00e9ket alkot\u00f3 t\u00f6rmel\u00e9k &#8211; mor\u00e9na jelzi (kavics, homok, agyag). Ilyen p\u00e9ld\u00e1ul a Suomenselka Pieus Finnorsz\u00e1gban, a Mazuri-t\u00f3h\u00e1ts\u00e1g Lengyelorsz\u00e1gban, de a N\u00e9met- \u00e9s a Lengyel-alf\u00f6ldet is sz\u00e9tter\u00edtett mor\u00e9nah\u00e1ts\u00e1gok anyaga alkotja.<\/p>\n<p>A j\u00e9gkorszaki belf\u00f6ldi j\u00e9gtakar\u00f3 a legnagyobb kiterjed\u00e9se idej\u00e9n 6,5 milli\u00f3 n\u00e9gyzetkilom\u00e9ter volt. Az \u00e9szaki f\u00e9lteke eljegesed\u00e9s\u00e9hez kapcsol\u00f3d\u00f3 \u201etipikus\u201d v\u00e1ndork\u00f6vek ma Eur\u00f3p\u00e1ban a Balti-\u00e1llamokban, a N\u00e9met- \u00e9s a Lengyel-alf\u00f6ld\u00f6n, D\u00e1nia, Belgium, Hollandia ter\u00fclet\u00e9n, illetve a Kelet-eur\u00f3pai-s\u00edks\u00e1g \u00e9szaki r\u00e9szein tal\u00e1lhat\u00f3k meg. Az amerikai kontinensen Kanad\u00e1ban \u00e9s az USA-ban tal\u00e1lkozhatunk vel\u00fck. Ezek anyaga szinte minden esetben magm\u00e1s \u00e9s metamorf k\u0151zet &#8211; \u00fcled\u00e9kes k\u0151zetek csak elv\u00e9tve fordulnak el\u0151.\u00a0A magashegys\u00e9gekhez kapcsolhat\u00f3 gleccserek v\u00e1ndork\u00f6veinek anyaga m\u00e1r v\u00e1ltozatosabb: m\u00e9szk\u0151 \u00e9s vulkanikus k\u0151zetek is megjelennek.<\/p>\n<p><strong>ngg_shortcode_0_placeholder<\/strong><\/p>\n<p>A v\u00e1ndork\u00f6vek probl\u00e9m\u00e1ja a 18. sz\u00e1zadban mer\u00fclt fel el\u0151sz\u00f6r, amikor a geol\u00f3gusok nem tudtak magyar\u00e1zattal szolg\u00e1lni a s\u00edk ter\u00fcleteken fellelhet\u0151, oda nem ill\u0151 anyag\u00fa sziklat\u00f6mb\u00f6k k\u00e9rd\u00e9s\u00e9re. A felvil\u00e1gosod\u00e1s kor\u00e1ban m\u00e1r nem \u00e1llta meg a hely\u00e9t az a misztikus magyar\u00e1zat, miszerint \u00f3ri\u00e1sok dobt\u00e1k ide-oda a sziklat\u00f6mb\u00f6ket. Olyan elk\u00e9pzel\u00e9s is napvil\u00e1got l\u00e1tott, hogy a k\u00f6vek olyan jellegzetes, meredek fal\u00fa kerek lyukakb\u00f3l sz\u00e1rmaznak, amelyeket vulk\u00e1ni kr\u00e1terekk\u00e9nt azonos\u00edtottak. (Ezek a \u201ekr\u00e1terek\u201d val\u00f3j\u00e1ban olyan lassan elolvadt j\u00e9gt\u00f6mb\u00f6k h\u0171lt helyei, amelyek k\u00f6r\u00e9 m\u00e9g fagyott \u00e1llapotukban rendez\u0151d\u00f6tt a kavicsos t\u00f6rmel\u00e9k, a mor\u00e9na.) Maradt a \u201ev\u00e1ndorl\u00f3 k\u0151\u201d kifejez\u00e9s &#8211; magyar\u00e1zat n\u00e9lk\u00fcl.<\/p>\n<div id=\"attachment_1125\" style=\"width: 310px\" class=\"wp-caption alignright\"><a href=\"http:\/\/induljelegyuton.hu\/wp-content\/uploads\/18_Dammestenen.jpg\"><img loading=\"lazy\" decoding=\"async\" aria-describedby=\"caption-attachment-1125\" class=\"size-medium wp-image-1125 \" alt=\"D\u00e1nia legnagyobb sziklat\u00f6mbje, a Dammenstenen. S\u00falya 1000 tonna, t\u00e9rfogata 370 k\u00f6bm\u00e9ter (Forr\u00e1s: internet)\" src=\"http:\/\/induljelegyuton.hu\/wp-content\/uploads\/18_Dammestenen-300x197.jpg\" width=\"300\" height=\"197\" srcset=\"https:\/\/induljelegyuton.hu\/wp-content\/uploads\/18_Dammestenen-300x197.jpg 300w, https:\/\/induljelegyuton.hu\/wp-content\/uploads\/18_Dammestenen-227x150.jpg 227w, https:\/\/induljelegyuton.hu\/wp-content\/uploads\/18_Dammestenen.jpg 550w\" sizes=\"auto, (max-width: 300px) 100vw, 300px\" \/><\/a><p id=\"caption-attachment-1125\" class=\"wp-caption-text\">D\u00e1nia legnagyobb sziklat\u00f6mbje, a Dammenstenen. S\u00falya 1000 tonna, t\u00e9rfogata 370 k\u00f6bm\u00e9ter (Forr\u00e1s: internet)<\/p><\/div>\n<p>Egy sv\u00e1jci polihisztor \u00e9s egy sk\u00f3t geol\u00f3gus is felvetette a j\u00e9gkorszak gondolat\u00e1t, de ilyen fantazmag\u00f3ri\u00e1kra k\u00f6rnyezet\u00fck m\u00e9g nem volt felk\u00e9sz\u00fclve: Egy bibliai \u00f6z\u00f6nv\u00edz lehet\u0151s\u00e9g\u00e9t elfogadhat\u00f3bbnak tartott\u00e1k. A j\u00e9g sz\u00e1ll\u00edt\u00f3munk\u00e1j\u00e1nak jelens\u00e9g\u00e9t az Alpok gleccserein\u00e9l tanulm\u00e1nyozt\u00e1k a 19. sz\u00e1zad els\u0151 fel\u00e9ben, s az vezette a tud\u00f3sokat a megold\u00e1shoz. A j\u00e9gkorszak te\u00f3ri\u00e1ja csak az 1870-es \u00e9vekben sz\u00fcletett meg.<\/p>\n<p style=\"text-align: right;\">Hars\u00e1czki Gy\u00f6rgy<\/p>\n<p style=\"text-align: right;\"><strong>\u00a0<\/strong><\/p>\n<p>&nbsp;<\/p>\n","protected":false},"excerpt":{"rendered":"<p>Finnorsz\u00e1gban l\u00e1that\u00f3 ez az \u00e9rdekes geol\u00f3giai k\u00e9pz\u0151dm\u00e9ny. D\u00e9l-Savnonia erdej\u00e9ben tal\u00e1lhat\u00f3 Kummakivi, a \u201efurcsa szikla\u201d, amit n\u00e1lunk nemes egyszer\u0171s\u00e9ggel ing\u00f3k\u0151nek nevezn\u00e9nek.\u00a0 A Kummakivi \u00e9s a mintegy 180 ezer t\u00f3 az utols\u00f3 j\u00e9gkorszaki gleccsereknek k\u00f6sz\u00f6nhetik l\u00e9trej\u00f6tt\u00e9t. Az utols\u00f3 j\u00e9gkorszak \u201ederek\u00e1n\u201d d\u00e9lebbre leh\u00faz\u00f3d\u00f3 gleccserek szikladarabokat \u201esz\u00e1ll\u00edtottak\u201d a h\u00e1tukon, illetve a j\u00e9gbe \u00e1gyazva, amelyek \u2026 <a class=\"continue-reading-link\" href=\"https:\/\/induljelegyuton.hu\/?p=1102\"> Continue reading <span class=\"meta-nav\">&rarr; <\/span><\/a><\/p>\n","protected":false},"author":1,"featured_media":0,"comment_status":"open","ping_status":"open","sticky":false,"template":"","format":"standard","meta":{"ngg_post_thumbnail":0,"footnotes":""},"categories":[163,1],"tags":[312,161,311,310],"class_list":["post-1102","post","type-post","status-publish","format-standard","hentry","category-aktualis","category-kukker","tag-finnorszag","tag-gleccser","tag-ingoko","tag-vandorko"],"_links":{"self":[{"href":"https:\/\/induljelegyuton.hu\/index.php?rest_route=\/wp\/v2\/posts\/1102","targetHints":{"allow":["GET"]}}],"collection":[{"href":"https:\/\/induljelegyuton.hu\/index.php?rest_route=\/wp\/v2\/posts"}],"about":[{"href":"https:\/\/induljelegyuton.hu\/index.php?rest_route=\/wp\/v2\/types\/post"}],"author":[{"embeddable":true,"href":"https:\/\/induljelegyuton.hu\/index.php?rest_route=\/wp\/v2\/users\/1"}],"replies":[{"embeddable":true,"href":"https:\/\/induljelegyuton.hu\/index.php?rest_route=%2Fwp%2Fv2%2Fcomments&post=1102"}],"version-history":[{"count":49,"href":"https:\/\/induljelegyuton.hu\/index.php?rest_route=\/wp\/v2\/posts\/1102\/revisions"}],"predecessor-version":[{"id":1104,"href":"https:\/\/induljelegyuton.hu\/index.php?rest_route=\/wp\/v2\/posts\/1102\/revisions\/1104"}],"wp:attachment":[{"href":"https:\/\/induljelegyuton.hu\/index.php?rest_route=%2Fwp%2Fv2%2Fmedia&parent=1102"}],"wp:term":[{"taxonomy":"category","embeddable":true,"href":"https:\/\/induljelegyuton.hu\/index.php?rest_route=%2Fwp%2Fv2%2Fcategories&post=1102"},{"taxonomy":"post_tag","embeddable":true,"href":"https:\/\/induljelegyuton.hu\/index.php?rest_route=%2Fwp%2Fv2%2Ftags&post=1102"}],"curies":[{"name":"wp","href":"https:\/\/api.w.org\/{rel}","templated":true}]}}