{"id":1024,"date":"2013-12-02T02:18:41","date_gmt":"2013-12-02T01:18:41","guid":{"rendered":"http:\/\/induljelegyuton.hu\/?p=1024"},"modified":"2013-12-05T01:56:51","modified_gmt":"2013-12-05T00:56:51","slug":"hat-budapesti-titok","status":"publish","type":"post","link":"https:\/\/induljelegyuton.hu\/?p=1024","title":{"rendered":"Hat budapesti titok"},"content":{"rendered":"<p style=\"text-align: left;\"><em>Minden v\u00e1rosnak vannak titkai, amikr\u0151l csak n\u00e9h\u00e1ny ember tud, s amik nem a helyi legend\u00e1k k\u00f6z\u00e9 tartoznak. Al\u00e1bb bemutatunk n\u00e9h\u00e1nyat a welovebudapest.com nyom\u00e1n.<\/em><\/p>\n<p style=\"text-align: left;\"><strong>ngg_shortcode_0_placeholder<\/strong><\/p>\n<div id=\"attachment_1063\" style=\"width: 310px\" class=\"wp-caption alignright\"><a href=\"http:\/\/induljelegyuton.hu\/wp-content\/uploads\/Secrets_1_1.jpg\"><img loading=\"lazy\" decoding=\"async\" aria-describedby=\"caption-attachment-1063\" class=\"size-medium wp-image-1063\" alt=\"Az ez\u00fcst szeg helye (Forr\u00e1s: internet)\" src=\"http:\/\/induljelegyuton.hu\/wp-content\/uploads\/Secrets_1_1-300x165.jpg\" width=\"300\" height=\"165\" srcset=\"https:\/\/induljelegyuton.hu\/wp-content\/uploads\/Secrets_1_1-300x165.jpg 300w, https:\/\/induljelegyuton.hu\/wp-content\/uploads\/Secrets_1_1-250x137.jpg 250w, https:\/\/induljelegyuton.hu\/wp-content\/uploads\/Secrets_1_1.jpg 660w\" sizes=\"auto, (max-width: 300px) 100vw, 300px\" \/><\/a><p id=\"caption-attachment-1063\" class=\"wp-caption-text\">Az ez\u00fcst szeg helye (Forr\u00e1s: internet)<\/p><\/div>\n<p style=\"text-align: left;\"><em><\/em><br \/>\nAz ez\u00fcst szeg<\/p>\n<p style=\"text-align: left;\">1896-ban, a Milleniumi \u00fcnneps\u00e9gek idej\u00e9n nyitott\u00e1k meg a Szabads\u00e1g hidat, amelybe az utols\u00f3 sz\u00f6get az akkori kir\u00e1ly, II. Ferenc J\u00f3zsef \u00fct\u00f6tte be. Persze mindezt nem sz\u00f3 szerint kell \u00e9rteni, igaz\u00e1b\u00f3l arr\u00f3l van sz\u00f3, hogy egy, a\u00a0pesti\u00a0oldalon l\u00e9v\u0151 s\u00e1torban lenyomta a gombot, amely beind\u00edtotta a 45 tonn\u00e1s \u201eh\u00eddver\u0151\u201d kalap\u00e1csot. A h\u00edres,<b>\u00a0<\/b>F. J.\u00a0kezd\u0151bet\u0171kkel \u00e9kes\u00edtett sz\u00f6get az els\u0151 vil\u00e1gh\u00e1bor\u00faban ellopt\u00e1k, de gyorsan p\u00f3tolt\u00e1k is. A mai alum\u00ednium m\u00e1solatot egy \u00fcvegb\u00fara \u0151rzi, \u00edgy egy\u00e1ltal\u00e1n nem olyan egyszer\u0171 \u00e9szrevenni. A h\u00edd d\u00e9li fel\u00e9n tal\u00e1lhat\u00f3, a\u00a0pesti oldalon.<\/p>\n<p>&nbsp;<\/p>\n<div id=\"attachment_1060\" style=\"width: 190px\" class=\"wp-caption alignleft\"><a href=\"http:\/\/induljelegyuton.hu\/wp-content\/uploads\/9323507775_77812e1fc2.jpg\"><img loading=\"lazy\" decoding=\"async\" aria-describedby=\"caption-attachment-1060\" class=\" wp-image-1060 \" alt=\"Oszlop aj\u00e1nd\u00e9kba a Forum Romanumr\u00f3l (Forr\u00e1s: internet)\" src=\"http:\/\/induljelegyuton.hu\/wp-content\/uploads\/9323507775_77812e1fc2-300x225.jpg\" width=\"180\" height=\"135\" srcset=\"https:\/\/induljelegyuton.hu\/wp-content\/uploads\/9323507775_77812e1fc2-300x225.jpg 300w, https:\/\/induljelegyuton.hu\/wp-content\/uploads\/9323507775_77812e1fc2-200x150.jpg 200w, https:\/\/induljelegyuton.hu\/wp-content\/uploads\/9323507775_77812e1fc2.jpg 500w\" sizes=\"auto, (max-width: 180px) 100vw, 180px\" \/><\/a><p id=\"caption-attachment-1060\" class=\"wp-caption-text\">Oszlop aj\u00e1nd\u00e9kba a Forum Romanumr\u00f3l (Forr\u00e1s: internet)<\/p><\/div>\n<p>Mussolini aj\u00e1nd\u00e9ka<\/p>\n<p>Mindenki tudja, hogy a Nemzeti M\u00fazeum\u00a0kertj\u00e9ben tucatnyi szobor \u00e9s eml\u00e9km\u0171 van. A legrejt\u00e9lyesebbet az 1848-as forradalom \u00e9s szabads\u00e1gharc szimb\u00f3lum\u00e1v\u00e1 v\u00e1lt m\u00fazeum mellett, az \u00e9p\u00fclett\u0151l balra tal\u00e1ljuk, eg\u00e9szen k\u00f6zel a l\u00e9pcs\u0151kh\u00f6z. Az eml\u00edtett szobor egykor R\u00f3m\u00e1ban, a Forum Romanum ter\u00fclet\u00e9n emelkedett. A kommunista id\u0151kre dat\u00e1lhat\u00f3 vel\u0151s bemutat\u00e1sa pedig \u00edgy hangzik: \u201eAz olasz n\u00e9p aj\u00e1nd\u00e9ka\u201d. Eg\u00e9szen pontosan\u00a0Benito Mussolini\u00a0aj\u00e1nd\u00e9k\u00e1r\u00f3l van sz\u00f3, \u00edgy tal\u00e1n \u00e9rthet\u0151 a sz\u0171kszav\u00fa ismertet\u0151&#8230;<\/p>\n<p>&nbsp;<\/p>\n<p>A 70-es troli<\/p>\n<div id=\"attachment_1069\" style=\"width: 250px\" class=\"wp-caption alignright\"><a href=\"http:\/\/induljelegyuton.hu\/wp-content\/uploads\/Secrets_3_fp_70.jpg\"><img loading=\"lazy\" decoding=\"async\" aria-describedby=\"caption-attachment-1069\" class=\" wp-image-1069 \" alt=\"70-es troli a &quot;Generalisszimusz&quot; k\u00e9p\u00e9vel (Forr\u00e1s: internet)\" src=\"http:\/\/induljelegyuton.hu\/wp-content\/uploads\/Secrets_3_fp_70-300x212.jpg\" width=\"240\" height=\"170\" srcset=\"https:\/\/induljelegyuton.hu\/wp-content\/uploads\/Secrets_3_fp_70-300x212.jpg 300w, https:\/\/induljelegyuton.hu\/wp-content\/uploads\/Secrets_3_fp_70-211x150.jpg 211w, https:\/\/induljelegyuton.hu\/wp-content\/uploads\/Secrets_3_fp_70.jpg 850w\" sizes=\"auto, (max-width: 240px) 100vw, 240px\" \/><\/a><p id=\"caption-attachment-1069\" class=\"wp-caption-text\">70-es troli a &#8222;Generalisszimusz&#8221; k\u00e9p\u00e9vel (Forr\u00e1s: internet)<\/p><\/div>\n<p>A\u00a0budapesti\u00a0trolik\u00a0sz\u00e1moz\u00e1sa 70-t\u0151l 83-ig terjed, ez\u00e9rt els\u0151re nem t\u0171nik \u00fagy, hogy b\u00e1rmi is megfejt\u00e9sre v\u00e1rhat ezen a fronton. De \u00e1ssunk egy kicsit m\u00e9lyebbre! A m\u00e1sodik vil\u00e1gh\u00e1bor\u00fa ut\u00e1n az els\u0151 troli 1949. december 21-\u00e9n indult \u00fatj\u00e1ra, Szt\u00e1lin 70. sz\u00fclet\u00e9snapj\u00e1n. B\u00e1rmilyen hihetetlen\u00fcl is hangzik, de ezt a sz\u00e1mot \u00e9ppen \u201ecsod\u00e1latunk kifejez\u00e9sek\u00e9nt \u201d kapta. Ez a tragikomikus t\u00e9ny m\u00e1ra m\u00e1r a feled\u00e9s hom\u00e1ly\u00e1ba mer\u00fclt, b\u00e1r nem sokkal az 1956-os forradalom 50. \u00e9vfordul\u00f3ja el\u0151tt egy mar\u00e9knyi ember a sz\u00e1m megv\u00e1ltoztat\u00e1s\u00e1\u00e9rt kardoskodott. Amint l\u00e1thatjuk, nem sok sikerrel.<\/p>\n<p>&nbsp;<\/p>\n<p>A Palazzo Strozzi m\u00e1solata<\/p>\n<div id=\"attachment_1061\" style=\"width: 220px\" class=\"wp-caption alignleft\"><a href=\"http:\/\/induljelegyuton.hu\/wp-content\/uploads\/IMG_1936.jpg\"><img loading=\"lazy\" decoding=\"async\" aria-describedby=\"caption-attachment-1061\" class=\" wp-image-1061 \" alt=\"&quot;Csup\u00e1n&quot; egy firenzei m\u00e1solat... (Forr\u00e1s: internet)\" src=\"http:\/\/induljelegyuton.hu\/wp-content\/uploads\/IMG_1936-300x224.jpg\" width=\"210\" height=\"157\" srcset=\"https:\/\/induljelegyuton.hu\/wp-content\/uploads\/IMG_1936-300x224.jpg 300w, https:\/\/induljelegyuton.hu\/wp-content\/uploads\/IMG_1936-1024x767.jpg 1024w, https:\/\/induljelegyuton.hu\/wp-content\/uploads\/IMG_1936-200x150.jpg 200w, https:\/\/induljelegyuton.hu\/wp-content\/uploads\/IMG_1936.jpg 1306w\" sizes=\"auto, (max-width: 210px) 100vw, 210px\" \/><\/a><p id=\"caption-attachment-1061\" class=\"wp-caption-text\">&#8222;Csup\u00e1n&#8221; egy firenzei m\u00e1solat&#8230; (Forr\u00e1s: internet)<\/p><\/div>\n<p>Budapest vonzerej\u00e9nek egyik ritk\u00e1n emlegetett titka a m\u00e1sol\u00e1sban rejlik, persze ezt egyfajta tiszteletad\u00e1sk\u00e9nt is \u00e9rtelmezhetj\u00fck. Kevesen tudj\u00e1k p\u00e9ld\u00e1ul, hogy az\u00a0Oktogon\u00a0k\u00f6zel\u00e9ben, a Ter\u00e9z k\u00f6r\u00fat 13. alatt tal\u00e1lhat\u00f3 neorenesz\u00e1nsz \u00e9p\u00fclet a firenzei<b>\u00a0<\/b>Palazzo Strozzi<b>\u00a0<\/b>kisebb, de ann\u00e1l pontosabb m\u00e1sa. A n\u00e9h\u00e1ny emeletnyi &#8222;belv\u00e1rosi\u00a0Firenz\u00e9t&#8221; gr\u00f3f Batthy\u00e1ny G\u00e9z\u00e1nak \u00e9s a New York-palot\u00e1t\u00a0is jegyz\u0151\u00a0Hauszmann\u00a0Alajosnak<b>\u00a0<\/b>k\u00f6sz\u00f6nhetj\u00fck. El\u0151bbi az Oktogon-k\u00f6zeli telek tulajdonosa, illetve a\u00a0Palazzo Strazzi\u00a0\u0151szinte h\u00edve volt, ut\u00f3bbi pedig a furcsa megrendel\u00e9sekhez szokott \u00e9p\u00edt\u00e9sz, \u00edgy Batthy\u00e1ny felk\u00e9r\u00e9s\u00e9t sem utas\u00edtotta vissza.<\/p>\n<p>&nbsp;<\/p>\n<p>Egy k\u0151kem\u00e9ny t\u00fal\u00e9l\u0151<\/p>\n<div id=\"attachment_1062\" style=\"width: 220px\" class=\"wp-caption alignright\"><a href=\"http:\/\/induljelegyuton.hu\/wp-content\/uploads\/molnar_calvin_ter.jpe\"><img loading=\"lazy\" decoding=\"async\" aria-describedby=\"caption-attachment-1062\" class=\" wp-image-1062 \" alt=\"Amikor a K\u00e1lvin t\u00e9r m\u00e9g sz\u00e9p volt, \u00e9s romantikus - festm\u00e9ny a sz\u00e1zadfordul\u00f3 el\u0151ttr\u0151l. (Forr\u00e1s: internet)\" src=\"http:\/\/induljelegyuton.hu\/wp-content\/uploads\/molnar_calvin_ter-300x199.jpe\" width=\"210\" height=\"139\" srcset=\"https:\/\/induljelegyuton.hu\/wp-content\/uploads\/molnar_calvin_ter-300x199.jpe 300w, https:\/\/induljelegyuton.hu\/wp-content\/uploads\/molnar_calvin_ter-1024x680.jpe 1024w, https:\/\/induljelegyuton.hu\/wp-content\/uploads\/molnar_calvin_ter-225x150.jpe 225w, https:\/\/induljelegyuton.hu\/wp-content\/uploads\/molnar_calvin_ter.jpe 1200w\" sizes=\"auto, (max-width: 210px) 100vw, 210px\" \/><\/a><p id=\"caption-attachment-1062\" class=\"wp-caption-text\">Amikor a K\u00e1lvin t\u00e9r m\u00e9g sz\u00e9p volt, \u00e9s romantikus &#8211; festm\u00e9ny a sz\u00e1zadfordul\u00f3 el\u0151ttr\u0151l. (Forr\u00e1s: internet)<\/p><\/div>\n<p>Kev\u00e9s ember van, akit ne ny\u0171g\u00f6zne le az Erzs\u00e9bet t\u00e9r impoz\u00e1ns sz\u00f6k\u0151k\u00fatja. A h\u00e1rom medenc\u00e9b\u0151l \u00e1ll\u00f3 Danubius-kutat n\u00e9gy szobor d\u00edsz\u00edti: a tetej\u00e9t \u00e9kes\u00edt\u0151 f\u00e9rfi alak a\u00a0Dun\u00e1t, a h\u00e1rom n\u0151i alak pedig a mell\u00e9kfoly\u00f3kat \u2013\u00a0Tisza,\u00a0Dr\u00e1va\u00a0\u00e9s\u00a0Sz\u00e1va\u00a0\u2013 szimboliz\u00e1lja. A jelenlegi k\u00fat csup\u00e1n m\u00e1solat, ugyanis az eredeti, amely egykor a\u00a0K\u00e1lvin t\u00e9r\u00a0k\u00f6zep\u00e9n csobogott, elpusztult a m\u00e1sodik vil\u00e1gh\u00e1bor\u00faban. A bomb\u00e1z\u00e1sokat kett\u0151 szobor \u00e9lte t\u00fal, melyeket egyr\u00e9szt a\u00a0K\u00e1lvin t\u00e9r\u00a0legr\u00e9gebbi \u00e9p\u00fclet\u00e9nek bels\u0151 udvar\u00e1ban, a\u00a0R\u00e1day utca\u00a0fel\u0151l, m\u00e1sr\u00e9szt a Hadt\u00f6rt\u00e9neti m\u00fazeum udvar\u00e1n csod\u00e1lhatjuk meg.<\/p>\n<p>&nbsp;<\/p>\n<p>Harangtorony Isten Gar\u00e1zs\u00e1ban<\/p>\n<div id=\"attachment_1059\" style=\"width: 220px\" class=\"wp-caption alignleft\"><a href=\"http:\/\/induljelegyuton.hu\/wp-content\/uploads\/16970483.jpg\"><img loading=\"lazy\" decoding=\"async\" aria-describedby=\"caption-attachment-1059\" class=\" wp-image-1059 \" alt=\"Jesus in Bauhaus... (Forr\u00e1s: internet)\" src=\"http:\/\/induljelegyuton.hu\/wp-content\/uploads\/16970483-300x224.jpg\" width=\"210\" height=\"157\" srcset=\"https:\/\/induljelegyuton.hu\/wp-content\/uploads\/16970483-300x224.jpg 300w, https:\/\/induljelegyuton.hu\/wp-content\/uploads\/16970483-200x150.jpg 200w, https:\/\/induljelegyuton.hu\/wp-content\/uploads\/16970483.jpg 500w\" sizes=\"auto, (max-width: 210px) 100vw, 210px\" \/><\/a><p id=\"caption-attachment-1059\" class=\"wp-caption-text\">Jesus in Bauhaus&#8230; (Forr\u00e1s: internet)<\/p><\/div>\n<p>A k\u00e9t h\u00e1bor\u00fa k\u00f6z\u00f6tti \u00e9p\u00edt\u00e9szet t\u00f6rt\u00e9net\u00e9ben a Bauhaus \u00e9s a neobarokk v\u00edvott \u00e1d\u00e1z harcot egym\u00e1ssal. A modernista J\u00e9zus Sz\u00edve pl\u00e9b\u00e1nia \u2013 amely 1937-ben, \u00c1rkay Bertalan tervei alapj\u00e1n k\u00e9sz\u00fclt el a\u00a0Csaba utca\u00a0\u00e9s a\u00a0Maros utca\u00a0sark\u00e1n \u2013 legszembet\u0171n\u0151bb jellemz\u0151je a k\u00fcl\u00f6n\u00e1ll\u00f3 harangtorony. Az els\u0151re furcs\u00e1nak t\u0171n\u0151 megold\u00e1s m\u00f6g\u00f6tt logikus ok rejt\u0151zik, eg\u00e9sz pontosan a pl\u00e9b\u00e1nia alatt csordog\u00e1l\u00f3 \u00d6rd\u00f6g-\u00e1rok vize. A szakemberek \u00e9s a m\u0171\u00e9rt\u0151k m\u00e1r az els\u0151 pillanatt\u00f3l fogva rajongtak a templom\u00e9rt, \u00e1m \u00a0nem mindenki bizonyult ennyire lelkesnek: egy ismeretlen r\u00e1 is aggatta a pl\u00e9b\u00e1ni\u00e1ra az\u00a0Isten Gar\u00e1zsa\u00a0g\u00fanynevet.<\/p>\n<p style=\"text-align: right;\"><em>(Forr\u00e1s: welovebudapest.com)\u00a0<\/em><\/p>\n","protected":false},"excerpt":{"rendered":"<p>Minden v\u00e1rosnak vannak titkai, amikr\u0151l csak n\u00e9h\u00e1ny ember tud, s amik nem a helyi legend\u00e1k k\u00f6z\u00e9 tartoznak. Al\u00e1bb bemutatunk n\u00e9h\u00e1nyat a welovebudapest.com nyom\u00e1n. Az ez\u00fcst szeg 1896-ban, a Milleniumi \u00fcnneps\u00e9gek idej\u00e9n nyitott\u00e1k meg a Szabads\u00e1g hidat, amelybe az utols\u00f3 sz\u00f6get az akkori kir\u00e1ly, II. Ferenc J\u00f3zsef \u00fct\u00f6tte be. Persze mindezt \u2026 <a class=\"continue-reading-link\" href=\"https:\/\/induljelegyuton.hu\/?p=1024\"> Continue reading <span class=\"meta-nav\">&rarr; <\/span><\/a><\/p>\n","protected":false},"author":1,"featured_media":0,"comment_status":"open","ping_status":"open","sticky":false,"template":"","format":"standard","meta":{"ngg_post_thumbnail":0,"footnotes":""},"categories":[163,1],"tags":[],"class_list":["post-1024","post","type-post","status-publish","format-standard","hentry","category-aktualis","category-kukker"],"_links":{"self":[{"href":"https:\/\/induljelegyuton.hu\/index.php?rest_route=\/wp\/v2\/posts\/1024","targetHints":{"allow":["GET"]}}],"collection":[{"href":"https:\/\/induljelegyuton.hu\/index.php?rest_route=\/wp\/v2\/posts"}],"about":[{"href":"https:\/\/induljelegyuton.hu\/index.php?rest_route=\/wp\/v2\/types\/post"}],"author":[{"embeddable":true,"href":"https:\/\/induljelegyuton.hu\/index.php?rest_route=\/wp\/v2\/users\/1"}],"replies":[{"embeddable":true,"href":"https:\/\/induljelegyuton.hu\/index.php?rest_route=%2Fwp%2Fv2%2Fcomments&post=1024"}],"version-history":[{"count":17,"href":"https:\/\/induljelegyuton.hu\/index.php?rest_route=\/wp\/v2\/posts\/1024\/revisions"}],"predecessor-version":[{"id":1027,"href":"https:\/\/induljelegyuton.hu\/index.php?rest_route=\/wp\/v2\/posts\/1024\/revisions\/1027"}],"wp:attachment":[{"href":"https:\/\/induljelegyuton.hu\/index.php?rest_route=%2Fwp%2Fv2%2Fmedia&parent=1024"}],"wp:term":[{"taxonomy":"category","embeddable":true,"href":"https:\/\/induljelegyuton.hu\/index.php?rest_route=%2Fwp%2Fv2%2Fcategories&post=1024"},{"taxonomy":"post_tag","embeddable":true,"href":"https:\/\/induljelegyuton.hu\/index.php?rest_route=%2Fwp%2Fv2%2Ftags&post=1024"}],"curies":[{"name":"wp","href":"https:\/\/api.w.org\/{rel}","templated":true}]}}